{"id":141814,"date":"2024-10-23T08:05:55","date_gmt":"2024-10-23T07:05:55","guid":{"rendered":"https:\/\/www.copealcoy.es\/?p=141814"},"modified":"2024-10-23T14:45:00","modified_gmt":"2024-10-23T13:45:00","slug":"vecinos-de-la-sang-en-alcoy-exigen-las-subvenciones-para-la-rehabilitacion-de-sus-viviendas","status":"publish","type":"post","link":"https:\/\/www.copealcoy.es\/es\/vecinos-de-la-sang-en-alcoy-exigen-las-subvenciones-para-la-rehabilitacion-de-sus-viviendas\/","title":{"rendered":"Vecinos de La Sang en Alcoy exigen las subvenciones para la rehabilitaci\u00f3n de sus viviendas"},"content":{"rendered":"<p style=\"text-align: justify;\">Los <strong>vecinos del <a href=\"https:\/\/www.copealcoy.es\/es\/generalitat-contribuira-amb-dos-milions-a-rehabilitar-el-barri-de-la-sang-dalcoi\/\" target=\"_blank\" rel=\"noopener\"><span style=\"color: #0000ff;\">barrio de La Sang de Alcoy<\/span><\/a><\/strong> han alzado la voz para <strong>reclamar el pago de las subvenciones prometidas por la Generalitat Valenciana<\/strong>, necesarias para <strong>completar el proyecto de rehabilitaci\u00f3n<\/strong> de sus viviendas. Esta iniciativa, que se inici\u00f3 en mayo de 2023, <strong>ha sido una demanda constante del vecindario<\/strong> desde la construcci\u00f3n del barrio hace m\u00e1s de 20 a\u00f1os.<\/p>\n<p style=\"text-align: justify;\">En un comunicado, <strong>los vecinos expresaron su frustraci\u00f3n<\/strong> al se\u00f1alar que han tenido que planificar y ejecutar las obras <strong>sin el apoyo adecuado de la administraci\u00f3n<\/strong>. \u201c<em>Hemos tenido que prever pr\u00e9stamos que esperamos cubrir con las subvenciones aprobadas por la Generalitat Valenciana, con los recursos Next Generation de la Uni\u00f3n Europea<\/em>\u201d, indicaron. Hasta ahora, <strong>se ha ejecutado y certificado el 50% del proyecto<\/strong>, pero el retraso en el cobro de las ayudas <strong>est\u00e1 generando<\/strong> \u201c<em>much\u00edsimos intereses bancarios<\/em>\u201d, afectando especialmente a <strong>aquellos propietarios que dependen del 100% de financiaci\u00f3n<\/strong> debido a su situaci\u00f3n socioecon\u00f3mica.<\/p>\n<p style=\"text-align: justify;\">El <strong>proyecto de rehabilitaci\u00f3n<\/strong> incluye importantes mejoras como la recolocaci\u00f3n de placas en las fachadas con aislamiento t\u00e9rmico, tratamiento antihumedad sobre baldosas, sellado de carpinter\u00edas y cambio de cristales en ventanales. Adem\u00e1s, s<strong>e reforzar\u00e1<\/strong> la impermeabilizaci\u00f3n y aislamiento de cubiertas, se eliminar\u00e1n baldosas en patios y se instalar\u00e1n placas fotovoltaicas para reducir el consumo energ\u00e9tico. Se estima que estas medidas <strong>podr\u00edan generar un ahorro anual superior a 50.000 euros<\/strong> para todo el barrio.<\/p>\n<p style=\"text-align: justify;\">La <strong>asociaci\u00f3n vecinal<\/strong> record\u00f3 que la promoci\u00f3n de estas viviendas fue p\u00fablica y construida directamente por la Generalitat Valenciana. A pesar de las resoluciones judiciales favorables a los vecinos durante a\u00f1os, <strong>no han recibido una soluci\u00f3n satisfactoria<\/strong> por parte de ninguna administraci\u00f3n.<\/p>\n<p style=\"text-align: justify;\">La <strong>inversi\u00f3n total en este proyecto<\/strong> asciende a 3.340.316 euros, cantidad que los propietarios han adelantado para llevar a cabo las obras, cuyo plazo de ejecuci\u00f3n es aproximadamente tres a\u00f1os. Los vecinos <strong>esperan que la administraci\u00f3n cumpla con su compromiso y realice los pagos pendientes<\/strong> para evitar graves problemas econ\u00f3micos en el futuro.<\/p>\n","protected":false},"excerpt":{"rendered":"<p>Los vecinos del barrio de La Sang de Alcoy han alzado la voz para reclamar el pago de las subvenciones&#8230;<\/p>\n","protected":false},"author":1,"featured_media":82522,"comment_status":"open","ping_status":"open","sticky":false,"template":"","format":"standard","meta":{"footnotes":""},"categories":[6909,97,75],"tags":[1494,12299,4657,548],"class_list":["post-141814","post","type-post","status-publish","format-standard","has-post-thumbnail","hentry","category-actualidad","category-alcoy","category-noticias","tag-alcoy","tag-la-sang","tag-reivindicaciones","tag-vecinos"],"yoast_head":"<!-- This site is optimized with the Yoast SEO plugin v27.3 - https:\/\/yoast.com\/product\/yoast-seo-wordpress\/ -->\n<title>Vecinos de La Sang en Alcoy exigen las subvenciones para la rehabilitaci\u00f3n de sus viviendas - COPE Alcoy<\/title>\n<meta name=\"description\" content=\"Los vecinos del barrio de La Sang de Alcoy han alzado la voz para reclamar el pago de las subvenciones prometidas por la Generalitat Valenciana, necesarias para completar el proyecto de rehabilitaci\u00f3n de sus viviendas\" \/>\n<meta name=\"robots\" content=\"index, follow, max-snippet:-1, max-image-preview:large, max-video-preview:-1\" \/>\n<link rel=\"canonical\" href=\"https:\/\/www.copealcoy.es\/es\/vecinos-de-la-sang-en-alcoy-exigen-las-subvenciones-para-la-rehabilitacion-de-sus-viviendas\/\" \/>\n<meta property=\"og:locale\" content=\"es_ES\" \/>\n<meta property=\"og:type\" content=\"article\" \/>\n<meta property=\"og:title\" content=\"Vecinos de La Sang en Alcoy exigen las subvenciones para la rehabilitaci\u00f3n de sus viviendas - COPE Alcoy\" \/>\n<meta property=\"og:description\" content=\"Los vecinos del barrio de La Sang de Alcoy han alzado la voz para reclamar el pago de las subvenciones prometidas por la Generalitat Valenciana, necesarias para completar el proyecto de rehabilitaci\u00f3n de sus viviendas\" \/>\n<meta property=\"og:url\" content=\"https:\/\/www.copealcoy.es\/es\/vecinos-de-la-sang-en-alcoy-exigen-las-subvenciones-para-la-rehabilitacion-de-sus-viviendas\/\" \/>\n<meta property=\"og:site_name\" content=\"COPE Alcoy\" \/>\n<meta property=\"article:published_time\" content=\"2024-10-23T07:05:55+00:00\" \/>\n<meta property=\"article:modified_time\" content=\"2024-10-23T13:45:00+00:00\" \/>\n<meta property=\"og:image\" content=\"https:\/\/www.copealcoy.es\/wp-content\/uploads\/2022\/01\/Estudio-Patologias-de-fachada-en-el-bari-La-Sang.jpg\" \/>\n\t<meta property=\"og:image:width\" content=\"2560\" \/>\n\t<meta property=\"og:image:height\" content=\"1920\" \/>\n\t<meta property=\"og:image:type\" content=\"image\/jpeg\" \/>\n<meta name=\"author\" content=\"Cope Alcoy\" \/>\n<meta name=\"twitter:label1\" content=\"Escrito por\" \/>\n\t<meta name=\"twitter:data1\" content=\"Cope Alcoy\" \/>\n\t<meta name=\"twitter:label2\" content=\"Tiempo de lectura\" \/>\n\t<meta name=\"twitter:data2\" content=\"2 minutos\" \/>\n<script type=\"application\/ld+json\" class=\"yoast-schema-graph\">{\"@context\":\"https:\\\/\\\/schema.org\",\"@graph\":[{\"@type\":\"Article\",\"@id\":\"https:\\\/\\\/www.copealcoy.es\\\/es\\\/vecinos-de-la-sang-en-alcoy-exigen-las-subvenciones-para-la-rehabilitacion-de-sus-viviendas\\\/#article\",\"isPartOf\":{\"@id\":\"https:\\\/\\\/www.copealcoy.es\\\/es\\\/vecinos-de-la-sang-en-alcoy-exigen-las-subvenciones-para-la-rehabilitacion-de-sus-viviendas\\\/\"},\"author\":{\"name\":\"Cope Alcoy\",\"@id\":\"https:\\\/\\\/www.copealcoy.es\\\/es\\\/#\\\/schema\\\/person\\\/e777c87fa024e57d40170af9df39882c\"},\"headline\":\"Vecinos de La Sang en Alcoy exigen las subvenciones para la rehabilitaci\u00f3n de sus viviendas\",\"datePublished\":\"2024-10-23T07:05:55+00:00\",\"dateModified\":\"2024-10-23T13:45:00+00:00\",\"mainEntityOfPage\":{\"@id\":\"https:\\\/\\\/www.copealcoy.es\\\/es\\\/vecinos-de-la-sang-en-alcoy-exigen-las-subvenciones-para-la-rehabilitacion-de-sus-viviendas\\\/\"},\"wordCount\":366,\"commentCount\":0,\"image\":{\"@id\":\"https:\\\/\\\/www.copealcoy.es\\\/es\\\/vecinos-de-la-sang-en-alcoy-exigen-las-subvenciones-para-la-rehabilitacion-de-sus-viviendas\\\/#primaryimage\"},\"thumbnailUrl\":\"https:\\\/\\\/www.copealcoy.es\\\/wp-content\\\/uploads\\\/2022\\\/01\\\/Estudio-Patologias-de-fachada-en-el-bari-La-Sang.jpg\",\"keywords\":[\"Alcoy\",\"La Sang\",\"reivindicaciones\",\"Vecinos\"],\"articleSection\":[\"Actualidad\",\"Alcoy\",\"Noticias\"],\"inLanguage\":\"es\"},{\"@type\":\"WebPage\",\"@id\":\"https:\\\/\\\/www.copealcoy.es\\\/es\\\/vecinos-de-la-sang-en-alcoy-exigen-las-subvenciones-para-la-rehabilitacion-de-sus-viviendas\\\/\",\"url\":\"https:\\\/\\\/www.copealcoy.es\\\/es\\\/vecinos-de-la-sang-en-alcoy-exigen-las-subvenciones-para-la-rehabilitacion-de-sus-viviendas\\\/\",\"name\":\"Vecinos de La Sang en Alcoy exigen las subvenciones para la rehabilitaci\u00f3n de sus viviendas - COPE Alcoy\",\"isPartOf\":{\"@id\":\"https:\\\/\\\/www.copealcoy.es\\\/es\\\/#website\"},\"primaryImageOfPage\":{\"@id\":\"https:\\\/\\\/www.copealcoy.es\\\/es\\\/vecinos-de-la-sang-en-alcoy-exigen-las-subvenciones-para-la-rehabilitacion-de-sus-viviendas\\\/#primaryimage\"},\"image\":{\"@id\":\"https:\\\/\\\/www.copealcoy.es\\\/es\\\/vecinos-de-la-sang-en-alcoy-exigen-las-subvenciones-para-la-rehabilitacion-de-sus-viviendas\\\/#primaryimage\"},\"thumbnailUrl\":\"https:\\\/\\\/www.copealcoy.es\\\/wp-content\\\/uploads\\\/2022\\\/01\\\/Estudio-Patologias-de-fachada-en-el-bari-La-Sang.jpg\",\"datePublished\":\"2024-10-23T07:05:55+00:00\",\"dateModified\":\"2024-10-23T13:45:00+00:00\",\"author\":{\"@id\":\"https:\\\/\\\/www.copealcoy.es\\\/es\\\/#\\\/schema\\\/person\\\/e777c87fa024e57d40170af9df39882c\"},\"description\":\"Los vecinos del barrio de La Sang de Alcoy han alzado la voz para reclamar el pago de las subvenciones prometidas por la Generalitat Valenciana, necesarias para completar el proyecto de rehabilitaci\u00f3n de sus viviendas\",\"breadcrumb\":{\"@id\":\"https:\\\/\\\/www.copealcoy.es\\\/es\\\/vecinos-de-la-sang-en-alcoy-exigen-las-subvenciones-para-la-rehabilitacion-de-sus-viviendas\\\/#breadcrumb\"},\"inLanguage\":\"es\",\"potentialAction\":[{\"@type\":\"ReadAction\",\"target\":[\"https:\\\/\\\/www.copealcoy.es\\\/es\\\/vecinos-de-la-sang-en-alcoy-exigen-las-subvenciones-para-la-rehabilitacion-de-sus-viviendas\\\/\"]}]},{\"@type\":\"ImageObject\",\"inLanguage\":\"es\",\"@id\":\"https:\\\/\\\/www.copealcoy.es\\\/es\\\/vecinos-de-la-sang-en-alcoy-exigen-las-subvenciones-para-la-rehabilitacion-de-sus-viviendas\\\/#primaryimage\",\"url\":\"https:\\\/\\\/www.copealcoy.es\\\/wp-content\\\/uploads\\\/2022\\\/01\\\/Estudio-Patologias-de-fachada-en-el-bari-La-Sang.jpg\",\"contentUrl\":\"https:\\\/\\\/www.copealcoy.es\\\/wp-content\\\/uploads\\\/2022\\\/01\\\/Estudio-Patologias-de-fachada-en-el-bari-La-Sang.jpg\",\"width\":2560,\"height\":1920},{\"@type\":\"BreadcrumbList\",\"@id\":\"https:\\\/\\\/www.copealcoy.es\\\/es\\\/vecinos-de-la-sang-en-alcoy-exigen-las-subvenciones-para-la-rehabilitacion-de-sus-viviendas\\\/#breadcrumb\",\"itemListElement\":[{\"@type\":\"ListItem\",\"position\":1,\"name\":\"Portada\",\"item\":\"https:\\\/\\\/www.copealcoy.es\\\/es\\\/\"},{\"@type\":\"ListItem\",\"position\":2,\"name\":\"Vecinos de La Sang en Alcoy exigen las subvenciones para la rehabilitaci\u00f3n de sus viviendas\"}]},{\"@type\":\"WebSite\",\"@id\":\"https:\\\/\\\/www.copealcoy.es\\\/es\\\/#website\",\"url\":\"https:\\\/\\\/www.copealcoy.es\\\/es\\\/\",\"name\":\"COPE Alcoy\",\"description\":\"Emisora COPE de radio local con emisi\u00f3n online. Pont de Sant Jordi 8-10 03803 Alcoy\",\"potentialAction\":[{\"@type\":\"SearchAction\",\"target\":{\"@type\":\"EntryPoint\",\"urlTemplate\":\"https:\\\/\\\/www.copealcoy.es\\\/es\\\/?s={search_term_string}\"},\"query-input\":{\"@type\":\"PropertyValueSpecification\",\"valueRequired\":true,\"valueName\":\"search_term_string\"}}],\"inLanguage\":\"es\"},{\"@type\":\"Person\",\"@id\":\"https:\\\/\\\/www.copealcoy.es\\\/es\\\/#\\\/schema\\\/person\\\/e777c87fa024e57d40170af9df39882c\",\"name\":\"Cope Alcoy\",\"image\":{\"@type\":\"ImageObject\",\"inLanguage\":\"es\",\"@id\":\"https:\\\/\\\/secure.gravatar.com\\\/avatar\\\/bb65d0283347e303893ba14f0692005417c1e0e690a325a4c5d8bb2b3943ee14?s=96&d=mm&r=g\",\"url\":\"https:\\\/\\\/secure.gravatar.com\\\/avatar\\\/bb65d0283347e303893ba14f0692005417c1e0e690a325a4c5d8bb2b3943ee14?s=96&d=mm&r=g\",\"contentUrl\":\"https:\\\/\\\/secure.gravatar.com\\\/avatar\\\/bb65d0283347e303893ba14f0692005417c1e0e690a325a4c5d8bb2b3943ee14?s=96&d=mm&r=g\",\"caption\":\"Cope Alcoy\"}}]}<\/script>\n<!-- \/ Yoast SEO plugin. -->","yoast_head_json":{"title":"Vecinos de La Sang en Alcoy exigen las subvenciones para la rehabilitaci\u00f3n de sus viviendas - COPE Alcoy","description":"Los vecinos del barrio de La Sang de Alcoy han alzado la voz para reclamar el pago de las subvenciones prometidas por la Generalitat Valenciana, necesarias para completar el proyecto de rehabilitaci\u00f3n de sus viviendas","robots":{"index":"index","follow":"follow","max-snippet":"max-snippet:-1","max-image-preview":"max-image-preview:large","max-video-preview":"max-video-preview:-1"},"canonical":"https:\/\/www.copealcoy.es\/es\/vecinos-de-la-sang-en-alcoy-exigen-las-subvenciones-para-la-rehabilitacion-de-sus-viviendas\/","og_locale":"es_ES","og_type":"article","og_title":"Vecinos de La Sang en Alcoy exigen las subvenciones para la rehabilitaci\u00f3n de sus viviendas - COPE Alcoy","og_description":"Los vecinos del barrio de La Sang de Alcoy han alzado la voz para reclamar el pago de las subvenciones prometidas por la Generalitat Valenciana, necesarias para completar el proyecto de rehabilitaci\u00f3n de sus viviendas","og_url":"https:\/\/www.copealcoy.es\/es\/vecinos-de-la-sang-en-alcoy-exigen-las-subvenciones-para-la-rehabilitacion-de-sus-viviendas\/","og_site_name":"COPE Alcoy","article_published_time":"2024-10-23T07:05:55+00:00","article_modified_time":"2024-10-23T13:45:00+00:00","og_image":[{"width":2560,"height":1920,"url":"https:\/\/www.copealcoy.es\/wp-content\/uploads\/2022\/01\/Estudio-Patologias-de-fachada-en-el-bari-La-Sang.jpg","type":"image\/jpeg"}],"author":"Cope Alcoy","twitter_misc":{"Escrito por":"Cope Alcoy","Tiempo de lectura":"2 minutos"},"schema":{"@context":"https:\/\/schema.org","@graph":[{"@type":"Article","@id":"https:\/\/www.copealcoy.es\/es\/vecinos-de-la-sang-en-alcoy-exigen-las-subvenciones-para-la-rehabilitacion-de-sus-viviendas\/#article","isPartOf":{"@id":"https:\/\/www.copealcoy.es\/es\/vecinos-de-la-sang-en-alcoy-exigen-las-subvenciones-para-la-rehabilitacion-de-sus-viviendas\/"},"author":{"name":"Cope Alcoy","@id":"https:\/\/www.copealcoy.es\/es\/#\/schema\/person\/e777c87fa024e57d40170af9df39882c"},"headline":"Vecinos de La Sang en Alcoy exigen las subvenciones para la rehabilitaci\u00f3n de sus viviendas","datePublished":"2024-10-23T07:05:55+00:00","dateModified":"2024-10-23T13:45:00+00:00","mainEntityOfPage":{"@id":"https:\/\/www.copealcoy.es\/es\/vecinos-de-la-sang-en-alcoy-exigen-las-subvenciones-para-la-rehabilitacion-de-sus-viviendas\/"},"wordCount":366,"commentCount":0,"image":{"@id":"https:\/\/www.copealcoy.es\/es\/vecinos-de-la-sang-en-alcoy-exigen-las-subvenciones-para-la-rehabilitacion-de-sus-viviendas\/#primaryimage"},"thumbnailUrl":"https:\/\/www.copealcoy.es\/wp-content\/uploads\/2022\/01\/Estudio-Patologias-de-fachada-en-el-bari-La-Sang.jpg","keywords":["Alcoy","La Sang","reivindicaciones","Vecinos"],"articleSection":["Actualidad","Alcoy","Noticias"],"inLanguage":"es"},{"@type":"WebPage","@id":"https:\/\/www.copealcoy.es\/es\/vecinos-de-la-sang-en-alcoy-exigen-las-subvenciones-para-la-rehabilitacion-de-sus-viviendas\/","url":"https:\/\/www.copealcoy.es\/es\/vecinos-de-la-sang-en-alcoy-exigen-las-subvenciones-para-la-rehabilitacion-de-sus-viviendas\/","name":"Vecinos de La Sang en Alcoy exigen las subvenciones para la rehabilitaci\u00f3n de sus viviendas - COPE Alcoy","isPartOf":{"@id":"https:\/\/www.copealcoy.es\/es\/#website"},"primaryImageOfPage":{"@id":"https:\/\/www.copealcoy.es\/es\/vecinos-de-la-sang-en-alcoy-exigen-las-subvenciones-para-la-rehabilitacion-de-sus-viviendas\/#primaryimage"},"image":{"@id":"https:\/\/www.copealcoy.es\/es\/vecinos-de-la-sang-en-alcoy-exigen-las-subvenciones-para-la-rehabilitacion-de-sus-viviendas\/#primaryimage"},"thumbnailUrl":"https:\/\/www.copealcoy.es\/wp-content\/uploads\/2022\/01\/Estudio-Patologias-de-fachada-en-el-bari-La-Sang.jpg","datePublished":"2024-10-23T07:05:55+00:00","dateModified":"2024-10-23T13:45:00+00:00","author":{"@id":"https:\/\/www.copealcoy.es\/es\/#\/schema\/person\/e777c87fa024e57d40170af9df39882c"},"description":"Los vecinos del barrio de La Sang de Alcoy han alzado la voz para reclamar el pago de las subvenciones prometidas por la Generalitat Valenciana, necesarias para completar el proyecto de rehabilitaci\u00f3n de sus viviendas","breadcrumb":{"@id":"https:\/\/www.copealcoy.es\/es\/vecinos-de-la-sang-en-alcoy-exigen-las-subvenciones-para-la-rehabilitacion-de-sus-viviendas\/#breadcrumb"},"inLanguage":"es","potentialAction":[{"@type":"ReadAction","target":["https:\/\/www.copealcoy.es\/es\/vecinos-de-la-sang-en-alcoy-exigen-las-subvenciones-para-la-rehabilitacion-de-sus-viviendas\/"]}]},{"@type":"ImageObject","inLanguage":"es","@id":"https:\/\/www.copealcoy.es\/es\/vecinos-de-la-sang-en-alcoy-exigen-las-subvenciones-para-la-rehabilitacion-de-sus-viviendas\/#primaryimage","url":"https:\/\/www.copealcoy.es\/wp-content\/uploads\/2022\/01\/Estudio-Patologias-de-fachada-en-el-bari-La-Sang.jpg","contentUrl":"https:\/\/www.copealcoy.es\/wp-content\/uploads\/2022\/01\/Estudio-Patologias-de-fachada-en-el-bari-La-Sang.jpg","width":2560,"height":1920},{"@type":"BreadcrumbList","@id":"https:\/\/www.copealcoy.es\/es\/vecinos-de-la-sang-en-alcoy-exigen-las-subvenciones-para-la-rehabilitacion-de-sus-viviendas\/#breadcrumb","itemListElement":[{"@type":"ListItem","position":1,"name":"Portada","item":"https:\/\/www.copealcoy.es\/es\/"},{"@type":"ListItem","position":2,"name":"Vecinos de La Sang en Alcoy exigen las subvenciones para la rehabilitaci\u00f3n de sus viviendas"}]},{"@type":"WebSite","@id":"https:\/\/www.copealcoy.es\/es\/#website","url":"https:\/\/www.copealcoy.es\/es\/","name":"COPE Alcoy","description":"Emisora COPE de radio local con emisi\u00f3n online. Pont de Sant Jordi 8-10 03803 Alcoy","potentialAction":[{"@type":"SearchAction","target":{"@type":"EntryPoint","urlTemplate":"https:\/\/www.copealcoy.es\/es\/?s={search_term_string}"},"query-input":{"@type":"PropertyValueSpecification","valueRequired":true,"valueName":"search_term_string"}}],"inLanguage":"es"},{"@type":"Person","@id":"https:\/\/www.copealcoy.es\/es\/#\/schema\/person\/e777c87fa024e57d40170af9df39882c","name":"Cope Alcoy","image":{"@type":"ImageObject","inLanguage":"es","@id":"https:\/\/secure.gravatar.com\/avatar\/bb65d0283347e303893ba14f0692005417c1e0e690a325a4c5d8bb2b3943ee14?s=96&d=mm&r=g","url":"https:\/\/secure.gravatar.com\/avatar\/bb65d0283347e303893ba14f0692005417c1e0e690a325a4c5d8bb2b3943ee14?s=96&d=mm&r=g","contentUrl":"https:\/\/secure.gravatar.com\/avatar\/bb65d0283347e303893ba14f0692005417c1e0e690a325a4c5d8bb2b3943ee14?s=96&d=mm&r=g","caption":"Cope Alcoy"}}]}},"_links":{"self":[{"href":"https:\/\/www.copealcoy.es\/es\/wp-json\/wp\/v2\/posts\/141814","targetHints":{"allow":["GET"]}}],"collection":[{"href":"https:\/\/www.copealcoy.es\/es\/wp-json\/wp\/v2\/posts"}],"about":[{"href":"https:\/\/www.copealcoy.es\/es\/wp-json\/wp\/v2\/types\/post"}],"author":[{"embeddable":true,"href":"https:\/\/www.copealcoy.es\/es\/wp-json\/wp\/v2\/users\/1"}],"replies":[{"embeddable":true,"href":"https:\/\/www.copealcoy.es\/es\/wp-json\/wp\/v2\/comments?post=141814"}],"version-history":[{"count":0,"href":"https:\/\/www.copealcoy.es\/es\/wp-json\/wp\/v2\/posts\/141814\/revisions"}],"wp:featuredmedia":[{"embeddable":true,"href":"https:\/\/www.copealcoy.es\/es\/wp-json\/wp\/v2\/media\/82522"}],"wp:attachment":[{"href":"https:\/\/www.copealcoy.es\/es\/wp-json\/wp\/v2\/media?parent=141814"}],"wp:term":[{"taxonomy":"category","embeddable":true,"href":"https:\/\/www.copealcoy.es\/es\/wp-json\/wp\/v2\/categories?post=141814"},{"taxonomy":"post_tag","embeddable":true,"href":"https:\/\/www.copealcoy.es\/es\/wp-json\/wp\/v2\/tags?post=141814"}],"curies":[{"name":"wp","href":"https:\/\/api.w.org\/{rel}","templated":true}]}}