{"id":141808,"date":"2024-10-21T08:10:57","date_gmt":"2024-10-21T07:10:57","guid":{"rendered":"https:\/\/www.copealcoy.es\/?p=141808"},"modified":"2024-10-20T19:37:28","modified_gmt":"2024-10-20T18:37:28","slug":"detenida-en-alcoy-una-mujer-por-seis-robos-con-violencia-en-menos-de-una-semana","status":"publish","type":"post","link":"https:\/\/www.copealcoy.es\/es\/detenida-en-alcoy-una-mujer-por-seis-robos-con-violencia-en-menos-de-una-semana\/","title":{"rendered":"Detenida en Alcoy una mujer por seis robos con violencia en menos de una semana"},"content":{"rendered":"<p style=\"text-align: justify;\">La <a href=\"https:\/\/policia.es\/_es\/index.php\" target=\"_blank\" rel=\"noopener\"><span style=\"color: #0000ff;\"><strong>Polic\u00eda Nacional<\/strong><\/span><\/a> ha arrestado a <strong>una mujer de 47 a\u00f1os en Alcoy<\/strong>, acusada de <strong>cometer seis delitos<\/strong> en un corto per\u00edodo de tiempo, todos ellos relacionados con robos con violencia y hurtos. La detenci\u00f3n <strong>se produjo tras varias denuncias de personas mayores<\/strong> que fueron asaltadas en la v\u00eda p\u00fablica, donde les fueron arrebatados sus bolsos.<\/p>\n<p style=\"text-align: justify;\">Las <strong>investigaciones<\/strong> comenzaron cuando <strong>las autoridades recibieron m\u00faltiples quejas<\/strong> sobre estos asaltos violentos. Seg\u00fan los informes, <strong>la sospechosa sol\u00eda huir r\u00e1pidamente del lugar de los hechos <\/strong>despu\u00e9s de cometer los delitos. Gracias a la recopilaci\u00f3n de pruebas y testimonios, <strong>los agentes lograron identificar a la autora y organizaron un operativo policial<\/strong> para su captura.<\/p>\n<p style=\"text-align: justify;\">Una vez detenida, <strong>los investigadores continuaron indagando sobre otros posibles delitos<\/strong> en los que la mujer pudiera estar implicada. La investigaci\u00f3n posterior revel\u00f3 que<strong> la detenida hab\u00eda perpetrado hasta seis hechos delictivos adicionales<\/strong>, incluyendo varios hurtos al descuido, donde sustra\u00eda dinero en efectivo y objetos personales, aparentemente destinados a ser intercambiados por drogas.<\/p>\n<p style=\"text-align: justify;\">La mujer, que <strong>cuenta con un amplio historial delictivo por delitos similares<\/strong>, ha sido puesta a disposici\u00f3n del Juzgado de Instrucci\u00f3n de Alcoy, donde se ha decretado su ingreso en prisi\u00f3n. Se le imputan <strong>delitos<\/strong> de robo con violencia y tambi\u00e9n hurto.<\/p>\n","protected":false},"excerpt":{"rendered":"<p>La Polic\u00eda Nacional ha arrestado a una mujer de 47 a\u00f1os en Alcoy, acusada de cometer seis delitos en un&#8230;<\/p>\n","protected":false},"author":1,"featured_media":123103,"comment_status":"open","ping_status":"open","sticky":false,"template":"","format":"standard","meta":{"footnotes":""},"categories":[6909,97,75,80],"tags":[1494,1393,792,1836,18761],"class_list":["post-141808","post","type-post","status-publish","format-standard","has-post-thumbnail","hentry","category-actualidad","category-alcoy","category-noticias","category-sucesos","tag-alcoy","tag-detencion","tag-mujer","tag-policia-nacional","tag-robo-con-violencia"],"yoast_head":"<!-- This site is optimized with the Yoast SEO plugin v27.3 - https:\/\/yoast.com\/product\/yoast-seo-wordpress\/ -->\n<title>Detenida en Alcoy una mujer por seis robos con violencia en menos de una semana - COPE Alcoy<\/title>\n<meta name=\"description\" content=\"La Polic\u00eda Nacional ha arrestado a una mujer de 47 a\u00f1os en Alcoy, acusada de cometer seis delitos en un corto per\u00edodo de tiempo, todos ellos relacionados con robos con violencia y hurtos\" \/>\n<meta name=\"robots\" content=\"index, follow, max-snippet:-1, max-image-preview:large, max-video-preview:-1\" \/>\n<link rel=\"canonical\" href=\"https:\/\/www.copealcoy.es\/es\/detenida-en-alcoy-una-mujer-por-seis-robos-con-violencia-en-menos-de-una-semana\/\" \/>\n<meta property=\"og:locale\" content=\"es_ES\" \/>\n<meta property=\"og:type\" content=\"article\" \/>\n<meta property=\"og:title\" content=\"Detenida en Alcoy una mujer por seis robos con violencia en menos de una semana - COPE Alcoy\" \/>\n<meta property=\"og:description\" content=\"La Polic\u00eda Nacional ha arrestado a una mujer de 47 a\u00f1os en Alcoy, acusada de cometer seis delitos en un corto per\u00edodo de tiempo, todos ellos relacionados con robos con violencia y hurtos\" \/>\n<meta property=\"og:url\" content=\"https:\/\/www.copealcoy.es\/es\/detenida-en-alcoy-una-mujer-por-seis-robos-con-violencia-en-menos-de-una-semana\/\" \/>\n<meta property=\"og:site_name\" content=\"COPE Alcoy\" \/>\n<meta property=\"article:published_time\" content=\"2024-10-21T07:10:57+00:00\" \/>\n<meta property=\"og:image\" content=\"https:\/\/www.copealcoy.es\/wp-content\/uploads\/2023\/10\/Foto-Archivo-Alcoy-con-Escudo-1-scaled-e1696928917495.jpg\" \/>\n\t<meta property=\"og:image:width\" content=\"640\" \/>\n\t<meta property=\"og:image:height\" content=\"388\" \/>\n\t<meta property=\"og:image:type\" content=\"image\/jpeg\" \/>\n<meta name=\"author\" content=\"Cope Alcoy\" \/>\n<meta name=\"twitter:label1\" content=\"Escrito por\" \/>\n\t<meta name=\"twitter:data1\" content=\"Cope Alcoy\" \/>\n\t<meta name=\"twitter:label2\" content=\"Tiempo de lectura\" \/>\n\t<meta name=\"twitter:data2\" content=\"2 minutos\" \/>\n<script type=\"application\/ld+json\" class=\"yoast-schema-graph\">{\"@context\":\"https:\\\/\\\/schema.org\",\"@graph\":[{\"@type\":\"Article\",\"@id\":\"https:\\\/\\\/www.copealcoy.es\\\/es\\\/detenida-en-alcoy-una-mujer-por-seis-robos-con-violencia-en-menos-de-una-semana\\\/#article\",\"isPartOf\":{\"@id\":\"https:\\\/\\\/www.copealcoy.es\\\/es\\\/detenida-en-alcoy-una-mujer-por-seis-robos-con-violencia-en-menos-de-una-semana\\\/\"},\"author\":{\"name\":\"Cope Alcoy\",\"@id\":\"https:\\\/\\\/www.copealcoy.es\\\/es\\\/#\\\/schema\\\/person\\\/e777c87fa024e57d40170af9df39882c\"},\"headline\":\"Detenida en Alcoy una mujer por seis robos con violencia en menos de una semana\",\"datePublished\":\"2024-10-21T07:10:57+00:00\",\"mainEntityOfPage\":{\"@id\":\"https:\\\/\\\/www.copealcoy.es\\\/es\\\/detenida-en-alcoy-una-mujer-por-seis-robos-con-violencia-en-menos-de-una-semana\\\/\"},\"wordCount\":238,\"commentCount\":0,\"image\":{\"@id\":\"https:\\\/\\\/www.copealcoy.es\\\/es\\\/detenida-en-alcoy-una-mujer-por-seis-robos-con-violencia-en-menos-de-una-semana\\\/#primaryimage\"},\"thumbnailUrl\":\"https:\\\/\\\/www.copealcoy.es\\\/wp-content\\\/uploads\\\/2023\\\/10\\\/Foto-Archivo-Alcoy-con-Escudo-1-scaled-e1696928917495.jpg\",\"keywords\":[\"Alcoy\",\"detenci\u00f3n\",\"Mujer\",\"Polic\u00eda Nacional\",\"robo con violencia\"],\"articleSection\":[\"Actualidad\",\"Alcoy\",\"Noticias\",\"Sucesos\"],\"inLanguage\":\"es\"},{\"@type\":\"WebPage\",\"@id\":\"https:\\\/\\\/www.copealcoy.es\\\/es\\\/detenida-en-alcoy-una-mujer-por-seis-robos-con-violencia-en-menos-de-una-semana\\\/\",\"url\":\"https:\\\/\\\/www.copealcoy.es\\\/es\\\/detenida-en-alcoy-una-mujer-por-seis-robos-con-violencia-en-menos-de-una-semana\\\/\",\"name\":\"Detenida en Alcoy una mujer por seis robos con violencia en menos de una semana - COPE Alcoy\",\"isPartOf\":{\"@id\":\"https:\\\/\\\/www.copealcoy.es\\\/es\\\/#website\"},\"primaryImageOfPage\":{\"@id\":\"https:\\\/\\\/www.copealcoy.es\\\/es\\\/detenida-en-alcoy-una-mujer-por-seis-robos-con-violencia-en-menos-de-una-semana\\\/#primaryimage\"},\"image\":{\"@id\":\"https:\\\/\\\/www.copealcoy.es\\\/es\\\/detenida-en-alcoy-una-mujer-por-seis-robos-con-violencia-en-menos-de-una-semana\\\/#primaryimage\"},\"thumbnailUrl\":\"https:\\\/\\\/www.copealcoy.es\\\/wp-content\\\/uploads\\\/2023\\\/10\\\/Foto-Archivo-Alcoy-con-Escudo-1-scaled-e1696928917495.jpg\",\"datePublished\":\"2024-10-21T07:10:57+00:00\",\"author\":{\"@id\":\"https:\\\/\\\/www.copealcoy.es\\\/es\\\/#\\\/schema\\\/person\\\/e777c87fa024e57d40170af9df39882c\"},\"description\":\"La Polic\u00eda Nacional ha arrestado a una mujer de 47 a\u00f1os en Alcoy, acusada de cometer seis delitos en un corto per\u00edodo de tiempo, todos ellos relacionados con robos con violencia y hurtos\",\"breadcrumb\":{\"@id\":\"https:\\\/\\\/www.copealcoy.es\\\/es\\\/detenida-en-alcoy-una-mujer-por-seis-robos-con-violencia-en-menos-de-una-semana\\\/#breadcrumb\"},\"inLanguage\":\"es\",\"potentialAction\":[{\"@type\":\"ReadAction\",\"target\":[\"https:\\\/\\\/www.copealcoy.es\\\/es\\\/detenida-en-alcoy-una-mujer-por-seis-robos-con-violencia-en-menos-de-una-semana\\\/\"]}]},{\"@type\":\"ImageObject\",\"inLanguage\":\"es\",\"@id\":\"https:\\\/\\\/www.copealcoy.es\\\/es\\\/detenida-en-alcoy-una-mujer-por-seis-robos-con-violencia-en-menos-de-una-semana\\\/#primaryimage\",\"url\":\"https:\\\/\\\/www.copealcoy.es\\\/wp-content\\\/uploads\\\/2023\\\/10\\\/Foto-Archivo-Alcoy-con-Escudo-1-scaled-e1696928917495.jpg\",\"contentUrl\":\"https:\\\/\\\/www.copealcoy.es\\\/wp-content\\\/uploads\\\/2023\\\/10\\\/Foto-Archivo-Alcoy-con-Escudo-1-scaled-e1696928917495.jpg\",\"width\":640,\"height\":388},{\"@type\":\"BreadcrumbList\",\"@id\":\"https:\\\/\\\/www.copealcoy.es\\\/es\\\/detenida-en-alcoy-una-mujer-por-seis-robos-con-violencia-en-menos-de-una-semana\\\/#breadcrumb\",\"itemListElement\":[{\"@type\":\"ListItem\",\"position\":1,\"name\":\"Portada\",\"item\":\"https:\\\/\\\/www.copealcoy.es\\\/es\\\/\"},{\"@type\":\"ListItem\",\"position\":2,\"name\":\"Detenida en Alcoy una mujer por seis robos con violencia en menos de una semana\"}]},{\"@type\":\"WebSite\",\"@id\":\"https:\\\/\\\/www.copealcoy.es\\\/es\\\/#website\",\"url\":\"https:\\\/\\\/www.copealcoy.es\\\/es\\\/\",\"name\":\"COPE Alcoy\",\"description\":\"Emisora COPE de radio local con emisi\u00f3n online. Pont de Sant Jordi 8-10 03803 Alcoy\",\"potentialAction\":[{\"@type\":\"SearchAction\",\"target\":{\"@type\":\"EntryPoint\",\"urlTemplate\":\"https:\\\/\\\/www.copealcoy.es\\\/es\\\/?s={search_term_string}\"},\"query-input\":{\"@type\":\"PropertyValueSpecification\",\"valueRequired\":true,\"valueName\":\"search_term_string\"}}],\"inLanguage\":\"es\"},{\"@type\":\"Person\",\"@id\":\"https:\\\/\\\/www.copealcoy.es\\\/es\\\/#\\\/schema\\\/person\\\/e777c87fa024e57d40170af9df39882c\",\"name\":\"Cope Alcoy\",\"image\":{\"@type\":\"ImageObject\",\"inLanguage\":\"es\",\"@id\":\"https:\\\/\\\/secure.gravatar.com\\\/avatar\\\/bb65d0283347e303893ba14f0692005417c1e0e690a325a4c5d8bb2b3943ee14?s=96&d=mm&r=g\",\"url\":\"https:\\\/\\\/secure.gravatar.com\\\/avatar\\\/bb65d0283347e303893ba14f0692005417c1e0e690a325a4c5d8bb2b3943ee14?s=96&d=mm&r=g\",\"contentUrl\":\"https:\\\/\\\/secure.gravatar.com\\\/avatar\\\/bb65d0283347e303893ba14f0692005417c1e0e690a325a4c5d8bb2b3943ee14?s=96&d=mm&r=g\",\"caption\":\"Cope Alcoy\"}}]}<\/script>\n<!-- \/ Yoast SEO plugin. -->","yoast_head_json":{"title":"Detenida en Alcoy una mujer por seis robos con violencia en menos de una semana - COPE Alcoy","description":"La Polic\u00eda Nacional ha arrestado a una mujer de 47 a\u00f1os en Alcoy, acusada de cometer seis delitos en un corto per\u00edodo de tiempo, todos ellos relacionados con robos con violencia y hurtos","robots":{"index":"index","follow":"follow","max-snippet":"max-snippet:-1","max-image-preview":"max-image-preview:large","max-video-preview":"max-video-preview:-1"},"canonical":"https:\/\/www.copealcoy.es\/es\/detenida-en-alcoy-una-mujer-por-seis-robos-con-violencia-en-menos-de-una-semana\/","og_locale":"es_ES","og_type":"article","og_title":"Detenida en Alcoy una mujer por seis robos con violencia en menos de una semana - COPE Alcoy","og_description":"La Polic\u00eda Nacional ha arrestado a una mujer de 47 a\u00f1os en Alcoy, acusada de cometer seis delitos en un corto per\u00edodo de tiempo, todos ellos relacionados con robos con violencia y hurtos","og_url":"https:\/\/www.copealcoy.es\/es\/detenida-en-alcoy-una-mujer-por-seis-robos-con-violencia-en-menos-de-una-semana\/","og_site_name":"COPE Alcoy","article_published_time":"2024-10-21T07:10:57+00:00","og_image":[{"width":640,"height":388,"url":"https:\/\/www.copealcoy.es\/wp-content\/uploads\/2023\/10\/Foto-Archivo-Alcoy-con-Escudo-1-scaled-e1696928917495.jpg","type":"image\/jpeg"}],"author":"Cope Alcoy","twitter_misc":{"Escrito por":"Cope Alcoy","Tiempo de lectura":"2 minutos"},"schema":{"@context":"https:\/\/schema.org","@graph":[{"@type":"Article","@id":"https:\/\/www.copealcoy.es\/es\/detenida-en-alcoy-una-mujer-por-seis-robos-con-violencia-en-menos-de-una-semana\/#article","isPartOf":{"@id":"https:\/\/www.copealcoy.es\/es\/detenida-en-alcoy-una-mujer-por-seis-robos-con-violencia-en-menos-de-una-semana\/"},"author":{"name":"Cope Alcoy","@id":"https:\/\/www.copealcoy.es\/es\/#\/schema\/person\/e777c87fa024e57d40170af9df39882c"},"headline":"Detenida en Alcoy una mujer por seis robos con violencia en menos de una semana","datePublished":"2024-10-21T07:10:57+00:00","mainEntityOfPage":{"@id":"https:\/\/www.copealcoy.es\/es\/detenida-en-alcoy-una-mujer-por-seis-robos-con-violencia-en-menos-de-una-semana\/"},"wordCount":238,"commentCount":0,"image":{"@id":"https:\/\/www.copealcoy.es\/es\/detenida-en-alcoy-una-mujer-por-seis-robos-con-violencia-en-menos-de-una-semana\/#primaryimage"},"thumbnailUrl":"https:\/\/www.copealcoy.es\/wp-content\/uploads\/2023\/10\/Foto-Archivo-Alcoy-con-Escudo-1-scaled-e1696928917495.jpg","keywords":["Alcoy","detenci\u00f3n","Mujer","Polic\u00eda Nacional","robo con violencia"],"articleSection":["Actualidad","Alcoy","Noticias","Sucesos"],"inLanguage":"es"},{"@type":"WebPage","@id":"https:\/\/www.copealcoy.es\/es\/detenida-en-alcoy-una-mujer-por-seis-robos-con-violencia-en-menos-de-una-semana\/","url":"https:\/\/www.copealcoy.es\/es\/detenida-en-alcoy-una-mujer-por-seis-robos-con-violencia-en-menos-de-una-semana\/","name":"Detenida en Alcoy una mujer por seis robos con violencia en menos de una semana - COPE Alcoy","isPartOf":{"@id":"https:\/\/www.copealcoy.es\/es\/#website"},"primaryImageOfPage":{"@id":"https:\/\/www.copealcoy.es\/es\/detenida-en-alcoy-una-mujer-por-seis-robos-con-violencia-en-menos-de-una-semana\/#primaryimage"},"image":{"@id":"https:\/\/www.copealcoy.es\/es\/detenida-en-alcoy-una-mujer-por-seis-robos-con-violencia-en-menos-de-una-semana\/#primaryimage"},"thumbnailUrl":"https:\/\/www.copealcoy.es\/wp-content\/uploads\/2023\/10\/Foto-Archivo-Alcoy-con-Escudo-1-scaled-e1696928917495.jpg","datePublished":"2024-10-21T07:10:57+00:00","author":{"@id":"https:\/\/www.copealcoy.es\/es\/#\/schema\/person\/e777c87fa024e57d40170af9df39882c"},"description":"La Polic\u00eda Nacional ha arrestado a una mujer de 47 a\u00f1os en Alcoy, acusada de cometer seis delitos en un corto per\u00edodo de tiempo, todos ellos relacionados con robos con violencia y hurtos","breadcrumb":{"@id":"https:\/\/www.copealcoy.es\/es\/detenida-en-alcoy-una-mujer-por-seis-robos-con-violencia-en-menos-de-una-semana\/#breadcrumb"},"inLanguage":"es","potentialAction":[{"@type":"ReadAction","target":["https:\/\/www.copealcoy.es\/es\/detenida-en-alcoy-una-mujer-por-seis-robos-con-violencia-en-menos-de-una-semana\/"]}]},{"@type":"ImageObject","inLanguage":"es","@id":"https:\/\/www.copealcoy.es\/es\/detenida-en-alcoy-una-mujer-por-seis-robos-con-violencia-en-menos-de-una-semana\/#primaryimage","url":"https:\/\/www.copealcoy.es\/wp-content\/uploads\/2023\/10\/Foto-Archivo-Alcoy-con-Escudo-1-scaled-e1696928917495.jpg","contentUrl":"https:\/\/www.copealcoy.es\/wp-content\/uploads\/2023\/10\/Foto-Archivo-Alcoy-con-Escudo-1-scaled-e1696928917495.jpg","width":640,"height":388},{"@type":"BreadcrumbList","@id":"https:\/\/www.copealcoy.es\/es\/detenida-en-alcoy-una-mujer-por-seis-robos-con-violencia-en-menos-de-una-semana\/#breadcrumb","itemListElement":[{"@type":"ListItem","position":1,"name":"Portada","item":"https:\/\/www.copealcoy.es\/es\/"},{"@type":"ListItem","position":2,"name":"Detenida en Alcoy una mujer por seis robos con violencia en menos de una semana"}]},{"@type":"WebSite","@id":"https:\/\/www.copealcoy.es\/es\/#website","url":"https:\/\/www.copealcoy.es\/es\/","name":"COPE Alcoy","description":"Emisora COPE de radio local con emisi\u00f3n online. Pont de Sant Jordi 8-10 03803 Alcoy","potentialAction":[{"@type":"SearchAction","target":{"@type":"EntryPoint","urlTemplate":"https:\/\/www.copealcoy.es\/es\/?s={search_term_string}"},"query-input":{"@type":"PropertyValueSpecification","valueRequired":true,"valueName":"search_term_string"}}],"inLanguage":"es"},{"@type":"Person","@id":"https:\/\/www.copealcoy.es\/es\/#\/schema\/person\/e777c87fa024e57d40170af9df39882c","name":"Cope Alcoy","image":{"@type":"ImageObject","inLanguage":"es","@id":"https:\/\/secure.gravatar.com\/avatar\/bb65d0283347e303893ba14f0692005417c1e0e690a325a4c5d8bb2b3943ee14?s=96&d=mm&r=g","url":"https:\/\/secure.gravatar.com\/avatar\/bb65d0283347e303893ba14f0692005417c1e0e690a325a4c5d8bb2b3943ee14?s=96&d=mm&r=g","contentUrl":"https:\/\/secure.gravatar.com\/avatar\/bb65d0283347e303893ba14f0692005417c1e0e690a325a4c5d8bb2b3943ee14?s=96&d=mm&r=g","caption":"Cope Alcoy"}}]}},"_links":{"self":[{"href":"https:\/\/www.copealcoy.es\/es\/wp-json\/wp\/v2\/posts\/141808","targetHints":{"allow":["GET"]}}],"collection":[{"href":"https:\/\/www.copealcoy.es\/es\/wp-json\/wp\/v2\/posts"}],"about":[{"href":"https:\/\/www.copealcoy.es\/es\/wp-json\/wp\/v2\/types\/post"}],"author":[{"embeddable":true,"href":"https:\/\/www.copealcoy.es\/es\/wp-json\/wp\/v2\/users\/1"}],"replies":[{"embeddable":true,"href":"https:\/\/www.copealcoy.es\/es\/wp-json\/wp\/v2\/comments?post=141808"}],"version-history":[{"count":0,"href":"https:\/\/www.copealcoy.es\/es\/wp-json\/wp\/v2\/posts\/141808\/revisions"}],"wp:featuredmedia":[{"embeddable":true,"href":"https:\/\/www.copealcoy.es\/es\/wp-json\/wp\/v2\/media\/123103"}],"wp:attachment":[{"href":"https:\/\/www.copealcoy.es\/es\/wp-json\/wp\/v2\/media?parent=141808"}],"wp:term":[{"taxonomy":"category","embeddable":true,"href":"https:\/\/www.copealcoy.es\/es\/wp-json\/wp\/v2\/categories?post=141808"},{"taxonomy":"post_tag","embeddable":true,"href":"https:\/\/www.copealcoy.es\/es\/wp-json\/wp\/v2\/tags?post=141808"}],"curies":[{"name":"wp","href":"https:\/\/api.w.org\/{rel}","templated":true}]}}