{"id":141741,"date":"2024-10-18T08:00:54","date_gmt":"2024-10-18T07:00:54","guid":{"rendered":"https:\/\/www.copealcoy.es\/?p=141741"},"modified":"2024-10-18T08:50:06","modified_gmt":"2024-10-18T07:50:06","slug":"cocentaina-y-la-avl-sellan-un-acuerdo-de-colaboracion","status":"publish","type":"post","link":"https:\/\/www.copealcoy.es\/es\/cocentaina-y-la-avl-sellan-un-acuerdo-de-colaboracion\/","title":{"rendered":"Cocentaina y la AVL sellan un acuerdo de colaboraci\u00f3n"},"content":{"rendered":"<p style=\"text-align: justify;\">L\u2019<a href=\"https:\/\/www.avl.gva.es\/\" target=\"_blank\" rel=\"noopener\"><span style=\"color: #0000ff;\"><strong>Acad\u00e8mia Valenciana de la Llengua (AVL)<\/strong><\/span><\/a> y el <strong>Ayuntamiento de Cocentaina<\/strong> firmaron esta semana <strong>un acuerdo<\/strong> que permitir\u00e1 <strong>impulsar iniciativas conjuntas<\/strong> en materia de defensa y promoci\u00f3n del Valenci\u00e0. Adem\u00e1s, en el marco de este convenio,<strong> la capital del Comtat pondr\u00e1 en marcha acciones concretas<\/strong> como rotular todos los nombres de las calles en Valenci\u00e0, adaptar la se\u00f1al\u00e9tica municipal, ofrecer al menos el 50% de las actividades culturales y deportivas en la misma lengua, as\u00ed como garantizar que la totalidad de web municipal est\u00e9 disponible en el idioma cooficial de nuestro territorio auton\u00f3mico.<\/p>\n<p style=\"text-align: justify;\">La directora de la misma AVL, <strong>la contestana Ver\u00f2nica Cant\u00f3<\/strong>, destac\u00f3 que la defensa del Valenci\u00e0 en el municipio es &#8220;<em>indiscutible e incuestionable<\/em>&#8221; y se\u00f1al\u00f3 que <strong>la propia academia est\u00e1 firmando convenios similares con ayuntamientos de todo el \u00e1mbito regional<\/strong> \u201c<em>desde Vinar\u00f2s hasta Elche, independientemente del signo pol\u00edtico. No hay mejor muestra de normalidad, sin duda alguna, que una promoci\u00f3n sin ideolog\u00edas ni discriminaci\u00f3n<\/em>&#8220;, concluy\u00f3. El <strong>alcalde<\/strong> del municipio, por su parte, se\u00f1al\u00f3 que en estos momentos el 90% de los nombres de las calles est\u00e1n en lengua valenciana mientras que el 60% de la carteler\u00eda en dependencias municipales tambi\u00e9n lo est\u00e1. Con este nuevo convenio, dijo, el Ayuntamiento se compromete a revisar estos datos para asegurarse que cumplen con los est\u00e1ndares establecidos \u201c<em>llegamos a este punto despu\u00e9s de muchos meses de trabajo y este acuerdo es solo una parte de la colaboraci\u00f3n estrecha que mantenemos entre nuestro pueblo y la AVL, una instituci\u00f3n cuya presidenta siempre hace gala, all\u00e1 por donde va, de que es de Cocentaina<\/em>\u201d, signific\u00f3 <strong>Jordi Pla<\/strong>.<\/p>\n<p style=\"text-align: justify;\">El convenio suscrito el mi\u00e9rcoles, en las instalaciones de la Casa de la Joventut, <strong>tendr\u00e1 una vigencia de cuatro a\u00f1os<\/strong>. A la firma asistieron tambi\u00e9n varios concejales del gobierno local junto al primer teniente de alcalde; Rub\u00e9n Mu\u00f1oz.<\/p>\n","protected":false},"excerpt":{"rendered":"<p>L\u2019Acad\u00e8mia Valenciana de la Llengua (AVL) y el Ayuntamiento de Cocentaina firmaron esta semana un acuerdo que permitir\u00e1 impulsar iniciativas&#8230;<\/p>\n","protected":false},"author":1,"featured_media":141742,"comment_status":"open","ping_status":"open","sticky":false,"template":"","format":"standard","meta":{"footnotes":""},"categories":[6909,98,75],"tags":[244,12522,132,454,18752],"class_list":["post-141741","post","type-post","status-publish","format-standard","has-post-thumbnail","hentry","category-actualidad","category-comarcas","category-noticias","tag-acuerdo","tag-avl","tag-cocentaina","tag-promocion","tag-uso-del-valenciano"],"yoast_head":"<!-- This site is optimized with the Yoast SEO plugin v27.3 - https:\/\/yoast.com\/product\/yoast-seo-wordpress\/ -->\n<title>Cocentaina y la AVL sellan un acuerdo de colaboraci\u00f3n - COPE Alcoy<\/title>\n<meta name=\"description\" content=\"L\u2019Acad\u00e8mia Valenciana de la Llengua (AVL) y el Ayuntamiento de Cocentaina firmaron esta semana un acuerdo que permitir\u00e1 impulsar iniciativas conjuntas en materia de defensa y promoci\u00f3n del Valenci\u00e0\" \/>\n<meta name=\"robots\" content=\"index, follow, max-snippet:-1, max-image-preview:large, max-video-preview:-1\" \/>\n<link rel=\"canonical\" href=\"https:\/\/www.copealcoy.es\/es\/cocentaina-y-la-avl-sellan-un-acuerdo-de-colaboracion\/\" \/>\n<meta property=\"og:locale\" content=\"es_ES\" \/>\n<meta property=\"og:type\" content=\"article\" \/>\n<meta property=\"og:title\" content=\"Cocentaina y la AVL sellan un acuerdo de colaboraci\u00f3n - COPE Alcoy\" \/>\n<meta property=\"og:description\" content=\"L\u2019Acad\u00e8mia Valenciana de la Llengua (AVL) y el Ayuntamiento de Cocentaina firmaron esta semana un acuerdo que permitir\u00e1 impulsar iniciativas conjuntas en materia de defensa y promoci\u00f3n del Valenci\u00e0\" \/>\n<meta property=\"og:url\" content=\"https:\/\/www.copealcoy.es\/es\/cocentaina-y-la-avl-sellan-un-acuerdo-de-colaboracion\/\" \/>\n<meta property=\"og:site_name\" content=\"COPE Alcoy\" \/>\n<meta property=\"article:published_time\" content=\"2024-10-18T07:00:54+00:00\" \/>\n<meta property=\"article:modified_time\" content=\"2024-10-18T07:50:06+00:00\" \/>\n<meta property=\"og:image\" content=\"https:\/\/www.copealcoy.es\/wp-content\/uploads\/2024\/10\/8-El-acuerdo-se-firmo-el-pasado-miercoles-Foto-Ajuntament-de-Cocentaina.jpeg\" \/>\n\t<meta property=\"og:image:width\" content=\"1440\" \/>\n\t<meta property=\"og:image:height\" content=\"1080\" \/>\n\t<meta property=\"og:image:type\" content=\"image\/jpeg\" \/>\n<meta name=\"author\" content=\"Cope Alcoy\" \/>\n<meta name=\"twitter:label1\" content=\"Escrito por\" \/>\n\t<meta name=\"twitter:data1\" content=\"Cope Alcoy\" \/>\n\t<meta name=\"twitter:label2\" content=\"Tiempo de lectura\" \/>\n\t<meta name=\"twitter:data2\" content=\"2 minutos\" \/>\n<script type=\"application\/ld+json\" class=\"yoast-schema-graph\">{\"@context\":\"https:\\\/\\\/schema.org\",\"@graph\":[{\"@type\":\"Article\",\"@id\":\"https:\\\/\\\/www.copealcoy.es\\\/es\\\/cocentaina-y-la-avl-sellan-un-acuerdo-de-colaboracion\\\/#article\",\"isPartOf\":{\"@id\":\"https:\\\/\\\/www.copealcoy.es\\\/es\\\/cocentaina-y-la-avl-sellan-un-acuerdo-de-colaboracion\\\/\"},\"author\":{\"name\":\"Cope Alcoy\",\"@id\":\"https:\\\/\\\/www.copealcoy.es\\\/es\\\/#\\\/schema\\\/person\\\/e777c87fa024e57d40170af9df39882c\"},\"headline\":\"Cocentaina y la AVL sellan un acuerdo de colaboraci\u00f3n\",\"datePublished\":\"2024-10-18T07:00:54+00:00\",\"dateModified\":\"2024-10-18T07:50:06+00:00\",\"mainEntityOfPage\":{\"@id\":\"https:\\\/\\\/www.copealcoy.es\\\/es\\\/cocentaina-y-la-avl-sellan-un-acuerdo-de-colaboracion\\\/\"},\"wordCount\":336,\"commentCount\":0,\"image\":{\"@id\":\"https:\\\/\\\/www.copealcoy.es\\\/es\\\/cocentaina-y-la-avl-sellan-un-acuerdo-de-colaboracion\\\/#primaryimage\"},\"thumbnailUrl\":\"https:\\\/\\\/www.copealcoy.es\\\/wp-content\\\/uploads\\\/2024\\\/10\\\/8-El-acuerdo-se-firmo-el-pasado-miercoles-Foto-Ajuntament-de-Cocentaina.jpeg\",\"keywords\":[\"Acuerdo\",\"AVL\",\"Cocentaina\",\"Promoci\u00f3n\",\"uso del valenciano\"],\"articleSection\":[\"Actualidad\",\"Comarcas\",\"Noticias\"],\"inLanguage\":\"es\"},{\"@type\":\"WebPage\",\"@id\":\"https:\\\/\\\/www.copealcoy.es\\\/es\\\/cocentaina-y-la-avl-sellan-un-acuerdo-de-colaboracion\\\/\",\"url\":\"https:\\\/\\\/www.copealcoy.es\\\/es\\\/cocentaina-y-la-avl-sellan-un-acuerdo-de-colaboracion\\\/\",\"name\":\"Cocentaina y la AVL sellan un acuerdo de colaboraci\u00f3n - COPE Alcoy\",\"isPartOf\":{\"@id\":\"https:\\\/\\\/www.copealcoy.es\\\/es\\\/#website\"},\"primaryImageOfPage\":{\"@id\":\"https:\\\/\\\/www.copealcoy.es\\\/es\\\/cocentaina-y-la-avl-sellan-un-acuerdo-de-colaboracion\\\/#primaryimage\"},\"image\":{\"@id\":\"https:\\\/\\\/www.copealcoy.es\\\/es\\\/cocentaina-y-la-avl-sellan-un-acuerdo-de-colaboracion\\\/#primaryimage\"},\"thumbnailUrl\":\"https:\\\/\\\/www.copealcoy.es\\\/wp-content\\\/uploads\\\/2024\\\/10\\\/8-El-acuerdo-se-firmo-el-pasado-miercoles-Foto-Ajuntament-de-Cocentaina.jpeg\",\"datePublished\":\"2024-10-18T07:00:54+00:00\",\"dateModified\":\"2024-10-18T07:50:06+00:00\",\"author\":{\"@id\":\"https:\\\/\\\/www.copealcoy.es\\\/es\\\/#\\\/schema\\\/person\\\/e777c87fa024e57d40170af9df39882c\"},\"description\":\"L\u2019Acad\u00e8mia Valenciana de la Llengua (AVL) y el Ayuntamiento de Cocentaina firmaron esta semana un acuerdo que permitir\u00e1 impulsar iniciativas conjuntas en materia de defensa y promoci\u00f3n del Valenci\u00e0\",\"breadcrumb\":{\"@id\":\"https:\\\/\\\/www.copealcoy.es\\\/es\\\/cocentaina-y-la-avl-sellan-un-acuerdo-de-colaboracion\\\/#breadcrumb\"},\"inLanguage\":\"es\",\"potentialAction\":[{\"@type\":\"ReadAction\",\"target\":[\"https:\\\/\\\/www.copealcoy.es\\\/es\\\/cocentaina-y-la-avl-sellan-un-acuerdo-de-colaboracion\\\/\"]}]},{\"@type\":\"ImageObject\",\"inLanguage\":\"es\",\"@id\":\"https:\\\/\\\/www.copealcoy.es\\\/es\\\/cocentaina-y-la-avl-sellan-un-acuerdo-de-colaboracion\\\/#primaryimage\",\"url\":\"https:\\\/\\\/www.copealcoy.es\\\/wp-content\\\/uploads\\\/2024\\\/10\\\/8-El-acuerdo-se-firmo-el-pasado-miercoles-Foto-Ajuntament-de-Cocentaina.jpeg\",\"contentUrl\":\"https:\\\/\\\/www.copealcoy.es\\\/wp-content\\\/uploads\\\/2024\\\/10\\\/8-El-acuerdo-se-firmo-el-pasado-miercoles-Foto-Ajuntament-de-Cocentaina.jpeg\",\"width\":1440,\"height\":1080},{\"@type\":\"BreadcrumbList\",\"@id\":\"https:\\\/\\\/www.copealcoy.es\\\/es\\\/cocentaina-y-la-avl-sellan-un-acuerdo-de-colaboracion\\\/#breadcrumb\",\"itemListElement\":[{\"@type\":\"ListItem\",\"position\":1,\"name\":\"Portada\",\"item\":\"https:\\\/\\\/www.copealcoy.es\\\/es\\\/\"},{\"@type\":\"ListItem\",\"position\":2,\"name\":\"Cocentaina y la AVL sellan un acuerdo de colaboraci\u00f3n\"}]},{\"@type\":\"WebSite\",\"@id\":\"https:\\\/\\\/www.copealcoy.es\\\/es\\\/#website\",\"url\":\"https:\\\/\\\/www.copealcoy.es\\\/es\\\/\",\"name\":\"COPE Alcoy\",\"description\":\"Emisora COPE de radio local con emisi\u00f3n online. Pont de Sant Jordi 8-10 03803 Alcoy\",\"potentialAction\":[{\"@type\":\"SearchAction\",\"target\":{\"@type\":\"EntryPoint\",\"urlTemplate\":\"https:\\\/\\\/www.copealcoy.es\\\/es\\\/?s={search_term_string}\"},\"query-input\":{\"@type\":\"PropertyValueSpecification\",\"valueRequired\":true,\"valueName\":\"search_term_string\"}}],\"inLanguage\":\"es\"},{\"@type\":\"Person\",\"@id\":\"https:\\\/\\\/www.copealcoy.es\\\/es\\\/#\\\/schema\\\/person\\\/e777c87fa024e57d40170af9df39882c\",\"name\":\"Cope Alcoy\",\"image\":{\"@type\":\"ImageObject\",\"inLanguage\":\"es\",\"@id\":\"https:\\\/\\\/secure.gravatar.com\\\/avatar\\\/bb65d0283347e303893ba14f0692005417c1e0e690a325a4c5d8bb2b3943ee14?s=96&d=mm&r=g\",\"url\":\"https:\\\/\\\/secure.gravatar.com\\\/avatar\\\/bb65d0283347e303893ba14f0692005417c1e0e690a325a4c5d8bb2b3943ee14?s=96&d=mm&r=g\",\"contentUrl\":\"https:\\\/\\\/secure.gravatar.com\\\/avatar\\\/bb65d0283347e303893ba14f0692005417c1e0e690a325a4c5d8bb2b3943ee14?s=96&d=mm&r=g\",\"caption\":\"Cope Alcoy\"}}]}<\/script>\n<!-- \/ Yoast SEO plugin. -->","yoast_head_json":{"title":"Cocentaina y la AVL sellan un acuerdo de colaboraci\u00f3n - COPE Alcoy","description":"L\u2019Acad\u00e8mia Valenciana de la Llengua (AVL) y el Ayuntamiento de Cocentaina firmaron esta semana un acuerdo que permitir\u00e1 impulsar iniciativas conjuntas en materia de defensa y promoci\u00f3n del Valenci\u00e0","robots":{"index":"index","follow":"follow","max-snippet":"max-snippet:-1","max-image-preview":"max-image-preview:large","max-video-preview":"max-video-preview:-1"},"canonical":"https:\/\/www.copealcoy.es\/es\/cocentaina-y-la-avl-sellan-un-acuerdo-de-colaboracion\/","og_locale":"es_ES","og_type":"article","og_title":"Cocentaina y la AVL sellan un acuerdo de colaboraci\u00f3n - COPE Alcoy","og_description":"L\u2019Acad\u00e8mia Valenciana de la Llengua (AVL) y el Ayuntamiento de Cocentaina firmaron esta semana un acuerdo que permitir\u00e1 impulsar iniciativas conjuntas en materia de defensa y promoci\u00f3n del Valenci\u00e0","og_url":"https:\/\/www.copealcoy.es\/es\/cocentaina-y-la-avl-sellan-un-acuerdo-de-colaboracion\/","og_site_name":"COPE Alcoy","article_published_time":"2024-10-18T07:00:54+00:00","article_modified_time":"2024-10-18T07:50:06+00:00","og_image":[{"width":1440,"height":1080,"url":"https:\/\/www.copealcoy.es\/wp-content\/uploads\/2024\/10\/8-El-acuerdo-se-firmo-el-pasado-miercoles-Foto-Ajuntament-de-Cocentaina.jpeg","type":"image\/jpeg"}],"author":"Cope Alcoy","twitter_misc":{"Escrito por":"Cope Alcoy","Tiempo de lectura":"2 minutos"},"schema":{"@context":"https:\/\/schema.org","@graph":[{"@type":"Article","@id":"https:\/\/www.copealcoy.es\/es\/cocentaina-y-la-avl-sellan-un-acuerdo-de-colaboracion\/#article","isPartOf":{"@id":"https:\/\/www.copealcoy.es\/es\/cocentaina-y-la-avl-sellan-un-acuerdo-de-colaboracion\/"},"author":{"name":"Cope Alcoy","@id":"https:\/\/www.copealcoy.es\/es\/#\/schema\/person\/e777c87fa024e57d40170af9df39882c"},"headline":"Cocentaina y la AVL sellan un acuerdo de colaboraci\u00f3n","datePublished":"2024-10-18T07:00:54+00:00","dateModified":"2024-10-18T07:50:06+00:00","mainEntityOfPage":{"@id":"https:\/\/www.copealcoy.es\/es\/cocentaina-y-la-avl-sellan-un-acuerdo-de-colaboracion\/"},"wordCount":336,"commentCount":0,"image":{"@id":"https:\/\/www.copealcoy.es\/es\/cocentaina-y-la-avl-sellan-un-acuerdo-de-colaboracion\/#primaryimage"},"thumbnailUrl":"https:\/\/www.copealcoy.es\/wp-content\/uploads\/2024\/10\/8-El-acuerdo-se-firmo-el-pasado-miercoles-Foto-Ajuntament-de-Cocentaina.jpeg","keywords":["Acuerdo","AVL","Cocentaina","Promoci\u00f3n","uso del valenciano"],"articleSection":["Actualidad","Comarcas","Noticias"],"inLanguage":"es"},{"@type":"WebPage","@id":"https:\/\/www.copealcoy.es\/es\/cocentaina-y-la-avl-sellan-un-acuerdo-de-colaboracion\/","url":"https:\/\/www.copealcoy.es\/es\/cocentaina-y-la-avl-sellan-un-acuerdo-de-colaboracion\/","name":"Cocentaina y la AVL sellan un acuerdo de colaboraci\u00f3n - COPE Alcoy","isPartOf":{"@id":"https:\/\/www.copealcoy.es\/es\/#website"},"primaryImageOfPage":{"@id":"https:\/\/www.copealcoy.es\/es\/cocentaina-y-la-avl-sellan-un-acuerdo-de-colaboracion\/#primaryimage"},"image":{"@id":"https:\/\/www.copealcoy.es\/es\/cocentaina-y-la-avl-sellan-un-acuerdo-de-colaboracion\/#primaryimage"},"thumbnailUrl":"https:\/\/www.copealcoy.es\/wp-content\/uploads\/2024\/10\/8-El-acuerdo-se-firmo-el-pasado-miercoles-Foto-Ajuntament-de-Cocentaina.jpeg","datePublished":"2024-10-18T07:00:54+00:00","dateModified":"2024-10-18T07:50:06+00:00","author":{"@id":"https:\/\/www.copealcoy.es\/es\/#\/schema\/person\/e777c87fa024e57d40170af9df39882c"},"description":"L\u2019Acad\u00e8mia Valenciana de la Llengua (AVL) y el Ayuntamiento de Cocentaina firmaron esta semana un acuerdo que permitir\u00e1 impulsar iniciativas conjuntas en materia de defensa y promoci\u00f3n del Valenci\u00e0","breadcrumb":{"@id":"https:\/\/www.copealcoy.es\/es\/cocentaina-y-la-avl-sellan-un-acuerdo-de-colaboracion\/#breadcrumb"},"inLanguage":"es","potentialAction":[{"@type":"ReadAction","target":["https:\/\/www.copealcoy.es\/es\/cocentaina-y-la-avl-sellan-un-acuerdo-de-colaboracion\/"]}]},{"@type":"ImageObject","inLanguage":"es","@id":"https:\/\/www.copealcoy.es\/es\/cocentaina-y-la-avl-sellan-un-acuerdo-de-colaboracion\/#primaryimage","url":"https:\/\/www.copealcoy.es\/wp-content\/uploads\/2024\/10\/8-El-acuerdo-se-firmo-el-pasado-miercoles-Foto-Ajuntament-de-Cocentaina.jpeg","contentUrl":"https:\/\/www.copealcoy.es\/wp-content\/uploads\/2024\/10\/8-El-acuerdo-se-firmo-el-pasado-miercoles-Foto-Ajuntament-de-Cocentaina.jpeg","width":1440,"height":1080},{"@type":"BreadcrumbList","@id":"https:\/\/www.copealcoy.es\/es\/cocentaina-y-la-avl-sellan-un-acuerdo-de-colaboracion\/#breadcrumb","itemListElement":[{"@type":"ListItem","position":1,"name":"Portada","item":"https:\/\/www.copealcoy.es\/es\/"},{"@type":"ListItem","position":2,"name":"Cocentaina y la AVL sellan un acuerdo de colaboraci\u00f3n"}]},{"@type":"WebSite","@id":"https:\/\/www.copealcoy.es\/es\/#website","url":"https:\/\/www.copealcoy.es\/es\/","name":"COPE Alcoy","description":"Emisora COPE de radio local con emisi\u00f3n online. Pont de Sant Jordi 8-10 03803 Alcoy","potentialAction":[{"@type":"SearchAction","target":{"@type":"EntryPoint","urlTemplate":"https:\/\/www.copealcoy.es\/es\/?s={search_term_string}"},"query-input":{"@type":"PropertyValueSpecification","valueRequired":true,"valueName":"search_term_string"}}],"inLanguage":"es"},{"@type":"Person","@id":"https:\/\/www.copealcoy.es\/es\/#\/schema\/person\/e777c87fa024e57d40170af9df39882c","name":"Cope Alcoy","image":{"@type":"ImageObject","inLanguage":"es","@id":"https:\/\/secure.gravatar.com\/avatar\/bb65d0283347e303893ba14f0692005417c1e0e690a325a4c5d8bb2b3943ee14?s=96&d=mm&r=g","url":"https:\/\/secure.gravatar.com\/avatar\/bb65d0283347e303893ba14f0692005417c1e0e690a325a4c5d8bb2b3943ee14?s=96&d=mm&r=g","contentUrl":"https:\/\/secure.gravatar.com\/avatar\/bb65d0283347e303893ba14f0692005417c1e0e690a325a4c5d8bb2b3943ee14?s=96&d=mm&r=g","caption":"Cope Alcoy"}}]}},"_links":{"self":[{"href":"https:\/\/www.copealcoy.es\/es\/wp-json\/wp\/v2\/posts\/141741","targetHints":{"allow":["GET"]}}],"collection":[{"href":"https:\/\/www.copealcoy.es\/es\/wp-json\/wp\/v2\/posts"}],"about":[{"href":"https:\/\/www.copealcoy.es\/es\/wp-json\/wp\/v2\/types\/post"}],"author":[{"embeddable":true,"href":"https:\/\/www.copealcoy.es\/es\/wp-json\/wp\/v2\/users\/1"}],"replies":[{"embeddable":true,"href":"https:\/\/www.copealcoy.es\/es\/wp-json\/wp\/v2\/comments?post=141741"}],"version-history":[{"count":0,"href":"https:\/\/www.copealcoy.es\/es\/wp-json\/wp\/v2\/posts\/141741\/revisions"}],"wp:featuredmedia":[{"embeddable":true,"href":"https:\/\/www.copealcoy.es\/es\/wp-json\/wp\/v2\/media\/141742"}],"wp:attachment":[{"href":"https:\/\/www.copealcoy.es\/es\/wp-json\/wp\/v2\/media?parent=141741"}],"wp:term":[{"taxonomy":"category","embeddable":true,"href":"https:\/\/www.copealcoy.es\/es\/wp-json\/wp\/v2\/categories?post=141741"},{"taxonomy":"post_tag","embeddable":true,"href":"https:\/\/www.copealcoy.es\/es\/wp-json\/wp\/v2\/tags?post=141741"}],"curies":[{"name":"wp","href":"https:\/\/api.w.org\/{rel}","templated":true}]}}