{"id":14160,"date":"2015-06-23T14:43:52","date_gmt":"2015-06-23T14:43:52","guid":{"rendered":"http:\/\/copealcoi.es\/new\/?p=14160"},"modified":"2015-06-24T16:11:04","modified_gmt":"2015-06-24T16:11:04","slug":"el-pleno-aprueba-las-dedicaciones-y-los-cargos-de-confianza","status":"publish","type":"post","link":"https:\/\/www.copealcoy.es\/es\/el-pleno-aprueba-las-dedicaciones-y-los-cargos-de-confianza\/","title":{"rendered":"El pleno aprueba las dedicaciones y los cargos de confianza"},"content":{"rendered":"<p style=\"text-align: justify;\">El sal\u00f3n de plenos del Ayuntamiento de Alcoy acogi\u00f3 ayer lunes la primera sesi\u00f3n de la nueva legislatura en la que se aprob\u00f3 el reparto de las dedicaciones exclusivas y tambi\u00e9n los diferentes cargos de confianza. Los grupos pol\u00edticos debatieron sobre la propuesta inicial planteada por el Gobierno que contempla que los nueve ediles\u00a0socialistas est\u00e9n liberados mientras que Guanyar Alcoi dispondr\u00e1 de dos exclusivas y otra al 75%, Ciudadanos contar\u00e1 con dos completas, el PP con una completa y otra al 75%, y Comprom\u00eds con una completa y otra al 50%.<\/p>\n<p style=\"text-align: justify;\">El planteamiento\u00a0sali\u00f3 adelante con los votos favorables del PSOE y de Guanyar Alcoi, la abstenci\u00f3n de Ciudadanos y la negativa del PP y Comprom\u00eds. Los populares, a trav\u00e9s de Rafa Mir\u00f3, se\u00f1alaron que con este reparto se ha buscado &#8220;perjudicar al Partido Popular&#8221; y aseguraron que el Ayuntamiento se gastar\u00e1 al a\u00f1o solo en los sueldos del Gobierno m\u00e1s de 680.000 euros. Tambi\u00e9n Mir\u00f3 cuestion\u00f3 la falta de apoyo al personal que es funcionario como el caso del edil Edu Tormo, que tendr\u00e1 complicado compaginar la gesti\u00f3n municipal con su actividad laboral.\u00a0Desde Comprom\u00eds David Abad abog\u00f3 por un reglamento que regule el reparto de las dedicaciones y la organizaci\u00f3n del Ayuntamiento y Ciudadanos, con Jorge Sedano, lament\u00f3 que se\u00a0haga un serio debate sobre este tipo de cuestiones cuando seg\u00fan \u00e9l, hay otras cuestiones prioritarias en la ciudad.<\/p>\n<p style=\"text-align: justify;\">Por \u00faltimo Guanyar Alcoi, con Estefan\u00eda Blanes, dijo que el reparto era equitativo en funci\u00f3n a los resultados electorales del pasado 24 de mayo y Jordi Mart\u00ednez del PSOE defendi\u00f3 que el Gobierno tenga a los nueve ediles liberados argumentando que tienen mayor responsabilidad al estar al frente de varias \u00e1reas.<\/p>\n<p style=\"text-align: justify;\">Se\u00f1alar que el pleno aprob\u00f3,\u00a0con el voto del PSOE y la abstenci\u00f3n del resto de partidos, la propuesta para que los socialistas cuenten con ocho asesores y cada formaci\u00f3n de la oposici\u00f3n tenga un secretario. Comprom\u00eds, por su parte, vot\u00f3 en contra.<\/p>\n","protected":false},"excerpt":{"rendered":"<p>El sal\u00f3n de plenos del Ayuntamiento de Alcoy acogi\u00f3 ayer lunes la primera sesi\u00f3n de la nueva legislatura en la&#8230;<\/p>\n","protected":false},"author":1,"featured_media":14161,"comment_status":"open","ping_status":"open","sticky":false,"template":"","format":"standard","meta":{"footnotes":""},"categories":[97,75,125],"tags":[276,1156,1196,322,422],"class_list":["post-14160","post","type-post","status-publish","format-standard","has-post-thumbnail","hentry","category-alcoy","category-noticias","category-portada","tag-aprobacion","tag-cargos","tag-dedicaciones","tag-pleno","tag-politica"],"yoast_head":"<!-- This site is optimized with the Yoast SEO plugin v27.3 - https:\/\/yoast.com\/product\/yoast-seo-wordpress\/ -->\n<title>El pleno aprueba las dedicaciones y los cargos de confianza - COPE Alcoy<\/title>\n<meta name=\"robots\" content=\"index, follow, max-snippet:-1, max-image-preview:large, max-video-preview:-1\" \/>\n<link rel=\"canonical\" href=\"https:\/\/www.copealcoy.es\/es\/el-pleno-aprueba-las-dedicaciones-y-los-cargos-de-confianza\/\" \/>\n<meta property=\"og:locale\" content=\"es_ES\" \/>\n<meta property=\"og:type\" content=\"article\" \/>\n<meta property=\"og:title\" content=\"El pleno aprueba las dedicaciones y los cargos de confianza - COPE Alcoy\" \/>\n<meta property=\"og:description\" content=\"El sal\u00f3n de plenos del Ayuntamiento de Alcoy acogi\u00f3 ayer lunes la primera sesi\u00f3n de la nueva legislatura en la...\" \/>\n<meta property=\"og:url\" content=\"https:\/\/www.copealcoy.es\/es\/el-pleno-aprueba-las-dedicaciones-y-los-cargos-de-confianza\/\" \/>\n<meta property=\"og:site_name\" content=\"COPE Alcoy\" \/>\n<meta property=\"article:published_time\" content=\"2015-06-23T14:43:52+00:00\" \/>\n<meta property=\"article:modified_time\" content=\"2015-06-24T16:11:04+00:00\" \/>\n<meta property=\"og:image\" content=\"https:\/\/www.copealcoy.es\/wp-content\/uploads\/2015\/06\/CIHTjT7WwAAMgLv.jpg\" \/>\n\t<meta property=\"og:image:width\" content=\"599\" \/>\n\t<meta property=\"og:image:height\" content=\"337\" \/>\n\t<meta property=\"og:image:type\" content=\"image\/jpeg\" \/>\n<meta name=\"author\" content=\"Cope Alcoy\" \/>\n<meta name=\"twitter:label1\" content=\"Escrito por\" \/>\n\t<meta name=\"twitter:data1\" content=\"Cope Alcoy\" \/>\n\t<meta name=\"twitter:label2\" content=\"Tiempo de lectura\" \/>\n\t<meta name=\"twitter:data2\" content=\"2 minutos\" \/>\n<script type=\"application\/ld+json\" class=\"yoast-schema-graph\">{\"@context\":\"https:\\\/\\\/schema.org\",\"@graph\":[{\"@type\":\"Article\",\"@id\":\"https:\\\/\\\/www.copealcoy.es\\\/es\\\/el-pleno-aprueba-las-dedicaciones-y-los-cargos-de-confianza\\\/#article\",\"isPartOf\":{\"@id\":\"https:\\\/\\\/www.copealcoy.es\\\/es\\\/el-pleno-aprueba-las-dedicaciones-y-los-cargos-de-confianza\\\/\"},\"author\":{\"name\":\"Cope Alcoy\",\"@id\":\"https:\\\/\\\/www.copealcoy.es\\\/es\\\/#\\\/schema\\\/person\\\/e777c87fa024e57d40170af9df39882c\"},\"headline\":\"El pleno aprueba las dedicaciones y los cargos de confianza\",\"datePublished\":\"2015-06-23T14:43:52+00:00\",\"dateModified\":\"2015-06-24T16:11:04+00:00\",\"mainEntityOfPage\":{\"@id\":\"https:\\\/\\\/www.copealcoy.es\\\/es\\\/el-pleno-aprueba-las-dedicaciones-y-los-cargos-de-confianza\\\/\"},\"wordCount\":356,\"commentCount\":0,\"image\":{\"@id\":\"https:\\\/\\\/www.copealcoy.es\\\/es\\\/el-pleno-aprueba-las-dedicaciones-y-los-cargos-de-confianza\\\/#primaryimage\"},\"thumbnailUrl\":\"https:\\\/\\\/www.copealcoy.es\\\/wp-content\\\/uploads\\\/2015\\\/06\\\/CIHTjT7WwAAMgLv.jpg\",\"keywords\":[\"Aprobaci\u00f3n\",\"cargos\",\"dedicaciones\",\"Pleno\",\"Pol\u00edtica\"],\"articleSection\":[\"Alcoy\",\"Noticias\",\"Portada\"],\"inLanguage\":\"es\"},{\"@type\":\"WebPage\",\"@id\":\"https:\\\/\\\/www.copealcoy.es\\\/es\\\/el-pleno-aprueba-las-dedicaciones-y-los-cargos-de-confianza\\\/\",\"url\":\"https:\\\/\\\/www.copealcoy.es\\\/es\\\/el-pleno-aprueba-las-dedicaciones-y-los-cargos-de-confianza\\\/\",\"name\":\"El pleno aprueba las dedicaciones y los cargos de confianza - COPE Alcoy\",\"isPartOf\":{\"@id\":\"https:\\\/\\\/www.copealcoy.es\\\/es\\\/#website\"},\"primaryImageOfPage\":{\"@id\":\"https:\\\/\\\/www.copealcoy.es\\\/es\\\/el-pleno-aprueba-las-dedicaciones-y-los-cargos-de-confianza\\\/#primaryimage\"},\"image\":{\"@id\":\"https:\\\/\\\/www.copealcoy.es\\\/es\\\/el-pleno-aprueba-las-dedicaciones-y-los-cargos-de-confianza\\\/#primaryimage\"},\"thumbnailUrl\":\"https:\\\/\\\/www.copealcoy.es\\\/wp-content\\\/uploads\\\/2015\\\/06\\\/CIHTjT7WwAAMgLv.jpg\",\"datePublished\":\"2015-06-23T14:43:52+00:00\",\"dateModified\":\"2015-06-24T16:11:04+00:00\",\"author\":{\"@id\":\"https:\\\/\\\/www.copealcoy.es\\\/es\\\/#\\\/schema\\\/person\\\/e777c87fa024e57d40170af9df39882c\"},\"breadcrumb\":{\"@id\":\"https:\\\/\\\/www.copealcoy.es\\\/es\\\/el-pleno-aprueba-las-dedicaciones-y-los-cargos-de-confianza\\\/#breadcrumb\"},\"inLanguage\":\"es\",\"potentialAction\":[{\"@type\":\"ReadAction\",\"target\":[\"https:\\\/\\\/www.copealcoy.es\\\/es\\\/el-pleno-aprueba-las-dedicaciones-y-los-cargos-de-confianza\\\/\"]}]},{\"@type\":\"ImageObject\",\"inLanguage\":\"es\",\"@id\":\"https:\\\/\\\/www.copealcoy.es\\\/es\\\/el-pleno-aprueba-las-dedicaciones-y-los-cargos-de-confianza\\\/#primaryimage\",\"url\":\"https:\\\/\\\/www.copealcoy.es\\\/wp-content\\\/uploads\\\/2015\\\/06\\\/CIHTjT7WwAAMgLv.jpg\",\"contentUrl\":\"https:\\\/\\\/www.copealcoy.es\\\/wp-content\\\/uploads\\\/2015\\\/06\\\/CIHTjT7WwAAMgLv.jpg\",\"width\":599,\"height\":337,\"caption\":\"Los nuevos ediles se estrenaron en el primer pleno de la legislatura\"},{\"@type\":\"BreadcrumbList\",\"@id\":\"https:\\\/\\\/www.copealcoy.es\\\/es\\\/el-pleno-aprueba-las-dedicaciones-y-los-cargos-de-confianza\\\/#breadcrumb\",\"itemListElement\":[{\"@type\":\"ListItem\",\"position\":1,\"name\":\"Portada\",\"item\":\"https:\\\/\\\/www.copealcoy.es\\\/es\\\/\"},{\"@type\":\"ListItem\",\"position\":2,\"name\":\"El pleno aprueba las dedicaciones y los cargos de confianza\"}]},{\"@type\":\"WebSite\",\"@id\":\"https:\\\/\\\/www.copealcoy.es\\\/es\\\/#website\",\"url\":\"https:\\\/\\\/www.copealcoy.es\\\/es\\\/\",\"name\":\"COPE Alcoy\",\"description\":\"Emisora COPE de radio local con emisi\u00f3n online. Pont de Sant Jordi 8-10 03803 Alcoy\",\"potentialAction\":[{\"@type\":\"SearchAction\",\"target\":{\"@type\":\"EntryPoint\",\"urlTemplate\":\"https:\\\/\\\/www.copealcoy.es\\\/es\\\/?s={search_term_string}\"},\"query-input\":{\"@type\":\"PropertyValueSpecification\",\"valueRequired\":true,\"valueName\":\"search_term_string\"}}],\"inLanguage\":\"es\"},{\"@type\":\"Person\",\"@id\":\"https:\\\/\\\/www.copealcoy.es\\\/es\\\/#\\\/schema\\\/person\\\/e777c87fa024e57d40170af9df39882c\",\"name\":\"Cope Alcoy\",\"image\":{\"@type\":\"ImageObject\",\"inLanguage\":\"es\",\"@id\":\"https:\\\/\\\/secure.gravatar.com\\\/avatar\\\/bb65d0283347e303893ba14f0692005417c1e0e690a325a4c5d8bb2b3943ee14?s=96&d=mm&r=g\",\"url\":\"https:\\\/\\\/secure.gravatar.com\\\/avatar\\\/bb65d0283347e303893ba14f0692005417c1e0e690a325a4c5d8bb2b3943ee14?s=96&d=mm&r=g\",\"contentUrl\":\"https:\\\/\\\/secure.gravatar.com\\\/avatar\\\/bb65d0283347e303893ba14f0692005417c1e0e690a325a4c5d8bb2b3943ee14?s=96&d=mm&r=g\",\"caption\":\"Cope Alcoy\"}}]}<\/script>\n<!-- \/ Yoast SEO plugin. -->","yoast_head_json":{"title":"El pleno aprueba las dedicaciones y los cargos de confianza - COPE Alcoy","robots":{"index":"index","follow":"follow","max-snippet":"max-snippet:-1","max-image-preview":"max-image-preview:large","max-video-preview":"max-video-preview:-1"},"canonical":"https:\/\/www.copealcoy.es\/es\/el-pleno-aprueba-las-dedicaciones-y-los-cargos-de-confianza\/","og_locale":"es_ES","og_type":"article","og_title":"El pleno aprueba las dedicaciones y los cargos de confianza - COPE Alcoy","og_description":"El sal\u00f3n de plenos del Ayuntamiento de Alcoy acogi\u00f3 ayer lunes la primera sesi\u00f3n de la nueva legislatura en la...","og_url":"https:\/\/www.copealcoy.es\/es\/el-pleno-aprueba-las-dedicaciones-y-los-cargos-de-confianza\/","og_site_name":"COPE Alcoy","article_published_time":"2015-06-23T14:43:52+00:00","article_modified_time":"2015-06-24T16:11:04+00:00","og_image":[{"width":599,"height":337,"url":"https:\/\/www.copealcoy.es\/wp-content\/uploads\/2015\/06\/CIHTjT7WwAAMgLv.jpg","type":"image\/jpeg"}],"author":"Cope Alcoy","twitter_misc":{"Escrito por":"Cope Alcoy","Tiempo de lectura":"2 minutos"},"schema":{"@context":"https:\/\/schema.org","@graph":[{"@type":"Article","@id":"https:\/\/www.copealcoy.es\/es\/el-pleno-aprueba-las-dedicaciones-y-los-cargos-de-confianza\/#article","isPartOf":{"@id":"https:\/\/www.copealcoy.es\/es\/el-pleno-aprueba-las-dedicaciones-y-los-cargos-de-confianza\/"},"author":{"name":"Cope Alcoy","@id":"https:\/\/www.copealcoy.es\/es\/#\/schema\/person\/e777c87fa024e57d40170af9df39882c"},"headline":"El pleno aprueba las dedicaciones y los cargos de confianza","datePublished":"2015-06-23T14:43:52+00:00","dateModified":"2015-06-24T16:11:04+00:00","mainEntityOfPage":{"@id":"https:\/\/www.copealcoy.es\/es\/el-pleno-aprueba-las-dedicaciones-y-los-cargos-de-confianza\/"},"wordCount":356,"commentCount":0,"image":{"@id":"https:\/\/www.copealcoy.es\/es\/el-pleno-aprueba-las-dedicaciones-y-los-cargos-de-confianza\/#primaryimage"},"thumbnailUrl":"https:\/\/www.copealcoy.es\/wp-content\/uploads\/2015\/06\/CIHTjT7WwAAMgLv.jpg","keywords":["Aprobaci\u00f3n","cargos","dedicaciones","Pleno","Pol\u00edtica"],"articleSection":["Alcoy","Noticias","Portada"],"inLanguage":"es"},{"@type":"WebPage","@id":"https:\/\/www.copealcoy.es\/es\/el-pleno-aprueba-las-dedicaciones-y-los-cargos-de-confianza\/","url":"https:\/\/www.copealcoy.es\/es\/el-pleno-aprueba-las-dedicaciones-y-los-cargos-de-confianza\/","name":"El pleno aprueba las dedicaciones y los cargos de confianza - COPE Alcoy","isPartOf":{"@id":"https:\/\/www.copealcoy.es\/es\/#website"},"primaryImageOfPage":{"@id":"https:\/\/www.copealcoy.es\/es\/el-pleno-aprueba-las-dedicaciones-y-los-cargos-de-confianza\/#primaryimage"},"image":{"@id":"https:\/\/www.copealcoy.es\/es\/el-pleno-aprueba-las-dedicaciones-y-los-cargos-de-confianza\/#primaryimage"},"thumbnailUrl":"https:\/\/www.copealcoy.es\/wp-content\/uploads\/2015\/06\/CIHTjT7WwAAMgLv.jpg","datePublished":"2015-06-23T14:43:52+00:00","dateModified":"2015-06-24T16:11:04+00:00","author":{"@id":"https:\/\/www.copealcoy.es\/es\/#\/schema\/person\/e777c87fa024e57d40170af9df39882c"},"breadcrumb":{"@id":"https:\/\/www.copealcoy.es\/es\/el-pleno-aprueba-las-dedicaciones-y-los-cargos-de-confianza\/#breadcrumb"},"inLanguage":"es","potentialAction":[{"@type":"ReadAction","target":["https:\/\/www.copealcoy.es\/es\/el-pleno-aprueba-las-dedicaciones-y-los-cargos-de-confianza\/"]}]},{"@type":"ImageObject","inLanguage":"es","@id":"https:\/\/www.copealcoy.es\/es\/el-pleno-aprueba-las-dedicaciones-y-los-cargos-de-confianza\/#primaryimage","url":"https:\/\/www.copealcoy.es\/wp-content\/uploads\/2015\/06\/CIHTjT7WwAAMgLv.jpg","contentUrl":"https:\/\/www.copealcoy.es\/wp-content\/uploads\/2015\/06\/CIHTjT7WwAAMgLv.jpg","width":599,"height":337,"caption":"Los nuevos ediles se estrenaron en el primer pleno de la legislatura"},{"@type":"BreadcrumbList","@id":"https:\/\/www.copealcoy.es\/es\/el-pleno-aprueba-las-dedicaciones-y-los-cargos-de-confianza\/#breadcrumb","itemListElement":[{"@type":"ListItem","position":1,"name":"Portada","item":"https:\/\/www.copealcoy.es\/es\/"},{"@type":"ListItem","position":2,"name":"El pleno aprueba las dedicaciones y los cargos de confianza"}]},{"@type":"WebSite","@id":"https:\/\/www.copealcoy.es\/es\/#website","url":"https:\/\/www.copealcoy.es\/es\/","name":"COPE Alcoy","description":"Emisora COPE de radio local con emisi\u00f3n online. Pont de Sant Jordi 8-10 03803 Alcoy","potentialAction":[{"@type":"SearchAction","target":{"@type":"EntryPoint","urlTemplate":"https:\/\/www.copealcoy.es\/es\/?s={search_term_string}"},"query-input":{"@type":"PropertyValueSpecification","valueRequired":true,"valueName":"search_term_string"}}],"inLanguage":"es"},{"@type":"Person","@id":"https:\/\/www.copealcoy.es\/es\/#\/schema\/person\/e777c87fa024e57d40170af9df39882c","name":"Cope Alcoy","image":{"@type":"ImageObject","inLanguage":"es","@id":"https:\/\/secure.gravatar.com\/avatar\/bb65d0283347e303893ba14f0692005417c1e0e690a325a4c5d8bb2b3943ee14?s=96&d=mm&r=g","url":"https:\/\/secure.gravatar.com\/avatar\/bb65d0283347e303893ba14f0692005417c1e0e690a325a4c5d8bb2b3943ee14?s=96&d=mm&r=g","contentUrl":"https:\/\/secure.gravatar.com\/avatar\/bb65d0283347e303893ba14f0692005417c1e0e690a325a4c5d8bb2b3943ee14?s=96&d=mm&r=g","caption":"Cope Alcoy"}}]}},"_links":{"self":[{"href":"https:\/\/www.copealcoy.es\/es\/wp-json\/wp\/v2\/posts\/14160","targetHints":{"allow":["GET"]}}],"collection":[{"href":"https:\/\/www.copealcoy.es\/es\/wp-json\/wp\/v2\/posts"}],"about":[{"href":"https:\/\/www.copealcoy.es\/es\/wp-json\/wp\/v2\/types\/post"}],"author":[{"embeddable":true,"href":"https:\/\/www.copealcoy.es\/es\/wp-json\/wp\/v2\/users\/1"}],"replies":[{"embeddable":true,"href":"https:\/\/www.copealcoy.es\/es\/wp-json\/wp\/v2\/comments?post=14160"}],"version-history":[{"count":0,"href":"https:\/\/www.copealcoy.es\/es\/wp-json\/wp\/v2\/posts\/14160\/revisions"}],"wp:featuredmedia":[{"embeddable":true,"href":"https:\/\/www.copealcoy.es\/es\/wp-json\/wp\/v2\/media\/14161"}],"wp:attachment":[{"href":"https:\/\/www.copealcoy.es\/es\/wp-json\/wp\/v2\/media?parent=14160"}],"wp:term":[{"taxonomy":"category","embeddable":true,"href":"https:\/\/www.copealcoy.es\/es\/wp-json\/wp\/v2\/categories?post=14160"},{"taxonomy":"post_tag","embeddable":true,"href":"https:\/\/www.copealcoy.es\/es\/wp-json\/wp\/v2\/tags?post=14160"}],"curies":[{"name":"wp","href":"https:\/\/api.w.org\/{rel}","templated":true}]}}