{"id":141435,"date":"2024-10-11T08:10:52","date_gmt":"2024-10-11T07:10:52","guid":{"rendered":"https:\/\/www.copealcoy.es\/?p=141435"},"modified":"2024-10-11T10:03:17","modified_gmt":"2024-10-11T09:03:17","slug":"ximo-canet-y-francisco-carchano-dos-nombres-propios-de-la-festa-de-alcoy-2025","status":"publish","type":"post","link":"https:\/\/www.copealcoy.es\/es\/ximo-canet-y-francisco-carchano-dos-nombres-propios-de-la-festa-de-alcoy-2025\/","title":{"rendered":"Ximo Canet y Francisco Carchano, dos nombres propios de la Festa de Alcoy 2025"},"content":{"rendered":"<p style=\"text-align: justify;\">Alcoy <strong>se adentra en el ecuador hacia sus pr\u00f3ximas Fiestas en honor a San Jorge<\/strong> y, como suele ser tradici\u00f3n antes del Mig Any, <strong>se ha dado a conocer el nombre de dos de las personas que tendr\u00e1n un protagonismo destacado en la pr\u00f3xima trilog\u00eda<\/strong>. Se trata d<strong>e los encargados de dirigir el Himno de Fiestas<\/strong> y de <strong>crear el cartel anunciador<\/strong> de las celebraciones.<\/p>\n<p style=\"text-align: justify;\">La primera de las tareas ha reca\u00eddo en <strong>Francisco Carchano Molt\u00f3<\/strong>, el cual ha sido una figura destacada en el \u00e1mbito musical alcoyano. Carchano, nacido en Alcoy en 1936, tiene una larga trayectoria como subdirector de la banda Uni\u00f3n Musical de nuestra ciudad y ha dirigido varias bandas locales. Su experiencia incluye estudios superiores en Valencia y Alicante, as\u00ed como especializaciones en direcci\u00f3n musical contempor\u00e1nea. Adem\u00e1s, ha creado un repertorio significativo que incluye obras sinf\u00f3nicas y composiciones emblem\u00e1ticas relacionadas con las festividades moras y cristianas. Por otro lado, el cartel que ver\u00e1 la luz en la fachada del Ayuntamiento a partir del 1 de abril ser\u00e1 obra del artista <strong>Ximo Canet<\/strong>. Nacido en 1967, Canet es un pintor polifac\u00e9tico que ha estudiado en diversas instituciones art\u00edsticas y se caracteriza por su estilo mat\u00e9rico y su enfoque innovador utilizando pigmentos naturales. Su trabajo no solo se limita a la pintura; tambi\u00e9n ha impartido cursos sobre t\u00e9cnicas creativas para ni\u00f1os y adultos, dejando una huella significativa en el \u00e1mbito cultural local.<\/p>\n<p style=\"text-align: justify;\">Los dos protagonistas <strong>han manifestado su alegr\u00eda<\/strong> por este reconocimiento por parte de su ciudad natal. Tambi\u00e9n desde el \u00e1rea de Fiestas del mismo <a href=\"https:\/\/www.alcoi.org\/ca\/portal\/index.html\" target=\"_blank\" rel=\"noopener\"><span style=\"color: #0000ff;\"><strong>Ayuntamiento<\/strong><\/span><\/a> <strong>han puesto en valor la trayectoria de ambos y han aprovechado para felicitarles ante el importante reto que har\u00e1n realidad en la pr\u00f3xima primavera<\/strong> &#8220;<em>son dos alcoyanos con una larga trayectoria profesional y este nombramiento es un acto de reconocimiento de su ciudad hacia ellos. A los dos los ha hecho mucha ilusi\u00f3n, estoy seguro que con Ximo Canet tendremos un cartel de gran calidad y que todas las bandas y el mundo de la m\u00fasica se alegrar\u00e1n de que el director del himno sea Francisco Carchano<\/em>\u201d, concluye el edil; <strong>Jordi Mart\u00ednez<\/strong>.<\/p>\n","protected":false},"excerpt":{"rendered":"<p>Alcoy se adentra en el ecuador hacia sus pr\u00f3ximas Fiestas en honor a San Jorge y, como suele ser tradici\u00f3n&#8230;<\/p>\n","protected":false},"author":1,"featured_media":141436,"comment_status":"open","ping_status":"open","sticky":false,"template":"","format":"standard","meta":{"footnotes":""},"categories":[6909,97,78,75],"tags":[1494,908,18711,565,18712,609,18713],"class_list":["post-141435","post","type-post","status-publish","format-standard","has-post-thumbnail","hentry","category-actualidad","category-alcoy","category-fiestaycultura","category-noticias","tag-alcoy","tag-cartel","tag-direccion-del-himno","tag-fiestas","tag-francisco-carchano","tag-moros-y-cristianos","tag-ximo-canet"],"yoast_head":"<!-- This site is optimized with the Yoast SEO plugin v27.3 - https:\/\/yoast.com\/product\/yoast-seo-wordpress\/ -->\n<title>Ximo Canet y Francisco Carchano, dos nombres propios de la Festa de Alcoy 2025 - COPE Alcoy<\/title>\n<meta name=\"description\" content=\"Alcoy se adentra en el ecuador hacia sus pr\u00f3ximas Fiestas en honor a San Jorge y, como suele ser tradici\u00f3n antes del Mig Any, se ha dado a conocer el nombre de dos de las personas que tendr\u00e1n un protagonismo destacado en la pr\u00f3xima trilog\u00eda\" \/>\n<meta name=\"robots\" content=\"index, follow, max-snippet:-1, max-image-preview:large, max-video-preview:-1\" \/>\n<link rel=\"canonical\" href=\"https:\/\/www.copealcoy.es\/es\/ximo-canet-y-francisco-carchano-dos-nombres-propios-de-la-festa-de-alcoy-2025\/\" \/>\n<meta property=\"og:locale\" content=\"es_ES\" \/>\n<meta property=\"og:type\" content=\"article\" \/>\n<meta property=\"og:title\" content=\"Ximo Canet y Francisco Carchano, dos nombres propios de la Festa de Alcoy 2025 - COPE Alcoy\" \/>\n<meta property=\"og:description\" content=\"Alcoy se adentra en el ecuador hacia sus pr\u00f3ximas Fiestas en honor a San Jorge y, como suele ser tradici\u00f3n antes del Mig Any, se ha dado a conocer el nombre de dos de las personas que tendr\u00e1n un protagonismo destacado en la pr\u00f3xima trilog\u00eda\" \/>\n<meta property=\"og:url\" content=\"https:\/\/www.copealcoy.es\/es\/ximo-canet-y-francisco-carchano-dos-nombres-propios-de-la-festa-de-alcoy-2025\/\" \/>\n<meta property=\"og:site_name\" content=\"COPE Alcoy\" \/>\n<meta property=\"article:published_time\" content=\"2024-10-11T07:10:52+00:00\" \/>\n<meta property=\"article:modified_time\" content=\"2024-10-11T09:03:17+00:00\" \/>\n<meta property=\"og:image\" content=\"https:\/\/www.copealcoy.es\/wp-content\/uploads\/2024\/10\/Ximo-Canet-y-francisco-Carchano.jpg_1675102202.jpg\" \/>\n\t<meta property=\"og:image:width\" content=\"625\" \/>\n\t<meta property=\"og:image:height\" content=\"378\" \/>\n\t<meta property=\"og:image:type\" content=\"image\/jpeg\" \/>\n<meta name=\"author\" content=\"Cope Alcoy\" \/>\n<meta name=\"twitter:label1\" content=\"Escrito por\" \/>\n\t<meta name=\"twitter:data1\" content=\"Cope Alcoy\" \/>\n\t<meta name=\"twitter:label2\" content=\"Tiempo de lectura\" \/>\n\t<meta name=\"twitter:data2\" content=\"3 minutos\" \/>\n<script type=\"application\/ld+json\" class=\"yoast-schema-graph\">{\"@context\":\"https:\\\/\\\/schema.org\",\"@graph\":[{\"@type\":\"Article\",\"@id\":\"https:\\\/\\\/www.copealcoy.es\\\/es\\\/ximo-canet-y-francisco-carchano-dos-nombres-propios-de-la-festa-de-alcoy-2025\\\/#article\",\"isPartOf\":{\"@id\":\"https:\\\/\\\/www.copealcoy.es\\\/es\\\/ximo-canet-y-francisco-carchano-dos-nombres-propios-de-la-festa-de-alcoy-2025\\\/\"},\"author\":{\"name\":\"Cope Alcoy\",\"@id\":\"https:\\\/\\\/www.copealcoy.es\\\/es\\\/#\\\/schema\\\/person\\\/e777c87fa024e57d40170af9df39882c\"},\"headline\":\"Ximo Canet y Francisco Carchano, dos nombres propios de la Festa de Alcoy 2025\",\"datePublished\":\"2024-10-11T07:10:52+00:00\",\"dateModified\":\"2024-10-11T09:03:17+00:00\",\"mainEntityOfPage\":{\"@id\":\"https:\\\/\\\/www.copealcoy.es\\\/es\\\/ximo-canet-y-francisco-carchano-dos-nombres-propios-de-la-festa-de-alcoy-2025\\\/\"},\"wordCount\":387,\"commentCount\":0,\"image\":{\"@id\":\"https:\\\/\\\/www.copealcoy.es\\\/es\\\/ximo-canet-y-francisco-carchano-dos-nombres-propios-de-la-festa-de-alcoy-2025\\\/#primaryimage\"},\"thumbnailUrl\":\"https:\\\/\\\/www.copealcoy.es\\\/wp-content\\\/uploads\\\/2024\\\/10\\\/Ximo-Canet-y-francisco-Carchano.jpg_1675102202.jpg\",\"keywords\":[\"Alcoy\",\"Cartel\",\"direcci\u00f3n del Himno\",\"Fiestas\",\"Francisco Carchano\",\"Moros Y Cristianos\",\"Ximo Canet\"],\"articleSection\":[\"Actualidad\",\"Alcoy\",\"Fiesta y Cultura\",\"Noticias\"],\"inLanguage\":\"es\"},{\"@type\":\"WebPage\",\"@id\":\"https:\\\/\\\/www.copealcoy.es\\\/es\\\/ximo-canet-y-francisco-carchano-dos-nombres-propios-de-la-festa-de-alcoy-2025\\\/\",\"url\":\"https:\\\/\\\/www.copealcoy.es\\\/es\\\/ximo-canet-y-francisco-carchano-dos-nombres-propios-de-la-festa-de-alcoy-2025\\\/\",\"name\":\"Ximo Canet y Francisco Carchano, dos nombres propios de la Festa de Alcoy 2025 - COPE Alcoy\",\"isPartOf\":{\"@id\":\"https:\\\/\\\/www.copealcoy.es\\\/es\\\/#website\"},\"primaryImageOfPage\":{\"@id\":\"https:\\\/\\\/www.copealcoy.es\\\/es\\\/ximo-canet-y-francisco-carchano-dos-nombres-propios-de-la-festa-de-alcoy-2025\\\/#primaryimage\"},\"image\":{\"@id\":\"https:\\\/\\\/www.copealcoy.es\\\/es\\\/ximo-canet-y-francisco-carchano-dos-nombres-propios-de-la-festa-de-alcoy-2025\\\/#primaryimage\"},\"thumbnailUrl\":\"https:\\\/\\\/www.copealcoy.es\\\/wp-content\\\/uploads\\\/2024\\\/10\\\/Ximo-Canet-y-francisco-Carchano.jpg_1675102202.jpg\",\"datePublished\":\"2024-10-11T07:10:52+00:00\",\"dateModified\":\"2024-10-11T09:03:17+00:00\",\"author\":{\"@id\":\"https:\\\/\\\/www.copealcoy.es\\\/es\\\/#\\\/schema\\\/person\\\/e777c87fa024e57d40170af9df39882c\"},\"description\":\"Alcoy se adentra en el ecuador hacia sus pr\u00f3ximas Fiestas en honor a San Jorge y, como suele ser tradici\u00f3n antes del Mig Any, se ha dado a conocer el nombre de dos de las personas que tendr\u00e1n un protagonismo destacado en la pr\u00f3xima trilog\u00eda\",\"breadcrumb\":{\"@id\":\"https:\\\/\\\/www.copealcoy.es\\\/es\\\/ximo-canet-y-francisco-carchano-dos-nombres-propios-de-la-festa-de-alcoy-2025\\\/#breadcrumb\"},\"inLanguage\":\"es\",\"potentialAction\":[{\"@type\":\"ReadAction\",\"target\":[\"https:\\\/\\\/www.copealcoy.es\\\/es\\\/ximo-canet-y-francisco-carchano-dos-nombres-propios-de-la-festa-de-alcoy-2025\\\/\"]}]},{\"@type\":\"ImageObject\",\"inLanguage\":\"es\",\"@id\":\"https:\\\/\\\/www.copealcoy.es\\\/es\\\/ximo-canet-y-francisco-carchano-dos-nombres-propios-de-la-festa-de-alcoy-2025\\\/#primaryimage\",\"url\":\"https:\\\/\\\/www.copealcoy.es\\\/wp-content\\\/uploads\\\/2024\\\/10\\\/Ximo-Canet-y-francisco-Carchano.jpg_1675102202.jpg\",\"contentUrl\":\"https:\\\/\\\/www.copealcoy.es\\\/wp-content\\\/uploads\\\/2024\\\/10\\\/Ximo-Canet-y-francisco-Carchano.jpg_1675102202.jpg\",\"width\":625,\"height\":378},{\"@type\":\"BreadcrumbList\",\"@id\":\"https:\\\/\\\/www.copealcoy.es\\\/es\\\/ximo-canet-y-francisco-carchano-dos-nombres-propios-de-la-festa-de-alcoy-2025\\\/#breadcrumb\",\"itemListElement\":[{\"@type\":\"ListItem\",\"position\":1,\"name\":\"Portada\",\"item\":\"https:\\\/\\\/www.copealcoy.es\\\/es\\\/\"},{\"@type\":\"ListItem\",\"position\":2,\"name\":\"Ximo Canet y Francisco Carchano, dos nombres propios de la Festa de Alcoy 2025\"}]},{\"@type\":\"WebSite\",\"@id\":\"https:\\\/\\\/www.copealcoy.es\\\/es\\\/#website\",\"url\":\"https:\\\/\\\/www.copealcoy.es\\\/es\\\/\",\"name\":\"COPE Alcoy\",\"description\":\"Emisora COPE de radio local con emisi\u00f3n online. Pont de Sant Jordi 8-10 03803 Alcoy\",\"potentialAction\":[{\"@type\":\"SearchAction\",\"target\":{\"@type\":\"EntryPoint\",\"urlTemplate\":\"https:\\\/\\\/www.copealcoy.es\\\/es\\\/?s={search_term_string}\"},\"query-input\":{\"@type\":\"PropertyValueSpecification\",\"valueRequired\":true,\"valueName\":\"search_term_string\"}}],\"inLanguage\":\"es\"},{\"@type\":\"Person\",\"@id\":\"https:\\\/\\\/www.copealcoy.es\\\/es\\\/#\\\/schema\\\/person\\\/e777c87fa024e57d40170af9df39882c\",\"name\":\"Cope Alcoy\",\"image\":{\"@type\":\"ImageObject\",\"inLanguage\":\"es\",\"@id\":\"https:\\\/\\\/secure.gravatar.com\\\/avatar\\\/bb65d0283347e303893ba14f0692005417c1e0e690a325a4c5d8bb2b3943ee14?s=96&d=mm&r=g\",\"url\":\"https:\\\/\\\/secure.gravatar.com\\\/avatar\\\/bb65d0283347e303893ba14f0692005417c1e0e690a325a4c5d8bb2b3943ee14?s=96&d=mm&r=g\",\"contentUrl\":\"https:\\\/\\\/secure.gravatar.com\\\/avatar\\\/bb65d0283347e303893ba14f0692005417c1e0e690a325a4c5d8bb2b3943ee14?s=96&d=mm&r=g\",\"caption\":\"Cope Alcoy\"}}]}<\/script>\n<!-- \/ Yoast SEO plugin. -->","yoast_head_json":{"title":"Ximo Canet y Francisco Carchano, dos nombres propios de la Festa de Alcoy 2025 - COPE Alcoy","description":"Alcoy se adentra en el ecuador hacia sus pr\u00f3ximas Fiestas en honor a San Jorge y, como suele ser tradici\u00f3n antes del Mig Any, se ha dado a conocer el nombre de dos de las personas que tendr\u00e1n un protagonismo destacado en la pr\u00f3xima trilog\u00eda","robots":{"index":"index","follow":"follow","max-snippet":"max-snippet:-1","max-image-preview":"max-image-preview:large","max-video-preview":"max-video-preview:-1"},"canonical":"https:\/\/www.copealcoy.es\/es\/ximo-canet-y-francisco-carchano-dos-nombres-propios-de-la-festa-de-alcoy-2025\/","og_locale":"es_ES","og_type":"article","og_title":"Ximo Canet y Francisco Carchano, dos nombres propios de la Festa de Alcoy 2025 - COPE Alcoy","og_description":"Alcoy se adentra en el ecuador hacia sus pr\u00f3ximas Fiestas en honor a San Jorge y, como suele ser tradici\u00f3n antes del Mig Any, se ha dado a conocer el nombre de dos de las personas que tendr\u00e1n un protagonismo destacado en la pr\u00f3xima trilog\u00eda","og_url":"https:\/\/www.copealcoy.es\/es\/ximo-canet-y-francisco-carchano-dos-nombres-propios-de-la-festa-de-alcoy-2025\/","og_site_name":"COPE Alcoy","article_published_time":"2024-10-11T07:10:52+00:00","article_modified_time":"2024-10-11T09:03:17+00:00","og_image":[{"width":625,"height":378,"url":"https:\/\/www.copealcoy.es\/wp-content\/uploads\/2024\/10\/Ximo-Canet-y-francisco-Carchano.jpg_1675102202.jpg","type":"image\/jpeg"}],"author":"Cope Alcoy","twitter_misc":{"Escrito por":"Cope Alcoy","Tiempo de lectura":"3 minutos"},"schema":{"@context":"https:\/\/schema.org","@graph":[{"@type":"Article","@id":"https:\/\/www.copealcoy.es\/es\/ximo-canet-y-francisco-carchano-dos-nombres-propios-de-la-festa-de-alcoy-2025\/#article","isPartOf":{"@id":"https:\/\/www.copealcoy.es\/es\/ximo-canet-y-francisco-carchano-dos-nombres-propios-de-la-festa-de-alcoy-2025\/"},"author":{"name":"Cope Alcoy","@id":"https:\/\/www.copealcoy.es\/es\/#\/schema\/person\/e777c87fa024e57d40170af9df39882c"},"headline":"Ximo Canet y Francisco Carchano, dos nombres propios de la Festa de Alcoy 2025","datePublished":"2024-10-11T07:10:52+00:00","dateModified":"2024-10-11T09:03:17+00:00","mainEntityOfPage":{"@id":"https:\/\/www.copealcoy.es\/es\/ximo-canet-y-francisco-carchano-dos-nombres-propios-de-la-festa-de-alcoy-2025\/"},"wordCount":387,"commentCount":0,"image":{"@id":"https:\/\/www.copealcoy.es\/es\/ximo-canet-y-francisco-carchano-dos-nombres-propios-de-la-festa-de-alcoy-2025\/#primaryimage"},"thumbnailUrl":"https:\/\/www.copealcoy.es\/wp-content\/uploads\/2024\/10\/Ximo-Canet-y-francisco-Carchano.jpg_1675102202.jpg","keywords":["Alcoy","Cartel","direcci\u00f3n del Himno","Fiestas","Francisco Carchano","Moros Y Cristianos","Ximo Canet"],"articleSection":["Actualidad","Alcoy","Fiesta y Cultura","Noticias"],"inLanguage":"es"},{"@type":"WebPage","@id":"https:\/\/www.copealcoy.es\/es\/ximo-canet-y-francisco-carchano-dos-nombres-propios-de-la-festa-de-alcoy-2025\/","url":"https:\/\/www.copealcoy.es\/es\/ximo-canet-y-francisco-carchano-dos-nombres-propios-de-la-festa-de-alcoy-2025\/","name":"Ximo Canet y Francisco Carchano, dos nombres propios de la Festa de Alcoy 2025 - COPE Alcoy","isPartOf":{"@id":"https:\/\/www.copealcoy.es\/es\/#website"},"primaryImageOfPage":{"@id":"https:\/\/www.copealcoy.es\/es\/ximo-canet-y-francisco-carchano-dos-nombres-propios-de-la-festa-de-alcoy-2025\/#primaryimage"},"image":{"@id":"https:\/\/www.copealcoy.es\/es\/ximo-canet-y-francisco-carchano-dos-nombres-propios-de-la-festa-de-alcoy-2025\/#primaryimage"},"thumbnailUrl":"https:\/\/www.copealcoy.es\/wp-content\/uploads\/2024\/10\/Ximo-Canet-y-francisco-Carchano.jpg_1675102202.jpg","datePublished":"2024-10-11T07:10:52+00:00","dateModified":"2024-10-11T09:03:17+00:00","author":{"@id":"https:\/\/www.copealcoy.es\/es\/#\/schema\/person\/e777c87fa024e57d40170af9df39882c"},"description":"Alcoy se adentra en el ecuador hacia sus pr\u00f3ximas Fiestas en honor a San Jorge y, como suele ser tradici\u00f3n antes del Mig Any, se ha dado a conocer el nombre de dos de las personas que tendr\u00e1n un protagonismo destacado en la pr\u00f3xima trilog\u00eda","breadcrumb":{"@id":"https:\/\/www.copealcoy.es\/es\/ximo-canet-y-francisco-carchano-dos-nombres-propios-de-la-festa-de-alcoy-2025\/#breadcrumb"},"inLanguage":"es","potentialAction":[{"@type":"ReadAction","target":["https:\/\/www.copealcoy.es\/es\/ximo-canet-y-francisco-carchano-dos-nombres-propios-de-la-festa-de-alcoy-2025\/"]}]},{"@type":"ImageObject","inLanguage":"es","@id":"https:\/\/www.copealcoy.es\/es\/ximo-canet-y-francisco-carchano-dos-nombres-propios-de-la-festa-de-alcoy-2025\/#primaryimage","url":"https:\/\/www.copealcoy.es\/wp-content\/uploads\/2024\/10\/Ximo-Canet-y-francisco-Carchano.jpg_1675102202.jpg","contentUrl":"https:\/\/www.copealcoy.es\/wp-content\/uploads\/2024\/10\/Ximo-Canet-y-francisco-Carchano.jpg_1675102202.jpg","width":625,"height":378},{"@type":"BreadcrumbList","@id":"https:\/\/www.copealcoy.es\/es\/ximo-canet-y-francisco-carchano-dos-nombres-propios-de-la-festa-de-alcoy-2025\/#breadcrumb","itemListElement":[{"@type":"ListItem","position":1,"name":"Portada","item":"https:\/\/www.copealcoy.es\/es\/"},{"@type":"ListItem","position":2,"name":"Ximo Canet y Francisco Carchano, dos nombres propios de la Festa de Alcoy 2025"}]},{"@type":"WebSite","@id":"https:\/\/www.copealcoy.es\/es\/#website","url":"https:\/\/www.copealcoy.es\/es\/","name":"COPE Alcoy","description":"Emisora COPE de radio local con emisi\u00f3n online. Pont de Sant Jordi 8-10 03803 Alcoy","potentialAction":[{"@type":"SearchAction","target":{"@type":"EntryPoint","urlTemplate":"https:\/\/www.copealcoy.es\/es\/?s={search_term_string}"},"query-input":{"@type":"PropertyValueSpecification","valueRequired":true,"valueName":"search_term_string"}}],"inLanguage":"es"},{"@type":"Person","@id":"https:\/\/www.copealcoy.es\/es\/#\/schema\/person\/e777c87fa024e57d40170af9df39882c","name":"Cope Alcoy","image":{"@type":"ImageObject","inLanguage":"es","@id":"https:\/\/secure.gravatar.com\/avatar\/bb65d0283347e303893ba14f0692005417c1e0e690a325a4c5d8bb2b3943ee14?s=96&d=mm&r=g","url":"https:\/\/secure.gravatar.com\/avatar\/bb65d0283347e303893ba14f0692005417c1e0e690a325a4c5d8bb2b3943ee14?s=96&d=mm&r=g","contentUrl":"https:\/\/secure.gravatar.com\/avatar\/bb65d0283347e303893ba14f0692005417c1e0e690a325a4c5d8bb2b3943ee14?s=96&d=mm&r=g","caption":"Cope Alcoy"}}]}},"_links":{"self":[{"href":"https:\/\/www.copealcoy.es\/es\/wp-json\/wp\/v2\/posts\/141435","targetHints":{"allow":["GET"]}}],"collection":[{"href":"https:\/\/www.copealcoy.es\/es\/wp-json\/wp\/v2\/posts"}],"about":[{"href":"https:\/\/www.copealcoy.es\/es\/wp-json\/wp\/v2\/types\/post"}],"author":[{"embeddable":true,"href":"https:\/\/www.copealcoy.es\/es\/wp-json\/wp\/v2\/users\/1"}],"replies":[{"embeddable":true,"href":"https:\/\/www.copealcoy.es\/es\/wp-json\/wp\/v2\/comments?post=141435"}],"version-history":[{"count":0,"href":"https:\/\/www.copealcoy.es\/es\/wp-json\/wp\/v2\/posts\/141435\/revisions"}],"wp:featuredmedia":[{"embeddable":true,"href":"https:\/\/www.copealcoy.es\/es\/wp-json\/wp\/v2\/media\/141436"}],"wp:attachment":[{"href":"https:\/\/www.copealcoy.es\/es\/wp-json\/wp\/v2\/media?parent=141435"}],"wp:term":[{"taxonomy":"category","embeddable":true,"href":"https:\/\/www.copealcoy.es\/es\/wp-json\/wp\/v2\/categories?post=141435"},{"taxonomy":"post_tag","embeddable":true,"href":"https:\/\/www.copealcoy.es\/es\/wp-json\/wp\/v2\/tags?post=141435"}],"curies":[{"name":"wp","href":"https:\/\/api.w.org\/{rel}","templated":true}]}}