{"id":141323,"date":"2024-10-08T08:05:19","date_gmt":"2024-10-08T07:05:19","guid":{"rendered":"https:\/\/www.copealcoy.es\/?p=141323"},"modified":"2024-10-11T15:28:34","modified_gmt":"2024-10-11T14:28:34","slug":"nueva-campana-de-la-camara-de-comercio-para-fomentar-las-compras-en-alcoy","status":"publish","type":"post","link":"https:\/\/www.copealcoy.es\/es\/nueva-campana-de-la-camara-de-comercio-para-fomentar-las-compras-en-alcoy\/","title":{"rendered":"Nueva campa\u00f1a de la C\u00e1mara de Comercio para fomentar las compras en Alcoy"},"content":{"rendered":"<p style=\"text-align: justify;\">La <a href=\"https:\/\/www.camaraalcoy.net\/\" target=\"_blank\" rel=\"noopener\"><span style=\"color: #0000ff;\"><strong>C\u00e1mara de Comercio de Alcoy<\/strong><\/span><\/a>, con el respaldo de la Diputaci\u00f3n de Alicante, ha puesto en marcha <strong>una nueva edici\u00f3n de la campa\u00f1a &#8220;3.000 razones para comprar en nuestro comercio&#8221;<\/strong> <strong>\u2013 Alcoy Abierta 2024<\/strong>. Esta iniciativa, que llega tras el \u00e9xito de anteriores ediciones, <strong>busca promover y dar visibilidad al comercio local<\/strong>, incentivando las compras en los peque\u00f1os establecimientos de la ciudad.<\/p>\n<p style=\"text-align: justify;\">En esta ocasi\u00f3n, seg\u00fan la informaci\u00f3n facilitada, <strong>se han ampliado las actividades para involucrar m\u00e1s a la comunidad y destacar el valor del comercio local<\/strong>. Una de las novedades m\u00e1s destacadas <strong>son los talleres de cocina en formato &#8220;showcooking&#8221;<\/strong>, impartidos por la reconocida Food Blogger alcoyana <strong>Mar\u00eda Albero<\/strong>, conocida como Saboreanda. Estos talleres <strong>se llevar\u00e1n a cabo<\/strong> en los mercados municipales el 18 de octubre\u00a0a las 11:30h en el Mercado de la Zona Norte y a las 17:30h en el Mercado de Sant Roc.<\/p>\n<p style=\"text-align: justify;\">Como parte del programa, se celebrar\u00e1 <strong>la Nit del Comer\u00e7 Alcoi\u00e0 el 24 de octubre<\/strong>, donde se sortear\u00e1n cheques regalo entre quienes compren en al menos tres comercios locales y completen un formulario. Los <strong>premios<\/strong> incluyen un cheque de 2000 euros y dos cheques adicionales de 500 euros cada uno. Adem\u00e1s, los primeros 1000 participantes recibir\u00e1n una taza de porcelana como obsequio.<\/p>\n<p style=\"text-align: justify;\">Los <strong>formularios<\/strong> para participar estar\u00e1n disponibles del 1 al 23 de octubre y podr\u00e1n depositarse en la sede de la C\u00e1mara y en los mercados municipales. Los premios <strong>podr\u00e1n canjearse<\/strong> durante cuatro semanas con un l\u00edmite de gasto por establecimiento y se permitir\u00e1 un gasto m\u00e1ximo de 100 euros en cada negocio.<\/p>\n<p style=\"text-align: justify;\">La Gala-nit del comer\u00e7 <strong>tambi\u00e9n reconocer\u00e1 a los establecimientos destacados<\/strong> en categor\u00edas como Crecimiento Comercial e Innovaci\u00f3n. Un jurado compuesto por comerciantes y representantes institucionales otorgar\u00e1 estos galardones. Con estas actividades, &#8220;Alcoy Abierta 2024&#8221; <strong>busca dinamizar la econom\u00eda local, fortalecer la lealtad del cliente y reconocer el esfuerzo del comercio alcoyano<\/strong>, creando un entorno propicio para su desarrollo y crecimiento.<\/p>\n","protected":false},"excerpt":{"rendered":"<p>La C\u00e1mara de Comercio de Alcoy, con el respaldo de la Diputaci\u00f3n de Alicante, ha puesto en marcha una nueva&#8230;<\/p>\n","protected":false},"author":1,"featured_media":122531,"comment_status":"open","ping_status":"open","sticky":false,"template":"","format":"standard","meta":{"footnotes":""},"categories":[6909,97,75,79],"tags":[13274,1494,628,5880],"class_list":["post-141323","post","type-post","status-publish","format-standard","has-post-thumbnail","hentry","category-actualidad","category-alcoy","category-noticias","category-politicayeconomia","tag-3-000-razones","tag-alcoy","tag-camara-de-comercio","tag-nueva-campana"],"yoast_head":"<!-- This site is optimized with the Yoast SEO plugin v27.3 - https:\/\/yoast.com\/product\/yoast-seo-wordpress\/ -->\n<title>Nueva campa\u00f1a de la C\u00e1mara de Comercio para fomentar las compras en Alcoy - COPE Alcoy<\/title>\n<meta name=\"description\" content=\"La C\u00e1mara de Comercio de Alcoy, con el respaldo de la Diputaci\u00f3n de Alicante, ha puesto en marcha una nueva edici\u00f3n de la campa\u00f1a &quot;3.000 razones para comprar en nuestro comercio&quot; \u2013 Alcoy Abierta 2024\" \/>\n<meta name=\"robots\" content=\"index, follow, max-snippet:-1, max-image-preview:large, max-video-preview:-1\" \/>\n<link rel=\"canonical\" href=\"https:\/\/www.copealcoy.es\/es\/nueva-campana-de-la-camara-de-comercio-para-fomentar-las-compras-en-alcoy\/\" \/>\n<meta property=\"og:locale\" content=\"es_ES\" \/>\n<meta property=\"og:type\" content=\"article\" \/>\n<meta property=\"og:title\" content=\"Nueva campa\u00f1a de la C\u00e1mara de Comercio para fomentar las compras en Alcoy - COPE Alcoy\" \/>\n<meta property=\"og:description\" content=\"La C\u00e1mara de Comercio de Alcoy, con el respaldo de la Diputaci\u00f3n de Alicante, ha puesto en marcha una nueva edici\u00f3n de la campa\u00f1a &quot;3.000 razones para comprar en nuestro comercio&quot; \u2013 Alcoy Abierta 2024\" \/>\n<meta property=\"og:url\" content=\"https:\/\/www.copealcoy.es\/es\/nueva-campana-de-la-camara-de-comercio-para-fomentar-las-compras-en-alcoy\/\" \/>\n<meta property=\"og:site_name\" content=\"COPE Alcoy\" \/>\n<meta property=\"article:published_time\" content=\"2024-10-08T07:05:19+00:00\" \/>\n<meta property=\"article:modified_time\" content=\"2024-10-11T14:28:34+00:00\" \/>\n<meta property=\"og:image\" content=\"https:\/\/www.copealcoy.es\/wp-content\/uploads\/2023\/09\/unnamed-1-15-scaled-e1695893581219.jpg\" \/>\n\t<meta property=\"og:image:width\" content=\"640\" \/>\n\t<meta property=\"og:image:height\" content=\"421\" \/>\n\t<meta property=\"og:image:type\" content=\"image\/jpeg\" \/>\n<meta name=\"author\" content=\"Cope Alcoy\" \/>\n<meta name=\"twitter:label1\" content=\"Escrito por\" \/>\n\t<meta name=\"twitter:data1\" content=\"Cope Alcoy\" \/>\n\t<meta name=\"twitter:label2\" content=\"Tiempo de lectura\" \/>\n\t<meta name=\"twitter:data2\" content=\"2 minutos\" \/>\n<script type=\"application\/ld+json\" class=\"yoast-schema-graph\">{\"@context\":\"https:\\\/\\\/schema.org\",\"@graph\":[{\"@type\":\"Article\",\"@id\":\"https:\\\/\\\/www.copealcoy.es\\\/es\\\/nueva-campana-de-la-camara-de-comercio-para-fomentar-las-compras-en-alcoy\\\/#article\",\"isPartOf\":{\"@id\":\"https:\\\/\\\/www.copealcoy.es\\\/es\\\/nueva-campana-de-la-camara-de-comercio-para-fomentar-las-compras-en-alcoy\\\/\"},\"author\":{\"name\":\"Cope Alcoy\",\"@id\":\"https:\\\/\\\/www.copealcoy.es\\\/es\\\/#\\\/schema\\\/person\\\/e777c87fa024e57d40170af9df39882c\"},\"headline\":\"Nueva campa\u00f1a de la C\u00e1mara de Comercio para fomentar las compras en Alcoy\",\"datePublished\":\"2024-10-08T07:05:19+00:00\",\"dateModified\":\"2024-10-11T14:28:34+00:00\",\"mainEntityOfPage\":{\"@id\":\"https:\\\/\\\/www.copealcoy.es\\\/es\\\/nueva-campana-de-la-camara-de-comercio-para-fomentar-las-compras-en-alcoy\\\/\"},\"wordCount\":350,\"commentCount\":0,\"image\":{\"@id\":\"https:\\\/\\\/www.copealcoy.es\\\/es\\\/nueva-campana-de-la-camara-de-comercio-para-fomentar-las-compras-en-alcoy\\\/#primaryimage\"},\"thumbnailUrl\":\"https:\\\/\\\/www.copealcoy.es\\\/wp-content\\\/uploads\\\/2023\\\/09\\\/unnamed-1-15-scaled-e1695893581219.jpg\",\"keywords\":[\"3.000 razones\",\"Alcoy\",\"C\u00e1mara de Comercio\",\"nueva campa\u00f1a\"],\"articleSection\":[\"Actualidad\",\"Alcoy\",\"Noticias\",\"Pol\u00edtica y Econom\u00eda\"],\"inLanguage\":\"es\"},{\"@type\":\"WebPage\",\"@id\":\"https:\\\/\\\/www.copealcoy.es\\\/es\\\/nueva-campana-de-la-camara-de-comercio-para-fomentar-las-compras-en-alcoy\\\/\",\"url\":\"https:\\\/\\\/www.copealcoy.es\\\/es\\\/nueva-campana-de-la-camara-de-comercio-para-fomentar-las-compras-en-alcoy\\\/\",\"name\":\"Nueva campa\u00f1a de la C\u00e1mara de Comercio para fomentar las compras en Alcoy - COPE Alcoy\",\"isPartOf\":{\"@id\":\"https:\\\/\\\/www.copealcoy.es\\\/es\\\/#website\"},\"primaryImageOfPage\":{\"@id\":\"https:\\\/\\\/www.copealcoy.es\\\/es\\\/nueva-campana-de-la-camara-de-comercio-para-fomentar-las-compras-en-alcoy\\\/#primaryimage\"},\"image\":{\"@id\":\"https:\\\/\\\/www.copealcoy.es\\\/es\\\/nueva-campana-de-la-camara-de-comercio-para-fomentar-las-compras-en-alcoy\\\/#primaryimage\"},\"thumbnailUrl\":\"https:\\\/\\\/www.copealcoy.es\\\/wp-content\\\/uploads\\\/2023\\\/09\\\/unnamed-1-15-scaled-e1695893581219.jpg\",\"datePublished\":\"2024-10-08T07:05:19+00:00\",\"dateModified\":\"2024-10-11T14:28:34+00:00\",\"author\":{\"@id\":\"https:\\\/\\\/www.copealcoy.es\\\/es\\\/#\\\/schema\\\/person\\\/e777c87fa024e57d40170af9df39882c\"},\"description\":\"La C\u00e1mara de Comercio de Alcoy, con el respaldo de la Diputaci\u00f3n de Alicante, ha puesto en marcha una nueva edici\u00f3n de la campa\u00f1a \\\"3.000 razones para comprar en nuestro comercio\\\" \u2013 Alcoy Abierta 2024\",\"breadcrumb\":{\"@id\":\"https:\\\/\\\/www.copealcoy.es\\\/es\\\/nueva-campana-de-la-camara-de-comercio-para-fomentar-las-compras-en-alcoy\\\/#breadcrumb\"},\"inLanguage\":\"es\",\"potentialAction\":[{\"@type\":\"ReadAction\",\"target\":[\"https:\\\/\\\/www.copealcoy.es\\\/es\\\/nueva-campana-de-la-camara-de-comercio-para-fomentar-las-compras-en-alcoy\\\/\"]}]},{\"@type\":\"ImageObject\",\"inLanguage\":\"es\",\"@id\":\"https:\\\/\\\/www.copealcoy.es\\\/es\\\/nueva-campana-de-la-camara-de-comercio-para-fomentar-las-compras-en-alcoy\\\/#primaryimage\",\"url\":\"https:\\\/\\\/www.copealcoy.es\\\/wp-content\\\/uploads\\\/2023\\\/09\\\/unnamed-1-15-scaled-e1695893581219.jpg\",\"contentUrl\":\"https:\\\/\\\/www.copealcoy.es\\\/wp-content\\\/uploads\\\/2023\\\/09\\\/unnamed-1-15-scaled-e1695893581219.jpg\",\"width\":640,\"height\":421},{\"@type\":\"BreadcrumbList\",\"@id\":\"https:\\\/\\\/www.copealcoy.es\\\/es\\\/nueva-campana-de-la-camara-de-comercio-para-fomentar-las-compras-en-alcoy\\\/#breadcrumb\",\"itemListElement\":[{\"@type\":\"ListItem\",\"position\":1,\"name\":\"Portada\",\"item\":\"https:\\\/\\\/www.copealcoy.es\\\/es\\\/\"},{\"@type\":\"ListItem\",\"position\":2,\"name\":\"Nueva campa\u00f1a de la C\u00e1mara de Comercio para fomentar las compras en Alcoy\"}]},{\"@type\":\"WebSite\",\"@id\":\"https:\\\/\\\/www.copealcoy.es\\\/es\\\/#website\",\"url\":\"https:\\\/\\\/www.copealcoy.es\\\/es\\\/\",\"name\":\"COPE Alcoy\",\"description\":\"Emisora COPE de radio local con emisi\u00f3n online. Pont de Sant Jordi 8-10 03803 Alcoy\",\"potentialAction\":[{\"@type\":\"SearchAction\",\"target\":{\"@type\":\"EntryPoint\",\"urlTemplate\":\"https:\\\/\\\/www.copealcoy.es\\\/es\\\/?s={search_term_string}\"},\"query-input\":{\"@type\":\"PropertyValueSpecification\",\"valueRequired\":true,\"valueName\":\"search_term_string\"}}],\"inLanguage\":\"es\"},{\"@type\":\"Person\",\"@id\":\"https:\\\/\\\/www.copealcoy.es\\\/es\\\/#\\\/schema\\\/person\\\/e777c87fa024e57d40170af9df39882c\",\"name\":\"Cope Alcoy\",\"image\":{\"@type\":\"ImageObject\",\"inLanguage\":\"es\",\"@id\":\"https:\\\/\\\/secure.gravatar.com\\\/avatar\\\/bb65d0283347e303893ba14f0692005417c1e0e690a325a4c5d8bb2b3943ee14?s=96&d=mm&r=g\",\"url\":\"https:\\\/\\\/secure.gravatar.com\\\/avatar\\\/bb65d0283347e303893ba14f0692005417c1e0e690a325a4c5d8bb2b3943ee14?s=96&d=mm&r=g\",\"contentUrl\":\"https:\\\/\\\/secure.gravatar.com\\\/avatar\\\/bb65d0283347e303893ba14f0692005417c1e0e690a325a4c5d8bb2b3943ee14?s=96&d=mm&r=g\",\"caption\":\"Cope Alcoy\"}}]}<\/script>\n<!-- \/ Yoast SEO plugin. -->","yoast_head_json":{"title":"Nueva campa\u00f1a de la C\u00e1mara de Comercio para fomentar las compras en Alcoy - COPE Alcoy","description":"La C\u00e1mara de Comercio de Alcoy, con el respaldo de la Diputaci\u00f3n de Alicante, ha puesto en marcha una nueva edici\u00f3n de la campa\u00f1a \"3.000 razones para comprar en nuestro comercio\" \u2013 Alcoy Abierta 2024","robots":{"index":"index","follow":"follow","max-snippet":"max-snippet:-1","max-image-preview":"max-image-preview:large","max-video-preview":"max-video-preview:-1"},"canonical":"https:\/\/www.copealcoy.es\/es\/nueva-campana-de-la-camara-de-comercio-para-fomentar-las-compras-en-alcoy\/","og_locale":"es_ES","og_type":"article","og_title":"Nueva campa\u00f1a de la C\u00e1mara de Comercio para fomentar las compras en Alcoy - COPE Alcoy","og_description":"La C\u00e1mara de Comercio de Alcoy, con el respaldo de la Diputaci\u00f3n de Alicante, ha puesto en marcha una nueva edici\u00f3n de la campa\u00f1a \"3.000 razones para comprar en nuestro comercio\" \u2013 Alcoy Abierta 2024","og_url":"https:\/\/www.copealcoy.es\/es\/nueva-campana-de-la-camara-de-comercio-para-fomentar-las-compras-en-alcoy\/","og_site_name":"COPE Alcoy","article_published_time":"2024-10-08T07:05:19+00:00","article_modified_time":"2024-10-11T14:28:34+00:00","og_image":[{"width":640,"height":421,"url":"https:\/\/www.copealcoy.es\/wp-content\/uploads\/2023\/09\/unnamed-1-15-scaled-e1695893581219.jpg","type":"image\/jpeg"}],"author":"Cope Alcoy","twitter_misc":{"Escrito por":"Cope Alcoy","Tiempo de lectura":"2 minutos"},"schema":{"@context":"https:\/\/schema.org","@graph":[{"@type":"Article","@id":"https:\/\/www.copealcoy.es\/es\/nueva-campana-de-la-camara-de-comercio-para-fomentar-las-compras-en-alcoy\/#article","isPartOf":{"@id":"https:\/\/www.copealcoy.es\/es\/nueva-campana-de-la-camara-de-comercio-para-fomentar-las-compras-en-alcoy\/"},"author":{"name":"Cope Alcoy","@id":"https:\/\/www.copealcoy.es\/es\/#\/schema\/person\/e777c87fa024e57d40170af9df39882c"},"headline":"Nueva campa\u00f1a de la C\u00e1mara de Comercio para fomentar las compras en Alcoy","datePublished":"2024-10-08T07:05:19+00:00","dateModified":"2024-10-11T14:28:34+00:00","mainEntityOfPage":{"@id":"https:\/\/www.copealcoy.es\/es\/nueva-campana-de-la-camara-de-comercio-para-fomentar-las-compras-en-alcoy\/"},"wordCount":350,"commentCount":0,"image":{"@id":"https:\/\/www.copealcoy.es\/es\/nueva-campana-de-la-camara-de-comercio-para-fomentar-las-compras-en-alcoy\/#primaryimage"},"thumbnailUrl":"https:\/\/www.copealcoy.es\/wp-content\/uploads\/2023\/09\/unnamed-1-15-scaled-e1695893581219.jpg","keywords":["3.000 razones","Alcoy","C\u00e1mara de Comercio","nueva campa\u00f1a"],"articleSection":["Actualidad","Alcoy","Noticias","Pol\u00edtica y Econom\u00eda"],"inLanguage":"es"},{"@type":"WebPage","@id":"https:\/\/www.copealcoy.es\/es\/nueva-campana-de-la-camara-de-comercio-para-fomentar-las-compras-en-alcoy\/","url":"https:\/\/www.copealcoy.es\/es\/nueva-campana-de-la-camara-de-comercio-para-fomentar-las-compras-en-alcoy\/","name":"Nueva campa\u00f1a de la C\u00e1mara de Comercio para fomentar las compras en Alcoy - COPE Alcoy","isPartOf":{"@id":"https:\/\/www.copealcoy.es\/es\/#website"},"primaryImageOfPage":{"@id":"https:\/\/www.copealcoy.es\/es\/nueva-campana-de-la-camara-de-comercio-para-fomentar-las-compras-en-alcoy\/#primaryimage"},"image":{"@id":"https:\/\/www.copealcoy.es\/es\/nueva-campana-de-la-camara-de-comercio-para-fomentar-las-compras-en-alcoy\/#primaryimage"},"thumbnailUrl":"https:\/\/www.copealcoy.es\/wp-content\/uploads\/2023\/09\/unnamed-1-15-scaled-e1695893581219.jpg","datePublished":"2024-10-08T07:05:19+00:00","dateModified":"2024-10-11T14:28:34+00:00","author":{"@id":"https:\/\/www.copealcoy.es\/es\/#\/schema\/person\/e777c87fa024e57d40170af9df39882c"},"description":"La C\u00e1mara de Comercio de Alcoy, con el respaldo de la Diputaci\u00f3n de Alicante, ha puesto en marcha una nueva edici\u00f3n de la campa\u00f1a \"3.000 razones para comprar en nuestro comercio\" \u2013 Alcoy Abierta 2024","breadcrumb":{"@id":"https:\/\/www.copealcoy.es\/es\/nueva-campana-de-la-camara-de-comercio-para-fomentar-las-compras-en-alcoy\/#breadcrumb"},"inLanguage":"es","potentialAction":[{"@type":"ReadAction","target":["https:\/\/www.copealcoy.es\/es\/nueva-campana-de-la-camara-de-comercio-para-fomentar-las-compras-en-alcoy\/"]}]},{"@type":"ImageObject","inLanguage":"es","@id":"https:\/\/www.copealcoy.es\/es\/nueva-campana-de-la-camara-de-comercio-para-fomentar-las-compras-en-alcoy\/#primaryimage","url":"https:\/\/www.copealcoy.es\/wp-content\/uploads\/2023\/09\/unnamed-1-15-scaled-e1695893581219.jpg","contentUrl":"https:\/\/www.copealcoy.es\/wp-content\/uploads\/2023\/09\/unnamed-1-15-scaled-e1695893581219.jpg","width":640,"height":421},{"@type":"BreadcrumbList","@id":"https:\/\/www.copealcoy.es\/es\/nueva-campana-de-la-camara-de-comercio-para-fomentar-las-compras-en-alcoy\/#breadcrumb","itemListElement":[{"@type":"ListItem","position":1,"name":"Portada","item":"https:\/\/www.copealcoy.es\/es\/"},{"@type":"ListItem","position":2,"name":"Nueva campa\u00f1a de la C\u00e1mara de Comercio para fomentar las compras en Alcoy"}]},{"@type":"WebSite","@id":"https:\/\/www.copealcoy.es\/es\/#website","url":"https:\/\/www.copealcoy.es\/es\/","name":"COPE Alcoy","description":"Emisora COPE de radio local con emisi\u00f3n online. Pont de Sant Jordi 8-10 03803 Alcoy","potentialAction":[{"@type":"SearchAction","target":{"@type":"EntryPoint","urlTemplate":"https:\/\/www.copealcoy.es\/es\/?s={search_term_string}"},"query-input":{"@type":"PropertyValueSpecification","valueRequired":true,"valueName":"search_term_string"}}],"inLanguage":"es"},{"@type":"Person","@id":"https:\/\/www.copealcoy.es\/es\/#\/schema\/person\/e777c87fa024e57d40170af9df39882c","name":"Cope Alcoy","image":{"@type":"ImageObject","inLanguage":"es","@id":"https:\/\/secure.gravatar.com\/avatar\/bb65d0283347e303893ba14f0692005417c1e0e690a325a4c5d8bb2b3943ee14?s=96&d=mm&r=g","url":"https:\/\/secure.gravatar.com\/avatar\/bb65d0283347e303893ba14f0692005417c1e0e690a325a4c5d8bb2b3943ee14?s=96&d=mm&r=g","contentUrl":"https:\/\/secure.gravatar.com\/avatar\/bb65d0283347e303893ba14f0692005417c1e0e690a325a4c5d8bb2b3943ee14?s=96&d=mm&r=g","caption":"Cope Alcoy"}}]}},"_links":{"self":[{"href":"https:\/\/www.copealcoy.es\/es\/wp-json\/wp\/v2\/posts\/141323","targetHints":{"allow":["GET"]}}],"collection":[{"href":"https:\/\/www.copealcoy.es\/es\/wp-json\/wp\/v2\/posts"}],"about":[{"href":"https:\/\/www.copealcoy.es\/es\/wp-json\/wp\/v2\/types\/post"}],"author":[{"embeddable":true,"href":"https:\/\/www.copealcoy.es\/es\/wp-json\/wp\/v2\/users\/1"}],"replies":[{"embeddable":true,"href":"https:\/\/www.copealcoy.es\/es\/wp-json\/wp\/v2\/comments?post=141323"}],"version-history":[{"count":0,"href":"https:\/\/www.copealcoy.es\/es\/wp-json\/wp\/v2\/posts\/141323\/revisions"}],"wp:featuredmedia":[{"embeddable":true,"href":"https:\/\/www.copealcoy.es\/es\/wp-json\/wp\/v2\/media\/122531"}],"wp:attachment":[{"href":"https:\/\/www.copealcoy.es\/es\/wp-json\/wp\/v2\/media?parent=141323"}],"wp:term":[{"taxonomy":"category","embeddable":true,"href":"https:\/\/www.copealcoy.es\/es\/wp-json\/wp\/v2\/categories?post=141323"},{"taxonomy":"post_tag","embeddable":true,"href":"https:\/\/www.copealcoy.es\/es\/wp-json\/wp\/v2\/tags?post=141323"}],"curies":[{"name":"wp","href":"https:\/\/api.w.org\/{rel}","templated":true}]}}