{"id":141305,"date":"2024-10-08T09:15:23","date_gmt":"2024-10-08T08:15:23","guid":{"rendered":"https:\/\/www.copealcoy.es\/?p=141305"},"modified":"2024-10-08T09:15:23","modified_gmt":"2024-10-08T08:15:23","slug":"la-unio-musical-de-la-nucia-gana-el-certamen-de-musica-festera-de-alcoy","status":"publish","type":"post","link":"https:\/\/www.copealcoy.es\/es\/la-unio-musical-de-la-nucia-gana-el-certamen-de-musica-festera-de-alcoy\/","title":{"rendered":"La Uni\u00f3 Musical de La Nuc\u00eda gana el Certamen de M\u00fasica Festera de Alcoy"},"content":{"rendered":"<p style=\"text-align: justify;\">Alcoy acogi\u00f3 el pasado fin de semana<strong> la IV edici\u00f3n del Certamen de Interpretaci\u00f3n de M\u00fasica Festera<\/strong>, un evento impulsado por <strong>la Asociaci\u00f3n de San Jorge<\/strong> que ya est\u00e1 plenamente consolidado en la ciudad y que <strong>busca promover la creaci\u00f3n e interpretaci\u00f3n musical<\/strong>. La cita tuvo lugar en el Teatro Calder\u00f3n, pasadas las ocho de la tarde, y <strong>numeroso p\u00fablico sigui\u00f3 en primera l\u00ednea las actuaciones de las formaciones musicales participantes<\/strong>.<\/p>\n<p style=\"text-align: justify;\">Tres bandas reconocidas en el panorama musical de la Comunitat Valenciana fueron <strong>las que compitieron en esta ocasi\u00f3n<\/strong> por los diferentes premios que otorgaba el mismo Certamen. Se trata de <strong>la Uni\u00f3 Musical San Jos\u00e9 de Calasanz de Castell\u00f3n<\/strong>, <strong>el Cercle Musical Primitiva de Albaida<\/strong> y <strong>la Uni\u00f3 Musical de La Nuc\u00eda<\/strong>. Antes de subir al escenario del Teatro Calder\u00f3n, <strong>las bandas desfilaron por las calles del Centro<\/strong> desde la Pla\u00e7a Ramon i Cajal, interpretando un pasodoble de presentaci\u00f3n que sirvi\u00f3 de antesala a la puesta en escena que hab\u00edan preparado las diferentes agrupaciones.<\/p>\n<p style=\"text-align: justify;\">Cada banda<strong> interpret\u00f3<\/strong> la pieza obligada, la marcha cristiana <em>Te Deum<\/em>, compuesta por Pedro Joaqu\u00edn Franc\u00e9s Sanju\u00e1n, ganadora del primer premio del Concurso de Composici\u00f3n de M\u00fasica Festera de la Asociaci\u00f3n de San Jorge en 1997. Finalmente, cerraron con una marcha mora de libre elecci\u00f3n. La <strong>Uni\u00f3 Musical de La Nuc\u00eda<\/strong> result\u00f3 ganadora del certamen, obteniendo por ello un premio dotado con 4.000 euros, mientras que el <strong>Cercle Musical Primitiva de Albaida<\/strong> qued\u00f3 en segundo lugar percibiendo un total de 2.500 euros. Finalmente,\u00a0 la <strong>Uni\u00f3 Musical San Jos\u00e9 de Calasanz de Castell\u00f3n<\/strong> fue la banda que se clasific\u00f3 en la tercera posici\u00f3n percibiendo una cuant\u00eda econ\u00f3mica de 2.000 euros..<\/p>\n<p style=\"text-align: justify;\">Fuera de concurso, <strong>la Agrupaci\u00f3n Musical El Serpis de Alcoy<\/strong> ofreci\u00f3 una actuaci\u00f3n mientras el jurado, formado por destacados representantes del \u00e1mbito de la m\u00fasica festera, efectuaba las correspondientes deliberaciones. El Certamen estuvo incluido este a\u00f1o <strong>dentro de los actos previos al Mig Any<\/strong>, una programaci\u00f3n que sigue en la ciudad durante los pr\u00f3ximos d\u00edas con m\u00e1s actividades que puedes consultar <a href=\"https:\/\/www.copealcoy.es\/es\/mig-any-de-las-fiestas-de-alcoy-ya-se-conoce-el-programa-de-actos\/\" target=\"_blank\" rel=\"noopener\"><strong><span style=\"color: #0000ff;\">aqu\u00ed<\/span><\/strong><\/a>.<\/p>\n","protected":false},"excerpt":{"rendered":"<p>Alcoy acogi\u00f3 el pasado fin de semana la IV edici\u00f3n del Certamen de Interpretaci\u00f3n de M\u00fasica Festera, un evento impulsado&#8230;<\/p>\n","protected":false},"author":1,"featured_media":141306,"comment_status":"open","ping_status":"open","sticky":false,"template":"","format":"standard","meta":{"footnotes":""},"categories":[6909,97,78,75],"tags":[1494,626,3843,1455,700],"class_list":["post-141305","post","type-post","status-publish","format-standard","has-post-thumbnail","hentry","category-actualidad","category-alcoy","category-fiestaycultura","category-noticias","tag-alcoy","tag-certamen","tag-interpretacion","tag-mig-any","tag-musica-festera"],"yoast_head":"<!-- This site is optimized with the Yoast SEO plugin v27.3 - https:\/\/yoast.com\/product\/yoast-seo-wordpress\/ -->\n<title>La Uni\u00f3 Musical de La Nuc\u00eda gana el Certamen de M\u00fasica Festera de Alcoy - COPE Alcoy<\/title>\n<meta name=\"description\" content=\"Alcoy acogi\u00f3 el pasado fin de semana la IV edici\u00f3n del Certamen de Interpretaci\u00f3n de M\u00fasica Festera, un evento impulsado por la Asociaci\u00f3n de San Jorge que ya est\u00e1 plenamente consolidado en la ciudad\" \/>\n<meta name=\"robots\" content=\"index, follow, max-snippet:-1, max-image-preview:large, max-video-preview:-1\" \/>\n<link rel=\"canonical\" href=\"https:\/\/www.copealcoy.es\/es\/la-unio-musical-de-la-nucia-gana-el-certamen-de-musica-festera-de-alcoy\/\" \/>\n<meta property=\"og:locale\" content=\"es_ES\" \/>\n<meta property=\"og:type\" content=\"article\" \/>\n<meta property=\"og:title\" content=\"La Uni\u00f3 Musical de La Nuc\u00eda gana el Certamen de M\u00fasica Festera de Alcoy - COPE Alcoy\" \/>\n<meta property=\"og:description\" content=\"Alcoy acogi\u00f3 el pasado fin de semana la IV edici\u00f3n del Certamen de Interpretaci\u00f3n de M\u00fasica Festera, un evento impulsado por la Asociaci\u00f3n de San Jorge que ya est\u00e1 plenamente consolidado en la ciudad\" \/>\n<meta property=\"og:url\" content=\"https:\/\/www.copealcoy.es\/es\/la-unio-musical-de-la-nucia-gana-el-certamen-de-musica-festera-de-alcoy\/\" \/>\n<meta property=\"og:site_name\" content=\"COPE Alcoy\" \/>\n<meta property=\"article:published_time\" content=\"2024-10-08T08:15:23+00:00\" \/>\n<meta property=\"og:image\" content=\"https:\/\/www.copealcoy.es\/wp-content\/uploads\/2024\/10\/DSC6157.jpg\" \/>\n\t<meta property=\"og:image:width\" content=\"1600\" \/>\n\t<meta property=\"og:image:height\" content=\"1067\" \/>\n\t<meta property=\"og:image:type\" content=\"image\/jpeg\" \/>\n<meta name=\"author\" content=\"Cope Alcoy\" \/>\n<meta name=\"twitter:label1\" content=\"Escrito por\" \/>\n\t<meta name=\"twitter:data1\" content=\"Cope Alcoy\" \/>\n\t<meta name=\"twitter:label2\" content=\"Tiempo de lectura\" \/>\n\t<meta name=\"twitter:data2\" content=\"3 minutos\" \/>\n<script type=\"application\/ld+json\" class=\"yoast-schema-graph\">{\"@context\":\"https:\\\/\\\/schema.org\",\"@graph\":[{\"@type\":\"Article\",\"@id\":\"https:\\\/\\\/www.copealcoy.es\\\/es\\\/la-unio-musical-de-la-nucia-gana-el-certamen-de-musica-festera-de-alcoy\\\/#article\",\"isPartOf\":{\"@id\":\"https:\\\/\\\/www.copealcoy.es\\\/es\\\/la-unio-musical-de-la-nucia-gana-el-certamen-de-musica-festera-de-alcoy\\\/\"},\"author\":{\"name\":\"Cope Alcoy\",\"@id\":\"https:\\\/\\\/www.copealcoy.es\\\/es\\\/#\\\/schema\\\/person\\\/e777c87fa024e57d40170af9df39882c\"},\"headline\":\"La Uni\u00f3 Musical de La Nuc\u00eda gana el Certamen de M\u00fasica Festera de Alcoy\",\"datePublished\":\"2024-10-08T08:15:23+00:00\",\"mainEntityOfPage\":{\"@id\":\"https:\\\/\\\/www.copealcoy.es\\\/es\\\/la-unio-musical-de-la-nucia-gana-el-certamen-de-musica-festera-de-alcoy\\\/\"},\"wordCount\":384,\"commentCount\":0,\"image\":{\"@id\":\"https:\\\/\\\/www.copealcoy.es\\\/es\\\/la-unio-musical-de-la-nucia-gana-el-certamen-de-musica-festera-de-alcoy\\\/#primaryimage\"},\"thumbnailUrl\":\"https:\\\/\\\/www.copealcoy.es\\\/wp-content\\\/uploads\\\/2024\\\/10\\\/DSC6157.jpg\",\"keywords\":[\"Alcoy\",\"Certamen\",\"Interpretaci\u00f3n\",\"Mig Any\",\"M\u00fasica Festera\"],\"articleSection\":[\"Actualidad\",\"Alcoy\",\"Fiesta y Cultura\",\"Noticias\"],\"inLanguage\":\"es\"},{\"@type\":\"WebPage\",\"@id\":\"https:\\\/\\\/www.copealcoy.es\\\/es\\\/la-unio-musical-de-la-nucia-gana-el-certamen-de-musica-festera-de-alcoy\\\/\",\"url\":\"https:\\\/\\\/www.copealcoy.es\\\/es\\\/la-unio-musical-de-la-nucia-gana-el-certamen-de-musica-festera-de-alcoy\\\/\",\"name\":\"La Uni\u00f3 Musical de La Nuc\u00eda gana el Certamen de M\u00fasica Festera de Alcoy - COPE Alcoy\",\"isPartOf\":{\"@id\":\"https:\\\/\\\/www.copealcoy.es\\\/es\\\/#website\"},\"primaryImageOfPage\":{\"@id\":\"https:\\\/\\\/www.copealcoy.es\\\/es\\\/la-unio-musical-de-la-nucia-gana-el-certamen-de-musica-festera-de-alcoy\\\/#primaryimage\"},\"image\":{\"@id\":\"https:\\\/\\\/www.copealcoy.es\\\/es\\\/la-unio-musical-de-la-nucia-gana-el-certamen-de-musica-festera-de-alcoy\\\/#primaryimage\"},\"thumbnailUrl\":\"https:\\\/\\\/www.copealcoy.es\\\/wp-content\\\/uploads\\\/2024\\\/10\\\/DSC6157.jpg\",\"datePublished\":\"2024-10-08T08:15:23+00:00\",\"author\":{\"@id\":\"https:\\\/\\\/www.copealcoy.es\\\/es\\\/#\\\/schema\\\/person\\\/e777c87fa024e57d40170af9df39882c\"},\"description\":\"Alcoy acogi\u00f3 el pasado fin de semana la IV edici\u00f3n del Certamen de Interpretaci\u00f3n de M\u00fasica Festera, un evento impulsado por la Asociaci\u00f3n de San Jorge que ya est\u00e1 plenamente consolidado en la ciudad\",\"breadcrumb\":{\"@id\":\"https:\\\/\\\/www.copealcoy.es\\\/es\\\/la-unio-musical-de-la-nucia-gana-el-certamen-de-musica-festera-de-alcoy\\\/#breadcrumb\"},\"inLanguage\":\"es\",\"potentialAction\":[{\"@type\":\"ReadAction\",\"target\":[\"https:\\\/\\\/www.copealcoy.es\\\/es\\\/la-unio-musical-de-la-nucia-gana-el-certamen-de-musica-festera-de-alcoy\\\/\"]}]},{\"@type\":\"ImageObject\",\"inLanguage\":\"es\",\"@id\":\"https:\\\/\\\/www.copealcoy.es\\\/es\\\/la-unio-musical-de-la-nucia-gana-el-certamen-de-musica-festera-de-alcoy\\\/#primaryimage\",\"url\":\"https:\\\/\\\/www.copealcoy.es\\\/wp-content\\\/uploads\\\/2024\\\/10\\\/DSC6157.jpg\",\"contentUrl\":\"https:\\\/\\\/www.copealcoy.es\\\/wp-content\\\/uploads\\\/2024\\\/10\\\/DSC6157.jpg\",\"width\":1600,\"height\":1067},{\"@type\":\"BreadcrumbList\",\"@id\":\"https:\\\/\\\/www.copealcoy.es\\\/es\\\/la-unio-musical-de-la-nucia-gana-el-certamen-de-musica-festera-de-alcoy\\\/#breadcrumb\",\"itemListElement\":[{\"@type\":\"ListItem\",\"position\":1,\"name\":\"Portada\",\"item\":\"https:\\\/\\\/www.copealcoy.es\\\/es\\\/\"},{\"@type\":\"ListItem\",\"position\":2,\"name\":\"La Uni\u00f3 Musical de La Nuc\u00eda gana el Certamen de M\u00fasica Festera de Alcoy\"}]},{\"@type\":\"WebSite\",\"@id\":\"https:\\\/\\\/www.copealcoy.es\\\/es\\\/#website\",\"url\":\"https:\\\/\\\/www.copealcoy.es\\\/es\\\/\",\"name\":\"COPE Alcoy\",\"description\":\"Emisora COPE de radio local con emisi\u00f3n online. Pont de Sant Jordi 8-10 03803 Alcoy\",\"potentialAction\":[{\"@type\":\"SearchAction\",\"target\":{\"@type\":\"EntryPoint\",\"urlTemplate\":\"https:\\\/\\\/www.copealcoy.es\\\/es\\\/?s={search_term_string}\"},\"query-input\":{\"@type\":\"PropertyValueSpecification\",\"valueRequired\":true,\"valueName\":\"search_term_string\"}}],\"inLanguage\":\"es\"},{\"@type\":\"Person\",\"@id\":\"https:\\\/\\\/www.copealcoy.es\\\/es\\\/#\\\/schema\\\/person\\\/e777c87fa024e57d40170af9df39882c\",\"name\":\"Cope Alcoy\",\"image\":{\"@type\":\"ImageObject\",\"inLanguage\":\"es\",\"@id\":\"https:\\\/\\\/secure.gravatar.com\\\/avatar\\\/bb65d0283347e303893ba14f0692005417c1e0e690a325a4c5d8bb2b3943ee14?s=96&d=mm&r=g\",\"url\":\"https:\\\/\\\/secure.gravatar.com\\\/avatar\\\/bb65d0283347e303893ba14f0692005417c1e0e690a325a4c5d8bb2b3943ee14?s=96&d=mm&r=g\",\"contentUrl\":\"https:\\\/\\\/secure.gravatar.com\\\/avatar\\\/bb65d0283347e303893ba14f0692005417c1e0e690a325a4c5d8bb2b3943ee14?s=96&d=mm&r=g\",\"caption\":\"Cope Alcoy\"}}]}<\/script>\n<!-- \/ Yoast SEO plugin. -->","yoast_head_json":{"title":"La Uni\u00f3 Musical de La Nuc\u00eda gana el Certamen de M\u00fasica Festera de Alcoy - COPE Alcoy","description":"Alcoy acogi\u00f3 el pasado fin de semana la IV edici\u00f3n del Certamen de Interpretaci\u00f3n de M\u00fasica Festera, un evento impulsado por la Asociaci\u00f3n de San Jorge que ya est\u00e1 plenamente consolidado en la ciudad","robots":{"index":"index","follow":"follow","max-snippet":"max-snippet:-1","max-image-preview":"max-image-preview:large","max-video-preview":"max-video-preview:-1"},"canonical":"https:\/\/www.copealcoy.es\/es\/la-unio-musical-de-la-nucia-gana-el-certamen-de-musica-festera-de-alcoy\/","og_locale":"es_ES","og_type":"article","og_title":"La Uni\u00f3 Musical de La Nuc\u00eda gana el Certamen de M\u00fasica Festera de Alcoy - COPE Alcoy","og_description":"Alcoy acogi\u00f3 el pasado fin de semana la IV edici\u00f3n del Certamen de Interpretaci\u00f3n de M\u00fasica Festera, un evento impulsado por la Asociaci\u00f3n de San Jorge que ya est\u00e1 plenamente consolidado en la ciudad","og_url":"https:\/\/www.copealcoy.es\/es\/la-unio-musical-de-la-nucia-gana-el-certamen-de-musica-festera-de-alcoy\/","og_site_name":"COPE Alcoy","article_published_time":"2024-10-08T08:15:23+00:00","og_image":[{"width":1600,"height":1067,"url":"https:\/\/www.copealcoy.es\/wp-content\/uploads\/2024\/10\/DSC6157.jpg","type":"image\/jpeg"}],"author":"Cope Alcoy","twitter_misc":{"Escrito por":"Cope Alcoy","Tiempo de lectura":"3 minutos"},"schema":{"@context":"https:\/\/schema.org","@graph":[{"@type":"Article","@id":"https:\/\/www.copealcoy.es\/es\/la-unio-musical-de-la-nucia-gana-el-certamen-de-musica-festera-de-alcoy\/#article","isPartOf":{"@id":"https:\/\/www.copealcoy.es\/es\/la-unio-musical-de-la-nucia-gana-el-certamen-de-musica-festera-de-alcoy\/"},"author":{"name":"Cope Alcoy","@id":"https:\/\/www.copealcoy.es\/es\/#\/schema\/person\/e777c87fa024e57d40170af9df39882c"},"headline":"La Uni\u00f3 Musical de La Nuc\u00eda gana el Certamen de M\u00fasica Festera de Alcoy","datePublished":"2024-10-08T08:15:23+00:00","mainEntityOfPage":{"@id":"https:\/\/www.copealcoy.es\/es\/la-unio-musical-de-la-nucia-gana-el-certamen-de-musica-festera-de-alcoy\/"},"wordCount":384,"commentCount":0,"image":{"@id":"https:\/\/www.copealcoy.es\/es\/la-unio-musical-de-la-nucia-gana-el-certamen-de-musica-festera-de-alcoy\/#primaryimage"},"thumbnailUrl":"https:\/\/www.copealcoy.es\/wp-content\/uploads\/2024\/10\/DSC6157.jpg","keywords":["Alcoy","Certamen","Interpretaci\u00f3n","Mig Any","M\u00fasica Festera"],"articleSection":["Actualidad","Alcoy","Fiesta y Cultura","Noticias"],"inLanguage":"es"},{"@type":"WebPage","@id":"https:\/\/www.copealcoy.es\/es\/la-unio-musical-de-la-nucia-gana-el-certamen-de-musica-festera-de-alcoy\/","url":"https:\/\/www.copealcoy.es\/es\/la-unio-musical-de-la-nucia-gana-el-certamen-de-musica-festera-de-alcoy\/","name":"La Uni\u00f3 Musical de La Nuc\u00eda gana el Certamen de M\u00fasica Festera de Alcoy - COPE Alcoy","isPartOf":{"@id":"https:\/\/www.copealcoy.es\/es\/#website"},"primaryImageOfPage":{"@id":"https:\/\/www.copealcoy.es\/es\/la-unio-musical-de-la-nucia-gana-el-certamen-de-musica-festera-de-alcoy\/#primaryimage"},"image":{"@id":"https:\/\/www.copealcoy.es\/es\/la-unio-musical-de-la-nucia-gana-el-certamen-de-musica-festera-de-alcoy\/#primaryimage"},"thumbnailUrl":"https:\/\/www.copealcoy.es\/wp-content\/uploads\/2024\/10\/DSC6157.jpg","datePublished":"2024-10-08T08:15:23+00:00","author":{"@id":"https:\/\/www.copealcoy.es\/es\/#\/schema\/person\/e777c87fa024e57d40170af9df39882c"},"description":"Alcoy acogi\u00f3 el pasado fin de semana la IV edici\u00f3n del Certamen de Interpretaci\u00f3n de M\u00fasica Festera, un evento impulsado por la Asociaci\u00f3n de San Jorge que ya est\u00e1 plenamente consolidado en la ciudad","breadcrumb":{"@id":"https:\/\/www.copealcoy.es\/es\/la-unio-musical-de-la-nucia-gana-el-certamen-de-musica-festera-de-alcoy\/#breadcrumb"},"inLanguage":"es","potentialAction":[{"@type":"ReadAction","target":["https:\/\/www.copealcoy.es\/es\/la-unio-musical-de-la-nucia-gana-el-certamen-de-musica-festera-de-alcoy\/"]}]},{"@type":"ImageObject","inLanguage":"es","@id":"https:\/\/www.copealcoy.es\/es\/la-unio-musical-de-la-nucia-gana-el-certamen-de-musica-festera-de-alcoy\/#primaryimage","url":"https:\/\/www.copealcoy.es\/wp-content\/uploads\/2024\/10\/DSC6157.jpg","contentUrl":"https:\/\/www.copealcoy.es\/wp-content\/uploads\/2024\/10\/DSC6157.jpg","width":1600,"height":1067},{"@type":"BreadcrumbList","@id":"https:\/\/www.copealcoy.es\/es\/la-unio-musical-de-la-nucia-gana-el-certamen-de-musica-festera-de-alcoy\/#breadcrumb","itemListElement":[{"@type":"ListItem","position":1,"name":"Portada","item":"https:\/\/www.copealcoy.es\/es\/"},{"@type":"ListItem","position":2,"name":"La Uni\u00f3 Musical de La Nuc\u00eda gana el Certamen de M\u00fasica Festera de Alcoy"}]},{"@type":"WebSite","@id":"https:\/\/www.copealcoy.es\/es\/#website","url":"https:\/\/www.copealcoy.es\/es\/","name":"COPE Alcoy","description":"Emisora COPE de radio local con emisi\u00f3n online. Pont de Sant Jordi 8-10 03803 Alcoy","potentialAction":[{"@type":"SearchAction","target":{"@type":"EntryPoint","urlTemplate":"https:\/\/www.copealcoy.es\/es\/?s={search_term_string}"},"query-input":{"@type":"PropertyValueSpecification","valueRequired":true,"valueName":"search_term_string"}}],"inLanguage":"es"},{"@type":"Person","@id":"https:\/\/www.copealcoy.es\/es\/#\/schema\/person\/e777c87fa024e57d40170af9df39882c","name":"Cope Alcoy","image":{"@type":"ImageObject","inLanguage":"es","@id":"https:\/\/secure.gravatar.com\/avatar\/bb65d0283347e303893ba14f0692005417c1e0e690a325a4c5d8bb2b3943ee14?s=96&d=mm&r=g","url":"https:\/\/secure.gravatar.com\/avatar\/bb65d0283347e303893ba14f0692005417c1e0e690a325a4c5d8bb2b3943ee14?s=96&d=mm&r=g","contentUrl":"https:\/\/secure.gravatar.com\/avatar\/bb65d0283347e303893ba14f0692005417c1e0e690a325a4c5d8bb2b3943ee14?s=96&d=mm&r=g","caption":"Cope Alcoy"}}]}},"_links":{"self":[{"href":"https:\/\/www.copealcoy.es\/es\/wp-json\/wp\/v2\/posts\/141305","targetHints":{"allow":["GET"]}}],"collection":[{"href":"https:\/\/www.copealcoy.es\/es\/wp-json\/wp\/v2\/posts"}],"about":[{"href":"https:\/\/www.copealcoy.es\/es\/wp-json\/wp\/v2\/types\/post"}],"author":[{"embeddable":true,"href":"https:\/\/www.copealcoy.es\/es\/wp-json\/wp\/v2\/users\/1"}],"replies":[{"embeddable":true,"href":"https:\/\/www.copealcoy.es\/es\/wp-json\/wp\/v2\/comments?post=141305"}],"version-history":[{"count":0,"href":"https:\/\/www.copealcoy.es\/es\/wp-json\/wp\/v2\/posts\/141305\/revisions"}],"wp:featuredmedia":[{"embeddable":true,"href":"https:\/\/www.copealcoy.es\/es\/wp-json\/wp\/v2\/media\/141306"}],"wp:attachment":[{"href":"https:\/\/www.copealcoy.es\/es\/wp-json\/wp\/v2\/media?parent=141305"}],"wp:term":[{"taxonomy":"category","embeddable":true,"href":"https:\/\/www.copealcoy.es\/es\/wp-json\/wp\/v2\/categories?post=141305"},{"taxonomy":"post_tag","embeddable":true,"href":"https:\/\/www.copealcoy.es\/es\/wp-json\/wp\/v2\/tags?post=141305"}],"curies":[{"name":"wp","href":"https:\/\/api.w.org\/{rel}","templated":true}]}}