{"id":141203,"date":"2024-10-05T12:57:00","date_gmt":"2024-10-05T11:57:00","guid":{"rendered":"https:\/\/www.copealcoy.es\/?p=141203"},"modified":"2024-10-05T13:02:07","modified_gmt":"2024-10-05T12:02:07","slug":"homenaje-a-san-francisco-de-asis-en-el-convento-de-cocentaina","status":"publish","type":"post","link":"https:\/\/www.copealcoy.es\/es\/homenaje-a-san-francisco-de-asis-en-el-convento-de-cocentaina\/","title":{"rendered":"Homenaje a San Francisco de As\u00eds en el Convento de Cocentaina"},"content":{"rendered":"<p style=\"text-align: justify;\">El <a href=\"https:\/\/www.facebook.com\/profile.php?id=61551754323888\" target=\"_blank\" rel=\"noopener\"><span style=\"color: #0000ff;\"><strong>Convento de Cocentaina<\/strong> <\/span><\/a>celebr\u00f3 ayer el <strong>d\u00eda grande de las fiestas en honor a San Francisco de As\u00eds<\/strong>, el fundador de la orden franciscana. Un <strong>buen n\u00famero de vecinos del municipio<\/strong> participaron en los diferentes actos organizados poniendo as\u00ed fin a <strong>una semana de homenaje al santo<\/strong> en la que tambi\u00e9n tuvo lugar el <strong>Quinario<\/strong>, con sus correspondientes cultos religiosos cada tarde, como preparaci\u00f3n a la jornada del 4 de octubre.<\/p>\n<p style=\"text-align: justify;\">El jueves por la tarde, y con la solemnidad correspondiente, se represent\u00f3<strong> el tr\u00e1nsito<\/strong>\u00a0 en la iglesia conventual recordando por medio de varias lecturas y escenificaciones las \u00faltimas horas de vida de San Francisco de As\u00eds antes de su fallecimiento el 3 de octubre de 1226. Ya el viernes por la tarde, a partir de las siete, se celebr\u00f3 con gran participaci\u00f3n <strong>la misa solemne<\/strong> estando oficiada la misa por <strong>Don Jos\u00e9 Vilaplana<\/strong>, Obispo Em\u00e9rito de Huelva y natural de Benimarfull. Este estuvo acompa\u00f1ado por el resto de frailes de la comunidad contestana, los p\u00e1rrocos de Santa Mar\u00eda y El Salvador (Don Eduardo Rengel y Don Javier Sanchiz), el p\u00e1rroco de Muro (Don Diego Ferr\u00e1ndiz) y sacerdotes contestanos como Don Rafael Valls. Al concluir la eucarist\u00eda comenz\u00f3 <strong>la procesi\u00f3n<\/strong> por el recinto del Convento y la salida de San Francisco de As\u00eds fue recibida por los bailes populares que ofreci\u00f3 el Grup de Danses El Convent, una actuaci\u00f3n que se repiti\u00f3 a la llegada del patr\u00f3n de los franciscanos a la iglesia. Las campanas y el disparo de una traca acompa\u00f1aron la entrada de San Francisco al templo y ya en el interior se dio a besar la reliquia tanto a fieles como a devotos.<\/p>\n<p style=\"text-align: justify;\">Cabe destacar que la fiesta este a\u00f1o ha estado enmarcada dentro de <strong>los 800 a\u00f1os de la impresi\u00f3n de las llagas a San Francisco<\/strong>. Este hecho se record\u00f3 el pasado 17 de septiembre en la misma iglesia del Convento con <strong>una vigilia de oraci\u00f3n extraordinaria<\/strong> presidida por el <strong>Crist dels Llauradors<\/strong>, talla m\u00e1s antigua de la Semana Santa Contestana que por primera vez en la historia visit\u00f3 el Convento para ser colocada ante la imagen de San Francisco de As\u00eds rememorando el hecho de los estigmas del santo.<\/p>\n<p><a href=\"https:\/\/www.copealcoy.es\/wp-content\/uploads\/2024\/10\/unnamed-2-1.jpg\"><img loading=\"lazy\" decoding=\"async\" class=\"wp-image-141207 aligncenter\" src=\"https:\/\/www.copealcoy.es\/wp-content\/uploads\/2024\/10\/unnamed-2-1.jpg\" alt=\"\" width=\"543\" height=\"592\" \/><\/a><\/p>\n","protected":false},"excerpt":{"rendered":"<p>El Convento de Cocentaina celebr\u00f3 ayer el d\u00eda grande de las fiestas en honor a San Francisco de As\u00eds, el&#8230;<\/p>\n","protected":false},"author":1,"featured_media":141204,"comment_status":"open","ping_status":"open","sticky":false,"template":"","format":"standard","meta":{"footnotes":""},"categories":[6909,98,75],"tags":[132,1471,6997,11827,1831],"class_list":["post-141203","post","type-post","status-publish","format-standard","has-post-thumbnail","hentry","category-actualidad","category-comarcas","category-noticias","tag-cocentaina","tag-convento","tag-festividad","tag-padres-franciscanos","tag-san-francisco-de-asis"],"yoast_head":"<!-- This site is optimized with the Yoast SEO plugin v27.3 - https:\/\/yoast.com\/product\/yoast-seo-wordpress\/ -->\n<title>Homenaje a San Francisco de As\u00eds en el Convento de Cocentaina - COPE Alcoy<\/title>\n<meta name=\"description\" content=\"El Convento de Cocentaina celebr\u00f3 ayer el d\u00eda grande de las fiestas en honor a San Francisco de As\u00eds, el fundador de la orden franciscana\" \/>\n<meta name=\"robots\" content=\"index, follow, max-snippet:-1, max-image-preview:large, max-video-preview:-1\" \/>\n<link rel=\"canonical\" href=\"https:\/\/www.copealcoy.es\/es\/homenaje-a-san-francisco-de-asis-en-el-convento-de-cocentaina\/\" \/>\n<meta property=\"og:locale\" content=\"es_ES\" \/>\n<meta property=\"og:type\" content=\"article\" \/>\n<meta property=\"og:title\" content=\"Homenaje a San Francisco de As\u00eds en el Convento de Cocentaina - COPE Alcoy\" \/>\n<meta property=\"og:description\" content=\"El Convento de Cocentaina celebr\u00f3 ayer el d\u00eda grande de las fiestas en honor a San Francisco de As\u00eds, el fundador de la orden franciscana\" \/>\n<meta property=\"og:url\" content=\"https:\/\/www.copealcoy.es\/es\/homenaje-a-san-francisco-de-asis-en-el-convento-de-cocentaina\/\" \/>\n<meta property=\"og:site_name\" content=\"COPE Alcoy\" \/>\n<meta property=\"article:published_time\" content=\"2024-10-05T11:57:00+00:00\" \/>\n<meta property=\"article:modified_time\" content=\"2024-10-05T12:02:07+00:00\" \/>\n<meta property=\"og:image\" content=\"https:\/\/www.copealcoy.es\/wp-content\/uploads\/2024\/10\/unnamed-1-4-scaled.jpg\" \/>\n\t<meta property=\"og:image:width\" content=\"1798\" \/>\n\t<meta property=\"og:image:height\" content=\"1080\" \/>\n\t<meta property=\"og:image:type\" content=\"image\/jpeg\" \/>\n<meta name=\"author\" content=\"Cope Alcoy\" \/>\n<meta name=\"twitter:label1\" content=\"Escrito por\" \/>\n\t<meta name=\"twitter:data1\" content=\"Cope Alcoy\" \/>\n\t<meta name=\"twitter:label2\" content=\"Tiempo de lectura\" \/>\n\t<meta name=\"twitter:data2\" content=\"3 minutos\" \/>\n<script type=\"application\/ld+json\" class=\"yoast-schema-graph\">{\"@context\":\"https:\\\/\\\/schema.org\",\"@graph\":[{\"@type\":\"Article\",\"@id\":\"https:\\\/\\\/www.copealcoy.es\\\/es\\\/homenaje-a-san-francisco-de-asis-en-el-convento-de-cocentaina\\\/#article\",\"isPartOf\":{\"@id\":\"https:\\\/\\\/www.copealcoy.es\\\/es\\\/homenaje-a-san-francisco-de-asis-en-el-convento-de-cocentaina\\\/\"},\"author\":{\"name\":\"Cope Alcoy\",\"@id\":\"https:\\\/\\\/www.copealcoy.es\\\/es\\\/#\\\/schema\\\/person\\\/e777c87fa024e57d40170af9df39882c\"},\"headline\":\"Homenaje a San Francisco de As\u00eds en el Convento de Cocentaina\",\"datePublished\":\"2024-10-05T11:57:00+00:00\",\"dateModified\":\"2024-10-05T12:02:07+00:00\",\"mainEntityOfPage\":{\"@id\":\"https:\\\/\\\/www.copealcoy.es\\\/es\\\/homenaje-a-san-francisco-de-asis-en-el-convento-de-cocentaina\\\/\"},\"wordCount\":398,\"commentCount\":0,\"image\":{\"@id\":\"https:\\\/\\\/www.copealcoy.es\\\/es\\\/homenaje-a-san-francisco-de-asis-en-el-convento-de-cocentaina\\\/#primaryimage\"},\"thumbnailUrl\":\"https:\\\/\\\/www.copealcoy.es\\\/wp-content\\\/uploads\\\/2024\\\/10\\\/unnamed-1-4-scaled.jpg\",\"keywords\":[\"Cocentaina\",\"Convento\",\"festividad\",\"Padres Franciscanos\",\"San Francisco de As\u00eds\"],\"articleSection\":[\"Actualidad\",\"Comarcas\",\"Noticias\"],\"inLanguage\":\"es\"},{\"@type\":\"WebPage\",\"@id\":\"https:\\\/\\\/www.copealcoy.es\\\/es\\\/homenaje-a-san-francisco-de-asis-en-el-convento-de-cocentaina\\\/\",\"url\":\"https:\\\/\\\/www.copealcoy.es\\\/es\\\/homenaje-a-san-francisco-de-asis-en-el-convento-de-cocentaina\\\/\",\"name\":\"Homenaje a San Francisco de As\u00eds en el Convento de Cocentaina - COPE Alcoy\",\"isPartOf\":{\"@id\":\"https:\\\/\\\/www.copealcoy.es\\\/es\\\/#website\"},\"primaryImageOfPage\":{\"@id\":\"https:\\\/\\\/www.copealcoy.es\\\/es\\\/homenaje-a-san-francisco-de-asis-en-el-convento-de-cocentaina\\\/#primaryimage\"},\"image\":{\"@id\":\"https:\\\/\\\/www.copealcoy.es\\\/es\\\/homenaje-a-san-francisco-de-asis-en-el-convento-de-cocentaina\\\/#primaryimage\"},\"thumbnailUrl\":\"https:\\\/\\\/www.copealcoy.es\\\/wp-content\\\/uploads\\\/2024\\\/10\\\/unnamed-1-4-scaled.jpg\",\"datePublished\":\"2024-10-05T11:57:00+00:00\",\"dateModified\":\"2024-10-05T12:02:07+00:00\",\"author\":{\"@id\":\"https:\\\/\\\/www.copealcoy.es\\\/es\\\/#\\\/schema\\\/person\\\/e777c87fa024e57d40170af9df39882c\"},\"description\":\"El Convento de Cocentaina celebr\u00f3 ayer el d\u00eda grande de las fiestas en honor a San Francisco de As\u00eds, el fundador de la orden franciscana\",\"breadcrumb\":{\"@id\":\"https:\\\/\\\/www.copealcoy.es\\\/es\\\/homenaje-a-san-francisco-de-asis-en-el-convento-de-cocentaina\\\/#breadcrumb\"},\"inLanguage\":\"es\",\"potentialAction\":[{\"@type\":\"ReadAction\",\"target\":[\"https:\\\/\\\/www.copealcoy.es\\\/es\\\/homenaje-a-san-francisco-de-asis-en-el-convento-de-cocentaina\\\/\"]}]},{\"@type\":\"ImageObject\",\"inLanguage\":\"es\",\"@id\":\"https:\\\/\\\/www.copealcoy.es\\\/es\\\/homenaje-a-san-francisco-de-asis-en-el-convento-de-cocentaina\\\/#primaryimage\",\"url\":\"https:\\\/\\\/www.copealcoy.es\\\/wp-content\\\/uploads\\\/2024\\\/10\\\/unnamed-1-4-scaled.jpg\",\"contentUrl\":\"https:\\\/\\\/www.copealcoy.es\\\/wp-content\\\/uploads\\\/2024\\\/10\\\/unnamed-1-4-scaled.jpg\",\"width\":1798,\"height\":1080},{\"@type\":\"BreadcrumbList\",\"@id\":\"https:\\\/\\\/www.copealcoy.es\\\/es\\\/homenaje-a-san-francisco-de-asis-en-el-convento-de-cocentaina\\\/#breadcrumb\",\"itemListElement\":[{\"@type\":\"ListItem\",\"position\":1,\"name\":\"Portada\",\"item\":\"https:\\\/\\\/www.copealcoy.es\\\/es\\\/\"},{\"@type\":\"ListItem\",\"position\":2,\"name\":\"Homenaje a San Francisco de As\u00eds en el Convento de Cocentaina\"}]},{\"@type\":\"WebSite\",\"@id\":\"https:\\\/\\\/www.copealcoy.es\\\/es\\\/#website\",\"url\":\"https:\\\/\\\/www.copealcoy.es\\\/es\\\/\",\"name\":\"COPE Alcoy\",\"description\":\"Emisora COPE de radio local con emisi\u00f3n online. Pont de Sant Jordi 8-10 03803 Alcoy\",\"potentialAction\":[{\"@type\":\"SearchAction\",\"target\":{\"@type\":\"EntryPoint\",\"urlTemplate\":\"https:\\\/\\\/www.copealcoy.es\\\/es\\\/?s={search_term_string}\"},\"query-input\":{\"@type\":\"PropertyValueSpecification\",\"valueRequired\":true,\"valueName\":\"search_term_string\"}}],\"inLanguage\":\"es\"},{\"@type\":\"Person\",\"@id\":\"https:\\\/\\\/www.copealcoy.es\\\/es\\\/#\\\/schema\\\/person\\\/e777c87fa024e57d40170af9df39882c\",\"name\":\"Cope Alcoy\",\"image\":{\"@type\":\"ImageObject\",\"inLanguage\":\"es\",\"@id\":\"https:\\\/\\\/secure.gravatar.com\\\/avatar\\\/bb65d0283347e303893ba14f0692005417c1e0e690a325a4c5d8bb2b3943ee14?s=96&d=mm&r=g\",\"url\":\"https:\\\/\\\/secure.gravatar.com\\\/avatar\\\/bb65d0283347e303893ba14f0692005417c1e0e690a325a4c5d8bb2b3943ee14?s=96&d=mm&r=g\",\"contentUrl\":\"https:\\\/\\\/secure.gravatar.com\\\/avatar\\\/bb65d0283347e303893ba14f0692005417c1e0e690a325a4c5d8bb2b3943ee14?s=96&d=mm&r=g\",\"caption\":\"Cope Alcoy\"}}]}<\/script>\n<!-- \/ Yoast SEO plugin. -->","yoast_head_json":{"title":"Homenaje a San Francisco de As\u00eds en el Convento de Cocentaina - COPE Alcoy","description":"El Convento de Cocentaina celebr\u00f3 ayer el d\u00eda grande de las fiestas en honor a San Francisco de As\u00eds, el fundador de la orden franciscana","robots":{"index":"index","follow":"follow","max-snippet":"max-snippet:-1","max-image-preview":"max-image-preview:large","max-video-preview":"max-video-preview:-1"},"canonical":"https:\/\/www.copealcoy.es\/es\/homenaje-a-san-francisco-de-asis-en-el-convento-de-cocentaina\/","og_locale":"es_ES","og_type":"article","og_title":"Homenaje a San Francisco de As\u00eds en el Convento de Cocentaina - COPE Alcoy","og_description":"El Convento de Cocentaina celebr\u00f3 ayer el d\u00eda grande de las fiestas en honor a San Francisco de As\u00eds, el fundador de la orden franciscana","og_url":"https:\/\/www.copealcoy.es\/es\/homenaje-a-san-francisco-de-asis-en-el-convento-de-cocentaina\/","og_site_name":"COPE Alcoy","article_published_time":"2024-10-05T11:57:00+00:00","article_modified_time":"2024-10-05T12:02:07+00:00","og_image":[{"width":1798,"height":1080,"url":"https:\/\/www.copealcoy.es\/wp-content\/uploads\/2024\/10\/unnamed-1-4-scaled.jpg","type":"image\/jpeg"}],"author":"Cope Alcoy","twitter_misc":{"Escrito por":"Cope Alcoy","Tiempo de lectura":"3 minutos"},"schema":{"@context":"https:\/\/schema.org","@graph":[{"@type":"Article","@id":"https:\/\/www.copealcoy.es\/es\/homenaje-a-san-francisco-de-asis-en-el-convento-de-cocentaina\/#article","isPartOf":{"@id":"https:\/\/www.copealcoy.es\/es\/homenaje-a-san-francisco-de-asis-en-el-convento-de-cocentaina\/"},"author":{"name":"Cope Alcoy","@id":"https:\/\/www.copealcoy.es\/es\/#\/schema\/person\/e777c87fa024e57d40170af9df39882c"},"headline":"Homenaje a San Francisco de As\u00eds en el Convento de Cocentaina","datePublished":"2024-10-05T11:57:00+00:00","dateModified":"2024-10-05T12:02:07+00:00","mainEntityOfPage":{"@id":"https:\/\/www.copealcoy.es\/es\/homenaje-a-san-francisco-de-asis-en-el-convento-de-cocentaina\/"},"wordCount":398,"commentCount":0,"image":{"@id":"https:\/\/www.copealcoy.es\/es\/homenaje-a-san-francisco-de-asis-en-el-convento-de-cocentaina\/#primaryimage"},"thumbnailUrl":"https:\/\/www.copealcoy.es\/wp-content\/uploads\/2024\/10\/unnamed-1-4-scaled.jpg","keywords":["Cocentaina","Convento","festividad","Padres Franciscanos","San Francisco de As\u00eds"],"articleSection":["Actualidad","Comarcas","Noticias"],"inLanguage":"es"},{"@type":"WebPage","@id":"https:\/\/www.copealcoy.es\/es\/homenaje-a-san-francisco-de-asis-en-el-convento-de-cocentaina\/","url":"https:\/\/www.copealcoy.es\/es\/homenaje-a-san-francisco-de-asis-en-el-convento-de-cocentaina\/","name":"Homenaje a San Francisco de As\u00eds en el Convento de Cocentaina - COPE Alcoy","isPartOf":{"@id":"https:\/\/www.copealcoy.es\/es\/#website"},"primaryImageOfPage":{"@id":"https:\/\/www.copealcoy.es\/es\/homenaje-a-san-francisco-de-asis-en-el-convento-de-cocentaina\/#primaryimage"},"image":{"@id":"https:\/\/www.copealcoy.es\/es\/homenaje-a-san-francisco-de-asis-en-el-convento-de-cocentaina\/#primaryimage"},"thumbnailUrl":"https:\/\/www.copealcoy.es\/wp-content\/uploads\/2024\/10\/unnamed-1-4-scaled.jpg","datePublished":"2024-10-05T11:57:00+00:00","dateModified":"2024-10-05T12:02:07+00:00","author":{"@id":"https:\/\/www.copealcoy.es\/es\/#\/schema\/person\/e777c87fa024e57d40170af9df39882c"},"description":"El Convento de Cocentaina celebr\u00f3 ayer el d\u00eda grande de las fiestas en honor a San Francisco de As\u00eds, el fundador de la orden franciscana","breadcrumb":{"@id":"https:\/\/www.copealcoy.es\/es\/homenaje-a-san-francisco-de-asis-en-el-convento-de-cocentaina\/#breadcrumb"},"inLanguage":"es","potentialAction":[{"@type":"ReadAction","target":["https:\/\/www.copealcoy.es\/es\/homenaje-a-san-francisco-de-asis-en-el-convento-de-cocentaina\/"]}]},{"@type":"ImageObject","inLanguage":"es","@id":"https:\/\/www.copealcoy.es\/es\/homenaje-a-san-francisco-de-asis-en-el-convento-de-cocentaina\/#primaryimage","url":"https:\/\/www.copealcoy.es\/wp-content\/uploads\/2024\/10\/unnamed-1-4-scaled.jpg","contentUrl":"https:\/\/www.copealcoy.es\/wp-content\/uploads\/2024\/10\/unnamed-1-4-scaled.jpg","width":1798,"height":1080},{"@type":"BreadcrumbList","@id":"https:\/\/www.copealcoy.es\/es\/homenaje-a-san-francisco-de-asis-en-el-convento-de-cocentaina\/#breadcrumb","itemListElement":[{"@type":"ListItem","position":1,"name":"Portada","item":"https:\/\/www.copealcoy.es\/es\/"},{"@type":"ListItem","position":2,"name":"Homenaje a San Francisco de As\u00eds en el Convento de Cocentaina"}]},{"@type":"WebSite","@id":"https:\/\/www.copealcoy.es\/es\/#website","url":"https:\/\/www.copealcoy.es\/es\/","name":"COPE Alcoy","description":"Emisora COPE de radio local con emisi\u00f3n online. Pont de Sant Jordi 8-10 03803 Alcoy","potentialAction":[{"@type":"SearchAction","target":{"@type":"EntryPoint","urlTemplate":"https:\/\/www.copealcoy.es\/es\/?s={search_term_string}"},"query-input":{"@type":"PropertyValueSpecification","valueRequired":true,"valueName":"search_term_string"}}],"inLanguage":"es"},{"@type":"Person","@id":"https:\/\/www.copealcoy.es\/es\/#\/schema\/person\/e777c87fa024e57d40170af9df39882c","name":"Cope Alcoy","image":{"@type":"ImageObject","inLanguage":"es","@id":"https:\/\/secure.gravatar.com\/avatar\/bb65d0283347e303893ba14f0692005417c1e0e690a325a4c5d8bb2b3943ee14?s=96&d=mm&r=g","url":"https:\/\/secure.gravatar.com\/avatar\/bb65d0283347e303893ba14f0692005417c1e0e690a325a4c5d8bb2b3943ee14?s=96&d=mm&r=g","contentUrl":"https:\/\/secure.gravatar.com\/avatar\/bb65d0283347e303893ba14f0692005417c1e0e690a325a4c5d8bb2b3943ee14?s=96&d=mm&r=g","caption":"Cope Alcoy"}}]}},"_links":{"self":[{"href":"https:\/\/www.copealcoy.es\/es\/wp-json\/wp\/v2\/posts\/141203","targetHints":{"allow":["GET"]}}],"collection":[{"href":"https:\/\/www.copealcoy.es\/es\/wp-json\/wp\/v2\/posts"}],"about":[{"href":"https:\/\/www.copealcoy.es\/es\/wp-json\/wp\/v2\/types\/post"}],"author":[{"embeddable":true,"href":"https:\/\/www.copealcoy.es\/es\/wp-json\/wp\/v2\/users\/1"}],"replies":[{"embeddable":true,"href":"https:\/\/www.copealcoy.es\/es\/wp-json\/wp\/v2\/comments?post=141203"}],"version-history":[{"count":0,"href":"https:\/\/www.copealcoy.es\/es\/wp-json\/wp\/v2\/posts\/141203\/revisions"}],"wp:featuredmedia":[{"embeddable":true,"href":"https:\/\/www.copealcoy.es\/es\/wp-json\/wp\/v2\/media\/141204"}],"wp:attachment":[{"href":"https:\/\/www.copealcoy.es\/es\/wp-json\/wp\/v2\/media?parent=141203"}],"wp:term":[{"taxonomy":"category","embeddable":true,"href":"https:\/\/www.copealcoy.es\/es\/wp-json\/wp\/v2\/categories?post=141203"},{"taxonomy":"post_tag","embeddable":true,"href":"https:\/\/www.copealcoy.es\/es\/wp-json\/wp\/v2\/tags?post=141203"}],"curies":[{"name":"wp","href":"https:\/\/api.w.org\/{rel}","templated":true}]}}