{"id":141177,"date":"2024-10-04T17:26:30","date_gmt":"2024-10-04T16:26:30","guid":{"rendered":"https:\/\/www.copealcoy.es\/?p=141177"},"modified":"2024-10-04T17:33:06","modified_gmt":"2024-10-04T16:33:06","slug":"juicio-domusvi-alcoy-era-inevitable-el-contagio-masivo","status":"publish","type":"post","link":"https:\/\/www.copealcoy.es\/es\/juicio-domusvi-alcoy-era-inevitable-el-contagio-masivo\/","title":{"rendered":"Juicio DomusVi Alcoy: &#8220;era inevitable el contagio masivo&#8221;"},"content":{"rendered":"<p style=\"text-align: justify;\">En este viernes 4 de octubre ha tenido <strong>lugar la quinta sesi\u00f3n<\/strong> del <a href=\"https:\/\/www.copealcoy.es\/es\/comienza-el-juicio-por-la-tragedia-en-domusvi-alcoy-que-algo-asi-no-vuelva-a-ocurrir\/\" target=\"_blank\" rel=\"noopener\"><span style=\"color: #0000ff;\"><strong>juicio<\/strong> <\/span><\/a>por las muertes ocurridas en la residencia geri\u00e1trica DomusVi de Alcoy en la primavera del a\u00f1o 2020. Durante la jornada <strong>han prestado declaraci\u00f3n nuevos peritos de la parte que presenta la demanda<\/strong> y <strong>tambi\u00e9n han intervenido los de la parte demandada<\/strong>.<\/p>\n<p style=\"text-align: justify;\">En el <strong>primero de los casos<\/strong> ha prestado declaraci\u00f3n un profesional sanitario que en su disertaci\u00f3n ha vuelto a insistir que no se &#8220;<em>prestaba una atenci\u00f3n de calidad a los residentes ni tampoco a las personas ingresadas en la residencia que presentaban alg\u00fan tipo de patolog\u00eda<\/em>&#8220;. En este sentido ha destacado que algunos de los problemas que presentaron los mayores, como \u00falceras, se debieron a esa falta de atenci\u00f3n correcta por parte del personal que trabajaba en DomusVi. Seguidamente <strong>ha tomado la palabra un profesional del \u00e1mbito sanitario <\/strong>en representaci\u00f3n de los demandados, que ha desempe\u00f1ado su actividad profesional en el \u00e1mbito de la epidemiolog\u00eda y que interven\u00eda en calidad de perito de la parte demanda, asegurando que las decisiones en materia de medidas preventivas que se adoptaron en la residencia geri\u00e1trica antes del estallido del brote de Coronavirus no fueron negligentes. Ha apuntado a los trabajadores de DomusVi y a los familiares como c<strong>ausa de que que el virus entrara en el centro<\/strong>, antes de que se prohibieran las visitas, y ha revelado que hasta el 13 o el 14 de marzo no se tuvo constancia del primer caso positivo. Tambi\u00e9n ha afirmado que &#8220;<em>era inevitable un contagio masivo<\/em>&#8221; porque hubo retraso a la hora de hacer los primeros tests para detectar contagios en el caso de personas asintom\u00e1ticas, no se controlaron las visitas antes del Estado de Alarma cuando ya se empezaba a hablar el Coronavirus y no hab\u00eda una informaci\u00f3n concreta desde las autoridades sanitarias para diferenciar lo que eran casos de contagios &#8220;<em>el desarrollo de un brote as\u00ed era cuesti\u00f3n de suerte<\/em>&#8220;, manifest\u00f3.<\/p>\n<p>La sesi\u00f3n ha continuado con la declaraci\u00f3n de m\u00e1s peritos de la parte demandada. El juicio <strong>se retoma el pr\u00f3ximo lunes<\/strong> en la recta final antes de las conclusiones.<\/p>\n","protected":false},"excerpt":{"rendered":"<p>En este viernes 4 de octubre ha tenido lugar la quinta sesi\u00f3n del juicio por las muertes ocurridas en la&#8230;<\/p>\n","protected":false},"author":1,"featured_media":140914,"comment_status":"open","ping_status":"open","sticky":false,"template":"","format":"standard","meta":{"footnotes":""},"categories":[6909,97,75,125],"tags":[1494,7401,13731,7307,14302,7325],"class_list":["post-141177","post","type-post","status-publish","format-standard","has-post-thumbnail","hentry","category-actualidad","category-alcoy","category-noticias","category-portada","tag-alcoy","tag-contagios","tag-domusvi","tag-fallecimientos","tag-juicio","tag-residencia"],"yoast_head":"<!-- This site is optimized with the Yoast SEO plugin v27.3 - https:\/\/yoast.com\/product\/yoast-seo-wordpress\/ -->\n<title>Juicio DomusVi Alcoy: &quot;era inevitable el contagio masivo&quot; - COPE Alcoy<\/title>\n<meta name=\"description\" content=\"En este viernes 4 de octubre ha tenido lugar la quinta sesi\u00f3n del juicio por las muertes ocurridas en la residencia geri\u00e1trica DomusVi de Alcoy\" \/>\n<meta name=\"robots\" content=\"index, follow, max-snippet:-1, max-image-preview:large, max-video-preview:-1\" \/>\n<link rel=\"canonical\" href=\"https:\/\/www.copealcoy.es\/es\/juicio-domusvi-alcoy-era-inevitable-el-contagio-masivo\/\" \/>\n<meta property=\"og:locale\" content=\"es_ES\" \/>\n<meta property=\"og:type\" content=\"article\" \/>\n<meta property=\"og:title\" content=\"Juicio DomusVi Alcoy: &quot;era inevitable el contagio masivo&quot; - COPE Alcoy\" \/>\n<meta property=\"og:description\" content=\"En este viernes 4 de octubre ha tenido lugar la quinta sesi\u00f3n del juicio por las muertes ocurridas en la residencia geri\u00e1trica DomusVi de Alcoy\" \/>\n<meta property=\"og:url\" content=\"https:\/\/www.copealcoy.es\/es\/juicio-domusvi-alcoy-era-inevitable-el-contagio-masivo\/\" \/>\n<meta property=\"og:site_name\" content=\"COPE Alcoy\" \/>\n<meta property=\"article:published_time\" content=\"2024-10-04T16:26:30+00:00\" \/>\n<meta property=\"article:modified_time\" content=\"2024-10-04T16:33:06+00:00\" \/>\n<meta property=\"og:image\" content=\"https:\/\/www.copealcoy.es\/wp-content\/uploads\/2024\/09\/Los-familiares-a-las-puertas-del-juzgado-Foto-Gabriel-Pascual-scaled.jpg\" \/>\n\t<meta property=\"og:image:width\" content=\"1440\" \/>\n\t<meta property=\"og:image:height\" content=\"1080\" \/>\n\t<meta property=\"og:image:type\" content=\"image\/jpeg\" \/>\n<meta name=\"author\" content=\"Cope Alcoy\" \/>\n<meta name=\"twitter:label1\" content=\"Escrito por\" \/>\n\t<meta name=\"twitter:data1\" content=\"Cope Alcoy\" \/>\n\t<meta name=\"twitter:label2\" content=\"Tiempo de lectura\" \/>\n\t<meta name=\"twitter:data2\" content=\"3 minutos\" \/>\n<script type=\"application\/ld+json\" class=\"yoast-schema-graph\">{\"@context\":\"https:\\\/\\\/schema.org\",\"@graph\":[{\"@type\":\"Article\",\"@id\":\"https:\\\/\\\/www.copealcoy.es\\\/es\\\/juicio-domusvi-alcoy-era-inevitable-el-contagio-masivo\\\/#article\",\"isPartOf\":{\"@id\":\"https:\\\/\\\/www.copealcoy.es\\\/es\\\/juicio-domusvi-alcoy-era-inevitable-el-contagio-masivo\\\/\"},\"author\":{\"name\":\"Cope Alcoy\",\"@id\":\"https:\\\/\\\/www.copealcoy.es\\\/es\\\/#\\\/schema\\\/person\\\/e777c87fa024e57d40170af9df39882c\"},\"headline\":\"Juicio DomusVi Alcoy: &#8220;era inevitable el contagio masivo&#8221;\",\"datePublished\":\"2024-10-04T16:26:30+00:00\",\"dateModified\":\"2024-10-04T16:33:06+00:00\",\"mainEntityOfPage\":{\"@id\":\"https:\\\/\\\/www.copealcoy.es\\\/es\\\/juicio-domusvi-alcoy-era-inevitable-el-contagio-masivo\\\/\"},\"wordCount\":380,\"commentCount\":0,\"image\":{\"@id\":\"https:\\\/\\\/www.copealcoy.es\\\/es\\\/juicio-domusvi-alcoy-era-inevitable-el-contagio-masivo\\\/#primaryimage\"},\"thumbnailUrl\":\"https:\\\/\\\/www.copealcoy.es\\\/wp-content\\\/uploads\\\/2024\\\/09\\\/Los-familiares-a-las-puertas-del-juzgado-Foto-Gabriel-Pascual-scaled.jpg\",\"keywords\":[\"Alcoy\",\"contagios\",\"DomusVi\",\"fallecimientos\",\"juicio\",\"residencia\"],\"articleSection\":[\"Actualidad\",\"Alcoy\",\"Noticias\",\"Portada\"],\"inLanguage\":\"es\"},{\"@type\":\"WebPage\",\"@id\":\"https:\\\/\\\/www.copealcoy.es\\\/es\\\/juicio-domusvi-alcoy-era-inevitable-el-contagio-masivo\\\/\",\"url\":\"https:\\\/\\\/www.copealcoy.es\\\/es\\\/juicio-domusvi-alcoy-era-inevitable-el-contagio-masivo\\\/\",\"name\":\"Juicio DomusVi Alcoy: \\\"era inevitable el contagio masivo\\\" - COPE Alcoy\",\"isPartOf\":{\"@id\":\"https:\\\/\\\/www.copealcoy.es\\\/es\\\/#website\"},\"primaryImageOfPage\":{\"@id\":\"https:\\\/\\\/www.copealcoy.es\\\/es\\\/juicio-domusvi-alcoy-era-inevitable-el-contagio-masivo\\\/#primaryimage\"},\"image\":{\"@id\":\"https:\\\/\\\/www.copealcoy.es\\\/es\\\/juicio-domusvi-alcoy-era-inevitable-el-contagio-masivo\\\/#primaryimage\"},\"thumbnailUrl\":\"https:\\\/\\\/www.copealcoy.es\\\/wp-content\\\/uploads\\\/2024\\\/09\\\/Los-familiares-a-las-puertas-del-juzgado-Foto-Gabriel-Pascual-scaled.jpg\",\"datePublished\":\"2024-10-04T16:26:30+00:00\",\"dateModified\":\"2024-10-04T16:33:06+00:00\",\"author\":{\"@id\":\"https:\\\/\\\/www.copealcoy.es\\\/es\\\/#\\\/schema\\\/person\\\/e777c87fa024e57d40170af9df39882c\"},\"description\":\"En este viernes 4 de octubre ha tenido lugar la quinta sesi\u00f3n del juicio por las muertes ocurridas en la residencia geri\u00e1trica DomusVi de Alcoy\",\"breadcrumb\":{\"@id\":\"https:\\\/\\\/www.copealcoy.es\\\/es\\\/juicio-domusvi-alcoy-era-inevitable-el-contagio-masivo\\\/#breadcrumb\"},\"inLanguage\":\"es\",\"potentialAction\":[{\"@type\":\"ReadAction\",\"target\":[\"https:\\\/\\\/www.copealcoy.es\\\/es\\\/juicio-domusvi-alcoy-era-inevitable-el-contagio-masivo\\\/\"]}]},{\"@type\":\"ImageObject\",\"inLanguage\":\"es\",\"@id\":\"https:\\\/\\\/www.copealcoy.es\\\/es\\\/juicio-domusvi-alcoy-era-inevitable-el-contagio-masivo\\\/#primaryimage\",\"url\":\"https:\\\/\\\/www.copealcoy.es\\\/wp-content\\\/uploads\\\/2024\\\/09\\\/Los-familiares-a-las-puertas-del-juzgado-Foto-Gabriel-Pascual-scaled.jpg\",\"contentUrl\":\"https:\\\/\\\/www.copealcoy.es\\\/wp-content\\\/uploads\\\/2024\\\/09\\\/Los-familiares-a-las-puertas-del-juzgado-Foto-Gabriel-Pascual-scaled.jpg\",\"width\":1440,\"height\":1080},{\"@type\":\"BreadcrumbList\",\"@id\":\"https:\\\/\\\/www.copealcoy.es\\\/es\\\/juicio-domusvi-alcoy-era-inevitable-el-contagio-masivo\\\/#breadcrumb\",\"itemListElement\":[{\"@type\":\"ListItem\",\"position\":1,\"name\":\"Portada\",\"item\":\"https:\\\/\\\/www.copealcoy.es\\\/es\\\/\"},{\"@type\":\"ListItem\",\"position\":2,\"name\":\"Juicio DomusVi Alcoy: &#8220;era inevitable el contagio masivo&#8221;\"}]},{\"@type\":\"WebSite\",\"@id\":\"https:\\\/\\\/www.copealcoy.es\\\/es\\\/#website\",\"url\":\"https:\\\/\\\/www.copealcoy.es\\\/es\\\/\",\"name\":\"COPE Alcoy\",\"description\":\"Emisora COPE de radio local con emisi\u00f3n online. Pont de Sant Jordi 8-10 03803 Alcoy\",\"potentialAction\":[{\"@type\":\"SearchAction\",\"target\":{\"@type\":\"EntryPoint\",\"urlTemplate\":\"https:\\\/\\\/www.copealcoy.es\\\/es\\\/?s={search_term_string}\"},\"query-input\":{\"@type\":\"PropertyValueSpecification\",\"valueRequired\":true,\"valueName\":\"search_term_string\"}}],\"inLanguage\":\"es\"},{\"@type\":\"Person\",\"@id\":\"https:\\\/\\\/www.copealcoy.es\\\/es\\\/#\\\/schema\\\/person\\\/e777c87fa024e57d40170af9df39882c\",\"name\":\"Cope Alcoy\",\"image\":{\"@type\":\"ImageObject\",\"inLanguage\":\"es\",\"@id\":\"https:\\\/\\\/secure.gravatar.com\\\/avatar\\\/bb65d0283347e303893ba14f0692005417c1e0e690a325a4c5d8bb2b3943ee14?s=96&d=mm&r=g\",\"url\":\"https:\\\/\\\/secure.gravatar.com\\\/avatar\\\/bb65d0283347e303893ba14f0692005417c1e0e690a325a4c5d8bb2b3943ee14?s=96&d=mm&r=g\",\"contentUrl\":\"https:\\\/\\\/secure.gravatar.com\\\/avatar\\\/bb65d0283347e303893ba14f0692005417c1e0e690a325a4c5d8bb2b3943ee14?s=96&d=mm&r=g\",\"caption\":\"Cope Alcoy\"}}]}<\/script>\n<!-- \/ Yoast SEO plugin. -->","yoast_head_json":{"title":"Juicio DomusVi Alcoy: \"era inevitable el contagio masivo\" - COPE Alcoy","description":"En este viernes 4 de octubre ha tenido lugar la quinta sesi\u00f3n del juicio por las muertes ocurridas en la residencia geri\u00e1trica DomusVi de Alcoy","robots":{"index":"index","follow":"follow","max-snippet":"max-snippet:-1","max-image-preview":"max-image-preview:large","max-video-preview":"max-video-preview:-1"},"canonical":"https:\/\/www.copealcoy.es\/es\/juicio-domusvi-alcoy-era-inevitable-el-contagio-masivo\/","og_locale":"es_ES","og_type":"article","og_title":"Juicio DomusVi Alcoy: \"era inevitable el contagio masivo\" - COPE Alcoy","og_description":"En este viernes 4 de octubre ha tenido lugar la quinta sesi\u00f3n del juicio por las muertes ocurridas en la residencia geri\u00e1trica DomusVi de Alcoy","og_url":"https:\/\/www.copealcoy.es\/es\/juicio-domusvi-alcoy-era-inevitable-el-contagio-masivo\/","og_site_name":"COPE Alcoy","article_published_time":"2024-10-04T16:26:30+00:00","article_modified_time":"2024-10-04T16:33:06+00:00","og_image":[{"width":1440,"height":1080,"url":"https:\/\/www.copealcoy.es\/wp-content\/uploads\/2024\/09\/Los-familiares-a-las-puertas-del-juzgado-Foto-Gabriel-Pascual-scaled.jpg","type":"image\/jpeg"}],"author":"Cope Alcoy","twitter_misc":{"Escrito por":"Cope Alcoy","Tiempo de lectura":"3 minutos"},"schema":{"@context":"https:\/\/schema.org","@graph":[{"@type":"Article","@id":"https:\/\/www.copealcoy.es\/es\/juicio-domusvi-alcoy-era-inevitable-el-contagio-masivo\/#article","isPartOf":{"@id":"https:\/\/www.copealcoy.es\/es\/juicio-domusvi-alcoy-era-inevitable-el-contagio-masivo\/"},"author":{"name":"Cope Alcoy","@id":"https:\/\/www.copealcoy.es\/es\/#\/schema\/person\/e777c87fa024e57d40170af9df39882c"},"headline":"Juicio DomusVi Alcoy: &#8220;era inevitable el contagio masivo&#8221;","datePublished":"2024-10-04T16:26:30+00:00","dateModified":"2024-10-04T16:33:06+00:00","mainEntityOfPage":{"@id":"https:\/\/www.copealcoy.es\/es\/juicio-domusvi-alcoy-era-inevitable-el-contagio-masivo\/"},"wordCount":380,"commentCount":0,"image":{"@id":"https:\/\/www.copealcoy.es\/es\/juicio-domusvi-alcoy-era-inevitable-el-contagio-masivo\/#primaryimage"},"thumbnailUrl":"https:\/\/www.copealcoy.es\/wp-content\/uploads\/2024\/09\/Los-familiares-a-las-puertas-del-juzgado-Foto-Gabriel-Pascual-scaled.jpg","keywords":["Alcoy","contagios","DomusVi","fallecimientos","juicio","residencia"],"articleSection":["Actualidad","Alcoy","Noticias","Portada"],"inLanguage":"es"},{"@type":"WebPage","@id":"https:\/\/www.copealcoy.es\/es\/juicio-domusvi-alcoy-era-inevitable-el-contagio-masivo\/","url":"https:\/\/www.copealcoy.es\/es\/juicio-domusvi-alcoy-era-inevitable-el-contagio-masivo\/","name":"Juicio DomusVi Alcoy: \"era inevitable el contagio masivo\" - COPE Alcoy","isPartOf":{"@id":"https:\/\/www.copealcoy.es\/es\/#website"},"primaryImageOfPage":{"@id":"https:\/\/www.copealcoy.es\/es\/juicio-domusvi-alcoy-era-inevitable-el-contagio-masivo\/#primaryimage"},"image":{"@id":"https:\/\/www.copealcoy.es\/es\/juicio-domusvi-alcoy-era-inevitable-el-contagio-masivo\/#primaryimage"},"thumbnailUrl":"https:\/\/www.copealcoy.es\/wp-content\/uploads\/2024\/09\/Los-familiares-a-las-puertas-del-juzgado-Foto-Gabriel-Pascual-scaled.jpg","datePublished":"2024-10-04T16:26:30+00:00","dateModified":"2024-10-04T16:33:06+00:00","author":{"@id":"https:\/\/www.copealcoy.es\/es\/#\/schema\/person\/e777c87fa024e57d40170af9df39882c"},"description":"En este viernes 4 de octubre ha tenido lugar la quinta sesi\u00f3n del juicio por las muertes ocurridas en la residencia geri\u00e1trica DomusVi de Alcoy","breadcrumb":{"@id":"https:\/\/www.copealcoy.es\/es\/juicio-domusvi-alcoy-era-inevitable-el-contagio-masivo\/#breadcrumb"},"inLanguage":"es","potentialAction":[{"@type":"ReadAction","target":["https:\/\/www.copealcoy.es\/es\/juicio-domusvi-alcoy-era-inevitable-el-contagio-masivo\/"]}]},{"@type":"ImageObject","inLanguage":"es","@id":"https:\/\/www.copealcoy.es\/es\/juicio-domusvi-alcoy-era-inevitable-el-contagio-masivo\/#primaryimage","url":"https:\/\/www.copealcoy.es\/wp-content\/uploads\/2024\/09\/Los-familiares-a-las-puertas-del-juzgado-Foto-Gabriel-Pascual-scaled.jpg","contentUrl":"https:\/\/www.copealcoy.es\/wp-content\/uploads\/2024\/09\/Los-familiares-a-las-puertas-del-juzgado-Foto-Gabriel-Pascual-scaled.jpg","width":1440,"height":1080},{"@type":"BreadcrumbList","@id":"https:\/\/www.copealcoy.es\/es\/juicio-domusvi-alcoy-era-inevitable-el-contagio-masivo\/#breadcrumb","itemListElement":[{"@type":"ListItem","position":1,"name":"Portada","item":"https:\/\/www.copealcoy.es\/es\/"},{"@type":"ListItem","position":2,"name":"Juicio DomusVi Alcoy: &#8220;era inevitable el contagio masivo&#8221;"}]},{"@type":"WebSite","@id":"https:\/\/www.copealcoy.es\/es\/#website","url":"https:\/\/www.copealcoy.es\/es\/","name":"COPE Alcoy","description":"Emisora COPE de radio local con emisi\u00f3n online. Pont de Sant Jordi 8-10 03803 Alcoy","potentialAction":[{"@type":"SearchAction","target":{"@type":"EntryPoint","urlTemplate":"https:\/\/www.copealcoy.es\/es\/?s={search_term_string}"},"query-input":{"@type":"PropertyValueSpecification","valueRequired":true,"valueName":"search_term_string"}}],"inLanguage":"es"},{"@type":"Person","@id":"https:\/\/www.copealcoy.es\/es\/#\/schema\/person\/e777c87fa024e57d40170af9df39882c","name":"Cope Alcoy","image":{"@type":"ImageObject","inLanguage":"es","@id":"https:\/\/secure.gravatar.com\/avatar\/bb65d0283347e303893ba14f0692005417c1e0e690a325a4c5d8bb2b3943ee14?s=96&d=mm&r=g","url":"https:\/\/secure.gravatar.com\/avatar\/bb65d0283347e303893ba14f0692005417c1e0e690a325a4c5d8bb2b3943ee14?s=96&d=mm&r=g","contentUrl":"https:\/\/secure.gravatar.com\/avatar\/bb65d0283347e303893ba14f0692005417c1e0e690a325a4c5d8bb2b3943ee14?s=96&d=mm&r=g","caption":"Cope Alcoy"}}]}},"_links":{"self":[{"href":"https:\/\/www.copealcoy.es\/es\/wp-json\/wp\/v2\/posts\/141177","targetHints":{"allow":["GET"]}}],"collection":[{"href":"https:\/\/www.copealcoy.es\/es\/wp-json\/wp\/v2\/posts"}],"about":[{"href":"https:\/\/www.copealcoy.es\/es\/wp-json\/wp\/v2\/types\/post"}],"author":[{"embeddable":true,"href":"https:\/\/www.copealcoy.es\/es\/wp-json\/wp\/v2\/users\/1"}],"replies":[{"embeddable":true,"href":"https:\/\/www.copealcoy.es\/es\/wp-json\/wp\/v2\/comments?post=141177"}],"version-history":[{"count":0,"href":"https:\/\/www.copealcoy.es\/es\/wp-json\/wp\/v2\/posts\/141177\/revisions"}],"wp:featuredmedia":[{"embeddable":true,"href":"https:\/\/www.copealcoy.es\/es\/wp-json\/wp\/v2\/media\/140914"}],"wp:attachment":[{"href":"https:\/\/www.copealcoy.es\/es\/wp-json\/wp\/v2\/media?parent=141177"}],"wp:term":[{"taxonomy":"category","embeddable":true,"href":"https:\/\/www.copealcoy.es\/es\/wp-json\/wp\/v2\/categories?post=141177"},{"taxonomy":"post_tag","embeddable":true,"href":"https:\/\/www.copealcoy.es\/es\/wp-json\/wp\/v2\/tags?post=141177"}],"curies":[{"name":"wp","href":"https:\/\/api.w.org\/{rel}","templated":true}]}}