{"id":141105,"date":"2024-10-04T08:00:22","date_gmt":"2024-10-04T07:00:22","guid":{"rendered":"https:\/\/www.copealcoy.es\/?p=141105"},"modified":"2024-10-04T07:55:31","modified_gmt":"2024-10-04T06:55:31","slug":"vuelven-a-regular-el-acceso-a-la-font-roja-desde-alcoy-durante-el-otono","status":"publish","type":"post","link":"https:\/\/www.copealcoy.es\/es\/vuelven-a-regular-el-acceso-a-la-font-roja-desde-alcoy-durante-el-otono\/","title":{"rendered":"Vuelven a regular el acceso a la Font Roja desde Alcoy durante el oto\u00f1o"},"content":{"rendered":"<p style=\"text-align: justify;\">El <a href=\"https:\/\/parquesnaturales.gva.es\/es\/web\/pn-font-roja\" target=\"_blank\" rel=\"noopener\"><span style=\"color: #0000ff;\"><strong>Parque Natural de la Font Roja<\/strong> <\/span><\/a>volver\u00e1 a <strong>regular el acceso<\/strong> <strong>hasta el entorno del Santuario<\/strong> durante buena parte de los meses de oto\u00f1o, una iniciativa que se aplica coincidiendo con una \u00e9poca del a\u00f1o en la que la zona <strong>suele registrar una gran afluencia<\/strong> tanto de visitantes como de excursionistas. La medida en s\u00ed <strong>tan solo afectar\u00e1<\/strong> a los fines de semana, y tambi\u00e9n a los d\u00edas festivos comprendidos dentro del periodo fijado para hacer efectiva la regulaci\u00f3n.<\/p>\n<p style=\"text-align: justify;\">En concreto, seg\u00fan la informaci\u00f3n facilitada,<strong> el acceso estar\u00e1 regulado desde el pr\u00f3ximo mi\u00e9rcoles 9 de octubre al 8 de diciembre<\/strong>, limitando la entrada a <strong>turismos<\/strong> a 55 plazas durante el s\u00e1bado o el domingo y tambi\u00e9n los d\u00edas festivos. Por su parte, l<strong>as motocicletas y bicicletas<\/strong> tendr\u00e1n acceso libre, mientras que el horario de regulaci\u00f3n ser\u00e1 de 8 a 14 horas. Para facilitar el acceso, desde el Ayuntamiento de Alcoy se vuelve a poner en marcha <strong>un servicio especial de autob\u00fas<\/strong>\u00a0que refuerza los horarios coincidiendo con el periodo de regulaci\u00f3n del acceso. En concreto ser\u00e1 <strong>la l\u00ednea 5 del bus urbano<\/strong>, la cual tiene un coste para el usuario de 0\u201985 euros y parte desde el aparcamiento del Cementerio Municipal situado junto al Polideportivo Francisco Laporta. El horario de salida ser\u00e1 a las <span dir=\"ltr\" role=\"presentation\">9:10h, 11:40h, 13:10h, y 14:10h, mientras que el de regreso desde la Font Roja estar\u00e1 operativo a las<\/span>\u00a09:35h, 12:05h, 13:35h y 14:35h.<\/p>\n<p style=\"text-align: justify;\">Los clientes que est\u00e9n pasando el fin de semana o el puente\u00a0 en establecimientos rurales del entorno natural <strong>no tendr\u00e1n problema alguno para llegar hasta el alojamiento<\/strong>\u00a0informando previamente de ello para que as\u00ed en la barrera se pueda leer correctamente la matr\u00edcula, proceso que les abrir\u00e1 el paso para poder subir hasta la Font Roja. Por su parte <strong>la carretera<\/strong> estar\u00e1 abierta para bicicletas y motocicletas.<\/p>\n<p><em>Imagen: Las Provincias<\/em><\/p>\n","protected":false},"excerpt":{"rendered":"<p>El Parque Natural de la Font Roja volver\u00e1 a regular el acceso hasta el entorno del Santuario durante buena parte&#8230;<\/p>\n","protected":false},"author":1,"featured_media":141106,"comment_status":"open","ping_status":"open","sticky":false,"template":"","format":"standard","meta":{"footnotes":""},"categories":[6909,97,75],"tags":[211,1494,5314,437,3767,10067],"class_list":["post-141105","post","type-post","status-publish","format-standard","has-post-thumbnail","hentry","category-actualidad","category-alcoy","category-noticias","tag-acceso","tag-alcoy","tag-barrera","tag-font-roja","tag-parque-natural","tag-regulacion"],"yoast_head":"<!-- This site is optimized with the Yoast SEO plugin v27.3 - https:\/\/yoast.com\/product\/yoast-seo-wordpress\/ -->\n<title>Vuelven a regular el acceso a la Font Roja desde Alcoy durante el oto\u00f1o - COPE Alcoy<\/title>\n<meta name=\"description\" content=\"El Parque Natural de la Font Roja volver\u00e1 a regular el acceso hasta el entorno del Santuario durante buena parte de los meses de oto\u00f1o\" \/>\n<meta name=\"robots\" content=\"index, follow, max-snippet:-1, max-image-preview:large, max-video-preview:-1\" \/>\n<link rel=\"canonical\" href=\"https:\/\/www.copealcoy.es\/es\/vuelven-a-regular-el-acceso-a-la-font-roja-desde-alcoy-durante-el-otono\/\" \/>\n<meta property=\"og:locale\" content=\"es_ES\" \/>\n<meta property=\"og:type\" content=\"article\" \/>\n<meta property=\"og:title\" content=\"Vuelven a regular el acceso a la Font Roja desde Alcoy durante el oto\u00f1o - COPE Alcoy\" \/>\n<meta property=\"og:description\" content=\"El Parque Natural de la Font Roja volver\u00e1 a regular el acceso hasta el entorno del Santuario durante buena parte de los meses de oto\u00f1o\" \/>\n<meta property=\"og:url\" content=\"https:\/\/www.copealcoy.es\/es\/vuelven-a-regular-el-acceso-a-la-font-roja-desde-alcoy-durante-el-otono\/\" \/>\n<meta property=\"og:site_name\" content=\"COPE Alcoy\" \/>\n<meta property=\"article:published_time\" content=\"2024-10-04T07:00:22+00:00\" \/>\n<meta property=\"og:image\" content=\"https:\/\/www.copealcoy.es\/wp-content\/uploads\/2024\/10\/WhatsApp-Image-2022-03-21-at-16.46.03-RAojbTl8YM64adqnolaGmzH-1248x770@Las-Provincias.webp\" \/>\n\t<meta property=\"og:image:width\" content=\"1248\" \/>\n\t<meta property=\"og:image:height\" content=\"770\" \/>\n\t<meta property=\"og:image:type\" content=\"image\/webp\" \/>\n<meta name=\"author\" content=\"Cope Alcoy\" \/>\n<meta name=\"twitter:label1\" content=\"Escrito por\" \/>\n\t<meta name=\"twitter:data1\" content=\"Cope Alcoy\" \/>\n\t<meta name=\"twitter:label2\" content=\"Tiempo de lectura\" \/>\n\t<meta name=\"twitter:data2\" content=\"2 minutos\" \/>\n<script type=\"application\/ld+json\" class=\"yoast-schema-graph\">{\"@context\":\"https:\\\/\\\/schema.org\",\"@graph\":[{\"@type\":\"Article\",\"@id\":\"https:\\\/\\\/www.copealcoy.es\\\/es\\\/vuelven-a-regular-el-acceso-a-la-font-roja-desde-alcoy-durante-el-otono\\\/#article\",\"isPartOf\":{\"@id\":\"https:\\\/\\\/www.copealcoy.es\\\/es\\\/vuelven-a-regular-el-acceso-a-la-font-roja-desde-alcoy-durante-el-otono\\\/\"},\"author\":{\"name\":\"Cope Alcoy\",\"@id\":\"https:\\\/\\\/www.copealcoy.es\\\/es\\\/#\\\/schema\\\/person\\\/e777c87fa024e57d40170af9df39882c\"},\"headline\":\"Vuelven a regular el acceso a la Font Roja desde Alcoy durante el oto\u00f1o\",\"datePublished\":\"2024-10-04T07:00:22+00:00\",\"mainEntityOfPage\":{\"@id\":\"https:\\\/\\\/www.copealcoy.es\\\/es\\\/vuelven-a-regular-el-acceso-a-la-font-roja-desde-alcoy-durante-el-otono\\\/\"},\"wordCount\":336,\"commentCount\":0,\"image\":{\"@id\":\"https:\\\/\\\/www.copealcoy.es\\\/es\\\/vuelven-a-regular-el-acceso-a-la-font-roja-desde-alcoy-durante-el-otono\\\/#primaryimage\"},\"thumbnailUrl\":\"https:\\\/\\\/www.copealcoy.es\\\/wp-content\\\/uploads\\\/2024\\\/10\\\/WhatsApp-Image-2022-03-21-at-16.46.03-RAojbTl8YM64adqnolaGmzH-1248x770@Las-Provincias.webp\",\"keywords\":[\"acceso\",\"Alcoy\",\"Barrera\",\"Font Roja\",\"Parque Natural\",\"regulaci\u00f3n\"],\"articleSection\":[\"Actualidad\",\"Alcoy\",\"Noticias\"],\"inLanguage\":\"es\"},{\"@type\":\"WebPage\",\"@id\":\"https:\\\/\\\/www.copealcoy.es\\\/es\\\/vuelven-a-regular-el-acceso-a-la-font-roja-desde-alcoy-durante-el-otono\\\/\",\"url\":\"https:\\\/\\\/www.copealcoy.es\\\/es\\\/vuelven-a-regular-el-acceso-a-la-font-roja-desde-alcoy-durante-el-otono\\\/\",\"name\":\"Vuelven a regular el acceso a la Font Roja desde Alcoy durante el oto\u00f1o - COPE Alcoy\",\"isPartOf\":{\"@id\":\"https:\\\/\\\/www.copealcoy.es\\\/es\\\/#website\"},\"primaryImageOfPage\":{\"@id\":\"https:\\\/\\\/www.copealcoy.es\\\/es\\\/vuelven-a-regular-el-acceso-a-la-font-roja-desde-alcoy-durante-el-otono\\\/#primaryimage\"},\"image\":{\"@id\":\"https:\\\/\\\/www.copealcoy.es\\\/es\\\/vuelven-a-regular-el-acceso-a-la-font-roja-desde-alcoy-durante-el-otono\\\/#primaryimage\"},\"thumbnailUrl\":\"https:\\\/\\\/www.copealcoy.es\\\/wp-content\\\/uploads\\\/2024\\\/10\\\/WhatsApp-Image-2022-03-21-at-16.46.03-RAojbTl8YM64adqnolaGmzH-1248x770@Las-Provincias.webp\",\"datePublished\":\"2024-10-04T07:00:22+00:00\",\"author\":{\"@id\":\"https:\\\/\\\/www.copealcoy.es\\\/es\\\/#\\\/schema\\\/person\\\/e777c87fa024e57d40170af9df39882c\"},\"description\":\"El Parque Natural de la Font Roja volver\u00e1 a regular el acceso hasta el entorno del Santuario durante buena parte de los meses de oto\u00f1o\",\"breadcrumb\":{\"@id\":\"https:\\\/\\\/www.copealcoy.es\\\/es\\\/vuelven-a-regular-el-acceso-a-la-font-roja-desde-alcoy-durante-el-otono\\\/#breadcrumb\"},\"inLanguage\":\"es\",\"potentialAction\":[{\"@type\":\"ReadAction\",\"target\":[\"https:\\\/\\\/www.copealcoy.es\\\/es\\\/vuelven-a-regular-el-acceso-a-la-font-roja-desde-alcoy-durante-el-otono\\\/\"]}]},{\"@type\":\"ImageObject\",\"inLanguage\":\"es\",\"@id\":\"https:\\\/\\\/www.copealcoy.es\\\/es\\\/vuelven-a-regular-el-acceso-a-la-font-roja-desde-alcoy-durante-el-otono\\\/#primaryimage\",\"url\":\"https:\\\/\\\/www.copealcoy.es\\\/wp-content\\\/uploads\\\/2024\\\/10\\\/WhatsApp-Image-2022-03-21-at-16.46.03-RAojbTl8YM64adqnolaGmzH-1248x770@Las-Provincias.webp\",\"contentUrl\":\"https:\\\/\\\/www.copealcoy.es\\\/wp-content\\\/uploads\\\/2024\\\/10\\\/WhatsApp-Image-2022-03-21-at-16.46.03-RAojbTl8YM64adqnolaGmzH-1248x770@Las-Provincias.webp\",\"width\":1248,\"height\":770},{\"@type\":\"BreadcrumbList\",\"@id\":\"https:\\\/\\\/www.copealcoy.es\\\/es\\\/vuelven-a-regular-el-acceso-a-la-font-roja-desde-alcoy-durante-el-otono\\\/#breadcrumb\",\"itemListElement\":[{\"@type\":\"ListItem\",\"position\":1,\"name\":\"Portada\",\"item\":\"https:\\\/\\\/www.copealcoy.es\\\/es\\\/\"},{\"@type\":\"ListItem\",\"position\":2,\"name\":\"Vuelven a regular el acceso a la Font Roja desde Alcoy durante el oto\u00f1o\"}]},{\"@type\":\"WebSite\",\"@id\":\"https:\\\/\\\/www.copealcoy.es\\\/es\\\/#website\",\"url\":\"https:\\\/\\\/www.copealcoy.es\\\/es\\\/\",\"name\":\"COPE Alcoy\",\"description\":\"Emisora COPE de radio local con emisi\u00f3n online. Pont de Sant Jordi 8-10 03803 Alcoy\",\"potentialAction\":[{\"@type\":\"SearchAction\",\"target\":{\"@type\":\"EntryPoint\",\"urlTemplate\":\"https:\\\/\\\/www.copealcoy.es\\\/es\\\/?s={search_term_string}\"},\"query-input\":{\"@type\":\"PropertyValueSpecification\",\"valueRequired\":true,\"valueName\":\"search_term_string\"}}],\"inLanguage\":\"es\"},{\"@type\":\"Person\",\"@id\":\"https:\\\/\\\/www.copealcoy.es\\\/es\\\/#\\\/schema\\\/person\\\/e777c87fa024e57d40170af9df39882c\",\"name\":\"Cope Alcoy\",\"image\":{\"@type\":\"ImageObject\",\"inLanguage\":\"es\",\"@id\":\"https:\\\/\\\/secure.gravatar.com\\\/avatar\\\/bb65d0283347e303893ba14f0692005417c1e0e690a325a4c5d8bb2b3943ee14?s=96&d=mm&r=g\",\"url\":\"https:\\\/\\\/secure.gravatar.com\\\/avatar\\\/bb65d0283347e303893ba14f0692005417c1e0e690a325a4c5d8bb2b3943ee14?s=96&d=mm&r=g\",\"contentUrl\":\"https:\\\/\\\/secure.gravatar.com\\\/avatar\\\/bb65d0283347e303893ba14f0692005417c1e0e690a325a4c5d8bb2b3943ee14?s=96&d=mm&r=g\",\"caption\":\"Cope Alcoy\"}}]}<\/script>\n<!-- \/ Yoast SEO plugin. -->","yoast_head_json":{"title":"Vuelven a regular el acceso a la Font Roja desde Alcoy durante el oto\u00f1o - COPE Alcoy","description":"El Parque Natural de la Font Roja volver\u00e1 a regular el acceso hasta el entorno del Santuario durante buena parte de los meses de oto\u00f1o","robots":{"index":"index","follow":"follow","max-snippet":"max-snippet:-1","max-image-preview":"max-image-preview:large","max-video-preview":"max-video-preview:-1"},"canonical":"https:\/\/www.copealcoy.es\/es\/vuelven-a-regular-el-acceso-a-la-font-roja-desde-alcoy-durante-el-otono\/","og_locale":"es_ES","og_type":"article","og_title":"Vuelven a regular el acceso a la Font Roja desde Alcoy durante el oto\u00f1o - COPE Alcoy","og_description":"El Parque Natural de la Font Roja volver\u00e1 a regular el acceso hasta el entorno del Santuario durante buena parte de los meses de oto\u00f1o","og_url":"https:\/\/www.copealcoy.es\/es\/vuelven-a-regular-el-acceso-a-la-font-roja-desde-alcoy-durante-el-otono\/","og_site_name":"COPE Alcoy","article_published_time":"2024-10-04T07:00:22+00:00","og_image":[{"width":1248,"height":770,"url":"https:\/\/www.copealcoy.es\/wp-content\/uploads\/2024\/10\/WhatsApp-Image-2022-03-21-at-16.46.03-RAojbTl8YM64adqnolaGmzH-1248x770@Las-Provincias.webp","type":"image\/webp"}],"author":"Cope Alcoy","twitter_misc":{"Escrito por":"Cope Alcoy","Tiempo de lectura":"2 minutos"},"schema":{"@context":"https:\/\/schema.org","@graph":[{"@type":"Article","@id":"https:\/\/www.copealcoy.es\/es\/vuelven-a-regular-el-acceso-a-la-font-roja-desde-alcoy-durante-el-otono\/#article","isPartOf":{"@id":"https:\/\/www.copealcoy.es\/es\/vuelven-a-regular-el-acceso-a-la-font-roja-desde-alcoy-durante-el-otono\/"},"author":{"name":"Cope Alcoy","@id":"https:\/\/www.copealcoy.es\/es\/#\/schema\/person\/e777c87fa024e57d40170af9df39882c"},"headline":"Vuelven a regular el acceso a la Font Roja desde Alcoy durante el oto\u00f1o","datePublished":"2024-10-04T07:00:22+00:00","mainEntityOfPage":{"@id":"https:\/\/www.copealcoy.es\/es\/vuelven-a-regular-el-acceso-a-la-font-roja-desde-alcoy-durante-el-otono\/"},"wordCount":336,"commentCount":0,"image":{"@id":"https:\/\/www.copealcoy.es\/es\/vuelven-a-regular-el-acceso-a-la-font-roja-desde-alcoy-durante-el-otono\/#primaryimage"},"thumbnailUrl":"https:\/\/www.copealcoy.es\/wp-content\/uploads\/2024\/10\/WhatsApp-Image-2022-03-21-at-16.46.03-RAojbTl8YM64adqnolaGmzH-1248x770@Las-Provincias.webp","keywords":["acceso","Alcoy","Barrera","Font Roja","Parque Natural","regulaci\u00f3n"],"articleSection":["Actualidad","Alcoy","Noticias"],"inLanguage":"es"},{"@type":"WebPage","@id":"https:\/\/www.copealcoy.es\/es\/vuelven-a-regular-el-acceso-a-la-font-roja-desde-alcoy-durante-el-otono\/","url":"https:\/\/www.copealcoy.es\/es\/vuelven-a-regular-el-acceso-a-la-font-roja-desde-alcoy-durante-el-otono\/","name":"Vuelven a regular el acceso a la Font Roja desde Alcoy durante el oto\u00f1o - COPE Alcoy","isPartOf":{"@id":"https:\/\/www.copealcoy.es\/es\/#website"},"primaryImageOfPage":{"@id":"https:\/\/www.copealcoy.es\/es\/vuelven-a-regular-el-acceso-a-la-font-roja-desde-alcoy-durante-el-otono\/#primaryimage"},"image":{"@id":"https:\/\/www.copealcoy.es\/es\/vuelven-a-regular-el-acceso-a-la-font-roja-desde-alcoy-durante-el-otono\/#primaryimage"},"thumbnailUrl":"https:\/\/www.copealcoy.es\/wp-content\/uploads\/2024\/10\/WhatsApp-Image-2022-03-21-at-16.46.03-RAojbTl8YM64adqnolaGmzH-1248x770@Las-Provincias.webp","datePublished":"2024-10-04T07:00:22+00:00","author":{"@id":"https:\/\/www.copealcoy.es\/es\/#\/schema\/person\/e777c87fa024e57d40170af9df39882c"},"description":"El Parque Natural de la Font Roja volver\u00e1 a regular el acceso hasta el entorno del Santuario durante buena parte de los meses de oto\u00f1o","breadcrumb":{"@id":"https:\/\/www.copealcoy.es\/es\/vuelven-a-regular-el-acceso-a-la-font-roja-desde-alcoy-durante-el-otono\/#breadcrumb"},"inLanguage":"es","potentialAction":[{"@type":"ReadAction","target":["https:\/\/www.copealcoy.es\/es\/vuelven-a-regular-el-acceso-a-la-font-roja-desde-alcoy-durante-el-otono\/"]}]},{"@type":"ImageObject","inLanguage":"es","@id":"https:\/\/www.copealcoy.es\/es\/vuelven-a-regular-el-acceso-a-la-font-roja-desde-alcoy-durante-el-otono\/#primaryimage","url":"https:\/\/www.copealcoy.es\/wp-content\/uploads\/2024\/10\/WhatsApp-Image-2022-03-21-at-16.46.03-RAojbTl8YM64adqnolaGmzH-1248x770@Las-Provincias.webp","contentUrl":"https:\/\/www.copealcoy.es\/wp-content\/uploads\/2024\/10\/WhatsApp-Image-2022-03-21-at-16.46.03-RAojbTl8YM64adqnolaGmzH-1248x770@Las-Provincias.webp","width":1248,"height":770},{"@type":"BreadcrumbList","@id":"https:\/\/www.copealcoy.es\/es\/vuelven-a-regular-el-acceso-a-la-font-roja-desde-alcoy-durante-el-otono\/#breadcrumb","itemListElement":[{"@type":"ListItem","position":1,"name":"Portada","item":"https:\/\/www.copealcoy.es\/es\/"},{"@type":"ListItem","position":2,"name":"Vuelven a regular el acceso a la Font Roja desde Alcoy durante el oto\u00f1o"}]},{"@type":"WebSite","@id":"https:\/\/www.copealcoy.es\/es\/#website","url":"https:\/\/www.copealcoy.es\/es\/","name":"COPE Alcoy","description":"Emisora COPE de radio local con emisi\u00f3n online. Pont de Sant Jordi 8-10 03803 Alcoy","potentialAction":[{"@type":"SearchAction","target":{"@type":"EntryPoint","urlTemplate":"https:\/\/www.copealcoy.es\/es\/?s={search_term_string}"},"query-input":{"@type":"PropertyValueSpecification","valueRequired":true,"valueName":"search_term_string"}}],"inLanguage":"es"},{"@type":"Person","@id":"https:\/\/www.copealcoy.es\/es\/#\/schema\/person\/e777c87fa024e57d40170af9df39882c","name":"Cope Alcoy","image":{"@type":"ImageObject","inLanguage":"es","@id":"https:\/\/secure.gravatar.com\/avatar\/bb65d0283347e303893ba14f0692005417c1e0e690a325a4c5d8bb2b3943ee14?s=96&d=mm&r=g","url":"https:\/\/secure.gravatar.com\/avatar\/bb65d0283347e303893ba14f0692005417c1e0e690a325a4c5d8bb2b3943ee14?s=96&d=mm&r=g","contentUrl":"https:\/\/secure.gravatar.com\/avatar\/bb65d0283347e303893ba14f0692005417c1e0e690a325a4c5d8bb2b3943ee14?s=96&d=mm&r=g","caption":"Cope Alcoy"}}]}},"_links":{"self":[{"href":"https:\/\/www.copealcoy.es\/es\/wp-json\/wp\/v2\/posts\/141105","targetHints":{"allow":["GET"]}}],"collection":[{"href":"https:\/\/www.copealcoy.es\/es\/wp-json\/wp\/v2\/posts"}],"about":[{"href":"https:\/\/www.copealcoy.es\/es\/wp-json\/wp\/v2\/types\/post"}],"author":[{"embeddable":true,"href":"https:\/\/www.copealcoy.es\/es\/wp-json\/wp\/v2\/users\/1"}],"replies":[{"embeddable":true,"href":"https:\/\/www.copealcoy.es\/es\/wp-json\/wp\/v2\/comments?post=141105"}],"version-history":[{"count":0,"href":"https:\/\/www.copealcoy.es\/es\/wp-json\/wp\/v2\/posts\/141105\/revisions"}],"wp:featuredmedia":[{"embeddable":true,"href":"https:\/\/www.copealcoy.es\/es\/wp-json\/wp\/v2\/media\/141106"}],"wp:attachment":[{"href":"https:\/\/www.copealcoy.es\/es\/wp-json\/wp\/v2\/media?parent=141105"}],"wp:term":[{"taxonomy":"category","embeddable":true,"href":"https:\/\/www.copealcoy.es\/es\/wp-json\/wp\/v2\/categories?post=141105"},{"taxonomy":"post_tag","embeddable":true,"href":"https:\/\/www.copealcoy.es\/es\/wp-json\/wp\/v2\/tags?post=141105"}],"curies":[{"name":"wp","href":"https:\/\/api.w.org\/{rel}","templated":true}]}}