{"id":141071,"date":"2024-10-02T12:41:59","date_gmt":"2024-10-02T11:41:59","guid":{"rendered":"https:\/\/www.copealcoy.es\/?p=141071"},"modified":"2024-10-02T12:41:59","modified_gmt":"2024-10-02T11:41:59","slug":"agente-tutor-un-proyecto-de-la-policia-local-de-alcoy-para-la-proteccion-del-menor","status":"publish","type":"post","link":"https:\/\/www.copealcoy.es\/es\/agente-tutor-un-proyecto-de-la-policia-local-de-alcoy-para-la-proteccion-del-menor\/","title":{"rendered":"Agente tutor, un proyecto de la Polic\u00eda Local de Alcoy para la protecci\u00f3n del menor"},"content":{"rendered":"<p style=\"text-align: justify;\">A principios de septiembre se presentaba en el Ayuntamiento de Alcoy <strong>el Programa Agente Tutor<\/strong>, una nueva iniciativa de <a href=\"https:\/\/www.facebook.com\/policialocalalcoi\" target=\"_blank\" rel=\"noopener\"><span style=\"color: #0000ff;\"><strong>la Polic\u00eda Local<\/strong> <\/span><\/a>enfocada en la protecci\u00f3n y promoci\u00f3n de los derechos de la infancia. El proyecto <strong>est\u00e1 avalado por la Federaci\u00f3n Espa\u00f1ola de Municipios y Provincias (FEMP) y el Ministerio de Sanidad<\/strong> y con este este programa <strong>se busca ofrecer un servicio especializado<\/strong> &#8220;<em>que apoye a la comunidad educativa en la prevenci\u00f3n y resoluci\u00f3n de conflictos en el entorno escolar. La charla de presentaci\u00f3n fue muy \u00fatil para los centros educativos pero tambi\u00e9n para los padres puesto que conocimos la magnitud de los riesgos a los que se enfrentan los menores con, por ejemplo, tener acceso a un dispositivo con Internet con la \u00fanica intenci\u00f3n de jugar a un videojuego<\/em>&#8220;, apuntaba en el #TiempoDeAn\u00e1lisis de COPE ALCOY el edil de Seguridad en el consistorio alcoyano; <strong>Ra\u00fcl Llopis<\/strong>.<\/p>\n<p style=\"text-align: justify;\">Desde la Polic\u00eda Local <strong>hacen un balance muy positivo<\/strong> de las primeras semanas de funcionamiento de este servicio que empez\u00f3 a ser realidad en mayo tras varios a\u00f1os gest\u00e1ndose y para la que ha sido necesario llevar a cabo la formaci\u00f3n de los agentes. <strong>Miguel \u00c1ngel Verd\u00fa<\/strong> es quien asume la responsabilidad ser agente tutor en la Polic\u00eda Local alcoyana &#8220;<em>nos hemos encontrado de todo en este tiempo. Desde mediaci\u00f3n en conflictos hasta cuestiones relacionadas con vandalismo, bullying, consumo de estupefacientes o absentismo escolar. Funcionamos de forma multidisciplinar con diferentes departamentos del Ayuntamiento porque, por ejemplo, detr\u00e1s de un caso de no asistencia de clases puede haber un motivo que tiene su origen en la unidad familiar<\/em>&#8220;, se\u00f1al\u00f3. La adicci\u00f3n a las nuevas tecnolog\u00edas, el f\u00e1cil acceso a la pornograf\u00eda o la difusi\u00f3n de contenidos violentos o sexuales a trav\u00e9s de redes sociales<strong> son otros de los retos<\/strong> que hay por delante &#8220;<em>tratamos de concienciar, especialmente a las familias, de que tengan un control de los m\u00f3viles porque no somos conscientes de lo peligroso que puede llegar a ser<\/em>&#8220;, detall\u00f3.<\/p>\n<p style=\"text-align: justify;\">Desde la misma Polic\u00eda Local apuntan a que <strong>este es el primer paso para consolidar en el cuerpo una unidad de protecci\u00f3n del menor<\/strong>. Conf\u00edan que pronto p<strong>uedan llegar m\u00e1s agentes y se le pueda dotar de recursos<\/strong> para que comience a trabajar en la ciudad &#8220;<em>queremos acercar a los agentes a los menores, que vean que estamos aqu\u00ed para ayudarles, y para poder atender mejor sus necesidades. Que no nos vean como algo extra\u00f1o, como personas que multan cuando las cosas no se hacen bien<\/em>&#8220;, concluy\u00f3 <strong>Carlos Mart\u00edn<\/strong>; \u00a0jefe de la Polic\u00eda Local de Alcoy.<\/p>\n<p>La tertulia al completo <strong>la puedes escuchar<\/strong> aqu\u00ed:<\/p>\n<p><iframe loading=\"lazy\" title=\"\u2018Tiempo De An\u00e1lisis\u2019 Martes 1 De Octubre 2024\" width=\"100%\" height=\"120\" src=\"https:\/\/www.mixcloud.com\/widget\/iframe\/?feed=https%3A%2F%2Fwww.mixcloud.com%2FCOPEAlcoy%2Ftiempo-de-an%25C3%25A1lisis-martes-1-de-octubre-2024%2F&amp;hide_cover=1\" frameborder=\"0\"><\/iframe><\/p>\n<p style=\"text-align: justify;\">\n<p>&nbsp;<\/p>\n","protected":false},"excerpt":{"rendered":"<p>A principios de septiembre se presentaba en el Ayuntamiento de Alcoy el Programa Agente Tutor, una nueva iniciativa de la&#8230;<\/p>\n","protected":false},"author":1,"featured_media":141015,"comment_status":"open","ping_status":"open","sticky":false,"template":"","format":"standard","meta":{"footnotes":""},"categories":[6909,97,75],"tags":[18669,1494,846,1508],"class_list":["post-141071","post","type-post","status-publish","format-standard","has-post-thumbnail","hentry","category-actualidad","category-alcoy","category-noticias","tag-agente-tutor","tag-alcoy","tag-policia-local","tag-servicio"],"yoast_head":"<!-- This site is optimized with the Yoast SEO plugin v27.3 - https:\/\/yoast.com\/product\/yoast-seo-wordpress\/ -->\n<title>Agente tutor, un proyecto de la Polic\u00eda Local de Alcoy para la protecci\u00f3n del menor - COPE Alcoy<\/title>\n<meta name=\"description\" content=\"A principios de septiembre se presentaba en el Ayuntamiento de Alcoy el Programa Agente Tutor, una nueva iniciativa de la Polic\u00eda Local enfocada en la protecci\u00f3n y promoci\u00f3n de los derechos de la infancia\" \/>\n<meta name=\"robots\" content=\"index, follow, max-snippet:-1, max-image-preview:large, max-video-preview:-1\" \/>\n<link rel=\"canonical\" href=\"https:\/\/www.copealcoy.es\/es\/agente-tutor-un-proyecto-de-la-policia-local-de-alcoy-para-la-proteccion-del-menor\/\" \/>\n<meta property=\"og:locale\" content=\"es_ES\" \/>\n<meta property=\"og:type\" content=\"article\" \/>\n<meta property=\"og:title\" content=\"Agente tutor, un proyecto de la Polic\u00eda Local de Alcoy para la protecci\u00f3n del menor - COPE Alcoy\" \/>\n<meta property=\"og:description\" content=\"A principios de septiembre se presentaba en el Ayuntamiento de Alcoy el Programa Agente Tutor, una nueva iniciativa de la Polic\u00eda Local enfocada en la protecci\u00f3n y promoci\u00f3n de los derechos de la infancia\" \/>\n<meta property=\"og:url\" content=\"https:\/\/www.copealcoy.es\/es\/agente-tutor-un-proyecto-de-la-policia-local-de-alcoy-para-la-proteccion-del-menor\/\" \/>\n<meta property=\"og:site_name\" content=\"COPE Alcoy\" \/>\n<meta property=\"article:published_time\" content=\"2024-10-02T11:41:59+00:00\" \/>\n<meta property=\"og:image\" content=\"https:\/\/www.copealcoy.es\/wp-content\/uploads\/2024\/10\/unnamed-1-1-scaled.jpg\" \/>\n\t<meta property=\"og:image:width\" content=\"1855\" \/>\n\t<meta property=\"og:image:height\" content=\"1080\" \/>\n\t<meta property=\"og:image:type\" content=\"image\/jpeg\" \/>\n<meta name=\"author\" content=\"Cope Alcoy\" \/>\n<meta name=\"twitter:label1\" content=\"Escrito por\" \/>\n\t<meta name=\"twitter:data1\" content=\"Cope Alcoy\" \/>\n\t<meta name=\"twitter:label2\" content=\"Tiempo de lectura\" \/>\n\t<meta name=\"twitter:data2\" content=\"3 minutos\" \/>\n<script type=\"application\/ld+json\" class=\"yoast-schema-graph\">{\"@context\":\"https:\\\/\\\/schema.org\",\"@graph\":[{\"@type\":\"Article\",\"@id\":\"https:\\\/\\\/www.copealcoy.es\\\/es\\\/agente-tutor-un-proyecto-de-la-policia-local-de-alcoy-para-la-proteccion-del-menor\\\/#article\",\"isPartOf\":{\"@id\":\"https:\\\/\\\/www.copealcoy.es\\\/es\\\/agente-tutor-un-proyecto-de-la-policia-local-de-alcoy-para-la-proteccion-del-menor\\\/\"},\"author\":{\"name\":\"Cope Alcoy\",\"@id\":\"https:\\\/\\\/www.copealcoy.es\\\/es\\\/#\\\/schema\\\/person\\\/e777c87fa024e57d40170af9df39882c\"},\"headline\":\"Agente tutor, un proyecto de la Polic\u00eda Local de Alcoy para la protecci\u00f3n del menor\",\"datePublished\":\"2024-10-02T11:41:59+00:00\",\"mainEntityOfPage\":{\"@id\":\"https:\\\/\\\/www.copealcoy.es\\\/es\\\/agente-tutor-un-proyecto-de-la-policia-local-de-alcoy-para-la-proteccion-del-menor\\\/\"},\"wordCount\":493,\"commentCount\":0,\"image\":{\"@id\":\"https:\\\/\\\/www.copealcoy.es\\\/es\\\/agente-tutor-un-proyecto-de-la-policia-local-de-alcoy-para-la-proteccion-del-menor\\\/#primaryimage\"},\"thumbnailUrl\":\"https:\\\/\\\/www.copealcoy.es\\\/wp-content\\\/uploads\\\/2024\\\/10\\\/unnamed-1-1-scaled.jpg\",\"keywords\":[\"agente tutor\",\"Alcoy\",\"Polic\u00eda Local\",\"Servicio\"],\"articleSection\":[\"Actualidad\",\"Alcoy\",\"Noticias\"],\"inLanguage\":\"es\"},{\"@type\":\"WebPage\",\"@id\":\"https:\\\/\\\/www.copealcoy.es\\\/es\\\/agente-tutor-un-proyecto-de-la-policia-local-de-alcoy-para-la-proteccion-del-menor\\\/\",\"url\":\"https:\\\/\\\/www.copealcoy.es\\\/es\\\/agente-tutor-un-proyecto-de-la-policia-local-de-alcoy-para-la-proteccion-del-menor\\\/\",\"name\":\"Agente tutor, un proyecto de la Polic\u00eda Local de Alcoy para la protecci\u00f3n del menor - COPE Alcoy\",\"isPartOf\":{\"@id\":\"https:\\\/\\\/www.copealcoy.es\\\/es\\\/#website\"},\"primaryImageOfPage\":{\"@id\":\"https:\\\/\\\/www.copealcoy.es\\\/es\\\/agente-tutor-un-proyecto-de-la-policia-local-de-alcoy-para-la-proteccion-del-menor\\\/#primaryimage\"},\"image\":{\"@id\":\"https:\\\/\\\/www.copealcoy.es\\\/es\\\/agente-tutor-un-proyecto-de-la-policia-local-de-alcoy-para-la-proteccion-del-menor\\\/#primaryimage\"},\"thumbnailUrl\":\"https:\\\/\\\/www.copealcoy.es\\\/wp-content\\\/uploads\\\/2024\\\/10\\\/unnamed-1-1-scaled.jpg\",\"datePublished\":\"2024-10-02T11:41:59+00:00\",\"author\":{\"@id\":\"https:\\\/\\\/www.copealcoy.es\\\/es\\\/#\\\/schema\\\/person\\\/e777c87fa024e57d40170af9df39882c\"},\"description\":\"A principios de septiembre se presentaba en el Ayuntamiento de Alcoy el Programa Agente Tutor, una nueva iniciativa de la Polic\u00eda Local enfocada en la protecci\u00f3n y promoci\u00f3n de los derechos de la infancia\",\"breadcrumb\":{\"@id\":\"https:\\\/\\\/www.copealcoy.es\\\/es\\\/agente-tutor-un-proyecto-de-la-policia-local-de-alcoy-para-la-proteccion-del-menor\\\/#breadcrumb\"},\"inLanguage\":\"es\",\"potentialAction\":[{\"@type\":\"ReadAction\",\"target\":[\"https:\\\/\\\/www.copealcoy.es\\\/es\\\/agente-tutor-un-proyecto-de-la-policia-local-de-alcoy-para-la-proteccion-del-menor\\\/\"]}]},{\"@type\":\"ImageObject\",\"inLanguage\":\"es\",\"@id\":\"https:\\\/\\\/www.copealcoy.es\\\/es\\\/agente-tutor-un-proyecto-de-la-policia-local-de-alcoy-para-la-proteccion-del-menor\\\/#primaryimage\",\"url\":\"https:\\\/\\\/www.copealcoy.es\\\/wp-content\\\/uploads\\\/2024\\\/10\\\/unnamed-1-1-scaled.jpg\",\"contentUrl\":\"https:\\\/\\\/www.copealcoy.es\\\/wp-content\\\/uploads\\\/2024\\\/10\\\/unnamed-1-1-scaled.jpg\",\"width\":1855,\"height\":1080},{\"@type\":\"BreadcrumbList\",\"@id\":\"https:\\\/\\\/www.copealcoy.es\\\/es\\\/agente-tutor-un-proyecto-de-la-policia-local-de-alcoy-para-la-proteccion-del-menor\\\/#breadcrumb\",\"itemListElement\":[{\"@type\":\"ListItem\",\"position\":1,\"name\":\"Portada\",\"item\":\"https:\\\/\\\/www.copealcoy.es\\\/es\\\/\"},{\"@type\":\"ListItem\",\"position\":2,\"name\":\"Agente tutor, un proyecto de la Polic\u00eda Local de Alcoy para la protecci\u00f3n del menor\"}]},{\"@type\":\"WebSite\",\"@id\":\"https:\\\/\\\/www.copealcoy.es\\\/es\\\/#website\",\"url\":\"https:\\\/\\\/www.copealcoy.es\\\/es\\\/\",\"name\":\"COPE Alcoy\",\"description\":\"Emisora COPE de radio local con emisi\u00f3n online. Pont de Sant Jordi 8-10 03803 Alcoy\",\"potentialAction\":[{\"@type\":\"SearchAction\",\"target\":{\"@type\":\"EntryPoint\",\"urlTemplate\":\"https:\\\/\\\/www.copealcoy.es\\\/es\\\/?s={search_term_string}\"},\"query-input\":{\"@type\":\"PropertyValueSpecification\",\"valueRequired\":true,\"valueName\":\"search_term_string\"}}],\"inLanguage\":\"es\"},{\"@type\":\"Person\",\"@id\":\"https:\\\/\\\/www.copealcoy.es\\\/es\\\/#\\\/schema\\\/person\\\/e777c87fa024e57d40170af9df39882c\",\"name\":\"Cope Alcoy\",\"image\":{\"@type\":\"ImageObject\",\"inLanguage\":\"es\",\"@id\":\"https:\\\/\\\/secure.gravatar.com\\\/avatar\\\/bb65d0283347e303893ba14f0692005417c1e0e690a325a4c5d8bb2b3943ee14?s=96&d=mm&r=g\",\"url\":\"https:\\\/\\\/secure.gravatar.com\\\/avatar\\\/bb65d0283347e303893ba14f0692005417c1e0e690a325a4c5d8bb2b3943ee14?s=96&d=mm&r=g\",\"contentUrl\":\"https:\\\/\\\/secure.gravatar.com\\\/avatar\\\/bb65d0283347e303893ba14f0692005417c1e0e690a325a4c5d8bb2b3943ee14?s=96&d=mm&r=g\",\"caption\":\"Cope Alcoy\"}}]}<\/script>\n<!-- \/ Yoast SEO plugin. -->","yoast_head_json":{"title":"Agente tutor, un proyecto de la Polic\u00eda Local de Alcoy para la protecci\u00f3n del menor - COPE Alcoy","description":"A principios de septiembre se presentaba en el Ayuntamiento de Alcoy el Programa Agente Tutor, una nueva iniciativa de la Polic\u00eda Local enfocada en la protecci\u00f3n y promoci\u00f3n de los derechos de la infancia","robots":{"index":"index","follow":"follow","max-snippet":"max-snippet:-1","max-image-preview":"max-image-preview:large","max-video-preview":"max-video-preview:-1"},"canonical":"https:\/\/www.copealcoy.es\/es\/agente-tutor-un-proyecto-de-la-policia-local-de-alcoy-para-la-proteccion-del-menor\/","og_locale":"es_ES","og_type":"article","og_title":"Agente tutor, un proyecto de la Polic\u00eda Local de Alcoy para la protecci\u00f3n del menor - COPE Alcoy","og_description":"A principios de septiembre se presentaba en el Ayuntamiento de Alcoy el Programa Agente Tutor, una nueva iniciativa de la Polic\u00eda Local enfocada en la protecci\u00f3n y promoci\u00f3n de los derechos de la infancia","og_url":"https:\/\/www.copealcoy.es\/es\/agente-tutor-un-proyecto-de-la-policia-local-de-alcoy-para-la-proteccion-del-menor\/","og_site_name":"COPE Alcoy","article_published_time":"2024-10-02T11:41:59+00:00","og_image":[{"width":1855,"height":1080,"url":"https:\/\/www.copealcoy.es\/wp-content\/uploads\/2024\/10\/unnamed-1-1-scaled.jpg","type":"image\/jpeg"}],"author":"Cope Alcoy","twitter_misc":{"Escrito por":"Cope Alcoy","Tiempo de lectura":"3 minutos"},"schema":{"@context":"https:\/\/schema.org","@graph":[{"@type":"Article","@id":"https:\/\/www.copealcoy.es\/es\/agente-tutor-un-proyecto-de-la-policia-local-de-alcoy-para-la-proteccion-del-menor\/#article","isPartOf":{"@id":"https:\/\/www.copealcoy.es\/es\/agente-tutor-un-proyecto-de-la-policia-local-de-alcoy-para-la-proteccion-del-menor\/"},"author":{"name":"Cope Alcoy","@id":"https:\/\/www.copealcoy.es\/es\/#\/schema\/person\/e777c87fa024e57d40170af9df39882c"},"headline":"Agente tutor, un proyecto de la Polic\u00eda Local de Alcoy para la protecci\u00f3n del menor","datePublished":"2024-10-02T11:41:59+00:00","mainEntityOfPage":{"@id":"https:\/\/www.copealcoy.es\/es\/agente-tutor-un-proyecto-de-la-policia-local-de-alcoy-para-la-proteccion-del-menor\/"},"wordCount":493,"commentCount":0,"image":{"@id":"https:\/\/www.copealcoy.es\/es\/agente-tutor-un-proyecto-de-la-policia-local-de-alcoy-para-la-proteccion-del-menor\/#primaryimage"},"thumbnailUrl":"https:\/\/www.copealcoy.es\/wp-content\/uploads\/2024\/10\/unnamed-1-1-scaled.jpg","keywords":["agente tutor","Alcoy","Polic\u00eda Local","Servicio"],"articleSection":["Actualidad","Alcoy","Noticias"],"inLanguage":"es"},{"@type":"WebPage","@id":"https:\/\/www.copealcoy.es\/es\/agente-tutor-un-proyecto-de-la-policia-local-de-alcoy-para-la-proteccion-del-menor\/","url":"https:\/\/www.copealcoy.es\/es\/agente-tutor-un-proyecto-de-la-policia-local-de-alcoy-para-la-proteccion-del-menor\/","name":"Agente tutor, un proyecto de la Polic\u00eda Local de Alcoy para la protecci\u00f3n del menor - COPE Alcoy","isPartOf":{"@id":"https:\/\/www.copealcoy.es\/es\/#website"},"primaryImageOfPage":{"@id":"https:\/\/www.copealcoy.es\/es\/agente-tutor-un-proyecto-de-la-policia-local-de-alcoy-para-la-proteccion-del-menor\/#primaryimage"},"image":{"@id":"https:\/\/www.copealcoy.es\/es\/agente-tutor-un-proyecto-de-la-policia-local-de-alcoy-para-la-proteccion-del-menor\/#primaryimage"},"thumbnailUrl":"https:\/\/www.copealcoy.es\/wp-content\/uploads\/2024\/10\/unnamed-1-1-scaled.jpg","datePublished":"2024-10-02T11:41:59+00:00","author":{"@id":"https:\/\/www.copealcoy.es\/es\/#\/schema\/person\/e777c87fa024e57d40170af9df39882c"},"description":"A principios de septiembre se presentaba en el Ayuntamiento de Alcoy el Programa Agente Tutor, una nueva iniciativa de la Polic\u00eda Local enfocada en la protecci\u00f3n y promoci\u00f3n de los derechos de la infancia","breadcrumb":{"@id":"https:\/\/www.copealcoy.es\/es\/agente-tutor-un-proyecto-de-la-policia-local-de-alcoy-para-la-proteccion-del-menor\/#breadcrumb"},"inLanguage":"es","potentialAction":[{"@type":"ReadAction","target":["https:\/\/www.copealcoy.es\/es\/agente-tutor-un-proyecto-de-la-policia-local-de-alcoy-para-la-proteccion-del-menor\/"]}]},{"@type":"ImageObject","inLanguage":"es","@id":"https:\/\/www.copealcoy.es\/es\/agente-tutor-un-proyecto-de-la-policia-local-de-alcoy-para-la-proteccion-del-menor\/#primaryimage","url":"https:\/\/www.copealcoy.es\/wp-content\/uploads\/2024\/10\/unnamed-1-1-scaled.jpg","contentUrl":"https:\/\/www.copealcoy.es\/wp-content\/uploads\/2024\/10\/unnamed-1-1-scaled.jpg","width":1855,"height":1080},{"@type":"BreadcrumbList","@id":"https:\/\/www.copealcoy.es\/es\/agente-tutor-un-proyecto-de-la-policia-local-de-alcoy-para-la-proteccion-del-menor\/#breadcrumb","itemListElement":[{"@type":"ListItem","position":1,"name":"Portada","item":"https:\/\/www.copealcoy.es\/es\/"},{"@type":"ListItem","position":2,"name":"Agente tutor, un proyecto de la Polic\u00eda Local de Alcoy para la protecci\u00f3n del menor"}]},{"@type":"WebSite","@id":"https:\/\/www.copealcoy.es\/es\/#website","url":"https:\/\/www.copealcoy.es\/es\/","name":"COPE Alcoy","description":"Emisora COPE de radio local con emisi\u00f3n online. Pont de Sant Jordi 8-10 03803 Alcoy","potentialAction":[{"@type":"SearchAction","target":{"@type":"EntryPoint","urlTemplate":"https:\/\/www.copealcoy.es\/es\/?s={search_term_string}"},"query-input":{"@type":"PropertyValueSpecification","valueRequired":true,"valueName":"search_term_string"}}],"inLanguage":"es"},{"@type":"Person","@id":"https:\/\/www.copealcoy.es\/es\/#\/schema\/person\/e777c87fa024e57d40170af9df39882c","name":"Cope Alcoy","image":{"@type":"ImageObject","inLanguage":"es","@id":"https:\/\/secure.gravatar.com\/avatar\/bb65d0283347e303893ba14f0692005417c1e0e690a325a4c5d8bb2b3943ee14?s=96&d=mm&r=g","url":"https:\/\/secure.gravatar.com\/avatar\/bb65d0283347e303893ba14f0692005417c1e0e690a325a4c5d8bb2b3943ee14?s=96&d=mm&r=g","contentUrl":"https:\/\/secure.gravatar.com\/avatar\/bb65d0283347e303893ba14f0692005417c1e0e690a325a4c5d8bb2b3943ee14?s=96&d=mm&r=g","caption":"Cope Alcoy"}}]}},"_links":{"self":[{"href":"https:\/\/www.copealcoy.es\/es\/wp-json\/wp\/v2\/posts\/141071","targetHints":{"allow":["GET"]}}],"collection":[{"href":"https:\/\/www.copealcoy.es\/es\/wp-json\/wp\/v2\/posts"}],"about":[{"href":"https:\/\/www.copealcoy.es\/es\/wp-json\/wp\/v2\/types\/post"}],"author":[{"embeddable":true,"href":"https:\/\/www.copealcoy.es\/es\/wp-json\/wp\/v2\/users\/1"}],"replies":[{"embeddable":true,"href":"https:\/\/www.copealcoy.es\/es\/wp-json\/wp\/v2\/comments?post=141071"}],"version-history":[{"count":0,"href":"https:\/\/www.copealcoy.es\/es\/wp-json\/wp\/v2\/posts\/141071\/revisions"}],"wp:featuredmedia":[{"embeddable":true,"href":"https:\/\/www.copealcoy.es\/es\/wp-json\/wp\/v2\/media\/141015"}],"wp:attachment":[{"href":"https:\/\/www.copealcoy.es\/es\/wp-json\/wp\/v2\/media?parent=141071"}],"wp:term":[{"taxonomy":"category","embeddable":true,"href":"https:\/\/www.copealcoy.es\/es\/wp-json\/wp\/v2\/categories?post=141071"},{"taxonomy":"post_tag","embeddable":true,"href":"https:\/\/www.copealcoy.es\/es\/wp-json\/wp\/v2\/tags?post=141071"}],"curies":[{"name":"wp","href":"https:\/\/api.w.org\/{rel}","templated":true}]}}