{"id":140929,"date":"2024-08-01T08:05:49","date_gmt":"2024-08-01T07:05:49","guid":{"rendered":"https:\/\/www.copealcoy.es\/?p=140929"},"modified":"2024-10-01T11:23:50","modified_gmt":"2024-10-01T10:23:50","slug":"detenido-por-un-robo-tras-ser-grabado-por-los-vecinos-en-beniarres","status":"publish","type":"post","link":"https:\/\/www.copealcoy.es\/es\/detenido-por-un-robo-tras-ser-grabado-por-los-vecinos-en-beniarres\/","title":{"rendered":"Detenido por un robo tras ser grabado por los vecinos en Beniarr\u00e9s"},"content":{"rendered":"<p style=\"text-align: justify;\">Tres hombres<strong> han sido arrestados tras un robo con fuerza<\/strong> en la localidad de Beniarr\u00e9s (El Comtat), donde <strong>sustrajeron tres desbrozadoras<\/strong> valoradas en aproximadamente 5.000 euros. El delito <strong>ocurri\u00f3 el pasado 9 de septiembre<\/strong>, cuando los autores rompieron el cristal trasero de un veh\u00edculo estacionado en la v\u00eda p\u00fablica para acceder al maletero y llevarse las herramientas tal y como informan desde <a href=\"https:\/\/www.guardiacivil.es\/es\/index.html\" target=\"_blank\" rel=\"noopener\"><span style=\"color: #0000ff;\"><strong>la Guardia Civil<\/strong><\/span><\/a>.<\/p>\n<p style=\"text-align: justify;\">La investigaci\u00f3n <strong>se inici\u00f3 tras la denuncia presentada en el Puesto de Muro<\/strong>. Gracias a <strong>la colaboraci\u00f3n de los vecinos<\/strong>, quienes proporcionaron im\u00e1genes y videos del incidente,<strong> la misma Guardia Civil<\/strong> pudo identificar la matr\u00edcula del veh\u00edculo utilizado en dicho robo. Este autom\u00f3vil <strong>era conocido en Beniarr\u00e9s<\/strong>, pero <strong>tambi\u00e9n en otras poblaciones de la comarca<\/strong> como Benilloba y otras localidades cercanas, as\u00ed como por los agentes que patrullaban la zona debido a su vinculaci\u00f3n con otros robos similares.<\/p>\n<p style=\"text-align: justify;\">El <strong>10 de septiembre<\/strong>, los agentes se desplazaron a Alcoy para detener al propietario del veh\u00edculo, <strong>un hombre de 31 a\u00f1os<\/strong> con antecedentes por delitos similares. Durante la detenci\u00f3n, se encontraron diversas herramientas utilizadas para cometer el robo en el maletero del coche, incluyendo una cizalla, una pata de cabra, un serrucho y un visor nocturno, as\u00ed como sudaderas negras y guantes.<\/p>\n<p style=\"text-align: justify;\">Gracias tambi\u00e9n a la colaboraci\u00f3n ciudadana, <strong>los investigadores lograron identificar a los tres autores del robo<\/strong>, quienes ya eran conocidos por las autoridades por su implicaci\u00f3n en delitos previos. El <strong>11 de septiembre<\/strong>, las tres desbrozadoras robadas fueron recuperadas y devueltas a su leg\u00edtimo propietario. Al d\u00eda siguiente, se inici\u00f3 la investigaci\u00f3n contra los otros dos implicados, de 29 y 19 a\u00f1os.<\/p>\n<p style=\"text-align: justify;\">El detenido <strong>ha sido puesto a disposici\u00f3n del Juzgado de Instancia e Instrucci\u00f3n N\u00ba2 de Alcoy<\/strong>, que <strong>ha decretado su libertad<\/strong> a la espera de juicio. Adem\u00e1s, se ha informado al juzgado sobre <strong>la investigaci\u00f3n<\/strong> de los otros responsables involucrados en el delito.<\/p>\n","protected":false},"excerpt":{"rendered":"<p>Tres hombres han sido arrestados tras un robo con fuerza en la localidad de Beniarr\u00e9s (El Comtat), donde sustrajeron tres&#8230;<\/p>\n","protected":false},"author":1,"featured_media":140930,"comment_status":"open","ping_status":"open","sticky":false,"template":"","format":"standard","meta":{"footnotes":""},"categories":[6909,98,75],"tags":[851,1393,2187,18659,4297],"class_list":["post-140929","post","type-post","status-publish","format-standard","has-post-thumbnail","hentry","category-actualidad","category-comarcas","category-noticias","tag-beniarres","tag-detencion","tag-guardia-civil","tag-material-de-jardineria","tag-robo"],"yoast_head":"<!-- This site is optimized with the Yoast SEO plugin v27.3 - https:\/\/yoast.com\/product\/yoast-seo-wordpress\/ -->\n<title>Detenido por un robo tras ser grabado por los vecinos en Beniarr\u00e9s - COPE Alcoy<\/title>\n<meta name=\"description\" content=\"Tres hombres han sido arrestados tras un robo con fuerza en la localidad de Beniarr\u00e9s (el Comtat), donde sustrajeron tres desbrozadoras valoradas en aproximadamente 5.000 euros\" \/>\n<meta name=\"robots\" content=\"index, follow, max-snippet:-1, max-image-preview:large, max-video-preview:-1\" \/>\n<link rel=\"canonical\" href=\"https:\/\/www.copealcoy.es\/es\/detenido-por-un-robo-tras-ser-grabado-por-los-vecinos-en-beniarres\/\" \/>\n<meta property=\"og:locale\" content=\"es_ES\" \/>\n<meta property=\"og:type\" content=\"article\" \/>\n<meta property=\"og:title\" content=\"Detenido por un robo tras ser grabado por los vecinos en Beniarr\u00e9s - COPE Alcoy\" \/>\n<meta property=\"og:description\" content=\"Tres hombres han sido arrestados tras un robo con fuerza en la localidad de Beniarr\u00e9s (el Comtat), donde sustrajeron tres desbrozadoras valoradas en aproximadamente 5.000 euros\" \/>\n<meta property=\"og:url\" content=\"https:\/\/www.copealcoy.es\/es\/detenido-por-un-robo-tras-ser-grabado-por-los-vecinos-en-beniarres\/\" \/>\n<meta property=\"og:site_name\" content=\"COPE Alcoy\" \/>\n<meta property=\"article:published_time\" content=\"2024-08-01T07:05:49+00:00\" \/>\n<meta property=\"article:modified_time\" content=\"2024-10-01T10:23:50+00:00\" \/>\n<meta property=\"og:image\" content=\"https:\/\/www.copealcoy.es\/wp-content\/uploads\/2024\/09\/889921402_249614253_1706x960.webp\" \/>\n\t<meta property=\"og:image:width\" content=\"1706\" \/>\n\t<meta property=\"og:image:height\" content=\"960\" \/>\n\t<meta property=\"og:image:type\" content=\"image\/webp\" \/>\n<meta name=\"author\" content=\"Cope Alcoy\" \/>\n<meta name=\"twitter:label1\" content=\"Escrito por\" \/>\n\t<meta name=\"twitter:data1\" content=\"Cope Alcoy\" \/>\n\t<meta name=\"twitter:label2\" content=\"Tiempo de lectura\" \/>\n\t<meta name=\"twitter:data2\" content=\"2 minutos\" \/>\n<script type=\"application\/ld+json\" class=\"yoast-schema-graph\">{\"@context\":\"https:\\\/\\\/schema.org\",\"@graph\":[{\"@type\":\"Article\",\"@id\":\"https:\\\/\\\/www.copealcoy.es\\\/es\\\/detenido-por-un-robo-tras-ser-grabado-por-los-vecinos-en-beniarres\\\/#article\",\"isPartOf\":{\"@id\":\"https:\\\/\\\/www.copealcoy.es\\\/es\\\/detenido-por-un-robo-tras-ser-grabado-por-los-vecinos-en-beniarres\\\/\"},\"author\":{\"name\":\"Cope Alcoy\",\"@id\":\"https:\\\/\\\/www.copealcoy.es\\\/es\\\/#\\\/schema\\\/person\\\/e777c87fa024e57d40170af9df39882c\"},\"headline\":\"Detenido por un robo tras ser grabado por los vecinos en Beniarr\u00e9s\",\"datePublished\":\"2024-08-01T07:05:49+00:00\",\"dateModified\":\"2024-10-01T10:23:50+00:00\",\"mainEntityOfPage\":{\"@id\":\"https:\\\/\\\/www.copealcoy.es\\\/es\\\/detenido-por-un-robo-tras-ser-grabado-por-los-vecinos-en-beniarres\\\/\"},\"wordCount\":343,\"commentCount\":0,\"image\":{\"@id\":\"https:\\\/\\\/www.copealcoy.es\\\/es\\\/detenido-por-un-robo-tras-ser-grabado-por-los-vecinos-en-beniarres\\\/#primaryimage\"},\"thumbnailUrl\":\"https:\\\/\\\/www.copealcoy.es\\\/wp-content\\\/uploads\\\/2024\\\/09\\\/889921402_249614253_1706x960.webp\",\"keywords\":[\"Beniarres\",\"detenci\u00f3n\",\"Guardia Civil\",\"material de jardiner\u00eda\",\"Robo\"],\"articleSection\":[\"Actualidad\",\"Comarcas\",\"Noticias\"],\"inLanguage\":\"es\"},{\"@type\":\"WebPage\",\"@id\":\"https:\\\/\\\/www.copealcoy.es\\\/es\\\/detenido-por-un-robo-tras-ser-grabado-por-los-vecinos-en-beniarres\\\/\",\"url\":\"https:\\\/\\\/www.copealcoy.es\\\/es\\\/detenido-por-un-robo-tras-ser-grabado-por-los-vecinos-en-beniarres\\\/\",\"name\":\"Detenido por un robo tras ser grabado por los vecinos en Beniarr\u00e9s - COPE Alcoy\",\"isPartOf\":{\"@id\":\"https:\\\/\\\/www.copealcoy.es\\\/es\\\/#website\"},\"primaryImageOfPage\":{\"@id\":\"https:\\\/\\\/www.copealcoy.es\\\/es\\\/detenido-por-un-robo-tras-ser-grabado-por-los-vecinos-en-beniarres\\\/#primaryimage\"},\"image\":{\"@id\":\"https:\\\/\\\/www.copealcoy.es\\\/es\\\/detenido-por-un-robo-tras-ser-grabado-por-los-vecinos-en-beniarres\\\/#primaryimage\"},\"thumbnailUrl\":\"https:\\\/\\\/www.copealcoy.es\\\/wp-content\\\/uploads\\\/2024\\\/09\\\/889921402_249614253_1706x960.webp\",\"datePublished\":\"2024-08-01T07:05:49+00:00\",\"dateModified\":\"2024-10-01T10:23:50+00:00\",\"author\":{\"@id\":\"https:\\\/\\\/www.copealcoy.es\\\/es\\\/#\\\/schema\\\/person\\\/e777c87fa024e57d40170af9df39882c\"},\"description\":\"Tres hombres han sido arrestados tras un robo con fuerza en la localidad de Beniarr\u00e9s (el Comtat), donde sustrajeron tres desbrozadoras valoradas en aproximadamente 5.000 euros\",\"breadcrumb\":{\"@id\":\"https:\\\/\\\/www.copealcoy.es\\\/es\\\/detenido-por-un-robo-tras-ser-grabado-por-los-vecinos-en-beniarres\\\/#breadcrumb\"},\"inLanguage\":\"es\",\"potentialAction\":[{\"@type\":\"ReadAction\",\"target\":[\"https:\\\/\\\/www.copealcoy.es\\\/es\\\/detenido-por-un-robo-tras-ser-grabado-por-los-vecinos-en-beniarres\\\/\"]}]},{\"@type\":\"ImageObject\",\"inLanguage\":\"es\",\"@id\":\"https:\\\/\\\/www.copealcoy.es\\\/es\\\/detenido-por-un-robo-tras-ser-grabado-por-los-vecinos-en-beniarres\\\/#primaryimage\",\"url\":\"https:\\\/\\\/www.copealcoy.es\\\/wp-content\\\/uploads\\\/2024\\\/09\\\/889921402_249614253_1706x960.webp\",\"contentUrl\":\"https:\\\/\\\/www.copealcoy.es\\\/wp-content\\\/uploads\\\/2024\\\/09\\\/889921402_249614253_1706x960.webp\",\"width\":1706,\"height\":960},{\"@type\":\"BreadcrumbList\",\"@id\":\"https:\\\/\\\/www.copealcoy.es\\\/es\\\/detenido-por-un-robo-tras-ser-grabado-por-los-vecinos-en-beniarres\\\/#breadcrumb\",\"itemListElement\":[{\"@type\":\"ListItem\",\"position\":1,\"name\":\"Portada\",\"item\":\"https:\\\/\\\/www.copealcoy.es\\\/es\\\/\"},{\"@type\":\"ListItem\",\"position\":2,\"name\":\"Detenido por un robo tras ser grabado por los vecinos en Beniarr\u00e9s\"}]},{\"@type\":\"WebSite\",\"@id\":\"https:\\\/\\\/www.copealcoy.es\\\/es\\\/#website\",\"url\":\"https:\\\/\\\/www.copealcoy.es\\\/es\\\/\",\"name\":\"COPE Alcoy\",\"description\":\"Emisora COPE de radio local con emisi\u00f3n online. Pont de Sant Jordi 8-10 03803 Alcoy\",\"potentialAction\":[{\"@type\":\"SearchAction\",\"target\":{\"@type\":\"EntryPoint\",\"urlTemplate\":\"https:\\\/\\\/www.copealcoy.es\\\/es\\\/?s={search_term_string}\"},\"query-input\":{\"@type\":\"PropertyValueSpecification\",\"valueRequired\":true,\"valueName\":\"search_term_string\"}}],\"inLanguage\":\"es\"},{\"@type\":\"Person\",\"@id\":\"https:\\\/\\\/www.copealcoy.es\\\/es\\\/#\\\/schema\\\/person\\\/e777c87fa024e57d40170af9df39882c\",\"name\":\"Cope Alcoy\",\"image\":{\"@type\":\"ImageObject\",\"inLanguage\":\"es\",\"@id\":\"https:\\\/\\\/secure.gravatar.com\\\/avatar\\\/bb65d0283347e303893ba14f0692005417c1e0e690a325a4c5d8bb2b3943ee14?s=96&d=mm&r=g\",\"url\":\"https:\\\/\\\/secure.gravatar.com\\\/avatar\\\/bb65d0283347e303893ba14f0692005417c1e0e690a325a4c5d8bb2b3943ee14?s=96&d=mm&r=g\",\"contentUrl\":\"https:\\\/\\\/secure.gravatar.com\\\/avatar\\\/bb65d0283347e303893ba14f0692005417c1e0e690a325a4c5d8bb2b3943ee14?s=96&d=mm&r=g\",\"caption\":\"Cope Alcoy\"}}]}<\/script>\n<!-- \/ Yoast SEO plugin. -->","yoast_head_json":{"title":"Detenido por un robo tras ser grabado por los vecinos en Beniarr\u00e9s - COPE Alcoy","description":"Tres hombres han sido arrestados tras un robo con fuerza en la localidad de Beniarr\u00e9s (el Comtat), donde sustrajeron tres desbrozadoras valoradas en aproximadamente 5.000 euros","robots":{"index":"index","follow":"follow","max-snippet":"max-snippet:-1","max-image-preview":"max-image-preview:large","max-video-preview":"max-video-preview:-1"},"canonical":"https:\/\/www.copealcoy.es\/es\/detenido-por-un-robo-tras-ser-grabado-por-los-vecinos-en-beniarres\/","og_locale":"es_ES","og_type":"article","og_title":"Detenido por un robo tras ser grabado por los vecinos en Beniarr\u00e9s - COPE Alcoy","og_description":"Tres hombres han sido arrestados tras un robo con fuerza en la localidad de Beniarr\u00e9s (el Comtat), donde sustrajeron tres desbrozadoras valoradas en aproximadamente 5.000 euros","og_url":"https:\/\/www.copealcoy.es\/es\/detenido-por-un-robo-tras-ser-grabado-por-los-vecinos-en-beniarres\/","og_site_name":"COPE Alcoy","article_published_time":"2024-08-01T07:05:49+00:00","article_modified_time":"2024-10-01T10:23:50+00:00","og_image":[{"width":1706,"height":960,"url":"https:\/\/www.copealcoy.es\/wp-content\/uploads\/2024\/09\/889921402_249614253_1706x960.webp","type":"image\/webp"}],"author":"Cope Alcoy","twitter_misc":{"Escrito por":"Cope Alcoy","Tiempo de lectura":"2 minutos"},"schema":{"@context":"https:\/\/schema.org","@graph":[{"@type":"Article","@id":"https:\/\/www.copealcoy.es\/es\/detenido-por-un-robo-tras-ser-grabado-por-los-vecinos-en-beniarres\/#article","isPartOf":{"@id":"https:\/\/www.copealcoy.es\/es\/detenido-por-un-robo-tras-ser-grabado-por-los-vecinos-en-beniarres\/"},"author":{"name":"Cope Alcoy","@id":"https:\/\/www.copealcoy.es\/es\/#\/schema\/person\/e777c87fa024e57d40170af9df39882c"},"headline":"Detenido por un robo tras ser grabado por los vecinos en Beniarr\u00e9s","datePublished":"2024-08-01T07:05:49+00:00","dateModified":"2024-10-01T10:23:50+00:00","mainEntityOfPage":{"@id":"https:\/\/www.copealcoy.es\/es\/detenido-por-un-robo-tras-ser-grabado-por-los-vecinos-en-beniarres\/"},"wordCount":343,"commentCount":0,"image":{"@id":"https:\/\/www.copealcoy.es\/es\/detenido-por-un-robo-tras-ser-grabado-por-los-vecinos-en-beniarres\/#primaryimage"},"thumbnailUrl":"https:\/\/www.copealcoy.es\/wp-content\/uploads\/2024\/09\/889921402_249614253_1706x960.webp","keywords":["Beniarres","detenci\u00f3n","Guardia Civil","material de jardiner\u00eda","Robo"],"articleSection":["Actualidad","Comarcas","Noticias"],"inLanguage":"es"},{"@type":"WebPage","@id":"https:\/\/www.copealcoy.es\/es\/detenido-por-un-robo-tras-ser-grabado-por-los-vecinos-en-beniarres\/","url":"https:\/\/www.copealcoy.es\/es\/detenido-por-un-robo-tras-ser-grabado-por-los-vecinos-en-beniarres\/","name":"Detenido por un robo tras ser grabado por los vecinos en Beniarr\u00e9s - COPE Alcoy","isPartOf":{"@id":"https:\/\/www.copealcoy.es\/es\/#website"},"primaryImageOfPage":{"@id":"https:\/\/www.copealcoy.es\/es\/detenido-por-un-robo-tras-ser-grabado-por-los-vecinos-en-beniarres\/#primaryimage"},"image":{"@id":"https:\/\/www.copealcoy.es\/es\/detenido-por-un-robo-tras-ser-grabado-por-los-vecinos-en-beniarres\/#primaryimage"},"thumbnailUrl":"https:\/\/www.copealcoy.es\/wp-content\/uploads\/2024\/09\/889921402_249614253_1706x960.webp","datePublished":"2024-08-01T07:05:49+00:00","dateModified":"2024-10-01T10:23:50+00:00","author":{"@id":"https:\/\/www.copealcoy.es\/es\/#\/schema\/person\/e777c87fa024e57d40170af9df39882c"},"description":"Tres hombres han sido arrestados tras un robo con fuerza en la localidad de Beniarr\u00e9s (el Comtat), donde sustrajeron tres desbrozadoras valoradas en aproximadamente 5.000 euros","breadcrumb":{"@id":"https:\/\/www.copealcoy.es\/es\/detenido-por-un-robo-tras-ser-grabado-por-los-vecinos-en-beniarres\/#breadcrumb"},"inLanguage":"es","potentialAction":[{"@type":"ReadAction","target":["https:\/\/www.copealcoy.es\/es\/detenido-por-un-robo-tras-ser-grabado-por-los-vecinos-en-beniarres\/"]}]},{"@type":"ImageObject","inLanguage":"es","@id":"https:\/\/www.copealcoy.es\/es\/detenido-por-un-robo-tras-ser-grabado-por-los-vecinos-en-beniarres\/#primaryimage","url":"https:\/\/www.copealcoy.es\/wp-content\/uploads\/2024\/09\/889921402_249614253_1706x960.webp","contentUrl":"https:\/\/www.copealcoy.es\/wp-content\/uploads\/2024\/09\/889921402_249614253_1706x960.webp","width":1706,"height":960},{"@type":"BreadcrumbList","@id":"https:\/\/www.copealcoy.es\/es\/detenido-por-un-robo-tras-ser-grabado-por-los-vecinos-en-beniarres\/#breadcrumb","itemListElement":[{"@type":"ListItem","position":1,"name":"Portada","item":"https:\/\/www.copealcoy.es\/es\/"},{"@type":"ListItem","position":2,"name":"Detenido por un robo tras ser grabado por los vecinos en Beniarr\u00e9s"}]},{"@type":"WebSite","@id":"https:\/\/www.copealcoy.es\/es\/#website","url":"https:\/\/www.copealcoy.es\/es\/","name":"COPE Alcoy","description":"Emisora COPE de radio local con emisi\u00f3n online. Pont de Sant Jordi 8-10 03803 Alcoy","potentialAction":[{"@type":"SearchAction","target":{"@type":"EntryPoint","urlTemplate":"https:\/\/www.copealcoy.es\/es\/?s={search_term_string}"},"query-input":{"@type":"PropertyValueSpecification","valueRequired":true,"valueName":"search_term_string"}}],"inLanguage":"es"},{"@type":"Person","@id":"https:\/\/www.copealcoy.es\/es\/#\/schema\/person\/e777c87fa024e57d40170af9df39882c","name":"Cope Alcoy","image":{"@type":"ImageObject","inLanguage":"es","@id":"https:\/\/secure.gravatar.com\/avatar\/bb65d0283347e303893ba14f0692005417c1e0e690a325a4c5d8bb2b3943ee14?s=96&d=mm&r=g","url":"https:\/\/secure.gravatar.com\/avatar\/bb65d0283347e303893ba14f0692005417c1e0e690a325a4c5d8bb2b3943ee14?s=96&d=mm&r=g","contentUrl":"https:\/\/secure.gravatar.com\/avatar\/bb65d0283347e303893ba14f0692005417c1e0e690a325a4c5d8bb2b3943ee14?s=96&d=mm&r=g","caption":"Cope Alcoy"}}]}},"_links":{"self":[{"href":"https:\/\/www.copealcoy.es\/es\/wp-json\/wp\/v2\/posts\/140929","targetHints":{"allow":["GET"]}}],"collection":[{"href":"https:\/\/www.copealcoy.es\/es\/wp-json\/wp\/v2\/posts"}],"about":[{"href":"https:\/\/www.copealcoy.es\/es\/wp-json\/wp\/v2\/types\/post"}],"author":[{"embeddable":true,"href":"https:\/\/www.copealcoy.es\/es\/wp-json\/wp\/v2\/users\/1"}],"replies":[{"embeddable":true,"href":"https:\/\/www.copealcoy.es\/es\/wp-json\/wp\/v2\/comments?post=140929"}],"version-history":[{"count":0,"href":"https:\/\/www.copealcoy.es\/es\/wp-json\/wp\/v2\/posts\/140929\/revisions"}],"wp:featuredmedia":[{"embeddable":true,"href":"https:\/\/www.copealcoy.es\/es\/wp-json\/wp\/v2\/media\/140930"}],"wp:attachment":[{"href":"https:\/\/www.copealcoy.es\/es\/wp-json\/wp\/v2\/media?parent=140929"}],"wp:term":[{"taxonomy":"category","embeddable":true,"href":"https:\/\/www.copealcoy.es\/es\/wp-json\/wp\/v2\/categories?post=140929"},{"taxonomy":"post_tag","embeddable":true,"href":"https:\/\/www.copealcoy.es\/es\/wp-json\/wp\/v2\/tags?post=140929"}],"curies":[{"name":"wp","href":"https:\/\/api.w.org\/{rel}","templated":true}]}}