{"id":140730,"date":"2024-09-27T07:46:31","date_gmt":"2024-09-27T06:46:31","guid":{"rendered":"https:\/\/www.copealcoy.es\/?p=140730"},"modified":"2024-09-28T07:56:53","modified_gmt":"2024-09-28T06:56:53","slug":"escucha-aqui-el-programa-especial-de-la-feria-modernista-de-alcoy-desde-el-centro-comercial-alzamora-2","status":"publish","type":"post","link":"https:\/\/www.copealcoy.es\/es\/escucha-aqui-el-programa-especial-de-la-feria-modernista-de-alcoy-desde-el-centro-comercial-alzamora-2\/","title":{"rendered":"Escucha aqu\u00ed el programa especial de la Feria Modernista de Alcoy desde el Centro Comercial Alzamora"},"content":{"rendered":"<p><iframe loading=\"lazy\" title=\"Programa Especial Feria Modernista 2024-Viernes 27 De Septiembre 2024\" width=\"100%\" height=\"120\" src=\"https:\/\/www.mixcloud.com\/widget\/iframe\/?feed=https%3A%2F%2Fwww.mixcloud.com%2FCOPEAlcoy%2Fprograma-especial-feria-modernista-2024-viernes-27-de-septiembre-2024%2F&amp;hide_cover=1\" frameborder=\"0\"><\/iframe><\/p>\n<p style=\"text-align: justify;\">COPE ALCOY ha estado este viernes en el <a href=\"https:\/\/www.ccalzamora.es\/\" target=\"_blank\" rel=\"noopener\"><span style=\"color: #0000ff;\"><strong>Centro Comercial Alzamora<\/strong><\/span><\/a> para ofrecerte <strong>un programa especial<\/strong> con ocasi\u00f3n del inicio de la s\u00e9ptima edici\u00f3n de la Feria Modernista de Alcoy. Todo ello a escasas horas de que arranque un certamen que en esta ocasi\u00f3n cumple siete ediciones.<\/p>\n<p style=\"text-align: justify;\">El mes de septiembre trae consigo\u00a0<strong>una nueva edici\u00f3n de la Semana y Feria Modernista de Alcoy,<\/strong>\u00a0un certamen que este a\u00f1o vivir\u00e1 sus d\u00edas grandes este fin de semana y que\u00a0<strong>estar\u00e1 dedicado a Gonzalo Cant\u00f3<\/strong>. Desde la concejal\u00eda de Turismo del Ayuntamiento de Alcoy se ha preparado\u00a0<strong>un amplio abanico de actividades<\/strong>, muchas de las cuales ya han tenido lugar,\u00a0y que puedes consultar con todo detalle\u00a0<a href=\"https:\/\/www.alcoyturismo.com\/pag\/4165\/semana-modernista.html?lang=1\" target=\"_blank\" rel=\"noopener\"><strong>aqu\u00ed<\/strong><\/a>.<\/p>\n<p style=\"text-align: justify;\">Caba destacar que la Semana Modernista arranc\u00f3 el pasado lunes 23 de septiembre, a las 19:00h, con el\u00a0<strong>descubrimiento del cartel anunciador<\/strong>\u00a0del certamen en la fachada del Ayuntamiento de Alcoy cuya autora es\u00a0<strong>Lola Llopis<\/strong>. Ya este\u00a0<strong>viernes<\/strong>\u00a0por la tarde ser\u00e1 el preg\u00f3n, a cargo del bailar\u00edn Isaac Montllor, y despu\u00e9s se llevar\u00e1 a cabo el tradicional pasacalle que este a\u00f1o estrena novedades puesto que bajar\u00e1 por Sant Nicolau para finalizar en la plaza de Espanya donde habr\u00e1 una cena popular amenizada por una verbena a cargo de \u2018Swing 26\u2019.<\/p>\n<p style=\"text-align: justify;\">No faltan en la programaci\u00f3n\u00a0<strong>la Feria Modernista en s\u00ed<\/strong>, que abrir\u00e1 sus puertas el\u00a0<strong>s\u00e1bado<\/strong>\u00a0por la ma\u00f1ana en La Glorieta, y actos en recuerdo de Gonzalo Cant\u00f3 como la representaci\u00f3n de la obra de teatro \u2018Sombras de Bohemia\u2019 junto a una recepci\u00f3n al protagonista por parte del alcalde y autoridades de la \u00e9poca \u00ab<em>la Feria es un evento al final de todos as\u00ed que animamos a que la gente participe y disfrute de todo lo que hemos preparado. Tambi\u00e9n esperamos a los vecinos de la comarca para que vengan a acompa\u00f1arnos en estos d\u00edas tan especiales<\/em>\u00ab, afirma la concejala de Turismo;\u00a0<strong>Lorena Zamorano<\/strong>. En la clausura del\u00a0<strong>domingo<\/strong>\u00a0tambi\u00e9n se llevar\u00e1 a cabo\u00a0<strong>un homenaje<\/strong>\u00a0a esta figura referente de nuestra ciudad que tendr\u00e1 lugar a mediod\u00eda del domingo 29 de septiembre en la plaza que lleva su nombre en las inmediaciones del barrio de Santa Rosa. All\u00ed se descubrir\u00e1 un monumento en su honor e incluso habr\u00e1 varias lecturas de versos.<\/p>\n<div id='gallery-1' class='gallery galleryid-140730 gallery-columns-2 gallery-size-large'><figure class='gallery-item'>\n\t\t\t<div class='gallery-icon landscape'>\n\t\t\t\t<a href='https:\/\/www.copealcoy.es\/es\/escucha-aqui-el-programa-especial-de-la-feria-modernista-de-alcoy-desde-el-centro-comercial-alzamora-2\/unnamed-4-39\/'><img loading=\"lazy\" decoding=\"async\" width=\"980\" height=\"588\" src=\"https:\/\/www.copealcoy.es\/wp-content\/uploads\/2024\/09\/unnamed-4-5-980x588.jpg\" class=\"attachment-large size-large\" alt=\"\" \/><\/a>\n\t\t\t<\/div><\/figure><figure class='gallery-item'>\n\t\t\t<div class='gallery-icon landscape'>\n\t\t\t\t<a href='https:\/\/www.copealcoy.es\/es\/escucha-aqui-el-programa-especial-de-la-feria-modernista-de-alcoy-desde-el-centro-comercial-alzamora-2\/unnamed-3-47\/'><img loading=\"lazy\" decoding=\"async\" width=\"980\" height=\"588\" src=\"https:\/\/www.copealcoy.es\/wp-content\/uploads\/2024\/09\/unnamed-3-2-980x588.jpg\" class=\"attachment-large size-large\" alt=\"\" \/><\/a>\n\t\t\t<\/div><\/figure><figure class='gallery-item'>\n\t\t\t<div class='gallery-icon landscape'>\n\t\t\t\t<a href='https:\/\/www.copealcoy.es\/es\/escucha-aqui-el-programa-especial-de-la-feria-modernista-de-alcoy-desde-el-centro-comercial-alzamora-2\/unnamed-1-520\/'><img loading=\"lazy\" decoding=\"async\" width=\"980\" height=\"588\" src=\"https:\/\/www.copealcoy.es\/wp-content\/uploads\/2024\/09\/unnamed-1-32-980x588.jpg\" class=\"attachment-large size-large\" alt=\"\" \/><\/a>\n\t\t\t<\/div><\/figure><figure class='gallery-item'>\n\t\t\t<div class='gallery-icon landscape'>\n\t\t\t\t<a href='https:\/\/www.copealcoy.es\/es\/escucha-aqui-el-programa-especial-de-la-feria-modernista-de-alcoy-desde-el-centro-comercial-alzamora-2\/unnamed-5-25\/'><img loading=\"lazy\" decoding=\"async\" width=\"980\" height=\"588\" src=\"https:\/\/www.copealcoy.es\/wp-content\/uploads\/2024\/09\/unnamed-5-4-980x588.jpg\" class=\"attachment-large size-large\" alt=\"\" \/><\/a>\n\t\t\t<\/div><\/figure>\n\t\t<\/div>\n\n","protected":false},"excerpt":{"rendered":"<p>COPE ALCOY ha estado este viernes en el Centro Comercial Alzamora para ofrecerte un programa especial con ocasi\u00f3n del inicio&#8230;<\/p>\n","protected":false},"author":1,"featured_media":140731,"comment_status":"open","ping_status":"open","sticky":false,"template":"","format":"standard","meta":{"footnotes":""},"categories":[6910],"tags":[],"class_list":["post-140730","post","type-post","status-publish","format-standard","has-post-thumbnail","hentry","category-podcast"],"yoast_head":"<!-- This site is optimized with the Yoast SEO plugin v27.3 - https:\/\/yoast.com\/product\/yoast-seo-wordpress\/ -->\n<title>Escucha aqu\u00ed el programa especial de la Feria Modernista de Alcoy desde el Centro Comercial Alzamora - COPE Alcoy<\/title>\n<meta name=\"robots\" content=\"index, follow, max-snippet:-1, max-image-preview:large, max-video-preview:-1\" \/>\n<link rel=\"canonical\" href=\"https:\/\/www.copealcoy.es\/es\/escucha-aqui-el-programa-especial-de-la-feria-modernista-de-alcoy-desde-el-centro-comercial-alzamora-2\/\" \/>\n<meta property=\"og:locale\" content=\"es_ES\" \/>\n<meta property=\"og:type\" content=\"article\" \/>\n<meta property=\"og:title\" content=\"Escucha aqu\u00ed el programa especial de la Feria Modernista de Alcoy desde el Centro Comercial Alzamora - COPE Alcoy\" \/>\n<meta property=\"og:description\" content=\"COPE ALCOY ha estado este viernes en el Centro Comercial Alzamora para ofrecerte un programa especial con ocasi\u00f3n del inicio...\" \/>\n<meta property=\"og:url\" content=\"https:\/\/www.copealcoy.es\/es\/escucha-aqui-el-programa-especial-de-la-feria-modernista-de-alcoy-desde-el-centro-comercial-alzamora-2\/\" \/>\n<meta property=\"og:site_name\" content=\"COPE Alcoy\" \/>\n<meta property=\"article:published_time\" content=\"2024-09-27T06:46:31+00:00\" \/>\n<meta property=\"article:modified_time\" content=\"2024-09-28T06:56:53+00:00\" \/>\n<meta property=\"og:image\" content=\"https:\/\/www.copealcoy.es\/wp-content\/uploads\/2024\/09\/unnamed-2-5-scaled.jpg\" \/>\n\t<meta property=\"og:image:width\" content=\"1440\" \/>\n\t<meta property=\"og:image:height\" content=\"1080\" \/>\n\t<meta property=\"og:image:type\" content=\"image\/jpeg\" \/>\n<meta name=\"author\" content=\"Cope Alcoy\" \/>\n<meta name=\"twitter:label1\" content=\"Escrito por\" \/>\n\t<meta name=\"twitter:data1\" content=\"Cope Alcoy\" \/>\n\t<meta name=\"twitter:label2\" content=\"Tiempo de lectura\" \/>\n\t<meta name=\"twitter:data2\" content=\"3 minutos\" \/>\n<script type=\"application\/ld+json\" class=\"yoast-schema-graph\">{\"@context\":\"https:\\\/\\\/schema.org\",\"@graph\":[{\"@type\":\"Article\",\"@id\":\"https:\\\/\\\/www.copealcoy.es\\\/es\\\/escucha-aqui-el-programa-especial-de-la-feria-modernista-de-alcoy-desde-el-centro-comercial-alzamora-2\\\/#article\",\"isPartOf\":{\"@id\":\"https:\\\/\\\/www.copealcoy.es\\\/es\\\/escucha-aqui-el-programa-especial-de-la-feria-modernista-de-alcoy-desde-el-centro-comercial-alzamora-2\\\/\"},\"author\":{\"name\":\"Cope Alcoy\",\"@id\":\"https:\\\/\\\/www.copealcoy.es\\\/es\\\/#\\\/schema\\\/person\\\/e777c87fa024e57d40170af9df39882c\"},\"headline\":\"Escucha aqu\u00ed el programa especial de la Feria Modernista de Alcoy desde el Centro Comercial Alzamora\",\"datePublished\":\"2024-09-27T06:46:31+00:00\",\"dateModified\":\"2024-09-28T06:56:53+00:00\",\"mainEntityOfPage\":{\"@id\":\"https:\\\/\\\/www.copealcoy.es\\\/es\\\/escucha-aqui-el-programa-especial-de-la-feria-modernista-de-alcoy-desde-el-centro-comercial-alzamora-2\\\/\"},\"wordCount\":421,\"commentCount\":0,\"image\":{\"@id\":\"https:\\\/\\\/www.copealcoy.es\\\/es\\\/escucha-aqui-el-programa-especial-de-la-feria-modernista-de-alcoy-desde-el-centro-comercial-alzamora-2\\\/#primaryimage\"},\"thumbnailUrl\":\"https:\\\/\\\/www.copealcoy.es\\\/wp-content\\\/uploads\\\/2024\\\/09\\\/unnamed-2-5-scaled.jpg\",\"articleSection\":[\"Podcast\"],\"inLanguage\":\"es\"},{\"@type\":\"WebPage\",\"@id\":\"https:\\\/\\\/www.copealcoy.es\\\/es\\\/escucha-aqui-el-programa-especial-de-la-feria-modernista-de-alcoy-desde-el-centro-comercial-alzamora-2\\\/\",\"url\":\"https:\\\/\\\/www.copealcoy.es\\\/es\\\/escucha-aqui-el-programa-especial-de-la-feria-modernista-de-alcoy-desde-el-centro-comercial-alzamora-2\\\/\",\"name\":\"Escucha aqu\u00ed el programa especial de la Feria Modernista de Alcoy desde el Centro Comercial Alzamora - COPE Alcoy\",\"isPartOf\":{\"@id\":\"https:\\\/\\\/www.copealcoy.es\\\/es\\\/#website\"},\"primaryImageOfPage\":{\"@id\":\"https:\\\/\\\/www.copealcoy.es\\\/es\\\/escucha-aqui-el-programa-especial-de-la-feria-modernista-de-alcoy-desde-el-centro-comercial-alzamora-2\\\/#primaryimage\"},\"image\":{\"@id\":\"https:\\\/\\\/www.copealcoy.es\\\/es\\\/escucha-aqui-el-programa-especial-de-la-feria-modernista-de-alcoy-desde-el-centro-comercial-alzamora-2\\\/#primaryimage\"},\"thumbnailUrl\":\"https:\\\/\\\/www.copealcoy.es\\\/wp-content\\\/uploads\\\/2024\\\/09\\\/unnamed-2-5-scaled.jpg\",\"datePublished\":\"2024-09-27T06:46:31+00:00\",\"dateModified\":\"2024-09-28T06:56:53+00:00\",\"author\":{\"@id\":\"https:\\\/\\\/www.copealcoy.es\\\/es\\\/#\\\/schema\\\/person\\\/e777c87fa024e57d40170af9df39882c\"},\"breadcrumb\":{\"@id\":\"https:\\\/\\\/www.copealcoy.es\\\/es\\\/escucha-aqui-el-programa-especial-de-la-feria-modernista-de-alcoy-desde-el-centro-comercial-alzamora-2\\\/#breadcrumb\"},\"inLanguage\":\"es\",\"potentialAction\":[{\"@type\":\"ReadAction\",\"target\":[\"https:\\\/\\\/www.copealcoy.es\\\/es\\\/escucha-aqui-el-programa-especial-de-la-feria-modernista-de-alcoy-desde-el-centro-comercial-alzamora-2\\\/\"]}]},{\"@type\":\"ImageObject\",\"inLanguage\":\"es\",\"@id\":\"https:\\\/\\\/www.copealcoy.es\\\/es\\\/escucha-aqui-el-programa-especial-de-la-feria-modernista-de-alcoy-desde-el-centro-comercial-alzamora-2\\\/#primaryimage\",\"url\":\"https:\\\/\\\/www.copealcoy.es\\\/wp-content\\\/uploads\\\/2024\\\/09\\\/unnamed-2-5-scaled.jpg\",\"contentUrl\":\"https:\\\/\\\/www.copealcoy.es\\\/wp-content\\\/uploads\\\/2024\\\/09\\\/unnamed-2-5-scaled.jpg\",\"width\":1440,\"height\":1080},{\"@type\":\"BreadcrumbList\",\"@id\":\"https:\\\/\\\/www.copealcoy.es\\\/es\\\/escucha-aqui-el-programa-especial-de-la-feria-modernista-de-alcoy-desde-el-centro-comercial-alzamora-2\\\/#breadcrumb\",\"itemListElement\":[{\"@type\":\"ListItem\",\"position\":1,\"name\":\"Portada\",\"item\":\"https:\\\/\\\/www.copealcoy.es\\\/es\\\/\"},{\"@type\":\"ListItem\",\"position\":2,\"name\":\"Escucha aqu\u00ed el programa especial de la Feria Modernista de Alcoy desde el Centro Comercial Alzamora\"}]},{\"@type\":\"WebSite\",\"@id\":\"https:\\\/\\\/www.copealcoy.es\\\/es\\\/#website\",\"url\":\"https:\\\/\\\/www.copealcoy.es\\\/es\\\/\",\"name\":\"COPE Alcoy\",\"description\":\"Emisora COPE de radio local con emisi\u00f3n online. Pont de Sant Jordi 8-10 03803 Alcoy\",\"potentialAction\":[{\"@type\":\"SearchAction\",\"target\":{\"@type\":\"EntryPoint\",\"urlTemplate\":\"https:\\\/\\\/www.copealcoy.es\\\/es\\\/?s={search_term_string}\"},\"query-input\":{\"@type\":\"PropertyValueSpecification\",\"valueRequired\":true,\"valueName\":\"search_term_string\"}}],\"inLanguage\":\"es\"},{\"@type\":\"Person\",\"@id\":\"https:\\\/\\\/www.copealcoy.es\\\/es\\\/#\\\/schema\\\/person\\\/e777c87fa024e57d40170af9df39882c\",\"name\":\"Cope Alcoy\",\"image\":{\"@type\":\"ImageObject\",\"inLanguage\":\"es\",\"@id\":\"https:\\\/\\\/secure.gravatar.com\\\/avatar\\\/bb65d0283347e303893ba14f0692005417c1e0e690a325a4c5d8bb2b3943ee14?s=96&d=mm&r=g\",\"url\":\"https:\\\/\\\/secure.gravatar.com\\\/avatar\\\/bb65d0283347e303893ba14f0692005417c1e0e690a325a4c5d8bb2b3943ee14?s=96&d=mm&r=g\",\"contentUrl\":\"https:\\\/\\\/secure.gravatar.com\\\/avatar\\\/bb65d0283347e303893ba14f0692005417c1e0e690a325a4c5d8bb2b3943ee14?s=96&d=mm&r=g\",\"caption\":\"Cope Alcoy\"}}]}<\/script>\n<!-- \/ Yoast SEO plugin. -->","yoast_head_json":{"title":"Escucha aqu\u00ed el programa especial de la Feria Modernista de Alcoy desde el Centro Comercial Alzamora - COPE Alcoy","robots":{"index":"index","follow":"follow","max-snippet":"max-snippet:-1","max-image-preview":"max-image-preview:large","max-video-preview":"max-video-preview:-1"},"canonical":"https:\/\/www.copealcoy.es\/es\/escucha-aqui-el-programa-especial-de-la-feria-modernista-de-alcoy-desde-el-centro-comercial-alzamora-2\/","og_locale":"es_ES","og_type":"article","og_title":"Escucha aqu\u00ed el programa especial de la Feria Modernista de Alcoy desde el Centro Comercial Alzamora - COPE Alcoy","og_description":"COPE ALCOY ha estado este viernes en el Centro Comercial Alzamora para ofrecerte un programa especial con ocasi\u00f3n del inicio...","og_url":"https:\/\/www.copealcoy.es\/es\/escucha-aqui-el-programa-especial-de-la-feria-modernista-de-alcoy-desde-el-centro-comercial-alzamora-2\/","og_site_name":"COPE Alcoy","article_published_time":"2024-09-27T06:46:31+00:00","article_modified_time":"2024-09-28T06:56:53+00:00","og_image":[{"width":1440,"height":1080,"url":"https:\/\/www.copealcoy.es\/wp-content\/uploads\/2024\/09\/unnamed-2-5-scaled.jpg","type":"image\/jpeg"}],"author":"Cope Alcoy","twitter_misc":{"Escrito por":"Cope Alcoy","Tiempo de lectura":"3 minutos"},"schema":{"@context":"https:\/\/schema.org","@graph":[{"@type":"Article","@id":"https:\/\/www.copealcoy.es\/es\/escucha-aqui-el-programa-especial-de-la-feria-modernista-de-alcoy-desde-el-centro-comercial-alzamora-2\/#article","isPartOf":{"@id":"https:\/\/www.copealcoy.es\/es\/escucha-aqui-el-programa-especial-de-la-feria-modernista-de-alcoy-desde-el-centro-comercial-alzamora-2\/"},"author":{"name":"Cope Alcoy","@id":"https:\/\/www.copealcoy.es\/es\/#\/schema\/person\/e777c87fa024e57d40170af9df39882c"},"headline":"Escucha aqu\u00ed el programa especial de la Feria Modernista de Alcoy desde el Centro Comercial Alzamora","datePublished":"2024-09-27T06:46:31+00:00","dateModified":"2024-09-28T06:56:53+00:00","mainEntityOfPage":{"@id":"https:\/\/www.copealcoy.es\/es\/escucha-aqui-el-programa-especial-de-la-feria-modernista-de-alcoy-desde-el-centro-comercial-alzamora-2\/"},"wordCount":421,"commentCount":0,"image":{"@id":"https:\/\/www.copealcoy.es\/es\/escucha-aqui-el-programa-especial-de-la-feria-modernista-de-alcoy-desde-el-centro-comercial-alzamora-2\/#primaryimage"},"thumbnailUrl":"https:\/\/www.copealcoy.es\/wp-content\/uploads\/2024\/09\/unnamed-2-5-scaled.jpg","articleSection":["Podcast"],"inLanguage":"es"},{"@type":"WebPage","@id":"https:\/\/www.copealcoy.es\/es\/escucha-aqui-el-programa-especial-de-la-feria-modernista-de-alcoy-desde-el-centro-comercial-alzamora-2\/","url":"https:\/\/www.copealcoy.es\/es\/escucha-aqui-el-programa-especial-de-la-feria-modernista-de-alcoy-desde-el-centro-comercial-alzamora-2\/","name":"Escucha aqu\u00ed el programa especial de la Feria Modernista de Alcoy desde el Centro Comercial Alzamora - COPE Alcoy","isPartOf":{"@id":"https:\/\/www.copealcoy.es\/es\/#website"},"primaryImageOfPage":{"@id":"https:\/\/www.copealcoy.es\/es\/escucha-aqui-el-programa-especial-de-la-feria-modernista-de-alcoy-desde-el-centro-comercial-alzamora-2\/#primaryimage"},"image":{"@id":"https:\/\/www.copealcoy.es\/es\/escucha-aqui-el-programa-especial-de-la-feria-modernista-de-alcoy-desde-el-centro-comercial-alzamora-2\/#primaryimage"},"thumbnailUrl":"https:\/\/www.copealcoy.es\/wp-content\/uploads\/2024\/09\/unnamed-2-5-scaled.jpg","datePublished":"2024-09-27T06:46:31+00:00","dateModified":"2024-09-28T06:56:53+00:00","author":{"@id":"https:\/\/www.copealcoy.es\/es\/#\/schema\/person\/e777c87fa024e57d40170af9df39882c"},"breadcrumb":{"@id":"https:\/\/www.copealcoy.es\/es\/escucha-aqui-el-programa-especial-de-la-feria-modernista-de-alcoy-desde-el-centro-comercial-alzamora-2\/#breadcrumb"},"inLanguage":"es","potentialAction":[{"@type":"ReadAction","target":["https:\/\/www.copealcoy.es\/es\/escucha-aqui-el-programa-especial-de-la-feria-modernista-de-alcoy-desde-el-centro-comercial-alzamora-2\/"]}]},{"@type":"ImageObject","inLanguage":"es","@id":"https:\/\/www.copealcoy.es\/es\/escucha-aqui-el-programa-especial-de-la-feria-modernista-de-alcoy-desde-el-centro-comercial-alzamora-2\/#primaryimage","url":"https:\/\/www.copealcoy.es\/wp-content\/uploads\/2024\/09\/unnamed-2-5-scaled.jpg","contentUrl":"https:\/\/www.copealcoy.es\/wp-content\/uploads\/2024\/09\/unnamed-2-5-scaled.jpg","width":1440,"height":1080},{"@type":"BreadcrumbList","@id":"https:\/\/www.copealcoy.es\/es\/escucha-aqui-el-programa-especial-de-la-feria-modernista-de-alcoy-desde-el-centro-comercial-alzamora-2\/#breadcrumb","itemListElement":[{"@type":"ListItem","position":1,"name":"Portada","item":"https:\/\/www.copealcoy.es\/es\/"},{"@type":"ListItem","position":2,"name":"Escucha aqu\u00ed el programa especial de la Feria Modernista de Alcoy desde el Centro Comercial Alzamora"}]},{"@type":"WebSite","@id":"https:\/\/www.copealcoy.es\/es\/#website","url":"https:\/\/www.copealcoy.es\/es\/","name":"COPE Alcoy","description":"Emisora COPE de radio local con emisi\u00f3n online. Pont de Sant Jordi 8-10 03803 Alcoy","potentialAction":[{"@type":"SearchAction","target":{"@type":"EntryPoint","urlTemplate":"https:\/\/www.copealcoy.es\/es\/?s={search_term_string}"},"query-input":{"@type":"PropertyValueSpecification","valueRequired":true,"valueName":"search_term_string"}}],"inLanguage":"es"},{"@type":"Person","@id":"https:\/\/www.copealcoy.es\/es\/#\/schema\/person\/e777c87fa024e57d40170af9df39882c","name":"Cope Alcoy","image":{"@type":"ImageObject","inLanguage":"es","@id":"https:\/\/secure.gravatar.com\/avatar\/bb65d0283347e303893ba14f0692005417c1e0e690a325a4c5d8bb2b3943ee14?s=96&d=mm&r=g","url":"https:\/\/secure.gravatar.com\/avatar\/bb65d0283347e303893ba14f0692005417c1e0e690a325a4c5d8bb2b3943ee14?s=96&d=mm&r=g","contentUrl":"https:\/\/secure.gravatar.com\/avatar\/bb65d0283347e303893ba14f0692005417c1e0e690a325a4c5d8bb2b3943ee14?s=96&d=mm&r=g","caption":"Cope Alcoy"}}]}},"_links":{"self":[{"href":"https:\/\/www.copealcoy.es\/es\/wp-json\/wp\/v2\/posts\/140730","targetHints":{"allow":["GET"]}}],"collection":[{"href":"https:\/\/www.copealcoy.es\/es\/wp-json\/wp\/v2\/posts"}],"about":[{"href":"https:\/\/www.copealcoy.es\/es\/wp-json\/wp\/v2\/types\/post"}],"author":[{"embeddable":true,"href":"https:\/\/www.copealcoy.es\/es\/wp-json\/wp\/v2\/users\/1"}],"replies":[{"embeddable":true,"href":"https:\/\/www.copealcoy.es\/es\/wp-json\/wp\/v2\/comments?post=140730"}],"version-history":[{"count":0,"href":"https:\/\/www.copealcoy.es\/es\/wp-json\/wp\/v2\/posts\/140730\/revisions"}],"wp:featuredmedia":[{"embeddable":true,"href":"https:\/\/www.copealcoy.es\/es\/wp-json\/wp\/v2\/media\/140731"}],"wp:attachment":[{"href":"https:\/\/www.copealcoy.es\/es\/wp-json\/wp\/v2\/media?parent=140730"}],"wp:term":[{"taxonomy":"category","embeddable":true,"href":"https:\/\/www.copealcoy.es\/es\/wp-json\/wp\/v2\/categories?post=140730"},{"taxonomy":"post_tag","embeddable":true,"href":"https:\/\/www.copealcoy.es\/es\/wp-json\/wp\/v2\/tags?post=140730"}],"curies":[{"name":"wp","href":"https:\/\/api.w.org\/{rel}","templated":true}]}}