{"id":140721,"date":"2024-09-28T07:21:34","date_gmt":"2024-09-28T06:21:34","guid":{"rendered":"https:\/\/www.copealcoy.es\/?p=140721"},"modified":"2024-09-30T08:04:07","modified_gmt":"2024-09-30T07:04:07","slug":"cocentaina-abre-el-camino-hacia-la-678-edicion-de-la-fira-de-tots-sants","status":"publish","type":"post","link":"https:\/\/www.copealcoy.es\/es\/cocentaina-abre-el-camino-hacia-la-678-edicion-de-la-fira-de-tots-sants\/","title":{"rendered":"Cocentaina abre el camino hacia la 678 edici\u00f3n de la Fira de Tots Sants"},"content":{"rendered":"<p style=\"text-align: justify;\">Queda poco m\u00e1s de un mes para que Cocentaina celebre <strong>la 678 edici\u00f3n de su <a href=\"https:\/\/www.firadecocentaina.org\/es\/\" target=\"_blank\" rel=\"noopener\"><span style=\"color: #0000ff;\">Fira de Tots Sants<\/span><\/a><\/strong> y ayer viernes <strong>se abri\u00f3 el camino hacia la misma<\/strong> con la presentaci\u00f3n oficial del certamen, cita que tuvo lugar en el <strong>patio de armas del Palau Comtal<\/strong> pasadas las ocho de la tarde. El humorista <strong>Eugeni Alemany<\/strong>, conductor tambi\u00e9n de varios programas en la televisi\u00f3n valenciana, fue el encargado de presentar la ceremonia por segundo a\u00f1o consecutivo generando una gran expectaci\u00f3n entre el p\u00fablico.<\/p>\n<p style=\"text-align: justify;\">Uno de los momentos m\u00e1s esperados fue el <strong>descubrimiento del cartel anunciador<\/strong> cuyo autor es el banyerense <strong>Leo Ferre<\/strong> despu\u00e9s de que haya ganado este a\u00f1o el concurso que para tal efecto convoc\u00f3 el Ayuntamiento de la Villa Condal. Su obra, que destaca por el fondo en color rojo, nos ofrece una superposici\u00f3n del mapa de Cocentaina sobre el cual sobresale el logotipo ic\u00f3nico de la Fira compuesto a partir de varias im\u00e1genes con elementos identificativos de la Fira de Fires. Tambi\u00e9n se present\u00f3 en sociedad al compositor contestano <strong>Ignacio Garc\u00eda Vidal<\/strong> como encargado de leer el Privilegi otorgado por el Rei Pere IV El Cerimoni\u00f3s en 1346, un momento que efectuar\u00e1 desde los balcones del Palau Comtal en la ma\u00f1ana del 1 de noviembre coincidiendo con la inauguraci\u00f3n oficial.<\/p>\n<audio class=\"wp-audio-shortcode\" id=\"audio-140721-1\" preload=\"none\" style=\"width: 100%;\" controls=\"controls\"><source type=\"audio\/mpeg\" src=\"https:\/\/www.copealcoy.es\/wp-content\/uploads\/2024\/09\/Tall-Leo-Ferre-autor-cartell-Fira.mp3?_=1\" \/><a href=\"https:\/\/www.copealcoy.es\/wp-content\/uploads\/2024\/09\/Tall-Leo-Ferre-autor-cartell-Fira.mp3\">https:\/\/www.copealcoy.es\/wp-content\/uploads\/2024\/09\/Tall-Leo-Ferre-autor-cartell-Fira.mp3<\/a><\/audio>\n<p>&nbsp;<\/p>\n<audio class=\"wp-audio-shortcode\" id=\"audio-140721-2\" preload=\"none\" style=\"width: 100%;\" controls=\"controls\"><source type=\"audio\/mpeg\" src=\"https:\/\/www.copealcoy.es\/wp-content\/uploads\/2024\/09\/Tall-Ignacio-Garcia-Vidal-lector-Privilegi-Fira-1.mp3?_=2\" \/><a href=\"https:\/\/www.copealcoy.es\/wp-content\/uploads\/2024\/09\/Tall-Ignacio-Garcia-Vidal-lector-Privilegi-Fira-1.mp3\">https:\/\/www.copealcoy.es\/wp-content\/uploads\/2024\/09\/Tall-Ignacio-Garcia-Vidal-lector-Privilegi-Fira-1.mp3<\/a><\/audio>\n<p>&nbsp;<\/p>\n<p style=\"text-align: justify;\">La edil de Fira, <strong>Marcela Richart<\/strong>, avanz\u00f3 despu\u00e9s algunas de las novedades que presentar\u00e1 la Fira de este a\u00f1o como el cambio de ubicaci\u00f3n del sector del Turismo que pasa a la calle Roger de Ll\u00faria o el de los deportes a la calle Col\u00f3n. Tambi\u00e9n destac\u00f3 que el \u00e1rea de innovaci\u00f3n y universidades estar\u00e1 situada en la parte baja del Passeig del Comtat al igual que se\u00f1al\u00f3 la creaci\u00f3n de una &#8216;Fira M\u00e0gica&#8217; en el parque de la Avinguda Jaume I con propuestas para los m\u00e1s peque\u00f1os de la casa. El resto de la oferta de la Fira se mantiene igual sum\u00e1ndole la presencia de Fundaci\u00f3n Casa Mediterr\u00e1neo en el patio de armas del Palau con diferentes propuestas, la presencia de Mallorca como regi\u00f3n invitada, un espacio de demostraciones culinarias en la Pla\u00e7a Anselmo Mart\u00ed o espect\u00e1culos de ocio nocturno que se desarrollar\u00e1n viernes y s\u00e1bado. Como novedad, la Fira empezar\u00e1 a funcionar a partir de las seis de la tarde del 31 de octubre y concluir\u00e1 con un espect\u00e1culo pirot\u00e9cnico de la Colla Dimonis Rafolins en el surtidor situado junto a la entrada del Passeig del Comtat donde se ubica el monumento dedicado a la Fira.<\/p>\n<audio class=\"wp-audio-shortcode\" id=\"audio-140721-3\" preload=\"none\" style=\"width: 100%;\" controls=\"controls\"><source type=\"audio\/mpeg\" src=\"https:\/\/www.copealcoy.es\/wp-content\/uploads\/2024\/09\/Tall-Marcela-Richart-Presentacio-Fira.mp3?_=3\" \/><a href=\"https:\/\/www.copealcoy.es\/wp-content\/uploads\/2024\/09\/Tall-Marcela-Richart-Presentacio-Fira.mp3\">https:\/\/www.copealcoy.es\/wp-content\/uploads\/2024\/09\/Tall-Marcela-Richart-Presentacio-Fira.mp3<\/a><\/audio>\n<p>&nbsp;<\/p>\n<p style=\"text-align: justify;\">El \u00faltimo en intervenir fue <strong>Jordi Pla<\/strong>, alcalde de Cocentaina, felicitando tanto al autor del cartel como al lector del Privilegi por el protagonismo que tendr\u00e1n en la Fira de este a\u00f1o. Por \u00faltimo anim\u00f3 a disfrutar de una 678 edici\u00f3n que coincide en pleno puente festivo de Todos los Santos y que se espera multitudinaria con una previsi\u00f3n de asistencia de 500.000 visitantes.<\/p>\n<audio class=\"wp-audio-shortcode\" id=\"audio-140721-4\" preload=\"none\" style=\"width: 100%;\" controls=\"controls\"><source type=\"audio\/mpeg\" src=\"https:\/\/www.copealcoy.es\/wp-content\/uploads\/2024\/09\/Tall-Jordi-Pla-Presentacio-Fira.mp3?_=4\" \/><a href=\"https:\/\/www.copealcoy.es\/wp-content\/uploads\/2024\/09\/Tall-Jordi-Pla-Presentacio-Fira.mp3\">https:\/\/www.copealcoy.es\/wp-content\/uploads\/2024\/09\/Tall-Jordi-Pla-Presentacio-Fira.mp3<\/a><\/audio>\n","protected":false},"excerpt":{"rendered":"<p>Queda poco m\u00e1s de un mes para que Cocentaina celebre la 678 edici\u00f3n de su Fira de Tots Sants y&#8230;<\/p>\n","protected":false},"author":1,"featured_media":140722,"comment_status":"open","ping_status":"open","sticky":false,"template":"","format":"standard","meta":{"footnotes":""},"categories":[6909,92,75,125],"tags":[18647,132,635,9256],"class_list":["post-140721","post","type-post","status-publish","format-standard","has-post-thumbnail","hentry","category-actualidad","category-deportes","category-noticias","category-portada","tag-678-edicion","tag-cocentaina","tag-fira-de-tots-sants","tag-presentacion-oficial"],"yoast_head":"<!-- This site is optimized with the Yoast SEO plugin v27.3 - https:\/\/yoast.com\/product\/yoast-seo-wordpress\/ -->\n<title>Cocentaina abre el camino hacia la 678 edici\u00f3n de la Fira de Tots Sants - COPE Alcoy<\/title>\n<meta name=\"description\" content=\"Queda poco m\u00e1s de un mes para que Cocentaina celebre la 678 edici\u00f3n de su Fira de Tots Sants y ayer viernes se abri\u00f3 el camino hacia la misma con la presentaci\u00f3n oficial del certamen\" \/>\n<meta name=\"robots\" content=\"index, follow, max-snippet:-1, max-image-preview:large, max-video-preview:-1\" \/>\n<link rel=\"canonical\" href=\"https:\/\/www.copealcoy.es\/es\/cocentaina-abre-el-camino-hacia-la-678-edicion-de-la-fira-de-tots-sants\/\" \/>\n<meta property=\"og:locale\" content=\"es_ES\" \/>\n<meta property=\"og:type\" content=\"article\" \/>\n<meta property=\"og:title\" content=\"Cocentaina abre el camino hacia la 678 edici\u00f3n de la Fira de Tots Sants - COPE Alcoy\" \/>\n<meta property=\"og:description\" content=\"Queda poco m\u00e1s de un mes para que Cocentaina celebre la 678 edici\u00f3n de su Fira de Tots Sants y ayer viernes se abri\u00f3 el camino hacia la misma con la presentaci\u00f3n oficial del certamen\" \/>\n<meta property=\"og:url\" content=\"https:\/\/www.copealcoy.es\/es\/cocentaina-abre-el-camino-hacia-la-678-edicion-de-la-fira-de-tots-sants\/\" \/>\n<meta property=\"og:site_name\" content=\"COPE Alcoy\" \/>\n<meta property=\"article:published_time\" content=\"2024-09-28T06:21:34+00:00\" \/>\n<meta property=\"article:modified_time\" content=\"2024-09-30T07:04:07+00:00\" \/>\n<meta property=\"og:image\" content=\"https:\/\/www.copealcoy.es\/wp-content\/uploads\/2024\/09\/unnamed-1-31-e1727504479819.jpg\" \/>\n\t<meta property=\"og:image:width\" content=\"1205\" \/>\n\t<meta property=\"og:image:height\" content=\"801\" \/>\n\t<meta property=\"og:image:type\" content=\"image\/jpeg\" \/>\n<meta name=\"author\" content=\"Cope Alcoy\" \/>\n<meta name=\"twitter:label1\" content=\"Escrito por\" \/>\n\t<meta name=\"twitter:data1\" content=\"Cope Alcoy\" \/>\n\t<meta name=\"twitter:label2\" content=\"Tiempo de lectura\" \/>\n\t<meta name=\"twitter:data2\" content=\"3 minutos\" \/>\n<script type=\"application\/ld+json\" class=\"yoast-schema-graph\">{\"@context\":\"https:\\\/\\\/schema.org\",\"@graph\":[{\"@type\":\"Article\",\"@id\":\"https:\\\/\\\/www.copealcoy.es\\\/es\\\/cocentaina-abre-el-camino-hacia-la-678-edicion-de-la-fira-de-tots-sants\\\/#article\",\"isPartOf\":{\"@id\":\"https:\\\/\\\/www.copealcoy.es\\\/es\\\/cocentaina-abre-el-camino-hacia-la-678-edicion-de-la-fira-de-tots-sants\\\/\"},\"author\":{\"name\":\"Cope Alcoy\",\"@id\":\"https:\\\/\\\/www.copealcoy.es\\\/es\\\/#\\\/schema\\\/person\\\/e777c87fa024e57d40170af9df39882c\"},\"headline\":\"Cocentaina abre el camino hacia la 678 edici\u00f3n de la Fira de Tots Sants\",\"datePublished\":\"2024-09-28T06:21:34+00:00\",\"dateModified\":\"2024-09-30T07:04:07+00:00\",\"mainEntityOfPage\":{\"@id\":\"https:\\\/\\\/www.copealcoy.es\\\/es\\\/cocentaina-abre-el-camino-hacia-la-678-edicion-de-la-fira-de-tots-sants\\\/\"},\"wordCount\":576,\"commentCount\":0,\"image\":{\"@id\":\"https:\\\/\\\/www.copealcoy.es\\\/es\\\/cocentaina-abre-el-camino-hacia-la-678-edicion-de-la-fira-de-tots-sants\\\/#primaryimage\"},\"thumbnailUrl\":\"https:\\\/\\\/www.copealcoy.es\\\/wp-content\\\/uploads\\\/2024\\\/09\\\/unnamed-1-31-e1727504479819.jpg\",\"keywords\":[\"678 edici\u00f3n\",\"Cocentaina\",\"Fira de Tots Sants\",\"presentaci\u00f3n oficial\"],\"articleSection\":[\"Actualidad\",\"Deportes\",\"Noticias\",\"Portada\"],\"inLanguage\":\"es\"},{\"@type\":\"WebPage\",\"@id\":\"https:\\\/\\\/www.copealcoy.es\\\/es\\\/cocentaina-abre-el-camino-hacia-la-678-edicion-de-la-fira-de-tots-sants\\\/\",\"url\":\"https:\\\/\\\/www.copealcoy.es\\\/es\\\/cocentaina-abre-el-camino-hacia-la-678-edicion-de-la-fira-de-tots-sants\\\/\",\"name\":\"Cocentaina abre el camino hacia la 678 edici\u00f3n de la Fira de Tots Sants - COPE Alcoy\",\"isPartOf\":{\"@id\":\"https:\\\/\\\/www.copealcoy.es\\\/es\\\/#website\"},\"primaryImageOfPage\":{\"@id\":\"https:\\\/\\\/www.copealcoy.es\\\/es\\\/cocentaina-abre-el-camino-hacia-la-678-edicion-de-la-fira-de-tots-sants\\\/#primaryimage\"},\"image\":{\"@id\":\"https:\\\/\\\/www.copealcoy.es\\\/es\\\/cocentaina-abre-el-camino-hacia-la-678-edicion-de-la-fira-de-tots-sants\\\/#primaryimage\"},\"thumbnailUrl\":\"https:\\\/\\\/www.copealcoy.es\\\/wp-content\\\/uploads\\\/2024\\\/09\\\/unnamed-1-31-e1727504479819.jpg\",\"datePublished\":\"2024-09-28T06:21:34+00:00\",\"dateModified\":\"2024-09-30T07:04:07+00:00\",\"author\":{\"@id\":\"https:\\\/\\\/www.copealcoy.es\\\/es\\\/#\\\/schema\\\/person\\\/e777c87fa024e57d40170af9df39882c\"},\"description\":\"Queda poco m\u00e1s de un mes para que Cocentaina celebre la 678 edici\u00f3n de su Fira de Tots Sants y ayer viernes se abri\u00f3 el camino hacia la misma con la presentaci\u00f3n oficial del certamen\",\"breadcrumb\":{\"@id\":\"https:\\\/\\\/www.copealcoy.es\\\/es\\\/cocentaina-abre-el-camino-hacia-la-678-edicion-de-la-fira-de-tots-sants\\\/#breadcrumb\"},\"inLanguage\":\"es\",\"potentialAction\":[{\"@type\":\"ReadAction\",\"target\":[\"https:\\\/\\\/www.copealcoy.es\\\/es\\\/cocentaina-abre-el-camino-hacia-la-678-edicion-de-la-fira-de-tots-sants\\\/\"]}]},{\"@type\":\"ImageObject\",\"inLanguage\":\"es\",\"@id\":\"https:\\\/\\\/www.copealcoy.es\\\/es\\\/cocentaina-abre-el-camino-hacia-la-678-edicion-de-la-fira-de-tots-sants\\\/#primaryimage\",\"url\":\"https:\\\/\\\/www.copealcoy.es\\\/wp-content\\\/uploads\\\/2024\\\/09\\\/unnamed-1-31-e1727504479819.jpg\",\"contentUrl\":\"https:\\\/\\\/www.copealcoy.es\\\/wp-content\\\/uploads\\\/2024\\\/09\\\/unnamed-1-31-e1727504479819.jpg\",\"width\":1205,\"height\":801},{\"@type\":\"BreadcrumbList\",\"@id\":\"https:\\\/\\\/www.copealcoy.es\\\/es\\\/cocentaina-abre-el-camino-hacia-la-678-edicion-de-la-fira-de-tots-sants\\\/#breadcrumb\",\"itemListElement\":[{\"@type\":\"ListItem\",\"position\":1,\"name\":\"Portada\",\"item\":\"https:\\\/\\\/www.copealcoy.es\\\/es\\\/\"},{\"@type\":\"ListItem\",\"position\":2,\"name\":\"Cocentaina abre el camino hacia la 678 edici\u00f3n de la Fira de Tots Sants\"}]},{\"@type\":\"WebSite\",\"@id\":\"https:\\\/\\\/www.copealcoy.es\\\/es\\\/#website\",\"url\":\"https:\\\/\\\/www.copealcoy.es\\\/es\\\/\",\"name\":\"COPE Alcoy\",\"description\":\"Emisora COPE de radio local con emisi\u00f3n online. Pont de Sant Jordi 8-10 03803 Alcoy\",\"potentialAction\":[{\"@type\":\"SearchAction\",\"target\":{\"@type\":\"EntryPoint\",\"urlTemplate\":\"https:\\\/\\\/www.copealcoy.es\\\/es\\\/?s={search_term_string}\"},\"query-input\":{\"@type\":\"PropertyValueSpecification\",\"valueRequired\":true,\"valueName\":\"search_term_string\"}}],\"inLanguage\":\"es\"},{\"@type\":\"Person\",\"@id\":\"https:\\\/\\\/www.copealcoy.es\\\/es\\\/#\\\/schema\\\/person\\\/e777c87fa024e57d40170af9df39882c\",\"name\":\"Cope Alcoy\",\"image\":{\"@type\":\"ImageObject\",\"inLanguage\":\"es\",\"@id\":\"https:\\\/\\\/secure.gravatar.com\\\/avatar\\\/bb65d0283347e303893ba14f0692005417c1e0e690a325a4c5d8bb2b3943ee14?s=96&d=mm&r=g\",\"url\":\"https:\\\/\\\/secure.gravatar.com\\\/avatar\\\/bb65d0283347e303893ba14f0692005417c1e0e690a325a4c5d8bb2b3943ee14?s=96&d=mm&r=g\",\"contentUrl\":\"https:\\\/\\\/secure.gravatar.com\\\/avatar\\\/bb65d0283347e303893ba14f0692005417c1e0e690a325a4c5d8bb2b3943ee14?s=96&d=mm&r=g\",\"caption\":\"Cope Alcoy\"}}]}<\/script>\n<!-- \/ Yoast SEO plugin. -->","yoast_head_json":{"title":"Cocentaina abre el camino hacia la 678 edici\u00f3n de la Fira de Tots Sants - COPE Alcoy","description":"Queda poco m\u00e1s de un mes para que Cocentaina celebre la 678 edici\u00f3n de su Fira de Tots Sants y ayer viernes se abri\u00f3 el camino hacia la misma con la presentaci\u00f3n oficial del certamen","robots":{"index":"index","follow":"follow","max-snippet":"max-snippet:-1","max-image-preview":"max-image-preview:large","max-video-preview":"max-video-preview:-1"},"canonical":"https:\/\/www.copealcoy.es\/es\/cocentaina-abre-el-camino-hacia-la-678-edicion-de-la-fira-de-tots-sants\/","og_locale":"es_ES","og_type":"article","og_title":"Cocentaina abre el camino hacia la 678 edici\u00f3n de la Fira de Tots Sants - COPE Alcoy","og_description":"Queda poco m\u00e1s de un mes para que Cocentaina celebre la 678 edici\u00f3n de su Fira de Tots Sants y ayer viernes se abri\u00f3 el camino hacia la misma con la presentaci\u00f3n oficial del certamen","og_url":"https:\/\/www.copealcoy.es\/es\/cocentaina-abre-el-camino-hacia-la-678-edicion-de-la-fira-de-tots-sants\/","og_site_name":"COPE Alcoy","article_published_time":"2024-09-28T06:21:34+00:00","article_modified_time":"2024-09-30T07:04:07+00:00","og_image":[{"width":1205,"height":801,"url":"https:\/\/www.copealcoy.es\/wp-content\/uploads\/2024\/09\/unnamed-1-31-e1727504479819.jpg","type":"image\/jpeg"}],"author":"Cope Alcoy","twitter_misc":{"Escrito por":"Cope Alcoy","Tiempo de lectura":"3 minutos"},"schema":{"@context":"https:\/\/schema.org","@graph":[{"@type":"Article","@id":"https:\/\/www.copealcoy.es\/es\/cocentaina-abre-el-camino-hacia-la-678-edicion-de-la-fira-de-tots-sants\/#article","isPartOf":{"@id":"https:\/\/www.copealcoy.es\/es\/cocentaina-abre-el-camino-hacia-la-678-edicion-de-la-fira-de-tots-sants\/"},"author":{"name":"Cope Alcoy","@id":"https:\/\/www.copealcoy.es\/es\/#\/schema\/person\/e777c87fa024e57d40170af9df39882c"},"headline":"Cocentaina abre el camino hacia la 678 edici\u00f3n de la Fira de Tots Sants","datePublished":"2024-09-28T06:21:34+00:00","dateModified":"2024-09-30T07:04:07+00:00","mainEntityOfPage":{"@id":"https:\/\/www.copealcoy.es\/es\/cocentaina-abre-el-camino-hacia-la-678-edicion-de-la-fira-de-tots-sants\/"},"wordCount":576,"commentCount":0,"image":{"@id":"https:\/\/www.copealcoy.es\/es\/cocentaina-abre-el-camino-hacia-la-678-edicion-de-la-fira-de-tots-sants\/#primaryimage"},"thumbnailUrl":"https:\/\/www.copealcoy.es\/wp-content\/uploads\/2024\/09\/unnamed-1-31-e1727504479819.jpg","keywords":["678 edici\u00f3n","Cocentaina","Fira de Tots Sants","presentaci\u00f3n oficial"],"articleSection":["Actualidad","Deportes","Noticias","Portada"],"inLanguage":"es"},{"@type":"WebPage","@id":"https:\/\/www.copealcoy.es\/es\/cocentaina-abre-el-camino-hacia-la-678-edicion-de-la-fira-de-tots-sants\/","url":"https:\/\/www.copealcoy.es\/es\/cocentaina-abre-el-camino-hacia-la-678-edicion-de-la-fira-de-tots-sants\/","name":"Cocentaina abre el camino hacia la 678 edici\u00f3n de la Fira de Tots Sants - COPE Alcoy","isPartOf":{"@id":"https:\/\/www.copealcoy.es\/es\/#website"},"primaryImageOfPage":{"@id":"https:\/\/www.copealcoy.es\/es\/cocentaina-abre-el-camino-hacia-la-678-edicion-de-la-fira-de-tots-sants\/#primaryimage"},"image":{"@id":"https:\/\/www.copealcoy.es\/es\/cocentaina-abre-el-camino-hacia-la-678-edicion-de-la-fira-de-tots-sants\/#primaryimage"},"thumbnailUrl":"https:\/\/www.copealcoy.es\/wp-content\/uploads\/2024\/09\/unnamed-1-31-e1727504479819.jpg","datePublished":"2024-09-28T06:21:34+00:00","dateModified":"2024-09-30T07:04:07+00:00","author":{"@id":"https:\/\/www.copealcoy.es\/es\/#\/schema\/person\/e777c87fa024e57d40170af9df39882c"},"description":"Queda poco m\u00e1s de un mes para que Cocentaina celebre la 678 edici\u00f3n de su Fira de Tots Sants y ayer viernes se abri\u00f3 el camino hacia la misma con la presentaci\u00f3n oficial del certamen","breadcrumb":{"@id":"https:\/\/www.copealcoy.es\/es\/cocentaina-abre-el-camino-hacia-la-678-edicion-de-la-fira-de-tots-sants\/#breadcrumb"},"inLanguage":"es","potentialAction":[{"@type":"ReadAction","target":["https:\/\/www.copealcoy.es\/es\/cocentaina-abre-el-camino-hacia-la-678-edicion-de-la-fira-de-tots-sants\/"]}]},{"@type":"ImageObject","inLanguage":"es","@id":"https:\/\/www.copealcoy.es\/es\/cocentaina-abre-el-camino-hacia-la-678-edicion-de-la-fira-de-tots-sants\/#primaryimage","url":"https:\/\/www.copealcoy.es\/wp-content\/uploads\/2024\/09\/unnamed-1-31-e1727504479819.jpg","contentUrl":"https:\/\/www.copealcoy.es\/wp-content\/uploads\/2024\/09\/unnamed-1-31-e1727504479819.jpg","width":1205,"height":801},{"@type":"BreadcrumbList","@id":"https:\/\/www.copealcoy.es\/es\/cocentaina-abre-el-camino-hacia-la-678-edicion-de-la-fira-de-tots-sants\/#breadcrumb","itemListElement":[{"@type":"ListItem","position":1,"name":"Portada","item":"https:\/\/www.copealcoy.es\/es\/"},{"@type":"ListItem","position":2,"name":"Cocentaina abre el camino hacia la 678 edici\u00f3n de la Fira de Tots Sants"}]},{"@type":"WebSite","@id":"https:\/\/www.copealcoy.es\/es\/#website","url":"https:\/\/www.copealcoy.es\/es\/","name":"COPE Alcoy","description":"Emisora COPE de radio local con emisi\u00f3n online. Pont de Sant Jordi 8-10 03803 Alcoy","potentialAction":[{"@type":"SearchAction","target":{"@type":"EntryPoint","urlTemplate":"https:\/\/www.copealcoy.es\/es\/?s={search_term_string}"},"query-input":{"@type":"PropertyValueSpecification","valueRequired":true,"valueName":"search_term_string"}}],"inLanguage":"es"},{"@type":"Person","@id":"https:\/\/www.copealcoy.es\/es\/#\/schema\/person\/e777c87fa024e57d40170af9df39882c","name":"Cope Alcoy","image":{"@type":"ImageObject","inLanguage":"es","@id":"https:\/\/secure.gravatar.com\/avatar\/bb65d0283347e303893ba14f0692005417c1e0e690a325a4c5d8bb2b3943ee14?s=96&d=mm&r=g","url":"https:\/\/secure.gravatar.com\/avatar\/bb65d0283347e303893ba14f0692005417c1e0e690a325a4c5d8bb2b3943ee14?s=96&d=mm&r=g","contentUrl":"https:\/\/secure.gravatar.com\/avatar\/bb65d0283347e303893ba14f0692005417c1e0e690a325a4c5d8bb2b3943ee14?s=96&d=mm&r=g","caption":"Cope Alcoy"}}]}},"_links":{"self":[{"href":"https:\/\/www.copealcoy.es\/es\/wp-json\/wp\/v2\/posts\/140721","targetHints":{"allow":["GET"]}}],"collection":[{"href":"https:\/\/www.copealcoy.es\/es\/wp-json\/wp\/v2\/posts"}],"about":[{"href":"https:\/\/www.copealcoy.es\/es\/wp-json\/wp\/v2\/types\/post"}],"author":[{"embeddable":true,"href":"https:\/\/www.copealcoy.es\/es\/wp-json\/wp\/v2\/users\/1"}],"replies":[{"embeddable":true,"href":"https:\/\/www.copealcoy.es\/es\/wp-json\/wp\/v2\/comments?post=140721"}],"version-history":[{"count":0,"href":"https:\/\/www.copealcoy.es\/es\/wp-json\/wp\/v2\/posts\/140721\/revisions"}],"wp:featuredmedia":[{"embeddable":true,"href":"https:\/\/www.copealcoy.es\/es\/wp-json\/wp\/v2\/media\/140722"}],"wp:attachment":[{"href":"https:\/\/www.copealcoy.es\/es\/wp-json\/wp\/v2\/media?parent=140721"}],"wp:term":[{"taxonomy":"category","embeddable":true,"href":"https:\/\/www.copealcoy.es\/es\/wp-json\/wp\/v2\/categories?post=140721"},{"taxonomy":"post_tag","embeddable":true,"href":"https:\/\/www.copealcoy.es\/es\/wp-json\/wp\/v2\/tags?post=140721"}],"curies":[{"name":"wp","href":"https:\/\/api.w.org\/{rel}","templated":true}]}}