{"id":140694,"date":"2024-09-28T00:52:34","date_gmt":"2024-09-27T23:52:34","guid":{"rendered":"https:\/\/www.copealcoy.es\/?p=140694"},"modified":"2024-09-28T21:01:07","modified_gmt":"2024-09-28T20:01:07","slug":"el-pregon-de-isaac-montllor-estrena-una-nueva-feria-modernista-en-alcoy","status":"publish","type":"post","link":"https:\/\/www.copealcoy.es\/es\/el-pregon-de-isaac-montllor-estrena-una-nueva-feria-modernista-en-alcoy\/","title":{"rendered":"El Preg\u00f3n de Isaac Montllor estrena una nueva Feria Modernista en Alcoy"},"content":{"rendered":"<p style=\"text-align: justify;\">La s\u00e9ptima edici\u00f3n de la <a href=\"https:\/\/www.facebook.com\/firamodernistaalcoi\" target=\"_blank\" rel=\"noopener\"><span style=\"color: #0000ff;\"><strong>Feria Modernista de Alcoy<\/strong><\/span><\/a> ya est\u00e1 en marcha <strong>despu\u00e9s de que arrancara oficialmente esta tarde con el Preg\u00f3n<\/strong> que ha declamado en esta ocasi\u00f3n <strong>el reconocido bailar\u00edn Isaac Montllor<\/strong>.\u00a0 Con <strong>una trayectoria destacada<\/strong> en la Compa\u00f1\u00eda Nacional de Danza, Montllor<strong> hizo referencia<\/strong> al pasado de la ciudad para destacar los hechos que dan origen a esta celebraci\u00f3n al igual que hizo menci\u00f3n <strong>a la ic\u00f3nica figura de Gonzalo Cant\u00f3<\/strong> a quien va dedicada la Feria de este a\u00f1o bajo el lema\u00a0&#8220;Universo de musas&#8221;.<\/p>\n<p style=\"text-align: justify;\">Antes del preg\u00f3n, se llev\u00f3 a cabo <strong>una recepci\u00f3n oficial en el Ayuntamiento<\/strong>, donde miembros de la corporaci\u00f3n municipal acompa\u00f1aron al pregonero y al propio Gonzalo Cant\u00f3, encarnado por el actor\u00a0 alcoyano <strong>Jordi Carbonell<\/strong>. All\u00ed, en el sal\u00f3n de plenos se entregaron varios obsequios antes de salir a la plaza y continuar con una inauguraci\u00f3n oficial en la que no faltaron coreograf\u00edas a cargo del ballet de Virginia Bolufer y una presentaci\u00f3n del alcalde Toni Franc\u00e9s.<\/p>\n<p style=\"text-align: justify;\">Los asistentes disfrutaron luego de <strong>un pasacalle<\/strong> que este a\u00f1o present\u00f3 como novedad su inicio y final en la Bandeja, recorriendo diversas calles emblem\u00e1ticas como Sant Lloren\u00e7 y Sant Nicolau. En esta jornada festiva tambi\u00e9n se llevaron a cabo bailes tradicionales protagonizados por los mayores de las Aulas de la Tercera Edad y Danzas Al-Azraq, culminando con un vals abierto al p\u00fablico. La celebraci\u00f3n concluy\u00f3 con <strong>una cena popular al aire libre<\/strong> amenizada por Swing 26, una propuesta organizada por el Grup de Danses Sant Jordi y que surge este a\u00f1o como novedad para animar la primera noche de Feria Modernista.<\/p>\n<p style=\"text-align: justify;\">El certamen sigue durante todo el fin de semana y no faltar\u00e1n la Feria Modernista en s\u00ed que abrir\u00e1 el <strong>s\u00e1bado<\/strong>\u00a0por la ma\u00f1ana en La Glorieta, y actos en recuerdo de Gonzalo Cant\u00f3 como la representaci\u00f3n de la obra de teatro \u2018Sombras de Bohemia\u2019 junto a una recepci\u00f3n al protagonista por parte del alcalde y autoridades de la \u00e9poca \u00ab<em>la Feria es un evento al final de todos as\u00ed que animamos a que la gente participe y disfrute de todo lo que hemos preparado. Tambi\u00e9n esperamos a los vecinos de la comarca para que vengan a acompa\u00f1arnos en estos d\u00edas tan especiales<\/em>\u00ab, afirma la concejala de Turismo;\u00a0<strong>Lorena Zamorano<\/strong>. En la clausura del\u00a0<strong>domingo<\/strong>\u00a0tambi\u00e9n se llevar\u00e1 a cabo\u00a0<strong>un homenaje<\/strong> a esta figura referente de nuestra ciudad que tendr\u00e1 lugar a mediod\u00eda del 29 de septiembre en la plaza que lleva su nombre en las inmediaciones del barrio de Santa Rosa. All\u00ed se descubrir\u00e1 un monumento en su honor e incluso habr\u00e1 varias lecturas de versos.<\/p>\n<div id='gallery-1' class='gallery galleryid-140694 gallery-columns-2 gallery-size-full'><figure class='gallery-item'>\n\t\t\t<div class='gallery-icon landscape'>\n\t\t\t\t<a href='https:\/\/www.copealcoy.es\/es\/el-pregon-de-isaac-montllor-estrena-una-nueva-feria-modernista-en-alcoy\/461279360_882392793988080_198095234687599092_n\/'><img loading=\"lazy\" decoding=\"async\" width=\"1440\" height=\"1080\" src=\"https:\/\/www.copealcoy.es\/wp-content\/uploads\/2024\/09\/461279360_882392793988080_198095234687599092_n-scaled.jpg\" class=\"attachment-full size-full\" alt=\"\" srcset=\"https:\/\/www.copealcoy.es\/wp-content\/uploads\/2024\/09\/461279360_882392793988080_198095234687599092_n-scaled.jpg 1440w, https:\/\/www.copealcoy.es\/wp-content\/uploads\/2024\/09\/461279360_882392793988080_198095234687599092_n-768x576.jpg 768w, https:\/\/www.copealcoy.es\/wp-content\/uploads\/2024\/09\/461279360_882392793988080_198095234687599092_n-1536x1152.jpg 1536w\" sizes=\"auto, (max-width: 1440px) 100vw, 1440px\" \/><\/a>\n\t\t\t<\/div><\/figure><figure class='gallery-item'>\n\t\t\t<div class='gallery-icon landscape'>\n\t\t\t\t<a href='https:\/\/www.copealcoy.es\/es\/el-pregon-de-isaac-montllor-estrena-una-nueva-feria-modernista-en-alcoy\/461518019_882392983988061_5563505068523221660_n\/'><img loading=\"lazy\" decoding=\"async\" width=\"1440\" height=\"1080\" src=\"https:\/\/www.copealcoy.es\/wp-content\/uploads\/2024\/09\/461518019_882392983988061_5563505068523221660_n-scaled.jpg\" class=\"attachment-full size-full\" alt=\"\" srcset=\"https:\/\/www.copealcoy.es\/wp-content\/uploads\/2024\/09\/461518019_882392983988061_5563505068523221660_n-scaled.jpg 1440w, https:\/\/www.copealcoy.es\/wp-content\/uploads\/2024\/09\/461518019_882392983988061_5563505068523221660_n-768x576.jpg 768w, https:\/\/www.copealcoy.es\/wp-content\/uploads\/2024\/09\/461518019_882392983988061_5563505068523221660_n-1536x1152.jpg 1536w\" sizes=\"auto, (max-width: 1440px) 100vw, 1440px\" \/><\/a>\n\t\t\t<\/div><\/figure><figure class='gallery-item'>\n\t\t\t<div class='gallery-icon landscape'>\n\t\t\t\t<a href='https:\/\/www.copealcoy.es\/es\/el-pregon-de-isaac-montllor-estrena-una-nueva-feria-modernista-en-alcoy\/461322678_882391690654857_412759490793823355_n\/'><img loading=\"lazy\" decoding=\"async\" width=\"1440\" height=\"1080\" src=\"https:\/\/www.copealcoy.es\/wp-content\/uploads\/2024\/09\/461322678_882391690654857_412759490793823355_n-scaled.jpg\" class=\"attachment-full size-full\" alt=\"\" srcset=\"https:\/\/www.copealcoy.es\/wp-content\/uploads\/2024\/09\/461322678_882391690654857_412759490793823355_n-scaled.jpg 1440w, https:\/\/www.copealcoy.es\/wp-content\/uploads\/2024\/09\/461322678_882391690654857_412759490793823355_n-768x576.jpg 768w, https:\/\/www.copealcoy.es\/wp-content\/uploads\/2024\/09\/461322678_882391690654857_412759490793823355_n-1536x1152.jpg 1536w\" sizes=\"auto, (max-width: 1440px) 100vw, 1440px\" \/><\/a>\n\t\t\t<\/div><\/figure><figure class='gallery-item'>\n\t\t\t<div class='gallery-icon landscape'>\n\t\t\t\t<a href='https:\/\/www.copealcoy.es\/es\/el-pregon-de-isaac-montllor-estrena-una-nueva-feria-modernista-en-alcoy\/461210550_882391807321512_6293439627565782453_n\/'><img loading=\"lazy\" decoding=\"async\" width=\"1440\" height=\"1080\" src=\"https:\/\/www.copealcoy.es\/wp-content\/uploads\/2024\/09\/461210550_882391807321512_6293439627565782453_n-scaled.jpg\" class=\"attachment-full size-full\" alt=\"\" srcset=\"https:\/\/www.copealcoy.es\/wp-content\/uploads\/2024\/09\/461210550_882391807321512_6293439627565782453_n-scaled.jpg 1440w, https:\/\/www.copealcoy.es\/wp-content\/uploads\/2024\/09\/461210550_882391807321512_6293439627565782453_n-768x576.jpg 768w, https:\/\/www.copealcoy.es\/wp-content\/uploads\/2024\/09\/461210550_882391807321512_6293439627565782453_n-1536x1152.jpg 1536w\" sizes=\"auto, (max-width: 1440px) 100vw, 1440px\" \/><\/a>\n\t\t\t<\/div><\/figure>\n\t\t<\/div>\n\n","protected":false},"excerpt":{"rendered":"<p>La s\u00e9ptima edici\u00f3n de la Feria Modernista de Alcoy ya est\u00e1 en marcha despu\u00e9s de que arrancara oficialmente esta tarde&#8230;<\/p>\n","protected":false},"author":1,"featured_media":140708,"comment_status":"open","ping_status":"open","sticky":false,"template":"","format":"standard","meta":{"footnotes":""},"categories":[6909,97,78,75,125],"tags":[1494,4643,1550,18471,1426],"class_list":["post-140694","post","type-post","status-publish","format-standard","has-post-thumbnail","hentry","category-actualidad","category-alcoy","category-fiestaycultura","category-noticias","category-portada","tag-alcoy","tag-feria-modernista","tag-inauguracion","tag-isaac-montllor","tag-pregon"],"yoast_head":"<!-- This site is optimized with the Yoast SEO plugin v27.3 - https:\/\/yoast.com\/product\/yoast-seo-wordpress\/ -->\n<title>El Preg\u00f3n de Isaac Montllor estrena una nueva Feria Modernista en Alcoy - COPE Alcoy<\/title>\n<meta name=\"robots\" content=\"index, follow, max-snippet:-1, max-image-preview:large, max-video-preview:-1\" \/>\n<link rel=\"canonical\" href=\"https:\/\/www.copealcoy.es\/es\/el-pregon-de-isaac-montllor-estrena-una-nueva-feria-modernista-en-alcoy\/\" \/>\n<meta property=\"og:locale\" content=\"es_ES\" \/>\n<meta property=\"og:type\" content=\"article\" \/>\n<meta property=\"og:title\" content=\"El Preg\u00f3n de Isaac Montllor estrena una nueva Feria Modernista en Alcoy - COPE Alcoy\" \/>\n<meta property=\"og:description\" content=\"La s\u00e9ptima edici\u00f3n de la Feria Modernista de Alcoy ya est\u00e1 en marcha despu\u00e9s de que arrancara oficialmente esta tarde...\" \/>\n<meta property=\"og:url\" content=\"https:\/\/www.copealcoy.es\/es\/el-pregon-de-isaac-montllor-estrena-una-nueva-feria-modernista-en-alcoy\/\" \/>\n<meta property=\"og:site_name\" content=\"COPE Alcoy\" \/>\n<meta property=\"article:published_time\" content=\"2024-09-27T23:52:34+00:00\" \/>\n<meta property=\"article:modified_time\" content=\"2024-09-28T20:01:07+00:00\" \/>\n<meta property=\"og:image\" content=\"https:\/\/www.copealcoy.es\/wp-content\/uploads\/2024\/09\/461318856_882392630654763_1153998548577729444_n-scaled-e1727482023588.jpg\" \/>\n\t<meta property=\"og:image:width\" content=\"640\" \/>\n\t<meta property=\"og:image:height\" content=\"480\" \/>\n\t<meta property=\"og:image:type\" content=\"image\/jpeg\" \/>\n<meta name=\"author\" content=\"Cope Alcoy\" \/>\n<meta name=\"twitter:label1\" content=\"Escrito por\" \/>\n\t<meta name=\"twitter:data1\" content=\"Cope Alcoy\" \/>\n\t<meta name=\"twitter:label2\" content=\"Tiempo de lectura\" \/>\n\t<meta name=\"twitter:data2\" content=\"3 minutos\" \/>\n<script type=\"application\/ld+json\" class=\"yoast-schema-graph\">{\"@context\":\"https:\\\/\\\/schema.org\",\"@graph\":[{\"@type\":\"Article\",\"@id\":\"https:\\\/\\\/www.copealcoy.es\\\/es\\\/el-pregon-de-isaac-montllor-estrena-una-nueva-feria-modernista-en-alcoy\\\/#article\",\"isPartOf\":{\"@id\":\"https:\\\/\\\/www.copealcoy.es\\\/es\\\/el-pregon-de-isaac-montllor-estrena-una-nueva-feria-modernista-en-alcoy\\\/\"},\"author\":{\"name\":\"Cope Alcoy\",\"@id\":\"https:\\\/\\\/www.copealcoy.es\\\/es\\\/#\\\/schema\\\/person\\\/e777c87fa024e57d40170af9df39882c\"},\"headline\":\"El Preg\u00f3n de Isaac Montllor estrena una nueva Feria Modernista en Alcoy\",\"datePublished\":\"2024-09-27T23:52:34+00:00\",\"dateModified\":\"2024-09-28T20:01:07+00:00\",\"mainEntityOfPage\":{\"@id\":\"https:\\\/\\\/www.copealcoy.es\\\/es\\\/el-pregon-de-isaac-montllor-estrena-una-nueva-feria-modernista-en-alcoy\\\/\"},\"wordCount\":486,\"commentCount\":0,\"image\":{\"@id\":\"https:\\\/\\\/www.copealcoy.es\\\/es\\\/el-pregon-de-isaac-montllor-estrena-una-nueva-feria-modernista-en-alcoy\\\/#primaryimage\"},\"thumbnailUrl\":\"https:\\\/\\\/www.copealcoy.es\\\/wp-content\\\/uploads\\\/2024\\\/09\\\/461318856_882392630654763_1153998548577729444_n-scaled-e1727482023588.jpg\",\"keywords\":[\"Alcoy\",\"Feria Modernista\",\"Inauguraci\u00f3n\",\"Isaac Montllor\",\"preg\u00f3n\"],\"articleSection\":[\"Actualidad\",\"Alcoy\",\"Fiesta y Cultura\",\"Noticias\",\"Portada\"],\"inLanguage\":\"es\"},{\"@type\":\"WebPage\",\"@id\":\"https:\\\/\\\/www.copealcoy.es\\\/es\\\/el-pregon-de-isaac-montllor-estrena-una-nueva-feria-modernista-en-alcoy\\\/\",\"url\":\"https:\\\/\\\/www.copealcoy.es\\\/es\\\/el-pregon-de-isaac-montllor-estrena-una-nueva-feria-modernista-en-alcoy\\\/\",\"name\":\"El Preg\u00f3n de Isaac Montllor estrena una nueva Feria Modernista en Alcoy - COPE Alcoy\",\"isPartOf\":{\"@id\":\"https:\\\/\\\/www.copealcoy.es\\\/es\\\/#website\"},\"primaryImageOfPage\":{\"@id\":\"https:\\\/\\\/www.copealcoy.es\\\/es\\\/el-pregon-de-isaac-montllor-estrena-una-nueva-feria-modernista-en-alcoy\\\/#primaryimage\"},\"image\":{\"@id\":\"https:\\\/\\\/www.copealcoy.es\\\/es\\\/el-pregon-de-isaac-montllor-estrena-una-nueva-feria-modernista-en-alcoy\\\/#primaryimage\"},\"thumbnailUrl\":\"https:\\\/\\\/www.copealcoy.es\\\/wp-content\\\/uploads\\\/2024\\\/09\\\/461318856_882392630654763_1153998548577729444_n-scaled-e1727482023588.jpg\",\"datePublished\":\"2024-09-27T23:52:34+00:00\",\"dateModified\":\"2024-09-28T20:01:07+00:00\",\"author\":{\"@id\":\"https:\\\/\\\/www.copealcoy.es\\\/es\\\/#\\\/schema\\\/person\\\/e777c87fa024e57d40170af9df39882c\"},\"breadcrumb\":{\"@id\":\"https:\\\/\\\/www.copealcoy.es\\\/es\\\/el-pregon-de-isaac-montllor-estrena-una-nueva-feria-modernista-en-alcoy\\\/#breadcrumb\"},\"inLanguage\":\"es\",\"potentialAction\":[{\"@type\":\"ReadAction\",\"target\":[\"https:\\\/\\\/www.copealcoy.es\\\/es\\\/el-pregon-de-isaac-montllor-estrena-una-nueva-feria-modernista-en-alcoy\\\/\"]}]},{\"@type\":\"ImageObject\",\"inLanguage\":\"es\",\"@id\":\"https:\\\/\\\/www.copealcoy.es\\\/es\\\/el-pregon-de-isaac-montllor-estrena-una-nueva-feria-modernista-en-alcoy\\\/#primaryimage\",\"url\":\"https:\\\/\\\/www.copealcoy.es\\\/wp-content\\\/uploads\\\/2024\\\/09\\\/461318856_882392630654763_1153998548577729444_n-scaled-e1727482023588.jpg\",\"contentUrl\":\"https:\\\/\\\/www.copealcoy.es\\\/wp-content\\\/uploads\\\/2024\\\/09\\\/461318856_882392630654763_1153998548577729444_n-scaled-e1727482023588.jpg\",\"width\":640,\"height\":480},{\"@type\":\"BreadcrumbList\",\"@id\":\"https:\\\/\\\/www.copealcoy.es\\\/es\\\/el-pregon-de-isaac-montllor-estrena-una-nueva-feria-modernista-en-alcoy\\\/#breadcrumb\",\"itemListElement\":[{\"@type\":\"ListItem\",\"position\":1,\"name\":\"Portada\",\"item\":\"https:\\\/\\\/www.copealcoy.es\\\/es\\\/\"},{\"@type\":\"ListItem\",\"position\":2,\"name\":\"El Preg\u00f3n de Isaac Montllor estrena una nueva Feria Modernista en Alcoy\"}]},{\"@type\":\"WebSite\",\"@id\":\"https:\\\/\\\/www.copealcoy.es\\\/es\\\/#website\",\"url\":\"https:\\\/\\\/www.copealcoy.es\\\/es\\\/\",\"name\":\"COPE Alcoy\",\"description\":\"Emisora COPE de radio local con emisi\u00f3n online. Pont de Sant Jordi 8-10 03803 Alcoy\",\"potentialAction\":[{\"@type\":\"SearchAction\",\"target\":{\"@type\":\"EntryPoint\",\"urlTemplate\":\"https:\\\/\\\/www.copealcoy.es\\\/es\\\/?s={search_term_string}\"},\"query-input\":{\"@type\":\"PropertyValueSpecification\",\"valueRequired\":true,\"valueName\":\"search_term_string\"}}],\"inLanguage\":\"es\"},{\"@type\":\"Person\",\"@id\":\"https:\\\/\\\/www.copealcoy.es\\\/es\\\/#\\\/schema\\\/person\\\/e777c87fa024e57d40170af9df39882c\",\"name\":\"Cope Alcoy\",\"image\":{\"@type\":\"ImageObject\",\"inLanguage\":\"es\",\"@id\":\"https:\\\/\\\/secure.gravatar.com\\\/avatar\\\/bb65d0283347e303893ba14f0692005417c1e0e690a325a4c5d8bb2b3943ee14?s=96&d=mm&r=g\",\"url\":\"https:\\\/\\\/secure.gravatar.com\\\/avatar\\\/bb65d0283347e303893ba14f0692005417c1e0e690a325a4c5d8bb2b3943ee14?s=96&d=mm&r=g\",\"contentUrl\":\"https:\\\/\\\/secure.gravatar.com\\\/avatar\\\/bb65d0283347e303893ba14f0692005417c1e0e690a325a4c5d8bb2b3943ee14?s=96&d=mm&r=g\",\"caption\":\"Cope Alcoy\"}}]}<\/script>\n<!-- \/ Yoast SEO plugin. -->","yoast_head_json":{"title":"El Preg\u00f3n de Isaac Montllor estrena una nueva Feria Modernista en Alcoy - COPE Alcoy","robots":{"index":"index","follow":"follow","max-snippet":"max-snippet:-1","max-image-preview":"max-image-preview:large","max-video-preview":"max-video-preview:-1"},"canonical":"https:\/\/www.copealcoy.es\/es\/el-pregon-de-isaac-montllor-estrena-una-nueva-feria-modernista-en-alcoy\/","og_locale":"es_ES","og_type":"article","og_title":"El Preg\u00f3n de Isaac Montllor estrena una nueva Feria Modernista en Alcoy - COPE Alcoy","og_description":"La s\u00e9ptima edici\u00f3n de la Feria Modernista de Alcoy ya est\u00e1 en marcha despu\u00e9s de que arrancara oficialmente esta tarde...","og_url":"https:\/\/www.copealcoy.es\/es\/el-pregon-de-isaac-montllor-estrena-una-nueva-feria-modernista-en-alcoy\/","og_site_name":"COPE Alcoy","article_published_time":"2024-09-27T23:52:34+00:00","article_modified_time":"2024-09-28T20:01:07+00:00","og_image":[{"width":640,"height":480,"url":"https:\/\/www.copealcoy.es\/wp-content\/uploads\/2024\/09\/461318856_882392630654763_1153998548577729444_n-scaled-e1727482023588.jpg","type":"image\/jpeg"}],"author":"Cope Alcoy","twitter_misc":{"Escrito por":"Cope Alcoy","Tiempo de lectura":"3 minutos"},"schema":{"@context":"https:\/\/schema.org","@graph":[{"@type":"Article","@id":"https:\/\/www.copealcoy.es\/es\/el-pregon-de-isaac-montllor-estrena-una-nueva-feria-modernista-en-alcoy\/#article","isPartOf":{"@id":"https:\/\/www.copealcoy.es\/es\/el-pregon-de-isaac-montllor-estrena-una-nueva-feria-modernista-en-alcoy\/"},"author":{"name":"Cope Alcoy","@id":"https:\/\/www.copealcoy.es\/es\/#\/schema\/person\/e777c87fa024e57d40170af9df39882c"},"headline":"El Preg\u00f3n de Isaac Montllor estrena una nueva Feria Modernista en Alcoy","datePublished":"2024-09-27T23:52:34+00:00","dateModified":"2024-09-28T20:01:07+00:00","mainEntityOfPage":{"@id":"https:\/\/www.copealcoy.es\/es\/el-pregon-de-isaac-montllor-estrena-una-nueva-feria-modernista-en-alcoy\/"},"wordCount":486,"commentCount":0,"image":{"@id":"https:\/\/www.copealcoy.es\/es\/el-pregon-de-isaac-montllor-estrena-una-nueva-feria-modernista-en-alcoy\/#primaryimage"},"thumbnailUrl":"https:\/\/www.copealcoy.es\/wp-content\/uploads\/2024\/09\/461318856_882392630654763_1153998548577729444_n-scaled-e1727482023588.jpg","keywords":["Alcoy","Feria Modernista","Inauguraci\u00f3n","Isaac Montllor","preg\u00f3n"],"articleSection":["Actualidad","Alcoy","Fiesta y Cultura","Noticias","Portada"],"inLanguage":"es"},{"@type":"WebPage","@id":"https:\/\/www.copealcoy.es\/es\/el-pregon-de-isaac-montllor-estrena-una-nueva-feria-modernista-en-alcoy\/","url":"https:\/\/www.copealcoy.es\/es\/el-pregon-de-isaac-montllor-estrena-una-nueva-feria-modernista-en-alcoy\/","name":"El Preg\u00f3n de Isaac Montllor estrena una nueva Feria Modernista en Alcoy - COPE Alcoy","isPartOf":{"@id":"https:\/\/www.copealcoy.es\/es\/#website"},"primaryImageOfPage":{"@id":"https:\/\/www.copealcoy.es\/es\/el-pregon-de-isaac-montllor-estrena-una-nueva-feria-modernista-en-alcoy\/#primaryimage"},"image":{"@id":"https:\/\/www.copealcoy.es\/es\/el-pregon-de-isaac-montllor-estrena-una-nueva-feria-modernista-en-alcoy\/#primaryimage"},"thumbnailUrl":"https:\/\/www.copealcoy.es\/wp-content\/uploads\/2024\/09\/461318856_882392630654763_1153998548577729444_n-scaled-e1727482023588.jpg","datePublished":"2024-09-27T23:52:34+00:00","dateModified":"2024-09-28T20:01:07+00:00","author":{"@id":"https:\/\/www.copealcoy.es\/es\/#\/schema\/person\/e777c87fa024e57d40170af9df39882c"},"breadcrumb":{"@id":"https:\/\/www.copealcoy.es\/es\/el-pregon-de-isaac-montllor-estrena-una-nueva-feria-modernista-en-alcoy\/#breadcrumb"},"inLanguage":"es","potentialAction":[{"@type":"ReadAction","target":["https:\/\/www.copealcoy.es\/es\/el-pregon-de-isaac-montllor-estrena-una-nueva-feria-modernista-en-alcoy\/"]}]},{"@type":"ImageObject","inLanguage":"es","@id":"https:\/\/www.copealcoy.es\/es\/el-pregon-de-isaac-montllor-estrena-una-nueva-feria-modernista-en-alcoy\/#primaryimage","url":"https:\/\/www.copealcoy.es\/wp-content\/uploads\/2024\/09\/461318856_882392630654763_1153998548577729444_n-scaled-e1727482023588.jpg","contentUrl":"https:\/\/www.copealcoy.es\/wp-content\/uploads\/2024\/09\/461318856_882392630654763_1153998548577729444_n-scaled-e1727482023588.jpg","width":640,"height":480},{"@type":"BreadcrumbList","@id":"https:\/\/www.copealcoy.es\/es\/el-pregon-de-isaac-montllor-estrena-una-nueva-feria-modernista-en-alcoy\/#breadcrumb","itemListElement":[{"@type":"ListItem","position":1,"name":"Portada","item":"https:\/\/www.copealcoy.es\/es\/"},{"@type":"ListItem","position":2,"name":"El Preg\u00f3n de Isaac Montllor estrena una nueva Feria Modernista en Alcoy"}]},{"@type":"WebSite","@id":"https:\/\/www.copealcoy.es\/es\/#website","url":"https:\/\/www.copealcoy.es\/es\/","name":"COPE Alcoy","description":"Emisora COPE de radio local con emisi\u00f3n online. Pont de Sant Jordi 8-10 03803 Alcoy","potentialAction":[{"@type":"SearchAction","target":{"@type":"EntryPoint","urlTemplate":"https:\/\/www.copealcoy.es\/es\/?s={search_term_string}"},"query-input":{"@type":"PropertyValueSpecification","valueRequired":true,"valueName":"search_term_string"}}],"inLanguage":"es"},{"@type":"Person","@id":"https:\/\/www.copealcoy.es\/es\/#\/schema\/person\/e777c87fa024e57d40170af9df39882c","name":"Cope Alcoy","image":{"@type":"ImageObject","inLanguage":"es","@id":"https:\/\/secure.gravatar.com\/avatar\/bb65d0283347e303893ba14f0692005417c1e0e690a325a4c5d8bb2b3943ee14?s=96&d=mm&r=g","url":"https:\/\/secure.gravatar.com\/avatar\/bb65d0283347e303893ba14f0692005417c1e0e690a325a4c5d8bb2b3943ee14?s=96&d=mm&r=g","contentUrl":"https:\/\/secure.gravatar.com\/avatar\/bb65d0283347e303893ba14f0692005417c1e0e690a325a4c5d8bb2b3943ee14?s=96&d=mm&r=g","caption":"Cope Alcoy"}}]}},"_links":{"self":[{"href":"https:\/\/www.copealcoy.es\/es\/wp-json\/wp\/v2\/posts\/140694","targetHints":{"allow":["GET"]}}],"collection":[{"href":"https:\/\/www.copealcoy.es\/es\/wp-json\/wp\/v2\/posts"}],"about":[{"href":"https:\/\/www.copealcoy.es\/es\/wp-json\/wp\/v2\/types\/post"}],"author":[{"embeddable":true,"href":"https:\/\/www.copealcoy.es\/es\/wp-json\/wp\/v2\/users\/1"}],"replies":[{"embeddable":true,"href":"https:\/\/www.copealcoy.es\/es\/wp-json\/wp\/v2\/comments?post=140694"}],"version-history":[{"count":0,"href":"https:\/\/www.copealcoy.es\/es\/wp-json\/wp\/v2\/posts\/140694\/revisions"}],"wp:featuredmedia":[{"embeddable":true,"href":"https:\/\/www.copealcoy.es\/es\/wp-json\/wp\/v2\/media\/140708"}],"wp:attachment":[{"href":"https:\/\/www.copealcoy.es\/es\/wp-json\/wp\/v2\/media?parent=140694"}],"wp:term":[{"taxonomy":"category","embeddable":true,"href":"https:\/\/www.copealcoy.es\/es\/wp-json\/wp\/v2\/categories?post=140694"},{"taxonomy":"post_tag","embeddable":true,"href":"https:\/\/www.copealcoy.es\/es\/wp-json\/wp\/v2\/tags?post=140694"}],"curies":[{"name":"wp","href":"https:\/\/api.w.org\/{rel}","templated":true}]}}