{"id":14044,"date":"2015-06-17T08:44:48","date_gmt":"2015-06-17T08:44:48","guid":{"rendered":"http:\/\/copealcoi.es\/new\/?p=14044"},"modified":"2015-06-18T10:12:14","modified_gmt":"2015-06-18T10:12:14","slug":"definidas-las-nuevas-areas-del-gobierno-contestano","status":"publish","type":"post","link":"https:\/\/www.copealcoy.es\/es\/definidas-las-nuevas-areas-del-gobierno-contestano\/","title":{"rendered":"Definidas las nuevas \u00e1reas del Gobierno contestano"},"content":{"rendered":"<p style=\"text-align: justify;\">La nueva alcaldesa de Cocentaina, Mireia Estepa, ha definido ya las delegaciones que ocupar\u00e1n los siete concejales electos del Partido Socialista y que integran el Gobierno Municipal contestano. Hay que destacar que Estepa adem\u00e1s de la alcald\u00eda asumir\u00e1 Bienestar Social y Participaci\u00f3n Ciudadana. Por su parte Marcos Castell\u00f3 ser\u00e1 el primer\u00a0teniente de alcalde y tendr\u00e1\u00a0Personal, Hacienda, Obras y Servicios y Polic\u00eda.\u00a0Mariona Carbonell ser\u00e1 la cuarta\u00a0teniente de alcalde y se encargar\u00e1 de\u00a0Urbanismo, Fira y Promoci\u00f3n Econ\u00f3mica.\u00a0Marcela Richart, tercera teniente de alcalde, mantendr\u00e1 Cultura y asumir\u00e1 Patrimonio, Universidad, y Pol\u00edtica Ling\u00fc\u00edstica. Por su parte Saul Botella ejercer\u00e1 de segundo\u00a0teniente de alcalde y contar\u00e1 con Deportes, Juventud y Medio Ambiente. Antonio Hern\u00e1ndez, quinto teniente de alcalde,\u00a0se encargar\u00e1 de Cementerio, Turismo, Modernizaci\u00f3n, Sanidad y Pedan\u00edas mientras que Susana Reig se ocupar\u00e1 de Tradiciones, Fiestas, Educaci\u00f3n, Residuos y Limpieza Viaria.<\/p>\n<p style=\"text-align: justify;\">Indicar que tambi\u00e9n han quedado definidos los Grupos Pol\u00edticos cuyos portavoces ser\u00e1n Jos\u00e9 Lu\u00eds Vicedo (Ciudadanos), Bernardo P\u00e9rez (Guanyar), Xavi Anduix (Col.lectiu 03820 &#8211; Comprom\u00eds), Rafael Montava (Partido Popular) y Marcos Castell\u00f3 (PSOE).<\/p>\n<p style=\"text-align: justify;\">\n","protected":false},"excerpt":{"rendered":"<p>La nueva alcaldesa de Cocentaina, Mireia Estepa, ha definido ya las delegaciones que ocupar\u00e1n los siete concejales electos del Partido&#8230;<\/p>\n","protected":false},"author":1,"featured_media":14046,"comment_status":"open","ping_status":"open","sticky":false,"template":"","format":"standard","meta":{"footnotes":""},"categories":[98,75],"tags":[132,1162,217,422],"class_list":["post-14044","post","type-post","status-publish","format-standard","has-post-thumbnail","hentry","category-comarcas","category-noticias","tag-cocentaina","tag-concejalias","tag-gobierno","tag-politica"],"yoast_head":"<!-- This site is optimized with the Yoast SEO plugin v27.3 - https:\/\/yoast.com\/product\/yoast-seo-wordpress\/ -->\n<title>Definidas las nuevas \u00e1reas del Gobierno contestano - COPE Alcoy<\/title>\n<meta name=\"robots\" content=\"index, follow, max-snippet:-1, max-image-preview:large, max-video-preview:-1\" \/>\n<link rel=\"canonical\" href=\"https:\/\/www.copealcoy.es\/es\/definidas-las-nuevas-areas-del-gobierno-contestano\/\" \/>\n<meta property=\"og:locale\" content=\"es_ES\" \/>\n<meta property=\"og:type\" content=\"article\" \/>\n<meta property=\"og:title\" content=\"Definidas las nuevas \u00e1reas del Gobierno contestano - COPE Alcoy\" \/>\n<meta property=\"og:description\" content=\"La nueva alcaldesa de Cocentaina, Mireia Estepa, ha definido ya las delegaciones que ocupar\u00e1n los siete concejales electos del Partido...\" \/>\n<meta property=\"og:url\" content=\"https:\/\/www.copealcoy.es\/es\/definidas-las-nuevas-areas-del-gobierno-contestano\/\" \/>\n<meta property=\"og:site_name\" content=\"COPE Alcoy\" \/>\n<meta property=\"article:published_time\" content=\"2015-06-17T08:44:48+00:00\" \/>\n<meta property=\"article:modified_time\" content=\"2015-06-18T10:12:14+00:00\" \/>\n<meta property=\"og:image\" content=\"https:\/\/www.copealcoy.es\/wp-content\/uploads\/2015\/06\/Corporaci\u00f3n-Cocentaina.jpg\" \/>\n\t<meta property=\"og:image:width\" content=\"3888\" \/>\n\t<meta property=\"og:image:height\" content=\"2592\" \/>\n\t<meta property=\"og:image:type\" content=\"image\/jpeg\" \/>\n<meta name=\"author\" content=\"Cope Alcoy\" \/>\n<meta name=\"twitter:label1\" content=\"Escrito por\" \/>\n\t<meta name=\"twitter:data1\" content=\"Cope Alcoy\" \/>\n\t<meta name=\"twitter:label2\" content=\"Tiempo de lectura\" \/>\n\t<meta name=\"twitter:data2\" content=\"1 minuto\" \/>\n<script type=\"application\/ld+json\" class=\"yoast-schema-graph\">{\"@context\":\"https:\\\/\\\/schema.org\",\"@graph\":[{\"@type\":\"Article\",\"@id\":\"https:\\\/\\\/www.copealcoy.es\\\/es\\\/definidas-las-nuevas-areas-del-gobierno-contestano\\\/#article\",\"isPartOf\":{\"@id\":\"https:\\\/\\\/www.copealcoy.es\\\/es\\\/definidas-las-nuevas-areas-del-gobierno-contestano\\\/\"},\"author\":{\"name\":\"Cope Alcoy\",\"@id\":\"https:\\\/\\\/www.copealcoy.es\\\/es\\\/#\\\/schema\\\/person\\\/e777c87fa024e57d40170af9df39882c\"},\"headline\":\"Definidas las nuevas \u00e1reas del Gobierno contestano\",\"datePublished\":\"2015-06-17T08:44:48+00:00\",\"dateModified\":\"2015-06-18T10:12:14+00:00\",\"mainEntityOfPage\":{\"@id\":\"https:\\\/\\\/www.copealcoy.es\\\/es\\\/definidas-las-nuevas-areas-del-gobierno-contestano\\\/\"},\"wordCount\":202,\"commentCount\":0,\"image\":{\"@id\":\"https:\\\/\\\/www.copealcoy.es\\\/es\\\/definidas-las-nuevas-areas-del-gobierno-contestano\\\/#primaryimage\"},\"thumbnailUrl\":\"https:\\\/\\\/www.copealcoy.es\\\/wp-content\\\/uploads\\\/2015\\\/06\\\/Corporaci\u00f3n-Cocentaina.jpg\",\"keywords\":[\"Cocentaina\",\"Concejal\u00edas\",\"Gobierno\",\"Pol\u00edtica\"],\"articleSection\":[\"Comarcas\",\"Noticias\"],\"inLanguage\":\"es\"},{\"@type\":\"WebPage\",\"@id\":\"https:\\\/\\\/www.copealcoy.es\\\/es\\\/definidas-las-nuevas-areas-del-gobierno-contestano\\\/\",\"url\":\"https:\\\/\\\/www.copealcoy.es\\\/es\\\/definidas-las-nuevas-areas-del-gobierno-contestano\\\/\",\"name\":\"Definidas las nuevas \u00e1reas del Gobierno contestano - COPE Alcoy\",\"isPartOf\":{\"@id\":\"https:\\\/\\\/www.copealcoy.es\\\/es\\\/#website\"},\"primaryImageOfPage\":{\"@id\":\"https:\\\/\\\/www.copealcoy.es\\\/es\\\/definidas-las-nuevas-areas-del-gobierno-contestano\\\/#primaryimage\"},\"image\":{\"@id\":\"https:\\\/\\\/www.copealcoy.es\\\/es\\\/definidas-las-nuevas-areas-del-gobierno-contestano\\\/#primaryimage\"},\"thumbnailUrl\":\"https:\\\/\\\/www.copealcoy.es\\\/wp-content\\\/uploads\\\/2015\\\/06\\\/Corporaci\u00f3n-Cocentaina.jpg\",\"datePublished\":\"2015-06-17T08:44:48+00:00\",\"dateModified\":\"2015-06-18T10:12:14+00:00\",\"author\":{\"@id\":\"https:\\\/\\\/www.copealcoy.es\\\/es\\\/#\\\/schema\\\/person\\\/e777c87fa024e57d40170af9df39882c\"},\"breadcrumb\":{\"@id\":\"https:\\\/\\\/www.copealcoy.es\\\/es\\\/definidas-las-nuevas-areas-del-gobierno-contestano\\\/#breadcrumb\"},\"inLanguage\":\"es\",\"potentialAction\":[{\"@type\":\"ReadAction\",\"target\":[\"https:\\\/\\\/www.copealcoy.es\\\/es\\\/definidas-las-nuevas-areas-del-gobierno-contestano\\\/\"]}]},{\"@type\":\"ImageObject\",\"inLanguage\":\"es\",\"@id\":\"https:\\\/\\\/www.copealcoy.es\\\/es\\\/definidas-las-nuevas-areas-del-gobierno-contestano\\\/#primaryimage\",\"url\":\"https:\\\/\\\/www.copealcoy.es\\\/wp-content\\\/uploads\\\/2015\\\/06\\\/Corporaci\u00f3n-Cocentaina.jpg\",\"contentUrl\":\"https:\\\/\\\/www.copealcoy.es\\\/wp-content\\\/uploads\\\/2015\\\/06\\\/Corporaci\u00f3n-Cocentaina.jpg\",\"width\":1620,\"height\":1080,\"caption\":\"Nueva Corporaci\u00f3n Cocentaina\"},{\"@type\":\"BreadcrumbList\",\"@id\":\"https:\\\/\\\/www.copealcoy.es\\\/es\\\/definidas-las-nuevas-areas-del-gobierno-contestano\\\/#breadcrumb\",\"itemListElement\":[{\"@type\":\"ListItem\",\"position\":1,\"name\":\"Portada\",\"item\":\"https:\\\/\\\/www.copealcoy.es\\\/es\\\/\"},{\"@type\":\"ListItem\",\"position\":2,\"name\":\"Definidas las nuevas \u00e1reas del Gobierno contestano\"}]},{\"@type\":\"WebSite\",\"@id\":\"https:\\\/\\\/www.copealcoy.es\\\/es\\\/#website\",\"url\":\"https:\\\/\\\/www.copealcoy.es\\\/es\\\/\",\"name\":\"COPE Alcoy\",\"description\":\"Emisora COPE de radio local con emisi\u00f3n online. Pont de Sant Jordi 8-10 03803 Alcoy\",\"potentialAction\":[{\"@type\":\"SearchAction\",\"target\":{\"@type\":\"EntryPoint\",\"urlTemplate\":\"https:\\\/\\\/www.copealcoy.es\\\/es\\\/?s={search_term_string}\"},\"query-input\":{\"@type\":\"PropertyValueSpecification\",\"valueRequired\":true,\"valueName\":\"search_term_string\"}}],\"inLanguage\":\"es\"},{\"@type\":\"Person\",\"@id\":\"https:\\\/\\\/www.copealcoy.es\\\/es\\\/#\\\/schema\\\/person\\\/e777c87fa024e57d40170af9df39882c\",\"name\":\"Cope Alcoy\",\"image\":{\"@type\":\"ImageObject\",\"inLanguage\":\"es\",\"@id\":\"https:\\\/\\\/secure.gravatar.com\\\/avatar\\\/bb65d0283347e303893ba14f0692005417c1e0e690a325a4c5d8bb2b3943ee14?s=96&d=mm&r=g\",\"url\":\"https:\\\/\\\/secure.gravatar.com\\\/avatar\\\/bb65d0283347e303893ba14f0692005417c1e0e690a325a4c5d8bb2b3943ee14?s=96&d=mm&r=g\",\"contentUrl\":\"https:\\\/\\\/secure.gravatar.com\\\/avatar\\\/bb65d0283347e303893ba14f0692005417c1e0e690a325a4c5d8bb2b3943ee14?s=96&d=mm&r=g\",\"caption\":\"Cope Alcoy\"}}]}<\/script>\n<!-- \/ Yoast SEO plugin. -->","yoast_head_json":{"title":"Definidas las nuevas \u00e1reas del Gobierno contestano - COPE Alcoy","robots":{"index":"index","follow":"follow","max-snippet":"max-snippet:-1","max-image-preview":"max-image-preview:large","max-video-preview":"max-video-preview:-1"},"canonical":"https:\/\/www.copealcoy.es\/es\/definidas-las-nuevas-areas-del-gobierno-contestano\/","og_locale":"es_ES","og_type":"article","og_title":"Definidas las nuevas \u00e1reas del Gobierno contestano - COPE Alcoy","og_description":"La nueva alcaldesa de Cocentaina, Mireia Estepa, ha definido ya las delegaciones que ocupar\u00e1n los siete concejales electos del Partido...","og_url":"https:\/\/www.copealcoy.es\/es\/definidas-las-nuevas-areas-del-gobierno-contestano\/","og_site_name":"COPE Alcoy","article_published_time":"2015-06-17T08:44:48+00:00","article_modified_time":"2015-06-18T10:12:14+00:00","og_image":[{"width":3888,"height":2592,"url":"https:\/\/www.copealcoy.es\/wp-content\/uploads\/2015\/06\/Corporaci\u00f3n-Cocentaina.jpg","type":"image\/jpeg"}],"author":"Cope Alcoy","twitter_misc":{"Escrito por":"Cope Alcoy","Tiempo de lectura":"1 minuto"},"schema":{"@context":"https:\/\/schema.org","@graph":[{"@type":"Article","@id":"https:\/\/www.copealcoy.es\/es\/definidas-las-nuevas-areas-del-gobierno-contestano\/#article","isPartOf":{"@id":"https:\/\/www.copealcoy.es\/es\/definidas-las-nuevas-areas-del-gobierno-contestano\/"},"author":{"name":"Cope Alcoy","@id":"https:\/\/www.copealcoy.es\/es\/#\/schema\/person\/e777c87fa024e57d40170af9df39882c"},"headline":"Definidas las nuevas \u00e1reas del Gobierno contestano","datePublished":"2015-06-17T08:44:48+00:00","dateModified":"2015-06-18T10:12:14+00:00","mainEntityOfPage":{"@id":"https:\/\/www.copealcoy.es\/es\/definidas-las-nuevas-areas-del-gobierno-contestano\/"},"wordCount":202,"commentCount":0,"image":{"@id":"https:\/\/www.copealcoy.es\/es\/definidas-las-nuevas-areas-del-gobierno-contestano\/#primaryimage"},"thumbnailUrl":"https:\/\/www.copealcoy.es\/wp-content\/uploads\/2015\/06\/Corporaci\u00f3n-Cocentaina.jpg","keywords":["Cocentaina","Concejal\u00edas","Gobierno","Pol\u00edtica"],"articleSection":["Comarcas","Noticias"],"inLanguage":"es"},{"@type":"WebPage","@id":"https:\/\/www.copealcoy.es\/es\/definidas-las-nuevas-areas-del-gobierno-contestano\/","url":"https:\/\/www.copealcoy.es\/es\/definidas-las-nuevas-areas-del-gobierno-contestano\/","name":"Definidas las nuevas \u00e1reas del Gobierno contestano - COPE Alcoy","isPartOf":{"@id":"https:\/\/www.copealcoy.es\/es\/#website"},"primaryImageOfPage":{"@id":"https:\/\/www.copealcoy.es\/es\/definidas-las-nuevas-areas-del-gobierno-contestano\/#primaryimage"},"image":{"@id":"https:\/\/www.copealcoy.es\/es\/definidas-las-nuevas-areas-del-gobierno-contestano\/#primaryimage"},"thumbnailUrl":"https:\/\/www.copealcoy.es\/wp-content\/uploads\/2015\/06\/Corporaci\u00f3n-Cocentaina.jpg","datePublished":"2015-06-17T08:44:48+00:00","dateModified":"2015-06-18T10:12:14+00:00","author":{"@id":"https:\/\/www.copealcoy.es\/es\/#\/schema\/person\/e777c87fa024e57d40170af9df39882c"},"breadcrumb":{"@id":"https:\/\/www.copealcoy.es\/es\/definidas-las-nuevas-areas-del-gobierno-contestano\/#breadcrumb"},"inLanguage":"es","potentialAction":[{"@type":"ReadAction","target":["https:\/\/www.copealcoy.es\/es\/definidas-las-nuevas-areas-del-gobierno-contestano\/"]}]},{"@type":"ImageObject","inLanguage":"es","@id":"https:\/\/www.copealcoy.es\/es\/definidas-las-nuevas-areas-del-gobierno-contestano\/#primaryimage","url":"https:\/\/www.copealcoy.es\/wp-content\/uploads\/2015\/06\/Corporaci\u00f3n-Cocentaina.jpg","contentUrl":"https:\/\/www.copealcoy.es\/wp-content\/uploads\/2015\/06\/Corporaci\u00f3n-Cocentaina.jpg","width":1620,"height":1080,"caption":"Nueva Corporaci\u00f3n Cocentaina"},{"@type":"BreadcrumbList","@id":"https:\/\/www.copealcoy.es\/es\/definidas-las-nuevas-areas-del-gobierno-contestano\/#breadcrumb","itemListElement":[{"@type":"ListItem","position":1,"name":"Portada","item":"https:\/\/www.copealcoy.es\/es\/"},{"@type":"ListItem","position":2,"name":"Definidas las nuevas \u00e1reas del Gobierno contestano"}]},{"@type":"WebSite","@id":"https:\/\/www.copealcoy.es\/es\/#website","url":"https:\/\/www.copealcoy.es\/es\/","name":"COPE Alcoy","description":"Emisora COPE de radio local con emisi\u00f3n online. Pont de Sant Jordi 8-10 03803 Alcoy","potentialAction":[{"@type":"SearchAction","target":{"@type":"EntryPoint","urlTemplate":"https:\/\/www.copealcoy.es\/es\/?s={search_term_string}"},"query-input":{"@type":"PropertyValueSpecification","valueRequired":true,"valueName":"search_term_string"}}],"inLanguage":"es"},{"@type":"Person","@id":"https:\/\/www.copealcoy.es\/es\/#\/schema\/person\/e777c87fa024e57d40170af9df39882c","name":"Cope Alcoy","image":{"@type":"ImageObject","inLanguage":"es","@id":"https:\/\/secure.gravatar.com\/avatar\/bb65d0283347e303893ba14f0692005417c1e0e690a325a4c5d8bb2b3943ee14?s=96&d=mm&r=g","url":"https:\/\/secure.gravatar.com\/avatar\/bb65d0283347e303893ba14f0692005417c1e0e690a325a4c5d8bb2b3943ee14?s=96&d=mm&r=g","contentUrl":"https:\/\/secure.gravatar.com\/avatar\/bb65d0283347e303893ba14f0692005417c1e0e690a325a4c5d8bb2b3943ee14?s=96&d=mm&r=g","caption":"Cope Alcoy"}}]}},"_links":{"self":[{"href":"https:\/\/www.copealcoy.es\/es\/wp-json\/wp\/v2\/posts\/14044","targetHints":{"allow":["GET"]}}],"collection":[{"href":"https:\/\/www.copealcoy.es\/es\/wp-json\/wp\/v2\/posts"}],"about":[{"href":"https:\/\/www.copealcoy.es\/es\/wp-json\/wp\/v2\/types\/post"}],"author":[{"embeddable":true,"href":"https:\/\/www.copealcoy.es\/es\/wp-json\/wp\/v2\/users\/1"}],"replies":[{"embeddable":true,"href":"https:\/\/www.copealcoy.es\/es\/wp-json\/wp\/v2\/comments?post=14044"}],"version-history":[{"count":0,"href":"https:\/\/www.copealcoy.es\/es\/wp-json\/wp\/v2\/posts\/14044\/revisions"}],"wp:featuredmedia":[{"embeddable":true,"href":"https:\/\/www.copealcoy.es\/es\/wp-json\/wp\/v2\/media\/14046"}],"wp:attachment":[{"href":"https:\/\/www.copealcoy.es\/es\/wp-json\/wp\/v2\/media?parent=14044"}],"wp:term":[{"taxonomy":"category","embeddable":true,"href":"https:\/\/www.copealcoy.es\/es\/wp-json\/wp\/v2\/categories?post=14044"},{"taxonomy":"post_tag","embeddable":true,"href":"https:\/\/www.copealcoy.es\/es\/wp-json\/wp\/v2\/tags?post=14044"}],"curies":[{"name":"wp","href":"https:\/\/api.w.org\/{rel}","templated":true}]}}