{"id":140366,"date":"2024-09-21T22:54:37","date_gmt":"2024-09-21T21:54:37","guid":{"rendered":"https:\/\/www.copealcoy.es\/?p=140366"},"modified":"2024-09-21T23:01:28","modified_gmt":"2024-09-21T22:01:28","slug":"la-virgen-de-los-lirios-se-reencuentra-de-nuevo-con-alcoy","status":"publish","type":"post","link":"https:\/\/www.copealcoy.es\/es\/la-virgen-de-los-lirios-se-reencuentra-de-nuevo-con-alcoy\/","title":{"rendered":"La Virgen de los Lirios se reencuentra de nuevo con Alcoy"},"content":{"rendered":"<p style=\"text-align: justify;\">Alcoy vive <strong>un intenso fin de semana de homenaje a la Virgen de los Lirios<\/strong> en los d\u00edas centrales de la festividad en su honor. Ayer s\u00e1bado <strong>fue el turno de la ofrenda floral a la patrona<\/strong> en <strong>la v\u00edspera de la Romer\u00eda a la Font Roja<\/strong> que ser\u00e1 la protagonista durante buena parte de la ma\u00f1ana de hoy.<\/p>\n<p style=\"text-align: justify;\">La actividad festiva arranc\u00f3 a mediod\u00eda con el <strong>volteo general de campanas<\/strong>, en todas las iglesias de la ciudad, y ya por la tarde <strong>se ofici\u00f3 una solemne eucarist\u00eda<\/strong> en la parroquia de San Mauro y San Francisco pre\u00e1mbulo de la gran ofrenda floral a la Mare de D\u00e9u. Todo transcurri\u00f3 seg\u00fan estaba previsto, pese a que a primeras horas de la tarde llovi\u00f3 con fuerza, y <strong>la Virgen de los Lirios sali\u00f3 con normalidad a la plaza de Ram\u00f3n y Cajal<\/strong> pasadas las 20:00h mientras se disparaban varias salvas en su honor. Inmediatamente despu\u00e9s <strong>arranc\u00f3 la comitiva<\/strong> en la que numerosos fieles, as\u00ed como asociaciones alcoyanas, desfilaron por la calle San Nicol\u00e1s hasta la Plaza de Espa\u00f1a portando ramos o cestas de flores que ofrendar\u00edan a la patrona. No faltaron la m\u00fasica tradicional ni los bailes populares, a cargo del Grup de Danses Carrascal, mientras que la Societat Musical Nova d&#8217;Alcoi acompa\u00f1\u00f3 a la Virgen en su descenso hasta La Bandeja.<\/p>\n<p style=\"text-align: justify;\">Ya en la c\u00e9ntrica plaza<strong> Indalecio Carbonell<\/strong>, presidente del C\u00edrculo Industrial, tuvo oportunidad de <strong>declamar &#8216;La Crida&#8217;<\/strong> anunciando que ya hab\u00eda llegado el momento de venerar a la Virgen de los Lirios con todos los honores e incluso animando a participar en la Romer\u00eda de este 22 de septiembre. Carbonell, que ya hizo esta labor el a\u00f1o pasado, <strong>repiti\u00f3 experiencia<\/strong> despu\u00e9s de que en 2023 su &#8216;Crida&#8217; se viera condicionada por los problemas de megafon\u00eda.<\/p>\n<p style=\"text-align: justify;\">El <strong>disparo de un castillo de fuegos artificiales<\/strong>, mientras sonaban con fuerza los bronces de Santa Mar\u00eda, puso fin a una ofrenda en la que tambi\u00e9n tomaron parte las entidades religiosas de Alcoy. Adem\u00e1s, el Obispo <strong>Don Jos\u00e9 Vilaplana Blasco<\/strong>, natural de Benimarfull, presidi\u00f3 los actos religiosos junto a una representaci\u00f3n de la Corporaci\u00f3n Municipal encabezada por el alcalde;<strong> Toni Franc\u00e9s<\/strong>. Por \u00faltimo la Virgen de los Lirios fue devuelta a San Mauro y San Francisco, acompa\u00f1ada por <strong><a href=\"https:\/\/www.facebook.com\/arxiconfrariavergedelslliris\" target=\"_blank\" rel=\"noopener\"><span style=\"color: #0000ff;\">la Archicofrad\u00eda<\/span><\/a><\/strong> <strong>presidida por Reme Perell\u00f3<\/strong>, y desde all\u00ed saldr\u00e1 a las 06:45h la peregrina\u00a0 en el ascenso en Romer\u00eda hasta El Carrascal.<\/p>\n<div id='gallery-1' class='gallery galleryid-140366 gallery-columns-2 gallery-size-large'><figure class='gallery-item'>\n\t\t\t<div class='gallery-icon landscape'>\n\t\t\t\t<a href='https:\/\/www.copealcoy.es\/es\/la-virgen-de-los-lirios-se-reencuentra-de-nuevo-con-alcoy\/unnamed-9-6\/'><img loading=\"lazy\" decoding=\"async\" width=\"980\" height=\"588\" src=\"https:\/\/www.copealcoy.es\/wp-content\/uploads\/2024\/09\/unnamed-9-980x588.jpg\" class=\"attachment-large size-large\" alt=\"\" \/><\/a>\n\t\t\t<\/div><\/figure><figure class='gallery-item'>\n\t\t\t<div class='gallery-icon landscape'>\n\t\t\t\t<a href='https:\/\/www.copealcoy.es\/es\/la-virgen-de-los-lirios-se-reencuentra-de-nuevo-con-alcoy\/unnamed-7-10\/'><img loading=\"lazy\" decoding=\"async\" width=\"980\" height=\"588\" src=\"https:\/\/www.copealcoy.es\/wp-content\/uploads\/2024\/09\/unnamed-7-980x588.jpg\" class=\"attachment-large size-large\" alt=\"\" \/><\/a>\n\t\t\t<\/div><\/figure><figure class='gallery-item'>\n\t\t\t<div class='gallery-icon landscape'>\n\t\t\t\t<a href='https:\/\/www.copealcoy.es\/es\/la-virgen-de-los-lirios-se-reencuentra-de-nuevo-con-alcoy\/unnamed-8-10\/'><img loading=\"lazy\" decoding=\"async\" width=\"980\" height=\"588\" src=\"https:\/\/www.copealcoy.es\/wp-content\/uploads\/2024\/09\/unnamed-8-980x588.jpg\" class=\"attachment-large size-large\" alt=\"\" \/><\/a>\n\t\t\t<\/div><\/figure><figure class='gallery-item'>\n\t\t\t<div class='gallery-icon landscape'>\n\t\t\t\t<a href='https:\/\/www.copealcoy.es\/es\/la-virgen-de-los-lirios-se-reencuentra-de-nuevo-con-alcoy\/unnamed-4-37\/'><img loading=\"lazy\" decoding=\"async\" width=\"980\" height=\"588\" src=\"https:\/\/www.copealcoy.es\/wp-content\/uploads\/2024\/09\/unnamed-4-2-980x588.jpg\" class=\"attachment-large size-large\" alt=\"\" \/><\/a>\n\t\t\t<\/div><\/figure><figure class='gallery-item'>\n\t\t\t<div class='gallery-icon landscape'>\n\t\t\t\t<a href='https:\/\/www.copealcoy.es\/es\/la-virgen-de-los-lirios-se-reencuentra-de-nuevo-con-alcoy\/unnamed-2-118\/'><img loading=\"lazy\" decoding=\"async\" width=\"980\" height=\"588\" src=\"https:\/\/www.copealcoy.es\/wp-content\/uploads\/2024\/09\/unnamed-2-3-980x588.jpg\" class=\"attachment-large size-large\" alt=\"\" \/><\/a>\n\t\t\t<\/div><\/figure><figure class='gallery-item'>\n\t\t\t<div class='gallery-icon landscape'>\n\t\t\t\t<a href='https:\/\/www.copealcoy.es\/es\/la-virgen-de-los-lirios-se-reencuentra-de-nuevo-con-alcoy\/unnamed-6-14\/'><img loading=\"lazy\" decoding=\"async\" width=\"980\" height=\"588\" src=\"https:\/\/www.copealcoy.es\/wp-content\/uploads\/2024\/09\/unnamed-6-1-980x588.jpg\" class=\"attachment-large size-large\" alt=\"\" \/><\/a>\n\t\t\t<\/div><\/figure>\n\t\t<\/div>\n\n<p>&nbsp;<\/p>\n","protected":false},"excerpt":{"rendered":"<p>Alcoy vive un intenso fin de semana de homenaje a la Virgen de los Lirios en los d\u00edas centrales de&#8230;<\/p>\n","protected":false},"author":1,"featured_media":140367,"comment_status":"open","ping_status":"open","sticky":false,"template":"","format":"standard","meta":{"footnotes":""},"categories":[6909,97,78,75,125],"tags":[1494,6997,2937,566,1347],"class_list":["post-140366","post","type-post","status-publish","format-standard","has-post-thumbnail","hentry","category-actualidad","category-alcoy","category-fiestaycultura","category-noticias","category-portada","tag-alcoy","tag-festividad","tag-ofrenda-floral","tag-romeria","tag-virgen-de-los-lirios"],"yoast_head":"<!-- This site is optimized with the Yoast SEO plugin v27.3 - https:\/\/yoast.com\/product\/yoast-seo-wordpress\/ -->\n<title>La Virgen de los Lirios se reencuentra de nuevo con Alcoy - COPE Alcoy<\/title>\n<meta name=\"description\" content=\"Alcoy vive un intenso fin de semana de homenaje a la Virgen de los Lirios en los d\u00edas centrales de la festividad en su honor\" \/>\n<meta name=\"robots\" content=\"index, follow, max-snippet:-1, max-image-preview:large, max-video-preview:-1\" \/>\n<link rel=\"canonical\" href=\"https:\/\/www.copealcoy.es\/es\/la-virgen-de-los-lirios-se-reencuentra-de-nuevo-con-alcoy\/\" \/>\n<meta property=\"og:locale\" content=\"es_ES\" \/>\n<meta property=\"og:type\" content=\"article\" \/>\n<meta property=\"og:title\" content=\"La Virgen de los Lirios se reencuentra de nuevo con Alcoy - COPE Alcoy\" \/>\n<meta property=\"og:description\" content=\"Alcoy vive un intenso fin de semana de homenaje a la Virgen de los Lirios en los d\u00edas centrales de la festividad en su honor\" \/>\n<meta property=\"og:url\" content=\"https:\/\/www.copealcoy.es\/es\/la-virgen-de-los-lirios-se-reencuentra-de-nuevo-con-alcoy\/\" \/>\n<meta property=\"og:site_name\" content=\"COPE Alcoy\" \/>\n<meta property=\"article:published_time\" content=\"2024-09-21T21:54:37+00:00\" \/>\n<meta property=\"article:modified_time\" content=\"2024-09-21T22:01:28+00:00\" \/>\n<meta property=\"og:image\" content=\"https:\/\/www.copealcoy.es\/wp-content\/uploads\/2024\/09\/unnamed-5-2-scaled.jpg\" \/>\n\t<meta property=\"og:image:width\" content=\"1546\" \/>\n\t<meta property=\"og:image:height\" content=\"1080\" \/>\n\t<meta property=\"og:image:type\" content=\"image\/jpeg\" \/>\n<meta name=\"author\" content=\"Cope Alcoy\" \/>\n<meta name=\"twitter:label1\" content=\"Escrito por\" \/>\n\t<meta name=\"twitter:data1\" content=\"Cope Alcoy\" \/>\n\t<meta name=\"twitter:label2\" content=\"Tiempo de lectura\" \/>\n\t<meta name=\"twitter:data2\" content=\"3 minutos\" \/>\n<script type=\"application\/ld+json\" class=\"yoast-schema-graph\">{\"@context\":\"https:\\\/\\\/schema.org\",\"@graph\":[{\"@type\":\"Article\",\"@id\":\"https:\\\/\\\/www.copealcoy.es\\\/es\\\/la-virgen-de-los-lirios-se-reencuentra-de-nuevo-con-alcoy\\\/#article\",\"isPartOf\":{\"@id\":\"https:\\\/\\\/www.copealcoy.es\\\/es\\\/la-virgen-de-los-lirios-se-reencuentra-de-nuevo-con-alcoy\\\/\"},\"author\":{\"name\":\"Cope Alcoy\",\"@id\":\"https:\\\/\\\/www.copealcoy.es\\\/es\\\/#\\\/schema\\\/person\\\/e777c87fa024e57d40170af9df39882c\"},\"headline\":\"La Virgen de los Lirios se reencuentra de nuevo con Alcoy\",\"datePublished\":\"2024-09-21T21:54:37+00:00\",\"dateModified\":\"2024-09-21T22:01:28+00:00\",\"mainEntityOfPage\":{\"@id\":\"https:\\\/\\\/www.copealcoy.es\\\/es\\\/la-virgen-de-los-lirios-se-reencuentra-de-nuevo-con-alcoy\\\/\"},\"wordCount\":445,\"commentCount\":0,\"image\":{\"@id\":\"https:\\\/\\\/www.copealcoy.es\\\/es\\\/la-virgen-de-los-lirios-se-reencuentra-de-nuevo-con-alcoy\\\/#primaryimage\"},\"thumbnailUrl\":\"https:\\\/\\\/www.copealcoy.es\\\/wp-content\\\/uploads\\\/2024\\\/09\\\/unnamed-5-2-scaled.jpg\",\"keywords\":[\"Alcoy\",\"festividad\",\"ofrenda floral\",\"Romer\u00eda\",\"Virgen de los Lirios\"],\"articleSection\":[\"Actualidad\",\"Alcoy\",\"Fiesta y Cultura\",\"Noticias\",\"Portada\"],\"inLanguage\":\"es\"},{\"@type\":\"WebPage\",\"@id\":\"https:\\\/\\\/www.copealcoy.es\\\/es\\\/la-virgen-de-los-lirios-se-reencuentra-de-nuevo-con-alcoy\\\/\",\"url\":\"https:\\\/\\\/www.copealcoy.es\\\/es\\\/la-virgen-de-los-lirios-se-reencuentra-de-nuevo-con-alcoy\\\/\",\"name\":\"La Virgen de los Lirios se reencuentra de nuevo con Alcoy - COPE Alcoy\",\"isPartOf\":{\"@id\":\"https:\\\/\\\/www.copealcoy.es\\\/es\\\/#website\"},\"primaryImageOfPage\":{\"@id\":\"https:\\\/\\\/www.copealcoy.es\\\/es\\\/la-virgen-de-los-lirios-se-reencuentra-de-nuevo-con-alcoy\\\/#primaryimage\"},\"image\":{\"@id\":\"https:\\\/\\\/www.copealcoy.es\\\/es\\\/la-virgen-de-los-lirios-se-reencuentra-de-nuevo-con-alcoy\\\/#primaryimage\"},\"thumbnailUrl\":\"https:\\\/\\\/www.copealcoy.es\\\/wp-content\\\/uploads\\\/2024\\\/09\\\/unnamed-5-2-scaled.jpg\",\"datePublished\":\"2024-09-21T21:54:37+00:00\",\"dateModified\":\"2024-09-21T22:01:28+00:00\",\"author\":{\"@id\":\"https:\\\/\\\/www.copealcoy.es\\\/es\\\/#\\\/schema\\\/person\\\/e777c87fa024e57d40170af9df39882c\"},\"description\":\"Alcoy vive un intenso fin de semana de homenaje a la Virgen de los Lirios en los d\u00edas centrales de la festividad en su honor\",\"breadcrumb\":{\"@id\":\"https:\\\/\\\/www.copealcoy.es\\\/es\\\/la-virgen-de-los-lirios-se-reencuentra-de-nuevo-con-alcoy\\\/#breadcrumb\"},\"inLanguage\":\"es\",\"potentialAction\":[{\"@type\":\"ReadAction\",\"target\":[\"https:\\\/\\\/www.copealcoy.es\\\/es\\\/la-virgen-de-los-lirios-se-reencuentra-de-nuevo-con-alcoy\\\/\"]}]},{\"@type\":\"ImageObject\",\"inLanguage\":\"es\",\"@id\":\"https:\\\/\\\/www.copealcoy.es\\\/es\\\/la-virgen-de-los-lirios-se-reencuentra-de-nuevo-con-alcoy\\\/#primaryimage\",\"url\":\"https:\\\/\\\/www.copealcoy.es\\\/wp-content\\\/uploads\\\/2024\\\/09\\\/unnamed-5-2-scaled.jpg\",\"contentUrl\":\"https:\\\/\\\/www.copealcoy.es\\\/wp-content\\\/uploads\\\/2024\\\/09\\\/unnamed-5-2-scaled.jpg\",\"width\":1546,\"height\":1080},{\"@type\":\"BreadcrumbList\",\"@id\":\"https:\\\/\\\/www.copealcoy.es\\\/es\\\/la-virgen-de-los-lirios-se-reencuentra-de-nuevo-con-alcoy\\\/#breadcrumb\",\"itemListElement\":[{\"@type\":\"ListItem\",\"position\":1,\"name\":\"Portada\",\"item\":\"https:\\\/\\\/www.copealcoy.es\\\/es\\\/\"},{\"@type\":\"ListItem\",\"position\":2,\"name\":\"La Virgen de los Lirios se reencuentra de nuevo con Alcoy\"}]},{\"@type\":\"WebSite\",\"@id\":\"https:\\\/\\\/www.copealcoy.es\\\/es\\\/#website\",\"url\":\"https:\\\/\\\/www.copealcoy.es\\\/es\\\/\",\"name\":\"COPE Alcoy\",\"description\":\"Emisora COPE de radio local con emisi\u00f3n online. Pont de Sant Jordi 8-10 03803 Alcoy\",\"potentialAction\":[{\"@type\":\"SearchAction\",\"target\":{\"@type\":\"EntryPoint\",\"urlTemplate\":\"https:\\\/\\\/www.copealcoy.es\\\/es\\\/?s={search_term_string}\"},\"query-input\":{\"@type\":\"PropertyValueSpecification\",\"valueRequired\":true,\"valueName\":\"search_term_string\"}}],\"inLanguage\":\"es\"},{\"@type\":\"Person\",\"@id\":\"https:\\\/\\\/www.copealcoy.es\\\/es\\\/#\\\/schema\\\/person\\\/e777c87fa024e57d40170af9df39882c\",\"name\":\"Cope Alcoy\",\"image\":{\"@type\":\"ImageObject\",\"inLanguage\":\"es\",\"@id\":\"https:\\\/\\\/secure.gravatar.com\\\/avatar\\\/bb65d0283347e303893ba14f0692005417c1e0e690a325a4c5d8bb2b3943ee14?s=96&d=mm&r=g\",\"url\":\"https:\\\/\\\/secure.gravatar.com\\\/avatar\\\/bb65d0283347e303893ba14f0692005417c1e0e690a325a4c5d8bb2b3943ee14?s=96&d=mm&r=g\",\"contentUrl\":\"https:\\\/\\\/secure.gravatar.com\\\/avatar\\\/bb65d0283347e303893ba14f0692005417c1e0e690a325a4c5d8bb2b3943ee14?s=96&d=mm&r=g\",\"caption\":\"Cope Alcoy\"}}]}<\/script>\n<!-- \/ Yoast SEO plugin. -->","yoast_head_json":{"title":"La Virgen de los Lirios se reencuentra de nuevo con Alcoy - COPE Alcoy","description":"Alcoy vive un intenso fin de semana de homenaje a la Virgen de los Lirios en los d\u00edas centrales de la festividad en su honor","robots":{"index":"index","follow":"follow","max-snippet":"max-snippet:-1","max-image-preview":"max-image-preview:large","max-video-preview":"max-video-preview:-1"},"canonical":"https:\/\/www.copealcoy.es\/es\/la-virgen-de-los-lirios-se-reencuentra-de-nuevo-con-alcoy\/","og_locale":"es_ES","og_type":"article","og_title":"La Virgen de los Lirios se reencuentra de nuevo con Alcoy - COPE Alcoy","og_description":"Alcoy vive un intenso fin de semana de homenaje a la Virgen de los Lirios en los d\u00edas centrales de la festividad en su honor","og_url":"https:\/\/www.copealcoy.es\/es\/la-virgen-de-los-lirios-se-reencuentra-de-nuevo-con-alcoy\/","og_site_name":"COPE Alcoy","article_published_time":"2024-09-21T21:54:37+00:00","article_modified_time":"2024-09-21T22:01:28+00:00","og_image":[{"width":1546,"height":1080,"url":"https:\/\/www.copealcoy.es\/wp-content\/uploads\/2024\/09\/unnamed-5-2-scaled.jpg","type":"image\/jpeg"}],"author":"Cope Alcoy","twitter_misc":{"Escrito por":"Cope Alcoy","Tiempo de lectura":"3 minutos"},"schema":{"@context":"https:\/\/schema.org","@graph":[{"@type":"Article","@id":"https:\/\/www.copealcoy.es\/es\/la-virgen-de-los-lirios-se-reencuentra-de-nuevo-con-alcoy\/#article","isPartOf":{"@id":"https:\/\/www.copealcoy.es\/es\/la-virgen-de-los-lirios-se-reencuentra-de-nuevo-con-alcoy\/"},"author":{"name":"Cope Alcoy","@id":"https:\/\/www.copealcoy.es\/es\/#\/schema\/person\/e777c87fa024e57d40170af9df39882c"},"headline":"La Virgen de los Lirios se reencuentra de nuevo con Alcoy","datePublished":"2024-09-21T21:54:37+00:00","dateModified":"2024-09-21T22:01:28+00:00","mainEntityOfPage":{"@id":"https:\/\/www.copealcoy.es\/es\/la-virgen-de-los-lirios-se-reencuentra-de-nuevo-con-alcoy\/"},"wordCount":445,"commentCount":0,"image":{"@id":"https:\/\/www.copealcoy.es\/es\/la-virgen-de-los-lirios-se-reencuentra-de-nuevo-con-alcoy\/#primaryimage"},"thumbnailUrl":"https:\/\/www.copealcoy.es\/wp-content\/uploads\/2024\/09\/unnamed-5-2-scaled.jpg","keywords":["Alcoy","festividad","ofrenda floral","Romer\u00eda","Virgen de los Lirios"],"articleSection":["Actualidad","Alcoy","Fiesta y Cultura","Noticias","Portada"],"inLanguage":"es"},{"@type":"WebPage","@id":"https:\/\/www.copealcoy.es\/es\/la-virgen-de-los-lirios-se-reencuentra-de-nuevo-con-alcoy\/","url":"https:\/\/www.copealcoy.es\/es\/la-virgen-de-los-lirios-se-reencuentra-de-nuevo-con-alcoy\/","name":"La Virgen de los Lirios se reencuentra de nuevo con Alcoy - COPE Alcoy","isPartOf":{"@id":"https:\/\/www.copealcoy.es\/es\/#website"},"primaryImageOfPage":{"@id":"https:\/\/www.copealcoy.es\/es\/la-virgen-de-los-lirios-se-reencuentra-de-nuevo-con-alcoy\/#primaryimage"},"image":{"@id":"https:\/\/www.copealcoy.es\/es\/la-virgen-de-los-lirios-se-reencuentra-de-nuevo-con-alcoy\/#primaryimage"},"thumbnailUrl":"https:\/\/www.copealcoy.es\/wp-content\/uploads\/2024\/09\/unnamed-5-2-scaled.jpg","datePublished":"2024-09-21T21:54:37+00:00","dateModified":"2024-09-21T22:01:28+00:00","author":{"@id":"https:\/\/www.copealcoy.es\/es\/#\/schema\/person\/e777c87fa024e57d40170af9df39882c"},"description":"Alcoy vive un intenso fin de semana de homenaje a la Virgen de los Lirios en los d\u00edas centrales de la festividad en su honor","breadcrumb":{"@id":"https:\/\/www.copealcoy.es\/es\/la-virgen-de-los-lirios-se-reencuentra-de-nuevo-con-alcoy\/#breadcrumb"},"inLanguage":"es","potentialAction":[{"@type":"ReadAction","target":["https:\/\/www.copealcoy.es\/es\/la-virgen-de-los-lirios-se-reencuentra-de-nuevo-con-alcoy\/"]}]},{"@type":"ImageObject","inLanguage":"es","@id":"https:\/\/www.copealcoy.es\/es\/la-virgen-de-los-lirios-se-reencuentra-de-nuevo-con-alcoy\/#primaryimage","url":"https:\/\/www.copealcoy.es\/wp-content\/uploads\/2024\/09\/unnamed-5-2-scaled.jpg","contentUrl":"https:\/\/www.copealcoy.es\/wp-content\/uploads\/2024\/09\/unnamed-5-2-scaled.jpg","width":1546,"height":1080},{"@type":"BreadcrumbList","@id":"https:\/\/www.copealcoy.es\/es\/la-virgen-de-los-lirios-se-reencuentra-de-nuevo-con-alcoy\/#breadcrumb","itemListElement":[{"@type":"ListItem","position":1,"name":"Portada","item":"https:\/\/www.copealcoy.es\/es\/"},{"@type":"ListItem","position":2,"name":"La Virgen de los Lirios se reencuentra de nuevo con Alcoy"}]},{"@type":"WebSite","@id":"https:\/\/www.copealcoy.es\/es\/#website","url":"https:\/\/www.copealcoy.es\/es\/","name":"COPE Alcoy","description":"Emisora COPE de radio local con emisi\u00f3n online. Pont de Sant Jordi 8-10 03803 Alcoy","potentialAction":[{"@type":"SearchAction","target":{"@type":"EntryPoint","urlTemplate":"https:\/\/www.copealcoy.es\/es\/?s={search_term_string}"},"query-input":{"@type":"PropertyValueSpecification","valueRequired":true,"valueName":"search_term_string"}}],"inLanguage":"es"},{"@type":"Person","@id":"https:\/\/www.copealcoy.es\/es\/#\/schema\/person\/e777c87fa024e57d40170af9df39882c","name":"Cope Alcoy","image":{"@type":"ImageObject","inLanguage":"es","@id":"https:\/\/secure.gravatar.com\/avatar\/bb65d0283347e303893ba14f0692005417c1e0e690a325a4c5d8bb2b3943ee14?s=96&d=mm&r=g","url":"https:\/\/secure.gravatar.com\/avatar\/bb65d0283347e303893ba14f0692005417c1e0e690a325a4c5d8bb2b3943ee14?s=96&d=mm&r=g","contentUrl":"https:\/\/secure.gravatar.com\/avatar\/bb65d0283347e303893ba14f0692005417c1e0e690a325a4c5d8bb2b3943ee14?s=96&d=mm&r=g","caption":"Cope Alcoy"}}]}},"_links":{"self":[{"href":"https:\/\/www.copealcoy.es\/es\/wp-json\/wp\/v2\/posts\/140366","targetHints":{"allow":["GET"]}}],"collection":[{"href":"https:\/\/www.copealcoy.es\/es\/wp-json\/wp\/v2\/posts"}],"about":[{"href":"https:\/\/www.copealcoy.es\/es\/wp-json\/wp\/v2\/types\/post"}],"author":[{"embeddable":true,"href":"https:\/\/www.copealcoy.es\/es\/wp-json\/wp\/v2\/users\/1"}],"replies":[{"embeddable":true,"href":"https:\/\/www.copealcoy.es\/es\/wp-json\/wp\/v2\/comments?post=140366"}],"version-history":[{"count":0,"href":"https:\/\/www.copealcoy.es\/es\/wp-json\/wp\/v2\/posts\/140366\/revisions"}],"wp:featuredmedia":[{"embeddable":true,"href":"https:\/\/www.copealcoy.es\/es\/wp-json\/wp\/v2\/media\/140367"}],"wp:attachment":[{"href":"https:\/\/www.copealcoy.es\/es\/wp-json\/wp\/v2\/media?parent=140366"}],"wp:term":[{"taxonomy":"category","embeddable":true,"href":"https:\/\/www.copealcoy.es\/es\/wp-json\/wp\/v2\/categories?post=140366"},{"taxonomy":"post_tag","embeddable":true,"href":"https:\/\/www.copealcoy.es\/es\/wp-json\/wp\/v2\/tags?post=140366"}],"curies":[{"name":"wp","href":"https:\/\/api.w.org\/{rel}","templated":true}]}}