{"id":14025,"date":"2015-06-16T19:48:07","date_gmt":"2015-06-16T19:48:07","guid":{"rendered":"http:\/\/copealcoi.es\/new\/?p=14025"},"modified":"2015-06-16T19:49:04","modified_gmt":"2015-06-16T19:49:04","slug":"francesc-valls-confia-en-que-el-psoe-se-integre-en-el-gobierno-de-muro","status":"publish","type":"post","link":"https:\/\/www.copealcoy.es\/es\/francesc-valls-confia-en-que-el-psoe-se-integre-en-el-gobierno-de-muro\/","title":{"rendered":"Francesc Valls conf\u00eda en que el PSOE se integre en el Gobierno de Muro"},"content":{"rendered":"<p style=\"text-align: justify;\">El nuevo alcalde de Muro, Francesc Valls, aboga porque el Partido Socialista se acabe integrando dentro del Gobierno Local que forman Esquerra Unida y Comprom\u00eds. As\u00ed lo ha afirmado hoy el primer edil en La Ma\u00f1ana de Cope Alcoy donde ha se\u00f1alado que en los pr\u00f3ximos d\u00edas se iniciar\u00e1n conversaciones para alcanzar un acuerdo &#8220;creemos que con su incorporaci\u00f3n el Ejecutivo ser\u00e1 m\u00e1s fuerte y el PSOE no puede estar fuera de este proyecto de izquierdas&#8221;, ha indicado.<\/p>\n<p style=\"text-align: justify;\">Por otra parte Valls\u00a0ha apostado por municipalizar servicios y realizar un estudio para ver si la gesti\u00f3n del agua potable puede ser p\u00fablica. Adem\u00e1s\u00a0insiste tambi\u00e9n que la lucha para conseguir la construcci\u00f3n del Bracal va a ser una prioridad y en cuestiones urban\u00edsticas apuesta por modificar el Plan General de Ordenaci\u00f3n Urbana atendiendo a las demandas de vecinos de zonas como La Plana , Almorroig o Arpella &#8220;voy a gestionar el \u00e1rea de Urbanismo y en esta materia vamos a trabajar para buscar una soluci\u00f3n&#8221;, comenta. El nuevo alcalde reitera que pondr\u00e1n en marcha las pol\u00edticas marcadas en su programa electoral y\u00a0se\u00f1ala que promover\u00e1 la creaci\u00f3n de empleo &#8220;hay que centrar todos los esfuerzos en que haya m\u00e1s trabajo en Muro y que la gente no tenga que irse y tambi\u00e9n apostaremos en el Gobierno para fomentar las pol\u00edticas sociales y que nadie se quede sin acceder a los recursos&#8221;, afirma.<\/p>\n<p style=\"text-align: justify;\">Finalmente\u00a0Francesc Valls, que ha concedido a Cope Alcoy su primera entrevista a un medio de comunicaci\u00f3n comarcal como alcalde, \u00a0ha insistido en consolidar la Mancomunidad &#8220;no tenemos que dejar de lado llevar pol\u00edticas\u00a0de\u00a0reivindicaci\u00f3n conjunta de los municipios del Comtat y de l\u00b4 Alcoi\u00e0 ante las administraciones Central y Auton\u00f3mica para que lleguen inversiones tan necesarias como la mejora del tren&#8221;, concluye.<\/p>\n<p><strong>\u00a0<\/strong><\/p>\n","protected":false},"excerpt":{"rendered":"<p>El nuevo alcalde de Muro, Francesc Valls, aboga porque el Partido Socialista se acabe integrando dentro del Gobierno Local que&#8230;<\/p>\n","protected":false},"author":1,"featured_media":14026,"comment_status":"open","ping_status":"open","sticky":false,"template":"","format":"standard","meta":{"footnotes":""},"categories":[98,75],"tags":[242,217,135,371,1160],"class_list":["post-14025","post","type-post","status-publish","format-standard","has-post-thumbnail","hentry","category-comarcas","category-noticias","tag-esquerra-unida","tag-gobierno","tag-muro","tag-psoe","tag-valls"],"yoast_head":"<!-- This site is optimized with the Yoast SEO plugin v27.3 - https:\/\/yoast.com\/product\/yoast-seo-wordpress\/ -->\n<title>Francesc Valls conf\u00eda en que el PSOE se integre en el Gobierno de Muro - COPE Alcoy<\/title>\n<meta name=\"robots\" content=\"index, follow, max-snippet:-1, max-image-preview:large, max-video-preview:-1\" \/>\n<link rel=\"canonical\" href=\"https:\/\/www.copealcoy.es\/es\/francesc-valls-confia-en-que-el-psoe-se-integre-en-el-gobierno-de-muro\/\" \/>\n<meta property=\"og:locale\" content=\"es_ES\" \/>\n<meta property=\"og:type\" content=\"article\" \/>\n<meta property=\"og:title\" content=\"Francesc Valls conf\u00eda en que el PSOE se integre en el Gobierno de Muro - COPE Alcoy\" \/>\n<meta property=\"og:description\" content=\"El nuevo alcalde de Muro, Francesc Valls, aboga porque el Partido Socialista se acabe integrando dentro del Gobierno Local que...\" \/>\n<meta property=\"og:url\" content=\"https:\/\/www.copealcoy.es\/es\/francesc-valls-confia-en-que-el-psoe-se-integre-en-el-gobierno-de-muro\/\" \/>\n<meta property=\"og:site_name\" content=\"COPE Alcoy\" \/>\n<meta property=\"article:published_time\" content=\"2015-06-16T19:48:07+00:00\" \/>\n<meta property=\"article:modified_time\" content=\"2015-06-16T19:49:04+00:00\" \/>\n<meta property=\"og:image\" content=\"https:\/\/www.copealcoy.es\/wp-content\/uploads\/2015\/06\/10628246_678012622342226_3748528006732281523_n.jpg\" \/>\n\t<meta property=\"og:image:width\" content=\"960\" \/>\n\t<meta property=\"og:image:height\" content=\"720\" \/>\n\t<meta property=\"og:image:type\" content=\"image\/jpeg\" \/>\n<meta name=\"author\" content=\"Cope Alcoy\" \/>\n<meta name=\"twitter:label1\" content=\"Escrito por\" \/>\n\t<meta name=\"twitter:data1\" content=\"Cope Alcoy\" \/>\n\t<meta name=\"twitter:label2\" content=\"Tiempo de lectura\" \/>\n\t<meta name=\"twitter:data2\" content=\"2 minutos\" \/>\n<script type=\"application\/ld+json\" class=\"yoast-schema-graph\">{\"@context\":\"https:\\\/\\\/schema.org\",\"@graph\":[{\"@type\":\"Article\",\"@id\":\"https:\\\/\\\/www.copealcoy.es\\\/es\\\/francesc-valls-confia-en-que-el-psoe-se-integre-en-el-gobierno-de-muro\\\/#article\",\"isPartOf\":{\"@id\":\"https:\\\/\\\/www.copealcoy.es\\\/es\\\/francesc-valls-confia-en-que-el-psoe-se-integre-en-el-gobierno-de-muro\\\/\"},\"author\":{\"name\":\"Cope Alcoy\",\"@id\":\"https:\\\/\\\/www.copealcoy.es\\\/es\\\/#\\\/schema\\\/person\\\/e777c87fa024e57d40170af9df39882c\"},\"headline\":\"Francesc Valls conf\u00eda en que el PSOE se integre en el Gobierno de Muro\",\"datePublished\":\"2015-06-16T19:48:07+00:00\",\"dateModified\":\"2015-06-16T19:49:04+00:00\",\"mainEntityOfPage\":{\"@id\":\"https:\\\/\\\/www.copealcoy.es\\\/es\\\/francesc-valls-confia-en-que-el-psoe-se-integre-en-el-gobierno-de-muro\\\/\"},\"wordCount\":337,\"commentCount\":0,\"image\":{\"@id\":\"https:\\\/\\\/www.copealcoy.es\\\/es\\\/francesc-valls-confia-en-que-el-psoe-se-integre-en-el-gobierno-de-muro\\\/#primaryimage\"},\"thumbnailUrl\":\"https:\\\/\\\/www.copealcoy.es\\\/wp-content\\\/uploads\\\/2015\\\/06\\\/10628246_678012622342226_3748528006732281523_n.jpg\",\"keywords\":[\"Esquerra Unida\",\"Gobierno\",\"Muro\",\"PSOE\",\"Valls\"],\"articleSection\":[\"Comarcas\",\"Noticias\"],\"inLanguage\":\"es\"},{\"@type\":\"WebPage\",\"@id\":\"https:\\\/\\\/www.copealcoy.es\\\/es\\\/francesc-valls-confia-en-que-el-psoe-se-integre-en-el-gobierno-de-muro\\\/\",\"url\":\"https:\\\/\\\/www.copealcoy.es\\\/es\\\/francesc-valls-confia-en-que-el-psoe-se-integre-en-el-gobierno-de-muro\\\/\",\"name\":\"Francesc Valls conf\u00eda en que el PSOE se integre en el Gobierno de Muro - COPE Alcoy\",\"isPartOf\":{\"@id\":\"https:\\\/\\\/www.copealcoy.es\\\/es\\\/#website\"},\"primaryImageOfPage\":{\"@id\":\"https:\\\/\\\/www.copealcoy.es\\\/es\\\/francesc-valls-confia-en-que-el-psoe-se-integre-en-el-gobierno-de-muro\\\/#primaryimage\"},\"image\":{\"@id\":\"https:\\\/\\\/www.copealcoy.es\\\/es\\\/francesc-valls-confia-en-que-el-psoe-se-integre-en-el-gobierno-de-muro\\\/#primaryimage\"},\"thumbnailUrl\":\"https:\\\/\\\/www.copealcoy.es\\\/wp-content\\\/uploads\\\/2015\\\/06\\\/10628246_678012622342226_3748528006732281523_n.jpg\",\"datePublished\":\"2015-06-16T19:48:07+00:00\",\"dateModified\":\"2015-06-16T19:49:04+00:00\",\"author\":{\"@id\":\"https:\\\/\\\/www.copealcoy.es\\\/es\\\/#\\\/schema\\\/person\\\/e777c87fa024e57d40170af9df39882c\"},\"breadcrumb\":{\"@id\":\"https:\\\/\\\/www.copealcoy.es\\\/es\\\/francesc-valls-confia-en-que-el-psoe-se-integre-en-el-gobierno-de-muro\\\/#breadcrumb\"},\"inLanguage\":\"es\",\"potentialAction\":[{\"@type\":\"ReadAction\",\"target\":[\"https:\\\/\\\/www.copealcoy.es\\\/es\\\/francesc-valls-confia-en-que-el-psoe-se-integre-en-el-gobierno-de-muro\\\/\"]}]},{\"@type\":\"ImageObject\",\"inLanguage\":\"es\",\"@id\":\"https:\\\/\\\/www.copealcoy.es\\\/es\\\/francesc-valls-confia-en-que-el-psoe-se-integre-en-el-gobierno-de-muro\\\/#primaryimage\",\"url\":\"https:\\\/\\\/www.copealcoy.es\\\/wp-content\\\/uploads\\\/2015\\\/06\\\/10628246_678012622342226_3748528006732281523_n.jpg\",\"contentUrl\":\"https:\\\/\\\/www.copealcoy.es\\\/wp-content\\\/uploads\\\/2015\\\/06\\\/10628246_678012622342226_3748528006732281523_n.jpg\",\"width\":960,\"height\":720,\"caption\":\"Francesc Valls en La Ma\u00f1ana en Alcoy\"},{\"@type\":\"BreadcrumbList\",\"@id\":\"https:\\\/\\\/www.copealcoy.es\\\/es\\\/francesc-valls-confia-en-que-el-psoe-se-integre-en-el-gobierno-de-muro\\\/#breadcrumb\",\"itemListElement\":[{\"@type\":\"ListItem\",\"position\":1,\"name\":\"Portada\",\"item\":\"https:\\\/\\\/www.copealcoy.es\\\/es\\\/\"},{\"@type\":\"ListItem\",\"position\":2,\"name\":\"Francesc Valls conf\u00eda en que el PSOE se integre en el Gobierno de Muro\"}]},{\"@type\":\"WebSite\",\"@id\":\"https:\\\/\\\/www.copealcoy.es\\\/es\\\/#website\",\"url\":\"https:\\\/\\\/www.copealcoy.es\\\/es\\\/\",\"name\":\"COPE Alcoy\",\"description\":\"Emisora COPE de radio local con emisi\u00f3n online. Pont de Sant Jordi 8-10 03803 Alcoy\",\"potentialAction\":[{\"@type\":\"SearchAction\",\"target\":{\"@type\":\"EntryPoint\",\"urlTemplate\":\"https:\\\/\\\/www.copealcoy.es\\\/es\\\/?s={search_term_string}\"},\"query-input\":{\"@type\":\"PropertyValueSpecification\",\"valueRequired\":true,\"valueName\":\"search_term_string\"}}],\"inLanguage\":\"es\"},{\"@type\":\"Person\",\"@id\":\"https:\\\/\\\/www.copealcoy.es\\\/es\\\/#\\\/schema\\\/person\\\/e777c87fa024e57d40170af9df39882c\",\"name\":\"Cope Alcoy\",\"image\":{\"@type\":\"ImageObject\",\"inLanguage\":\"es\",\"@id\":\"https:\\\/\\\/secure.gravatar.com\\\/avatar\\\/bb65d0283347e303893ba14f0692005417c1e0e690a325a4c5d8bb2b3943ee14?s=96&d=mm&r=g\",\"url\":\"https:\\\/\\\/secure.gravatar.com\\\/avatar\\\/bb65d0283347e303893ba14f0692005417c1e0e690a325a4c5d8bb2b3943ee14?s=96&d=mm&r=g\",\"contentUrl\":\"https:\\\/\\\/secure.gravatar.com\\\/avatar\\\/bb65d0283347e303893ba14f0692005417c1e0e690a325a4c5d8bb2b3943ee14?s=96&d=mm&r=g\",\"caption\":\"Cope Alcoy\"}}]}<\/script>\n<!-- \/ Yoast SEO plugin. -->","yoast_head_json":{"title":"Francesc Valls conf\u00eda en que el PSOE se integre en el Gobierno de Muro - COPE Alcoy","robots":{"index":"index","follow":"follow","max-snippet":"max-snippet:-1","max-image-preview":"max-image-preview:large","max-video-preview":"max-video-preview:-1"},"canonical":"https:\/\/www.copealcoy.es\/es\/francesc-valls-confia-en-que-el-psoe-se-integre-en-el-gobierno-de-muro\/","og_locale":"es_ES","og_type":"article","og_title":"Francesc Valls conf\u00eda en que el PSOE se integre en el Gobierno de Muro - COPE Alcoy","og_description":"El nuevo alcalde de Muro, Francesc Valls, aboga porque el Partido Socialista se acabe integrando dentro del Gobierno Local que...","og_url":"https:\/\/www.copealcoy.es\/es\/francesc-valls-confia-en-que-el-psoe-se-integre-en-el-gobierno-de-muro\/","og_site_name":"COPE Alcoy","article_published_time":"2015-06-16T19:48:07+00:00","article_modified_time":"2015-06-16T19:49:04+00:00","og_image":[{"width":960,"height":720,"url":"https:\/\/www.copealcoy.es\/wp-content\/uploads\/2015\/06\/10628246_678012622342226_3748528006732281523_n.jpg","type":"image\/jpeg"}],"author":"Cope Alcoy","twitter_misc":{"Escrito por":"Cope Alcoy","Tiempo de lectura":"2 minutos"},"schema":{"@context":"https:\/\/schema.org","@graph":[{"@type":"Article","@id":"https:\/\/www.copealcoy.es\/es\/francesc-valls-confia-en-que-el-psoe-se-integre-en-el-gobierno-de-muro\/#article","isPartOf":{"@id":"https:\/\/www.copealcoy.es\/es\/francesc-valls-confia-en-que-el-psoe-se-integre-en-el-gobierno-de-muro\/"},"author":{"name":"Cope Alcoy","@id":"https:\/\/www.copealcoy.es\/es\/#\/schema\/person\/e777c87fa024e57d40170af9df39882c"},"headline":"Francesc Valls conf\u00eda en que el PSOE se integre en el Gobierno de Muro","datePublished":"2015-06-16T19:48:07+00:00","dateModified":"2015-06-16T19:49:04+00:00","mainEntityOfPage":{"@id":"https:\/\/www.copealcoy.es\/es\/francesc-valls-confia-en-que-el-psoe-se-integre-en-el-gobierno-de-muro\/"},"wordCount":337,"commentCount":0,"image":{"@id":"https:\/\/www.copealcoy.es\/es\/francesc-valls-confia-en-que-el-psoe-se-integre-en-el-gobierno-de-muro\/#primaryimage"},"thumbnailUrl":"https:\/\/www.copealcoy.es\/wp-content\/uploads\/2015\/06\/10628246_678012622342226_3748528006732281523_n.jpg","keywords":["Esquerra Unida","Gobierno","Muro","PSOE","Valls"],"articleSection":["Comarcas","Noticias"],"inLanguage":"es"},{"@type":"WebPage","@id":"https:\/\/www.copealcoy.es\/es\/francesc-valls-confia-en-que-el-psoe-se-integre-en-el-gobierno-de-muro\/","url":"https:\/\/www.copealcoy.es\/es\/francesc-valls-confia-en-que-el-psoe-se-integre-en-el-gobierno-de-muro\/","name":"Francesc Valls conf\u00eda en que el PSOE se integre en el Gobierno de Muro - COPE Alcoy","isPartOf":{"@id":"https:\/\/www.copealcoy.es\/es\/#website"},"primaryImageOfPage":{"@id":"https:\/\/www.copealcoy.es\/es\/francesc-valls-confia-en-que-el-psoe-se-integre-en-el-gobierno-de-muro\/#primaryimage"},"image":{"@id":"https:\/\/www.copealcoy.es\/es\/francesc-valls-confia-en-que-el-psoe-se-integre-en-el-gobierno-de-muro\/#primaryimage"},"thumbnailUrl":"https:\/\/www.copealcoy.es\/wp-content\/uploads\/2015\/06\/10628246_678012622342226_3748528006732281523_n.jpg","datePublished":"2015-06-16T19:48:07+00:00","dateModified":"2015-06-16T19:49:04+00:00","author":{"@id":"https:\/\/www.copealcoy.es\/es\/#\/schema\/person\/e777c87fa024e57d40170af9df39882c"},"breadcrumb":{"@id":"https:\/\/www.copealcoy.es\/es\/francesc-valls-confia-en-que-el-psoe-se-integre-en-el-gobierno-de-muro\/#breadcrumb"},"inLanguage":"es","potentialAction":[{"@type":"ReadAction","target":["https:\/\/www.copealcoy.es\/es\/francesc-valls-confia-en-que-el-psoe-se-integre-en-el-gobierno-de-muro\/"]}]},{"@type":"ImageObject","inLanguage":"es","@id":"https:\/\/www.copealcoy.es\/es\/francesc-valls-confia-en-que-el-psoe-se-integre-en-el-gobierno-de-muro\/#primaryimage","url":"https:\/\/www.copealcoy.es\/wp-content\/uploads\/2015\/06\/10628246_678012622342226_3748528006732281523_n.jpg","contentUrl":"https:\/\/www.copealcoy.es\/wp-content\/uploads\/2015\/06\/10628246_678012622342226_3748528006732281523_n.jpg","width":960,"height":720,"caption":"Francesc Valls en La Ma\u00f1ana en Alcoy"},{"@type":"BreadcrumbList","@id":"https:\/\/www.copealcoy.es\/es\/francesc-valls-confia-en-que-el-psoe-se-integre-en-el-gobierno-de-muro\/#breadcrumb","itemListElement":[{"@type":"ListItem","position":1,"name":"Portada","item":"https:\/\/www.copealcoy.es\/es\/"},{"@type":"ListItem","position":2,"name":"Francesc Valls conf\u00eda en que el PSOE se integre en el Gobierno de Muro"}]},{"@type":"WebSite","@id":"https:\/\/www.copealcoy.es\/es\/#website","url":"https:\/\/www.copealcoy.es\/es\/","name":"COPE Alcoy","description":"Emisora COPE de radio local con emisi\u00f3n online. Pont de Sant Jordi 8-10 03803 Alcoy","potentialAction":[{"@type":"SearchAction","target":{"@type":"EntryPoint","urlTemplate":"https:\/\/www.copealcoy.es\/es\/?s={search_term_string}"},"query-input":{"@type":"PropertyValueSpecification","valueRequired":true,"valueName":"search_term_string"}}],"inLanguage":"es"},{"@type":"Person","@id":"https:\/\/www.copealcoy.es\/es\/#\/schema\/person\/e777c87fa024e57d40170af9df39882c","name":"Cope Alcoy","image":{"@type":"ImageObject","inLanguage":"es","@id":"https:\/\/secure.gravatar.com\/avatar\/bb65d0283347e303893ba14f0692005417c1e0e690a325a4c5d8bb2b3943ee14?s=96&d=mm&r=g","url":"https:\/\/secure.gravatar.com\/avatar\/bb65d0283347e303893ba14f0692005417c1e0e690a325a4c5d8bb2b3943ee14?s=96&d=mm&r=g","contentUrl":"https:\/\/secure.gravatar.com\/avatar\/bb65d0283347e303893ba14f0692005417c1e0e690a325a4c5d8bb2b3943ee14?s=96&d=mm&r=g","caption":"Cope Alcoy"}}]}},"_links":{"self":[{"href":"https:\/\/www.copealcoy.es\/es\/wp-json\/wp\/v2\/posts\/14025","targetHints":{"allow":["GET"]}}],"collection":[{"href":"https:\/\/www.copealcoy.es\/es\/wp-json\/wp\/v2\/posts"}],"about":[{"href":"https:\/\/www.copealcoy.es\/es\/wp-json\/wp\/v2\/types\/post"}],"author":[{"embeddable":true,"href":"https:\/\/www.copealcoy.es\/es\/wp-json\/wp\/v2\/users\/1"}],"replies":[{"embeddable":true,"href":"https:\/\/www.copealcoy.es\/es\/wp-json\/wp\/v2\/comments?post=14025"}],"version-history":[{"count":0,"href":"https:\/\/www.copealcoy.es\/es\/wp-json\/wp\/v2\/posts\/14025\/revisions"}],"wp:featuredmedia":[{"embeddable":true,"href":"https:\/\/www.copealcoy.es\/es\/wp-json\/wp\/v2\/media\/14026"}],"wp:attachment":[{"href":"https:\/\/www.copealcoy.es\/es\/wp-json\/wp\/v2\/media?parent=14025"}],"wp:term":[{"taxonomy":"category","embeddable":true,"href":"https:\/\/www.copealcoy.es\/es\/wp-json\/wp\/v2\/categories?post=14025"},{"taxonomy":"post_tag","embeddable":true,"href":"https:\/\/www.copealcoy.es\/es\/wp-json\/wp\/v2\/tags?post=14025"}],"curies":[{"name":"wp","href":"https:\/\/api.w.org\/{rel}","templated":true}]}}