{"id":140208,"date":"2024-09-18T07:37:46","date_gmt":"2024-09-18T06:37:46","guid":{"rendered":"https:\/\/www.copealcoy.es\/?p=140208"},"modified":"2024-09-18T09:07:59","modified_gmt":"2024-09-18T08:07:59","slug":"ignacio-garcia-y-leo-ferre-dos-protagonistas-de-la-proxima-edicion-de-la-fira-de-cocentaina","status":"publish","type":"post","link":"https:\/\/www.copealcoy.es\/es\/ignacio-garcia-y-leo-ferre-dos-protagonistas-de-la-proxima-edicion-de-la-fira-de-cocentaina\/","title":{"rendered":"Ignacio Garc\u00eda y Leo Ferre, dos protagonistas de la pr\u00f3xima edici\u00f3n de la Fira de Cocentaina"},"content":{"rendered":"<p style=\"text-align: justify;\">El <a href=\"https:\/\/www.cocentaina.es\/\" target=\"_blank\" rel=\"noopener\"><span style=\"color: #0000ff;\"><strong>Ayuntamiento de Cocentaina<\/strong><\/span><\/a> ha revelado <strong>los nombres de dos de las personas que tendr\u00e1n un protagonismo destacado en la 678\u00aa edici\u00f3n de la Fira de Tots Sants<\/strong>. Se trata de <strong>Ignacio Garc\u00eda Vidal<\/strong>, director de orquesta y actual director del &#8216;Sent-Me&#8217; y del Ensemble Casa Mediterr\u00e1neo, y persona que se encargar\u00e1 de dar lectura al &#8216;Privilegi&#8217; durante la apertura oficial del certamen prevista para la ma\u00f1ana del 1 de noviembre. El acto, como suele ser habitual, tendr\u00e1 lugar desde los balcones del hist\u00f3rico edificio del Palau Comtal.<\/p>\n<p style=\"text-align: justify;\">Garc\u00eda Vidal, con una destacada trayectoria internacional en la direcci\u00f3n de importantes orquestas y festivales, <strong>ha sido elegido por su conexi\u00f3n con la cultura local y su reciente colaboraci\u00f3n con la Fira a trav\u00e9s del proyecto &#8220;Palau Mediterrani&#8221;<\/strong>, que busca fortalecer los lazos entre Cocentaina y las culturas mediterr\u00e1neas.<\/p>\n<p style=\"text-align: justify;\">Por otro lado, <strong>Leo Ferre Albero<\/strong>, dise\u00f1ador gr\u00e1fico natural de Banyeres de Mariola, ha sido galardonado con primer premio en el concurso de carteles anunciadores para esta edici\u00f3n. Su obra <strong>ser\u00e1 la imagen representativa de la Fira 2024<\/strong>. Ferre cuenta con <strong>una amplia experiencia<\/strong> en dise\u00f1o gr\u00e1fico e ilustraci\u00f3n, habiendo colaborado en numerosos proyectos culturales en la comarca &#8220;<em>es un honor tener a Ignacio Garc\u00eda Vidal y a Leo Ferre Albero involucrados en esta edici\u00f3n. Su participaci\u00f3n refuerza el v\u00ednculo entre la Fira y la cultura, destacando tanto el talento local como su proyecci\u00f3n internacional<\/em>&#8220;, se\u00f1ala al respecto la concejala de Fira; Marcela Richart.<\/p>\n<p style=\"text-align: justify;\">Ambos protagonistas <strong>estar\u00e1n presentes en el acto oficial de presentaci\u00f3n de la Fira<\/strong>, programado para el pr\u00f3ximo <strong>27 de septiembre<\/strong> a las 20 horas en el Pati d&#8217;Armes del Palau Comtal. Durante este evento se desvelar\u00e1 el cartel oficial y Garc\u00eda Vidal dirigir\u00e1 sus primeras palabras antes de que el 1 de noviembre asuma la tarea de leer el documento mediante el cual el Rey Pere IV El Cerimoni\u00f3s autoriz\u00f3 en 1346 a la celebraci\u00f3n de una feria anual en la capital del Comtat.<\/p>\n","protected":false},"excerpt":{"rendered":"<p>El Ayuntamiento de Cocentaina ha revelado los nombres de dos de las personas que tendr\u00e1n un protagonismo destacado en la&#8230;<\/p>\n","protected":false},"author":1,"featured_media":140209,"comment_status":"open","ping_status":"open","sticky":false,"template":"","format":"standard","meta":{"footnotes":""},"categories":[6909,98,75],"tags":[15720,132,635,2222,18588,18589],"class_list":["post-140208","post","type-post","status-publish","format-standard","has-post-thumbnail","hentry","category-actualidad","category-comarcas","category-noticias","tag-autor-del-cartel","tag-cocentaina","tag-fira-de-tots-sants","tag-ignacio-garcia-vidal","tag-lectura-del-privilegi","tag-leo-albero"],"yoast_head":"<!-- This site is optimized with the Yoast SEO plugin v27.3 - https:\/\/yoast.com\/product\/yoast-seo-wordpress\/ -->\n<title>Ignacio Garc\u00eda y Leo Ferre, dos protagonistas de la pr\u00f3xima edici\u00f3n de la Fira de Cocentaina - COPE Alcoy<\/title>\n<meta name=\"description\" content=\"Ignacio Garcia leer\u00e1 el privilegi de la Fira y Leo Ferre es el autor del cartel anunciador de la edici\u00f3n 2024\" \/>\n<meta name=\"robots\" content=\"index, follow, max-snippet:-1, max-image-preview:large, max-video-preview:-1\" \/>\n<link rel=\"canonical\" href=\"https:\/\/www.copealcoy.es\/es\/ignacio-garcia-y-leo-ferre-dos-protagonistas-de-la-proxima-edicion-de-la-fira-de-cocentaina\/\" \/>\n<meta property=\"og:locale\" content=\"es_ES\" \/>\n<meta property=\"og:type\" content=\"article\" \/>\n<meta property=\"og:title\" content=\"Ignacio Garc\u00eda y Leo Ferre, dos protagonistas de la pr\u00f3xima edici\u00f3n de la Fira de Cocentaina - COPE Alcoy\" \/>\n<meta property=\"og:description\" content=\"Ignacio Garcia leer\u00e1 el privilegi de la Fira y Leo Ferre es el autor del cartel anunciador de la edici\u00f3n 2024\" \/>\n<meta property=\"og:url\" content=\"https:\/\/www.copealcoy.es\/es\/ignacio-garcia-y-leo-ferre-dos-protagonistas-de-la-proxima-edicion-de-la-fira-de-cocentaina\/\" \/>\n<meta property=\"og:site_name\" content=\"COPE Alcoy\" \/>\n<meta property=\"article:published_time\" content=\"2024-09-18T06:37:46+00:00\" \/>\n<meta property=\"article:modified_time\" content=\"2024-09-18T08:07:59+00:00\" \/>\n<meta property=\"og:image\" content=\"https:\/\/www.copealcoy.es\/wp-content\/uploads\/2024\/09\/FTS24-Privilegi_Cartell-scaled-e1726640979645.jpg\" \/>\n\t<meta property=\"og:image:width\" content=\"1436\" \/>\n\t<meta property=\"og:image:height\" content=\"803\" \/>\n\t<meta property=\"og:image:type\" content=\"image\/jpeg\" \/>\n<meta name=\"author\" content=\"Cope Alcoy\" \/>\n<meta name=\"twitter:label1\" content=\"Escrito por\" \/>\n\t<meta name=\"twitter:data1\" content=\"Cope Alcoy\" \/>\n\t<meta name=\"twitter:label2\" content=\"Tiempo de lectura\" \/>\n\t<meta name=\"twitter:data2\" content=\"2 minutos\" \/>\n<script type=\"application\/ld+json\" class=\"yoast-schema-graph\">{\"@context\":\"https:\\\/\\\/schema.org\",\"@graph\":[{\"@type\":\"Article\",\"@id\":\"https:\\\/\\\/www.copealcoy.es\\\/es\\\/ignacio-garcia-y-leo-ferre-dos-protagonistas-de-la-proxima-edicion-de-la-fira-de-cocentaina\\\/#article\",\"isPartOf\":{\"@id\":\"https:\\\/\\\/www.copealcoy.es\\\/es\\\/ignacio-garcia-y-leo-ferre-dos-protagonistas-de-la-proxima-edicion-de-la-fira-de-cocentaina\\\/\"},\"author\":{\"name\":\"Cope Alcoy\",\"@id\":\"https:\\\/\\\/www.copealcoy.es\\\/es\\\/#\\\/schema\\\/person\\\/e777c87fa024e57d40170af9df39882c\"},\"headline\":\"Ignacio Garc\u00eda y Leo Ferre, dos protagonistas de la pr\u00f3xima edici\u00f3n de la Fira de Cocentaina\",\"datePublished\":\"2024-09-18T06:37:46+00:00\",\"dateModified\":\"2024-09-18T08:07:59+00:00\",\"mainEntityOfPage\":{\"@id\":\"https:\\\/\\\/www.copealcoy.es\\\/es\\\/ignacio-garcia-y-leo-ferre-dos-protagonistas-de-la-proxima-edicion-de-la-fira-de-cocentaina\\\/\"},\"wordCount\":368,\"commentCount\":0,\"image\":{\"@id\":\"https:\\\/\\\/www.copealcoy.es\\\/es\\\/ignacio-garcia-y-leo-ferre-dos-protagonistas-de-la-proxima-edicion-de-la-fira-de-cocentaina\\\/#primaryimage\"},\"thumbnailUrl\":\"https:\\\/\\\/www.copealcoy.es\\\/wp-content\\\/uploads\\\/2024\\\/09\\\/FTS24-Privilegi_Cartell-scaled-e1726640979645.jpg\",\"keywords\":[\"autor del cartel\",\"Cocentaina\",\"Fira de Tots Sants\",\"Ignacio Garc\u00eda Vidal\",\"lectura del 'Privilegi'\",\"Leo Albero\"],\"articleSection\":[\"Actualidad\",\"Comarcas\",\"Noticias\"],\"inLanguage\":\"es\"},{\"@type\":\"WebPage\",\"@id\":\"https:\\\/\\\/www.copealcoy.es\\\/es\\\/ignacio-garcia-y-leo-ferre-dos-protagonistas-de-la-proxima-edicion-de-la-fira-de-cocentaina\\\/\",\"url\":\"https:\\\/\\\/www.copealcoy.es\\\/es\\\/ignacio-garcia-y-leo-ferre-dos-protagonistas-de-la-proxima-edicion-de-la-fira-de-cocentaina\\\/\",\"name\":\"Ignacio Garc\u00eda y Leo Ferre, dos protagonistas de la pr\u00f3xima edici\u00f3n de la Fira de Cocentaina - COPE Alcoy\",\"isPartOf\":{\"@id\":\"https:\\\/\\\/www.copealcoy.es\\\/es\\\/#website\"},\"primaryImageOfPage\":{\"@id\":\"https:\\\/\\\/www.copealcoy.es\\\/es\\\/ignacio-garcia-y-leo-ferre-dos-protagonistas-de-la-proxima-edicion-de-la-fira-de-cocentaina\\\/#primaryimage\"},\"image\":{\"@id\":\"https:\\\/\\\/www.copealcoy.es\\\/es\\\/ignacio-garcia-y-leo-ferre-dos-protagonistas-de-la-proxima-edicion-de-la-fira-de-cocentaina\\\/#primaryimage\"},\"thumbnailUrl\":\"https:\\\/\\\/www.copealcoy.es\\\/wp-content\\\/uploads\\\/2024\\\/09\\\/FTS24-Privilegi_Cartell-scaled-e1726640979645.jpg\",\"datePublished\":\"2024-09-18T06:37:46+00:00\",\"dateModified\":\"2024-09-18T08:07:59+00:00\",\"author\":{\"@id\":\"https:\\\/\\\/www.copealcoy.es\\\/es\\\/#\\\/schema\\\/person\\\/e777c87fa024e57d40170af9df39882c\"},\"description\":\"Ignacio Garcia leer\u00e1 el privilegi de la Fira y Leo Ferre es el autor del cartel anunciador de la edici\u00f3n 2024\",\"breadcrumb\":{\"@id\":\"https:\\\/\\\/www.copealcoy.es\\\/es\\\/ignacio-garcia-y-leo-ferre-dos-protagonistas-de-la-proxima-edicion-de-la-fira-de-cocentaina\\\/#breadcrumb\"},\"inLanguage\":\"es\",\"potentialAction\":[{\"@type\":\"ReadAction\",\"target\":[\"https:\\\/\\\/www.copealcoy.es\\\/es\\\/ignacio-garcia-y-leo-ferre-dos-protagonistas-de-la-proxima-edicion-de-la-fira-de-cocentaina\\\/\"]}]},{\"@type\":\"ImageObject\",\"inLanguage\":\"es\",\"@id\":\"https:\\\/\\\/www.copealcoy.es\\\/es\\\/ignacio-garcia-y-leo-ferre-dos-protagonistas-de-la-proxima-edicion-de-la-fira-de-cocentaina\\\/#primaryimage\",\"url\":\"https:\\\/\\\/www.copealcoy.es\\\/wp-content\\\/uploads\\\/2024\\\/09\\\/FTS24-Privilegi_Cartell-scaled-e1726640979645.jpg\",\"contentUrl\":\"https:\\\/\\\/www.copealcoy.es\\\/wp-content\\\/uploads\\\/2024\\\/09\\\/FTS24-Privilegi_Cartell-scaled-e1726640979645.jpg\",\"width\":1436,\"height\":803},{\"@type\":\"BreadcrumbList\",\"@id\":\"https:\\\/\\\/www.copealcoy.es\\\/es\\\/ignacio-garcia-y-leo-ferre-dos-protagonistas-de-la-proxima-edicion-de-la-fira-de-cocentaina\\\/#breadcrumb\",\"itemListElement\":[{\"@type\":\"ListItem\",\"position\":1,\"name\":\"Portada\",\"item\":\"https:\\\/\\\/www.copealcoy.es\\\/es\\\/\"},{\"@type\":\"ListItem\",\"position\":2,\"name\":\"Ignacio Garc\u00eda y Leo Ferre, dos protagonistas de la pr\u00f3xima edici\u00f3n de la Fira de Cocentaina\"}]},{\"@type\":\"WebSite\",\"@id\":\"https:\\\/\\\/www.copealcoy.es\\\/es\\\/#website\",\"url\":\"https:\\\/\\\/www.copealcoy.es\\\/es\\\/\",\"name\":\"COPE Alcoy\",\"description\":\"Emisora COPE de radio local con emisi\u00f3n online. Pont de Sant Jordi 8-10 03803 Alcoy\",\"potentialAction\":[{\"@type\":\"SearchAction\",\"target\":{\"@type\":\"EntryPoint\",\"urlTemplate\":\"https:\\\/\\\/www.copealcoy.es\\\/es\\\/?s={search_term_string}\"},\"query-input\":{\"@type\":\"PropertyValueSpecification\",\"valueRequired\":true,\"valueName\":\"search_term_string\"}}],\"inLanguage\":\"es\"},{\"@type\":\"Person\",\"@id\":\"https:\\\/\\\/www.copealcoy.es\\\/es\\\/#\\\/schema\\\/person\\\/e777c87fa024e57d40170af9df39882c\",\"name\":\"Cope Alcoy\",\"image\":{\"@type\":\"ImageObject\",\"inLanguage\":\"es\",\"@id\":\"https:\\\/\\\/secure.gravatar.com\\\/avatar\\\/bb65d0283347e303893ba14f0692005417c1e0e690a325a4c5d8bb2b3943ee14?s=96&d=mm&r=g\",\"url\":\"https:\\\/\\\/secure.gravatar.com\\\/avatar\\\/bb65d0283347e303893ba14f0692005417c1e0e690a325a4c5d8bb2b3943ee14?s=96&d=mm&r=g\",\"contentUrl\":\"https:\\\/\\\/secure.gravatar.com\\\/avatar\\\/bb65d0283347e303893ba14f0692005417c1e0e690a325a4c5d8bb2b3943ee14?s=96&d=mm&r=g\",\"caption\":\"Cope Alcoy\"}}]}<\/script>\n<!-- \/ Yoast SEO plugin. -->","yoast_head_json":{"title":"Ignacio Garc\u00eda y Leo Ferre, dos protagonistas de la pr\u00f3xima edici\u00f3n de la Fira de Cocentaina - COPE Alcoy","description":"Ignacio Garcia leer\u00e1 el privilegi de la Fira y Leo Ferre es el autor del cartel anunciador de la edici\u00f3n 2024","robots":{"index":"index","follow":"follow","max-snippet":"max-snippet:-1","max-image-preview":"max-image-preview:large","max-video-preview":"max-video-preview:-1"},"canonical":"https:\/\/www.copealcoy.es\/es\/ignacio-garcia-y-leo-ferre-dos-protagonistas-de-la-proxima-edicion-de-la-fira-de-cocentaina\/","og_locale":"es_ES","og_type":"article","og_title":"Ignacio Garc\u00eda y Leo Ferre, dos protagonistas de la pr\u00f3xima edici\u00f3n de la Fira de Cocentaina - COPE Alcoy","og_description":"Ignacio Garcia leer\u00e1 el privilegi de la Fira y Leo Ferre es el autor del cartel anunciador de la edici\u00f3n 2024","og_url":"https:\/\/www.copealcoy.es\/es\/ignacio-garcia-y-leo-ferre-dos-protagonistas-de-la-proxima-edicion-de-la-fira-de-cocentaina\/","og_site_name":"COPE Alcoy","article_published_time":"2024-09-18T06:37:46+00:00","article_modified_time":"2024-09-18T08:07:59+00:00","og_image":[{"width":1436,"height":803,"url":"https:\/\/www.copealcoy.es\/wp-content\/uploads\/2024\/09\/FTS24-Privilegi_Cartell-scaled-e1726640979645.jpg","type":"image\/jpeg"}],"author":"Cope Alcoy","twitter_misc":{"Escrito por":"Cope Alcoy","Tiempo de lectura":"2 minutos"},"schema":{"@context":"https:\/\/schema.org","@graph":[{"@type":"Article","@id":"https:\/\/www.copealcoy.es\/es\/ignacio-garcia-y-leo-ferre-dos-protagonistas-de-la-proxima-edicion-de-la-fira-de-cocentaina\/#article","isPartOf":{"@id":"https:\/\/www.copealcoy.es\/es\/ignacio-garcia-y-leo-ferre-dos-protagonistas-de-la-proxima-edicion-de-la-fira-de-cocentaina\/"},"author":{"name":"Cope Alcoy","@id":"https:\/\/www.copealcoy.es\/es\/#\/schema\/person\/e777c87fa024e57d40170af9df39882c"},"headline":"Ignacio Garc\u00eda y Leo Ferre, dos protagonistas de la pr\u00f3xima edici\u00f3n de la Fira de Cocentaina","datePublished":"2024-09-18T06:37:46+00:00","dateModified":"2024-09-18T08:07:59+00:00","mainEntityOfPage":{"@id":"https:\/\/www.copealcoy.es\/es\/ignacio-garcia-y-leo-ferre-dos-protagonistas-de-la-proxima-edicion-de-la-fira-de-cocentaina\/"},"wordCount":368,"commentCount":0,"image":{"@id":"https:\/\/www.copealcoy.es\/es\/ignacio-garcia-y-leo-ferre-dos-protagonistas-de-la-proxima-edicion-de-la-fira-de-cocentaina\/#primaryimage"},"thumbnailUrl":"https:\/\/www.copealcoy.es\/wp-content\/uploads\/2024\/09\/FTS24-Privilegi_Cartell-scaled-e1726640979645.jpg","keywords":["autor del cartel","Cocentaina","Fira de Tots Sants","Ignacio Garc\u00eda Vidal","lectura del 'Privilegi'","Leo Albero"],"articleSection":["Actualidad","Comarcas","Noticias"],"inLanguage":"es"},{"@type":"WebPage","@id":"https:\/\/www.copealcoy.es\/es\/ignacio-garcia-y-leo-ferre-dos-protagonistas-de-la-proxima-edicion-de-la-fira-de-cocentaina\/","url":"https:\/\/www.copealcoy.es\/es\/ignacio-garcia-y-leo-ferre-dos-protagonistas-de-la-proxima-edicion-de-la-fira-de-cocentaina\/","name":"Ignacio Garc\u00eda y Leo Ferre, dos protagonistas de la pr\u00f3xima edici\u00f3n de la Fira de Cocentaina - COPE Alcoy","isPartOf":{"@id":"https:\/\/www.copealcoy.es\/es\/#website"},"primaryImageOfPage":{"@id":"https:\/\/www.copealcoy.es\/es\/ignacio-garcia-y-leo-ferre-dos-protagonistas-de-la-proxima-edicion-de-la-fira-de-cocentaina\/#primaryimage"},"image":{"@id":"https:\/\/www.copealcoy.es\/es\/ignacio-garcia-y-leo-ferre-dos-protagonistas-de-la-proxima-edicion-de-la-fira-de-cocentaina\/#primaryimage"},"thumbnailUrl":"https:\/\/www.copealcoy.es\/wp-content\/uploads\/2024\/09\/FTS24-Privilegi_Cartell-scaled-e1726640979645.jpg","datePublished":"2024-09-18T06:37:46+00:00","dateModified":"2024-09-18T08:07:59+00:00","author":{"@id":"https:\/\/www.copealcoy.es\/es\/#\/schema\/person\/e777c87fa024e57d40170af9df39882c"},"description":"Ignacio Garcia leer\u00e1 el privilegi de la Fira y Leo Ferre es el autor del cartel anunciador de la edici\u00f3n 2024","breadcrumb":{"@id":"https:\/\/www.copealcoy.es\/es\/ignacio-garcia-y-leo-ferre-dos-protagonistas-de-la-proxima-edicion-de-la-fira-de-cocentaina\/#breadcrumb"},"inLanguage":"es","potentialAction":[{"@type":"ReadAction","target":["https:\/\/www.copealcoy.es\/es\/ignacio-garcia-y-leo-ferre-dos-protagonistas-de-la-proxima-edicion-de-la-fira-de-cocentaina\/"]}]},{"@type":"ImageObject","inLanguage":"es","@id":"https:\/\/www.copealcoy.es\/es\/ignacio-garcia-y-leo-ferre-dos-protagonistas-de-la-proxima-edicion-de-la-fira-de-cocentaina\/#primaryimage","url":"https:\/\/www.copealcoy.es\/wp-content\/uploads\/2024\/09\/FTS24-Privilegi_Cartell-scaled-e1726640979645.jpg","contentUrl":"https:\/\/www.copealcoy.es\/wp-content\/uploads\/2024\/09\/FTS24-Privilegi_Cartell-scaled-e1726640979645.jpg","width":1436,"height":803},{"@type":"BreadcrumbList","@id":"https:\/\/www.copealcoy.es\/es\/ignacio-garcia-y-leo-ferre-dos-protagonistas-de-la-proxima-edicion-de-la-fira-de-cocentaina\/#breadcrumb","itemListElement":[{"@type":"ListItem","position":1,"name":"Portada","item":"https:\/\/www.copealcoy.es\/es\/"},{"@type":"ListItem","position":2,"name":"Ignacio Garc\u00eda y Leo Ferre, dos protagonistas de la pr\u00f3xima edici\u00f3n de la Fira de Cocentaina"}]},{"@type":"WebSite","@id":"https:\/\/www.copealcoy.es\/es\/#website","url":"https:\/\/www.copealcoy.es\/es\/","name":"COPE Alcoy","description":"Emisora COPE de radio local con emisi\u00f3n online. Pont de Sant Jordi 8-10 03803 Alcoy","potentialAction":[{"@type":"SearchAction","target":{"@type":"EntryPoint","urlTemplate":"https:\/\/www.copealcoy.es\/es\/?s={search_term_string}"},"query-input":{"@type":"PropertyValueSpecification","valueRequired":true,"valueName":"search_term_string"}}],"inLanguage":"es"},{"@type":"Person","@id":"https:\/\/www.copealcoy.es\/es\/#\/schema\/person\/e777c87fa024e57d40170af9df39882c","name":"Cope Alcoy","image":{"@type":"ImageObject","inLanguage":"es","@id":"https:\/\/secure.gravatar.com\/avatar\/bb65d0283347e303893ba14f0692005417c1e0e690a325a4c5d8bb2b3943ee14?s=96&d=mm&r=g","url":"https:\/\/secure.gravatar.com\/avatar\/bb65d0283347e303893ba14f0692005417c1e0e690a325a4c5d8bb2b3943ee14?s=96&d=mm&r=g","contentUrl":"https:\/\/secure.gravatar.com\/avatar\/bb65d0283347e303893ba14f0692005417c1e0e690a325a4c5d8bb2b3943ee14?s=96&d=mm&r=g","caption":"Cope Alcoy"}}]}},"_links":{"self":[{"href":"https:\/\/www.copealcoy.es\/es\/wp-json\/wp\/v2\/posts\/140208","targetHints":{"allow":["GET"]}}],"collection":[{"href":"https:\/\/www.copealcoy.es\/es\/wp-json\/wp\/v2\/posts"}],"about":[{"href":"https:\/\/www.copealcoy.es\/es\/wp-json\/wp\/v2\/types\/post"}],"author":[{"embeddable":true,"href":"https:\/\/www.copealcoy.es\/es\/wp-json\/wp\/v2\/users\/1"}],"replies":[{"embeddable":true,"href":"https:\/\/www.copealcoy.es\/es\/wp-json\/wp\/v2\/comments?post=140208"}],"version-history":[{"count":0,"href":"https:\/\/www.copealcoy.es\/es\/wp-json\/wp\/v2\/posts\/140208\/revisions"}],"wp:featuredmedia":[{"embeddable":true,"href":"https:\/\/www.copealcoy.es\/es\/wp-json\/wp\/v2\/media\/140209"}],"wp:attachment":[{"href":"https:\/\/www.copealcoy.es\/es\/wp-json\/wp\/v2\/media?parent=140208"}],"wp:term":[{"taxonomy":"category","embeddable":true,"href":"https:\/\/www.copealcoy.es\/es\/wp-json\/wp\/v2\/categories?post=140208"},{"taxonomy":"post_tag","embeddable":true,"href":"https:\/\/www.copealcoy.es\/es\/wp-json\/wp\/v2\/tags?post=140208"}],"curies":[{"name":"wp","href":"https:\/\/api.w.org\/{rel}","templated":true}]}}