{"id":14017,"date":"2015-06-16T14:01:46","date_gmt":"2015-06-16T14:01:46","guid":{"rendered":"http:\/\/copealcoi.es\/new\/?p=14017"},"modified":"2015-06-16T14:01:46","modified_gmt":"2015-06-16T14:01:46","slug":"col%c2%b7lectiu-03820-compromis-plantea-ubicacion-para-el-concierto-de-ara-malikian","status":"publish","type":"post","link":"https:\/\/www.copealcoy.es\/es\/col%c2%b7lectiu-03820-compromis-plantea-ubicacion-para-el-concierto-de-ara-malikian\/","title":{"rendered":"Col\u00b7lectiu 03820-Comprom\u00eds plantea ubicaci\u00f3n para el concierto de Ara Malikian"},"content":{"rendered":"<p style=\"text-align: justify;\">La coalici\u00f3n\u00a0Col\u00b7lectiu 03820-Comprom\u00eds \u00a0de Cocentaina ha planteado una ubicaci\u00f3n alternativa y con m\u00e1s capacidad para el concierto que el prestigioso violinista Ara Malikian ofrecer\u00e1 el pr\u00f3ximo 14 de julio en la Villa Condal dentro de las actividades del simposio SENT-ME 2015. Desde la formaci\u00f3n han trasladado esta petici\u00f3n hasta alcald\u00eda y se\u00f1alan que el pasado a\u00f1o ya quedaron agotadas las 700 localidades que se hab\u00edan dispuesto para este mismo espect\u00e1culo &#8220;aprovechando que hacemos el esfuerzo de traer hasta Cocentaina un artista de este nivel se tendr\u00eda que contemplar tambi\u00e9n\u00a0que pudieran disfrutar del concierto el mayor n\u00famero de personas posibles tanto del pueblo como de la comarca&#8221;, ha afirmado el edil Jordi Pla. \u00a0En este sentido el concejal\u00a0a\u00f1ade que un espacio m\u00e1s amplio para esta actividad ser\u00eda positivo para el turismo y la hosteler\u00eda local &#8220;si conseguimos que vengan m\u00e1s asistentes que el pasado a\u00f1o, que se quedan en Cocentaina a cenar o tomar un refresco, contribuir\u00edamos a que haya ingresos econ\u00f3micos y a que se promocione nuestro pueblo como destino tur\u00edstico&#8221;, indica.<\/p>\n<p style=\"text-align: justify;\">Por \u00faltimo desde\u00a0Col\u00b7lectiu 03820-Comprom\u00eds agradecen el esfuerzo de la organizaci\u00f3n del SENT-ME 2015 y a su coordinador, Ignacio Garc\u00eda Vidal, al mismo tiempo que piden al Gobierno Local Socialista que estudie\u00a0\u00a0el cambio del escenario del concierto a plazas cercanas al Palau como la del Mercat o El Pla. Finalmente proponen, en el caso que esto \u00faltimo no sea posible, la instalaci\u00f3n de pantallas gigantes en estas dos v\u00edas para que todo aquel que lo desee pueda seguir la actuaci\u00f3n de\u00a0Ara Malikian.<\/p>\n<p style=\"text-align: justify;\">\n<p>&nbsp;<\/p>\n","protected":false},"excerpt":{"rendered":"<p>La coalici\u00f3n\u00a0Col\u00b7lectiu 03820-Comprom\u00eds \u00a0de Cocentaina ha planteado una ubicaci\u00f3n alternativa y con m\u00e1s capacidad para el concierto que el prestigioso&#8230;<\/p>\n","protected":false},"author":1,"featured_media":14018,"comment_status":"open","ping_status":"open","sticky":false,"template":"","format":"standard","meta":{"footnotes":""},"categories":[98,75],"tags":[1158,974,132,777,701,1079],"class_list":["post-14017","post","type-post","status-publish","format-standard","has-post-thumbnail","hentry","category-comarcas","category-noticias","tag-alternativa","tag-ara-malikian","tag-cocentaina","tag-collectiu-03820-compromis","tag-concierto","tag-ubicacion"],"yoast_head":"<!-- This site is optimized with the Yoast SEO plugin v27.3 - https:\/\/yoast.com\/product\/yoast-seo-wordpress\/ -->\n<title>Col\u00b7lectiu 03820-Comprom\u00eds plantea ubicaci\u00f3n para el concierto de Ara Malikian - COPE Alcoy<\/title>\n<meta name=\"robots\" content=\"index, follow, max-snippet:-1, max-image-preview:large, max-video-preview:-1\" \/>\n<link rel=\"canonical\" href=\"https:\/\/www.copealcoy.es\/es\/col%c2%b7lectiu-03820-compromis-plantea-ubicacion-para-el-concierto-de-ara-malikian\/\" \/>\n<meta property=\"og:locale\" content=\"es_ES\" \/>\n<meta property=\"og:type\" content=\"article\" \/>\n<meta property=\"og:title\" content=\"Col\u00b7lectiu 03820-Comprom\u00eds plantea ubicaci\u00f3n para el concierto de Ara Malikian - COPE Alcoy\" \/>\n<meta property=\"og:description\" content=\"La coalici\u00f3n\u00a0Col\u00b7lectiu 03820-Comprom\u00eds \u00a0de Cocentaina ha planteado una ubicaci\u00f3n alternativa y con m\u00e1s capacidad para el concierto que el prestigioso...\" \/>\n<meta property=\"og:url\" content=\"https:\/\/www.copealcoy.es\/es\/col%c2%b7lectiu-03820-compromis-plantea-ubicacion-para-el-concierto-de-ara-malikian\/\" \/>\n<meta property=\"og:site_name\" content=\"COPE Alcoy\" \/>\n<meta property=\"article:published_time\" content=\"2015-06-16T14:01:46+00:00\" \/>\n<meta property=\"og:image\" content=\"https:\/\/www.copealcoy.es\/wp-content\/uploads\/2015\/06\/10494674_944210718934322_3189304991455698177_n.jpg\" \/>\n\t<meta property=\"og:image:width\" content=\"960\" \/>\n\t<meta property=\"og:image:height\" content=\"639\" \/>\n\t<meta property=\"og:image:type\" content=\"image\/jpeg\" \/>\n<meta name=\"author\" content=\"Cope Alcoy\" \/>\n<meta name=\"twitter:label1\" content=\"Escrito por\" \/>\n\t<meta name=\"twitter:data1\" content=\"Cope Alcoy\" \/>\n\t<meta name=\"twitter:label2\" content=\"Tiempo de lectura\" \/>\n\t<meta name=\"twitter:data2\" content=\"1 minuto\" \/>\n<script type=\"application\/ld+json\" class=\"yoast-schema-graph\">{\"@context\":\"https:\\\/\\\/schema.org\",\"@graph\":[{\"@type\":\"Article\",\"@id\":\"https:\\\/\\\/www.copealcoy.es\\\/es\\\/col%c2%b7lectiu-03820-compromis-plantea-ubicacion-para-el-concierto-de-ara-malikian\\\/#article\",\"isPartOf\":{\"@id\":\"https:\\\/\\\/www.copealcoy.es\\\/es\\\/col%c2%b7lectiu-03820-compromis-plantea-ubicacion-para-el-concierto-de-ara-malikian\\\/\"},\"author\":{\"name\":\"Cope Alcoy\",\"@id\":\"https:\\\/\\\/www.copealcoy.es\\\/es\\\/#\\\/schema\\\/person\\\/e777c87fa024e57d40170af9df39882c\"},\"headline\":\"Col\u00b7lectiu 03820-Comprom\u00eds plantea ubicaci\u00f3n para el concierto de Ara Malikian\",\"datePublished\":\"2015-06-16T14:01:46+00:00\",\"mainEntityOfPage\":{\"@id\":\"https:\\\/\\\/www.copealcoy.es\\\/es\\\/col%c2%b7lectiu-03820-compromis-plantea-ubicacion-para-el-concierto-de-ara-malikian\\\/\"},\"wordCount\":301,\"commentCount\":0,\"image\":{\"@id\":\"https:\\\/\\\/www.copealcoy.es\\\/es\\\/col%c2%b7lectiu-03820-compromis-plantea-ubicacion-para-el-concierto-de-ara-malikian\\\/#primaryimage\"},\"thumbnailUrl\":\"https:\\\/\\\/www.copealcoy.es\\\/wp-content\\\/uploads\\\/2015\\\/06\\\/10494674_944210718934322_3189304991455698177_n.jpg\",\"keywords\":[\"alternativa\",\"Ara Malikian\",\"Cocentaina\",\"Col\u00b7lectiu 03820-Comprom\u00eds\",\"Concierto\",\"ubicaci\u00f3n\"],\"articleSection\":[\"Comarcas\",\"Noticias\"],\"inLanguage\":\"es\"},{\"@type\":\"WebPage\",\"@id\":\"https:\\\/\\\/www.copealcoy.es\\\/es\\\/col%c2%b7lectiu-03820-compromis-plantea-ubicacion-para-el-concierto-de-ara-malikian\\\/\",\"url\":\"https:\\\/\\\/www.copealcoy.es\\\/es\\\/col%c2%b7lectiu-03820-compromis-plantea-ubicacion-para-el-concierto-de-ara-malikian\\\/\",\"name\":\"Col\u00b7lectiu 03820-Comprom\u00eds plantea ubicaci\u00f3n para el concierto de Ara Malikian - COPE Alcoy\",\"isPartOf\":{\"@id\":\"https:\\\/\\\/www.copealcoy.es\\\/es\\\/#website\"},\"primaryImageOfPage\":{\"@id\":\"https:\\\/\\\/www.copealcoy.es\\\/es\\\/col%c2%b7lectiu-03820-compromis-plantea-ubicacion-para-el-concierto-de-ara-malikian\\\/#primaryimage\"},\"image\":{\"@id\":\"https:\\\/\\\/www.copealcoy.es\\\/es\\\/col%c2%b7lectiu-03820-compromis-plantea-ubicacion-para-el-concierto-de-ara-malikian\\\/#primaryimage\"},\"thumbnailUrl\":\"https:\\\/\\\/www.copealcoy.es\\\/wp-content\\\/uploads\\\/2015\\\/06\\\/10494674_944210718934322_3189304991455698177_n.jpg\",\"datePublished\":\"2015-06-16T14:01:46+00:00\",\"author\":{\"@id\":\"https:\\\/\\\/www.copealcoy.es\\\/es\\\/#\\\/schema\\\/person\\\/e777c87fa024e57d40170af9df39882c\"},\"breadcrumb\":{\"@id\":\"https:\\\/\\\/www.copealcoy.es\\\/es\\\/col%c2%b7lectiu-03820-compromis-plantea-ubicacion-para-el-concierto-de-ara-malikian\\\/#breadcrumb\"},\"inLanguage\":\"es\",\"potentialAction\":[{\"@type\":\"ReadAction\",\"target\":[\"https:\\\/\\\/www.copealcoy.es\\\/es\\\/col%c2%b7lectiu-03820-compromis-plantea-ubicacion-para-el-concierto-de-ara-malikian\\\/\"]}]},{\"@type\":\"ImageObject\",\"inLanguage\":\"es\",\"@id\":\"https:\\\/\\\/www.copealcoy.es\\\/es\\\/col%c2%b7lectiu-03820-compromis-plantea-ubicacion-para-el-concierto-de-ara-malikian\\\/#primaryimage\",\"url\":\"https:\\\/\\\/www.copealcoy.es\\\/wp-content\\\/uploads\\\/2015\\\/06\\\/10494674_944210718934322_3189304991455698177_n.jpg\",\"contentUrl\":\"https:\\\/\\\/www.copealcoy.es\\\/wp-content\\\/uploads\\\/2015\\\/06\\\/10494674_944210718934322_3189304991455698177_n.jpg\",\"width\":960,\"height\":639,\"caption\":\"Jordi Pla es edil de Col\u00b7lectiu 03820 - Comprom\u00eds en Cocentaina\"},{\"@type\":\"BreadcrumbList\",\"@id\":\"https:\\\/\\\/www.copealcoy.es\\\/es\\\/col%c2%b7lectiu-03820-compromis-plantea-ubicacion-para-el-concierto-de-ara-malikian\\\/#breadcrumb\",\"itemListElement\":[{\"@type\":\"ListItem\",\"position\":1,\"name\":\"Portada\",\"item\":\"https:\\\/\\\/www.copealcoy.es\\\/es\\\/\"},{\"@type\":\"ListItem\",\"position\":2,\"name\":\"Col\u00b7lectiu 03820-Comprom\u00eds plantea ubicaci\u00f3n para el concierto de Ara Malikian\"}]},{\"@type\":\"WebSite\",\"@id\":\"https:\\\/\\\/www.copealcoy.es\\\/es\\\/#website\",\"url\":\"https:\\\/\\\/www.copealcoy.es\\\/es\\\/\",\"name\":\"COPE Alcoy\",\"description\":\"Emisora COPE de radio local con emisi\u00f3n online. Pont de Sant Jordi 8-10 03803 Alcoy\",\"potentialAction\":[{\"@type\":\"SearchAction\",\"target\":{\"@type\":\"EntryPoint\",\"urlTemplate\":\"https:\\\/\\\/www.copealcoy.es\\\/es\\\/?s={search_term_string}\"},\"query-input\":{\"@type\":\"PropertyValueSpecification\",\"valueRequired\":true,\"valueName\":\"search_term_string\"}}],\"inLanguage\":\"es\"},{\"@type\":\"Person\",\"@id\":\"https:\\\/\\\/www.copealcoy.es\\\/es\\\/#\\\/schema\\\/person\\\/e777c87fa024e57d40170af9df39882c\",\"name\":\"Cope Alcoy\",\"image\":{\"@type\":\"ImageObject\",\"inLanguage\":\"es\",\"@id\":\"https:\\\/\\\/secure.gravatar.com\\\/avatar\\\/bb65d0283347e303893ba14f0692005417c1e0e690a325a4c5d8bb2b3943ee14?s=96&d=mm&r=g\",\"url\":\"https:\\\/\\\/secure.gravatar.com\\\/avatar\\\/bb65d0283347e303893ba14f0692005417c1e0e690a325a4c5d8bb2b3943ee14?s=96&d=mm&r=g\",\"contentUrl\":\"https:\\\/\\\/secure.gravatar.com\\\/avatar\\\/bb65d0283347e303893ba14f0692005417c1e0e690a325a4c5d8bb2b3943ee14?s=96&d=mm&r=g\",\"caption\":\"Cope Alcoy\"}}]}<\/script>\n<!-- \/ Yoast SEO plugin. -->","yoast_head_json":{"title":"Col\u00b7lectiu 03820-Comprom\u00eds plantea ubicaci\u00f3n para el concierto de Ara Malikian - COPE Alcoy","robots":{"index":"index","follow":"follow","max-snippet":"max-snippet:-1","max-image-preview":"max-image-preview:large","max-video-preview":"max-video-preview:-1"},"canonical":"https:\/\/www.copealcoy.es\/es\/col%c2%b7lectiu-03820-compromis-plantea-ubicacion-para-el-concierto-de-ara-malikian\/","og_locale":"es_ES","og_type":"article","og_title":"Col\u00b7lectiu 03820-Comprom\u00eds plantea ubicaci\u00f3n para el concierto de Ara Malikian - COPE Alcoy","og_description":"La coalici\u00f3n\u00a0Col\u00b7lectiu 03820-Comprom\u00eds \u00a0de Cocentaina ha planteado una ubicaci\u00f3n alternativa y con m\u00e1s capacidad para el concierto que el prestigioso...","og_url":"https:\/\/www.copealcoy.es\/es\/col%c2%b7lectiu-03820-compromis-plantea-ubicacion-para-el-concierto-de-ara-malikian\/","og_site_name":"COPE Alcoy","article_published_time":"2015-06-16T14:01:46+00:00","og_image":[{"width":960,"height":639,"url":"https:\/\/www.copealcoy.es\/wp-content\/uploads\/2015\/06\/10494674_944210718934322_3189304991455698177_n.jpg","type":"image\/jpeg"}],"author":"Cope Alcoy","twitter_misc":{"Escrito por":"Cope Alcoy","Tiempo de lectura":"1 minuto"},"schema":{"@context":"https:\/\/schema.org","@graph":[{"@type":"Article","@id":"https:\/\/www.copealcoy.es\/es\/col%c2%b7lectiu-03820-compromis-plantea-ubicacion-para-el-concierto-de-ara-malikian\/#article","isPartOf":{"@id":"https:\/\/www.copealcoy.es\/es\/col%c2%b7lectiu-03820-compromis-plantea-ubicacion-para-el-concierto-de-ara-malikian\/"},"author":{"name":"Cope Alcoy","@id":"https:\/\/www.copealcoy.es\/es\/#\/schema\/person\/e777c87fa024e57d40170af9df39882c"},"headline":"Col\u00b7lectiu 03820-Comprom\u00eds plantea ubicaci\u00f3n para el concierto de Ara Malikian","datePublished":"2015-06-16T14:01:46+00:00","mainEntityOfPage":{"@id":"https:\/\/www.copealcoy.es\/es\/col%c2%b7lectiu-03820-compromis-plantea-ubicacion-para-el-concierto-de-ara-malikian\/"},"wordCount":301,"commentCount":0,"image":{"@id":"https:\/\/www.copealcoy.es\/es\/col%c2%b7lectiu-03820-compromis-plantea-ubicacion-para-el-concierto-de-ara-malikian\/#primaryimage"},"thumbnailUrl":"https:\/\/www.copealcoy.es\/wp-content\/uploads\/2015\/06\/10494674_944210718934322_3189304991455698177_n.jpg","keywords":["alternativa","Ara Malikian","Cocentaina","Col\u00b7lectiu 03820-Comprom\u00eds","Concierto","ubicaci\u00f3n"],"articleSection":["Comarcas","Noticias"],"inLanguage":"es"},{"@type":"WebPage","@id":"https:\/\/www.copealcoy.es\/es\/col%c2%b7lectiu-03820-compromis-plantea-ubicacion-para-el-concierto-de-ara-malikian\/","url":"https:\/\/www.copealcoy.es\/es\/col%c2%b7lectiu-03820-compromis-plantea-ubicacion-para-el-concierto-de-ara-malikian\/","name":"Col\u00b7lectiu 03820-Comprom\u00eds plantea ubicaci\u00f3n para el concierto de Ara Malikian - COPE Alcoy","isPartOf":{"@id":"https:\/\/www.copealcoy.es\/es\/#website"},"primaryImageOfPage":{"@id":"https:\/\/www.copealcoy.es\/es\/col%c2%b7lectiu-03820-compromis-plantea-ubicacion-para-el-concierto-de-ara-malikian\/#primaryimage"},"image":{"@id":"https:\/\/www.copealcoy.es\/es\/col%c2%b7lectiu-03820-compromis-plantea-ubicacion-para-el-concierto-de-ara-malikian\/#primaryimage"},"thumbnailUrl":"https:\/\/www.copealcoy.es\/wp-content\/uploads\/2015\/06\/10494674_944210718934322_3189304991455698177_n.jpg","datePublished":"2015-06-16T14:01:46+00:00","author":{"@id":"https:\/\/www.copealcoy.es\/es\/#\/schema\/person\/e777c87fa024e57d40170af9df39882c"},"breadcrumb":{"@id":"https:\/\/www.copealcoy.es\/es\/col%c2%b7lectiu-03820-compromis-plantea-ubicacion-para-el-concierto-de-ara-malikian\/#breadcrumb"},"inLanguage":"es","potentialAction":[{"@type":"ReadAction","target":["https:\/\/www.copealcoy.es\/es\/col%c2%b7lectiu-03820-compromis-plantea-ubicacion-para-el-concierto-de-ara-malikian\/"]}]},{"@type":"ImageObject","inLanguage":"es","@id":"https:\/\/www.copealcoy.es\/es\/col%c2%b7lectiu-03820-compromis-plantea-ubicacion-para-el-concierto-de-ara-malikian\/#primaryimage","url":"https:\/\/www.copealcoy.es\/wp-content\/uploads\/2015\/06\/10494674_944210718934322_3189304991455698177_n.jpg","contentUrl":"https:\/\/www.copealcoy.es\/wp-content\/uploads\/2015\/06\/10494674_944210718934322_3189304991455698177_n.jpg","width":960,"height":639,"caption":"Jordi Pla es edil de Col\u00b7lectiu 03820 - Comprom\u00eds en Cocentaina"},{"@type":"BreadcrumbList","@id":"https:\/\/www.copealcoy.es\/es\/col%c2%b7lectiu-03820-compromis-plantea-ubicacion-para-el-concierto-de-ara-malikian\/#breadcrumb","itemListElement":[{"@type":"ListItem","position":1,"name":"Portada","item":"https:\/\/www.copealcoy.es\/es\/"},{"@type":"ListItem","position":2,"name":"Col\u00b7lectiu 03820-Comprom\u00eds plantea ubicaci\u00f3n para el concierto de Ara Malikian"}]},{"@type":"WebSite","@id":"https:\/\/www.copealcoy.es\/es\/#website","url":"https:\/\/www.copealcoy.es\/es\/","name":"COPE Alcoy","description":"Emisora COPE de radio local con emisi\u00f3n online. Pont de Sant Jordi 8-10 03803 Alcoy","potentialAction":[{"@type":"SearchAction","target":{"@type":"EntryPoint","urlTemplate":"https:\/\/www.copealcoy.es\/es\/?s={search_term_string}"},"query-input":{"@type":"PropertyValueSpecification","valueRequired":true,"valueName":"search_term_string"}}],"inLanguage":"es"},{"@type":"Person","@id":"https:\/\/www.copealcoy.es\/es\/#\/schema\/person\/e777c87fa024e57d40170af9df39882c","name":"Cope Alcoy","image":{"@type":"ImageObject","inLanguage":"es","@id":"https:\/\/secure.gravatar.com\/avatar\/bb65d0283347e303893ba14f0692005417c1e0e690a325a4c5d8bb2b3943ee14?s=96&d=mm&r=g","url":"https:\/\/secure.gravatar.com\/avatar\/bb65d0283347e303893ba14f0692005417c1e0e690a325a4c5d8bb2b3943ee14?s=96&d=mm&r=g","contentUrl":"https:\/\/secure.gravatar.com\/avatar\/bb65d0283347e303893ba14f0692005417c1e0e690a325a4c5d8bb2b3943ee14?s=96&d=mm&r=g","caption":"Cope Alcoy"}}]}},"_links":{"self":[{"href":"https:\/\/www.copealcoy.es\/es\/wp-json\/wp\/v2\/posts\/14017","targetHints":{"allow":["GET"]}}],"collection":[{"href":"https:\/\/www.copealcoy.es\/es\/wp-json\/wp\/v2\/posts"}],"about":[{"href":"https:\/\/www.copealcoy.es\/es\/wp-json\/wp\/v2\/types\/post"}],"author":[{"embeddable":true,"href":"https:\/\/www.copealcoy.es\/es\/wp-json\/wp\/v2\/users\/1"}],"replies":[{"embeddable":true,"href":"https:\/\/www.copealcoy.es\/es\/wp-json\/wp\/v2\/comments?post=14017"}],"version-history":[{"count":0,"href":"https:\/\/www.copealcoy.es\/es\/wp-json\/wp\/v2\/posts\/14017\/revisions"}],"wp:featuredmedia":[{"embeddable":true,"href":"https:\/\/www.copealcoy.es\/es\/wp-json\/wp\/v2\/media\/14018"}],"wp:attachment":[{"href":"https:\/\/www.copealcoy.es\/es\/wp-json\/wp\/v2\/media?parent=14017"}],"wp:term":[{"taxonomy":"category","embeddable":true,"href":"https:\/\/www.copealcoy.es\/es\/wp-json\/wp\/v2\/categories?post=14017"},{"taxonomy":"post_tag","embeddable":true,"href":"https:\/\/www.copealcoy.es\/es\/wp-json\/wp\/v2\/tags?post=14017"}],"curies":[{"name":"wp","href":"https:\/\/api.w.org\/{rel}","templated":true}]}}