{"id":13995,"date":"2015-06-15T21:16:20","date_gmt":"2015-06-15T21:16:20","guid":{"rendered":"http:\/\/copealcoi.es\/new\/?p=13995"},"modified":"2015-06-16T06:22:05","modified_gmt":"2015-06-16T06:22:05","slug":"la-fiesta-de-cocentaina-ya-conoce-a-sus-cargos","status":"publish","type":"post","link":"https:\/\/www.copealcoy.es\/es\/la-fiesta-de-cocentaina-ya-conoce-a-sus-cargos\/","title":{"rendered":"La fiesta de Cocentaina ya conoce a sus cargos"},"content":{"rendered":"<p style=\"text-align: justify;\">Las fiestas de moros y cristianos de Cocentaina\u00a0ya tienen nuevos cargos pare este 2015 a falta de la presentaci\u00f3n oficial que tendr\u00e1 lugar el s\u00e1bado 4 de julio en el marco del Patio de Armas del Palau Comtal.<\/p>\n<p style=\"text-align: justify;\">El bando cristiano tendr\u00e1 como capit\u00e1n a Antonio Prats, de la fil\u00e0 Cruzados, mientras que el cargo de abanderado recae en la fil\u00e0 Cavallers de Lluria la m\u00e1s reciente de la fiesta contestana al haber empezado su andadura en el 2012. Juan Lu\u00eds Jord\u00e0 ser\u00e1 la persona que represente a esta formaci\u00f3n.\u00a0Por su parte en el bando moro ostentar\u00e1 el cargo de capit\u00e1n la Manta Roja con Javier Goz\u00e1lbez, que ya fue abanderado en el a\u00f1o 2011, y el abanderado lo desempe\u00f1ar\u00e1 Salvador Ribes de la fil\u00e0 Bereberes &#8211; Borts.<\/p>\n<p style=\"text-align: justify;\">La gala de presentaci\u00f3n de cargos contar\u00e1 tambi\u00e9n con la intervenci\u00f3n del periodista contestano Vicent Palac\u00ed como mantenedor y en el transcurso de la misma se presentar\u00e1 oficialmente a Javier Colomer como director del himno y se descubrir\u00e1 el cartel anunciador que realizar\u00e1\u00a0Manolo Boronat.<\/p>\n<p style=\"text-align: justify;\">\n","protected":false},"excerpt":{"rendered":"<p>Las fiestas de moros y cristianos de Cocentaina\u00a0ya tienen nuevos cargos pare este 2015 a falta de la presentaci\u00f3n oficial&#8230;<\/p>\n","protected":false},"author":1,"featured_media":13996,"comment_status":"open","ping_status":"open","sticky":false,"template":"","format":"standard","meta":{"footnotes":""},"categories":[98,75],"tags":[1156,132,1155,543],"class_list":["post-13995","post","type-post","status-publish","format-standard","has-post-thumbnail","hentry","category-comarcas","category-noticias","tag-cargos","tag-cocentaina","tag-conoce","tag-fiesta"],"yoast_head":"<!-- This site is optimized with the Yoast SEO plugin v27.3 - https:\/\/yoast.com\/product\/yoast-seo-wordpress\/ -->\n<title>La fiesta de Cocentaina ya conoce a sus cargos - COPE Alcoy<\/title>\n<meta name=\"robots\" content=\"index, follow, max-snippet:-1, max-image-preview:large, max-video-preview:-1\" \/>\n<link rel=\"canonical\" href=\"https:\/\/www.copealcoy.es\/es\/la-fiesta-de-cocentaina-ya-conoce-a-sus-cargos\/\" \/>\n<meta property=\"og:locale\" content=\"es_ES\" \/>\n<meta property=\"og:type\" content=\"article\" \/>\n<meta property=\"og:title\" content=\"La fiesta de Cocentaina ya conoce a sus cargos - COPE Alcoy\" \/>\n<meta property=\"og:description\" content=\"Las fiestas de moros y cristianos de Cocentaina\u00a0ya tienen nuevos cargos pare este 2015 a falta de la presentaci\u00f3n oficial...\" \/>\n<meta property=\"og:url\" content=\"https:\/\/www.copealcoy.es\/es\/la-fiesta-de-cocentaina-ya-conoce-a-sus-cargos\/\" \/>\n<meta property=\"og:site_name\" content=\"COPE Alcoy\" \/>\n<meta property=\"article:published_time\" content=\"2015-06-15T21:16:20+00:00\" \/>\n<meta property=\"article:modified_time\" content=\"2015-06-16T06:22:05+00:00\" \/>\n<meta property=\"og:image\" content=\"https:\/\/www.copealcoy.es\/wp-content\/uploads\/2015\/06\/DSC_0198.jpg\" \/>\n\t<meta property=\"og:image:width\" content=\"709\" \/>\n\t<meta property=\"og:image:height\" content=\"475\" \/>\n\t<meta property=\"og:image:type\" content=\"image\/jpeg\" \/>\n<meta name=\"author\" content=\"Cope Alcoy\" \/>\n<meta name=\"twitter:label1\" content=\"Escrito por\" \/>\n\t<meta name=\"twitter:data1\" content=\"Cope Alcoy\" \/>\n\t<meta name=\"twitter:label2\" content=\"Tiempo de lectura\" \/>\n\t<meta name=\"twitter:data2\" content=\"1 minuto\" \/>\n<script type=\"application\/ld+json\" class=\"yoast-schema-graph\">{\"@context\":\"https:\\\/\\\/schema.org\",\"@graph\":[{\"@type\":\"Article\",\"@id\":\"https:\\\/\\\/www.copealcoy.es\\\/es\\\/la-fiesta-de-cocentaina-ya-conoce-a-sus-cargos\\\/#article\",\"isPartOf\":{\"@id\":\"https:\\\/\\\/www.copealcoy.es\\\/es\\\/la-fiesta-de-cocentaina-ya-conoce-a-sus-cargos\\\/\"},\"author\":{\"name\":\"Cope Alcoy\",\"@id\":\"https:\\\/\\\/www.copealcoy.es\\\/es\\\/#\\\/schema\\\/person\\\/e777c87fa024e57d40170af9df39882c\"},\"headline\":\"La fiesta de Cocentaina ya conoce a sus cargos\",\"datePublished\":\"2015-06-15T21:16:20+00:00\",\"dateModified\":\"2015-06-16T06:22:05+00:00\",\"mainEntityOfPage\":{\"@id\":\"https:\\\/\\\/www.copealcoy.es\\\/es\\\/la-fiesta-de-cocentaina-ya-conoce-a-sus-cargos\\\/\"},\"wordCount\":193,\"commentCount\":0,\"image\":{\"@id\":\"https:\\\/\\\/www.copealcoy.es\\\/es\\\/la-fiesta-de-cocentaina-ya-conoce-a-sus-cargos\\\/#primaryimage\"},\"thumbnailUrl\":\"https:\\\/\\\/www.copealcoy.es\\\/wp-content\\\/uploads\\\/2015\\\/06\\\/DSC_0198.jpg\",\"keywords\":[\"cargos\",\"Cocentaina\",\"conoce\",\"Fiesta\"],\"articleSection\":[\"Comarcas\",\"Noticias\"],\"inLanguage\":\"es\"},{\"@type\":\"WebPage\",\"@id\":\"https:\\\/\\\/www.copealcoy.es\\\/es\\\/la-fiesta-de-cocentaina-ya-conoce-a-sus-cargos\\\/\",\"url\":\"https:\\\/\\\/www.copealcoy.es\\\/es\\\/la-fiesta-de-cocentaina-ya-conoce-a-sus-cargos\\\/\",\"name\":\"La fiesta de Cocentaina ya conoce a sus cargos - COPE Alcoy\",\"isPartOf\":{\"@id\":\"https:\\\/\\\/www.copealcoy.es\\\/es\\\/#website\"},\"primaryImageOfPage\":{\"@id\":\"https:\\\/\\\/www.copealcoy.es\\\/es\\\/la-fiesta-de-cocentaina-ya-conoce-a-sus-cargos\\\/#primaryimage\"},\"image\":{\"@id\":\"https:\\\/\\\/www.copealcoy.es\\\/es\\\/la-fiesta-de-cocentaina-ya-conoce-a-sus-cargos\\\/#primaryimage\"},\"thumbnailUrl\":\"https:\\\/\\\/www.copealcoy.es\\\/wp-content\\\/uploads\\\/2015\\\/06\\\/DSC_0198.jpg\",\"datePublished\":\"2015-06-15T21:16:20+00:00\",\"dateModified\":\"2015-06-16T06:22:05+00:00\",\"author\":{\"@id\":\"https:\\\/\\\/www.copealcoy.es\\\/es\\\/#\\\/schema\\\/person\\\/e777c87fa024e57d40170af9df39882c\"},\"breadcrumb\":{\"@id\":\"https:\\\/\\\/www.copealcoy.es\\\/es\\\/la-fiesta-de-cocentaina-ya-conoce-a-sus-cargos\\\/#breadcrumb\"},\"inLanguage\":\"es\",\"potentialAction\":[{\"@type\":\"ReadAction\",\"target\":[\"https:\\\/\\\/www.copealcoy.es\\\/es\\\/la-fiesta-de-cocentaina-ya-conoce-a-sus-cargos\\\/\"]}]},{\"@type\":\"ImageObject\",\"inLanguage\":\"es\",\"@id\":\"https:\\\/\\\/www.copealcoy.es\\\/es\\\/la-fiesta-de-cocentaina-ya-conoce-a-sus-cargos\\\/#primaryimage\",\"url\":\"https:\\\/\\\/www.copealcoy.es\\\/wp-content\\\/uploads\\\/2015\\\/06\\\/DSC_0198.jpg\",\"contentUrl\":\"https:\\\/\\\/www.copealcoy.es\\\/wp-content\\\/uploads\\\/2015\\\/06\\\/DSC_0198.jpg\",\"width\":709,\"height\":475,\"caption\":\"La fil\u00e0 Cavallers de Lluria ostentar\u00e1 su primer cargo de abanderado\"},{\"@type\":\"BreadcrumbList\",\"@id\":\"https:\\\/\\\/www.copealcoy.es\\\/es\\\/la-fiesta-de-cocentaina-ya-conoce-a-sus-cargos\\\/#breadcrumb\",\"itemListElement\":[{\"@type\":\"ListItem\",\"position\":1,\"name\":\"Portada\",\"item\":\"https:\\\/\\\/www.copealcoy.es\\\/es\\\/\"},{\"@type\":\"ListItem\",\"position\":2,\"name\":\"La fiesta de Cocentaina ya conoce a sus cargos\"}]},{\"@type\":\"WebSite\",\"@id\":\"https:\\\/\\\/www.copealcoy.es\\\/es\\\/#website\",\"url\":\"https:\\\/\\\/www.copealcoy.es\\\/es\\\/\",\"name\":\"COPE Alcoy\",\"description\":\"Emisora COPE de radio local con emisi\u00f3n online. Pont de Sant Jordi 8-10 03803 Alcoy\",\"potentialAction\":[{\"@type\":\"SearchAction\",\"target\":{\"@type\":\"EntryPoint\",\"urlTemplate\":\"https:\\\/\\\/www.copealcoy.es\\\/es\\\/?s={search_term_string}\"},\"query-input\":{\"@type\":\"PropertyValueSpecification\",\"valueRequired\":true,\"valueName\":\"search_term_string\"}}],\"inLanguage\":\"es\"},{\"@type\":\"Person\",\"@id\":\"https:\\\/\\\/www.copealcoy.es\\\/es\\\/#\\\/schema\\\/person\\\/e777c87fa024e57d40170af9df39882c\",\"name\":\"Cope Alcoy\",\"image\":{\"@type\":\"ImageObject\",\"inLanguage\":\"es\",\"@id\":\"https:\\\/\\\/secure.gravatar.com\\\/avatar\\\/bb65d0283347e303893ba14f0692005417c1e0e690a325a4c5d8bb2b3943ee14?s=96&d=mm&r=g\",\"url\":\"https:\\\/\\\/secure.gravatar.com\\\/avatar\\\/bb65d0283347e303893ba14f0692005417c1e0e690a325a4c5d8bb2b3943ee14?s=96&d=mm&r=g\",\"contentUrl\":\"https:\\\/\\\/secure.gravatar.com\\\/avatar\\\/bb65d0283347e303893ba14f0692005417c1e0e690a325a4c5d8bb2b3943ee14?s=96&d=mm&r=g\",\"caption\":\"Cope Alcoy\"}}]}<\/script>\n<!-- \/ Yoast SEO plugin. -->","yoast_head_json":{"title":"La fiesta de Cocentaina ya conoce a sus cargos - COPE Alcoy","robots":{"index":"index","follow":"follow","max-snippet":"max-snippet:-1","max-image-preview":"max-image-preview:large","max-video-preview":"max-video-preview:-1"},"canonical":"https:\/\/www.copealcoy.es\/es\/la-fiesta-de-cocentaina-ya-conoce-a-sus-cargos\/","og_locale":"es_ES","og_type":"article","og_title":"La fiesta de Cocentaina ya conoce a sus cargos - COPE Alcoy","og_description":"Las fiestas de moros y cristianos de Cocentaina\u00a0ya tienen nuevos cargos pare este 2015 a falta de la presentaci\u00f3n oficial...","og_url":"https:\/\/www.copealcoy.es\/es\/la-fiesta-de-cocentaina-ya-conoce-a-sus-cargos\/","og_site_name":"COPE Alcoy","article_published_time":"2015-06-15T21:16:20+00:00","article_modified_time":"2015-06-16T06:22:05+00:00","og_image":[{"width":709,"height":475,"url":"https:\/\/www.copealcoy.es\/wp-content\/uploads\/2015\/06\/DSC_0198.jpg","type":"image\/jpeg"}],"author":"Cope Alcoy","twitter_misc":{"Escrito por":"Cope Alcoy","Tiempo de lectura":"1 minuto"},"schema":{"@context":"https:\/\/schema.org","@graph":[{"@type":"Article","@id":"https:\/\/www.copealcoy.es\/es\/la-fiesta-de-cocentaina-ya-conoce-a-sus-cargos\/#article","isPartOf":{"@id":"https:\/\/www.copealcoy.es\/es\/la-fiesta-de-cocentaina-ya-conoce-a-sus-cargos\/"},"author":{"name":"Cope Alcoy","@id":"https:\/\/www.copealcoy.es\/es\/#\/schema\/person\/e777c87fa024e57d40170af9df39882c"},"headline":"La fiesta de Cocentaina ya conoce a sus cargos","datePublished":"2015-06-15T21:16:20+00:00","dateModified":"2015-06-16T06:22:05+00:00","mainEntityOfPage":{"@id":"https:\/\/www.copealcoy.es\/es\/la-fiesta-de-cocentaina-ya-conoce-a-sus-cargos\/"},"wordCount":193,"commentCount":0,"image":{"@id":"https:\/\/www.copealcoy.es\/es\/la-fiesta-de-cocentaina-ya-conoce-a-sus-cargos\/#primaryimage"},"thumbnailUrl":"https:\/\/www.copealcoy.es\/wp-content\/uploads\/2015\/06\/DSC_0198.jpg","keywords":["cargos","Cocentaina","conoce","Fiesta"],"articleSection":["Comarcas","Noticias"],"inLanguage":"es"},{"@type":"WebPage","@id":"https:\/\/www.copealcoy.es\/es\/la-fiesta-de-cocentaina-ya-conoce-a-sus-cargos\/","url":"https:\/\/www.copealcoy.es\/es\/la-fiesta-de-cocentaina-ya-conoce-a-sus-cargos\/","name":"La fiesta de Cocentaina ya conoce a sus cargos - COPE Alcoy","isPartOf":{"@id":"https:\/\/www.copealcoy.es\/es\/#website"},"primaryImageOfPage":{"@id":"https:\/\/www.copealcoy.es\/es\/la-fiesta-de-cocentaina-ya-conoce-a-sus-cargos\/#primaryimage"},"image":{"@id":"https:\/\/www.copealcoy.es\/es\/la-fiesta-de-cocentaina-ya-conoce-a-sus-cargos\/#primaryimage"},"thumbnailUrl":"https:\/\/www.copealcoy.es\/wp-content\/uploads\/2015\/06\/DSC_0198.jpg","datePublished":"2015-06-15T21:16:20+00:00","dateModified":"2015-06-16T06:22:05+00:00","author":{"@id":"https:\/\/www.copealcoy.es\/es\/#\/schema\/person\/e777c87fa024e57d40170af9df39882c"},"breadcrumb":{"@id":"https:\/\/www.copealcoy.es\/es\/la-fiesta-de-cocentaina-ya-conoce-a-sus-cargos\/#breadcrumb"},"inLanguage":"es","potentialAction":[{"@type":"ReadAction","target":["https:\/\/www.copealcoy.es\/es\/la-fiesta-de-cocentaina-ya-conoce-a-sus-cargos\/"]}]},{"@type":"ImageObject","inLanguage":"es","@id":"https:\/\/www.copealcoy.es\/es\/la-fiesta-de-cocentaina-ya-conoce-a-sus-cargos\/#primaryimage","url":"https:\/\/www.copealcoy.es\/wp-content\/uploads\/2015\/06\/DSC_0198.jpg","contentUrl":"https:\/\/www.copealcoy.es\/wp-content\/uploads\/2015\/06\/DSC_0198.jpg","width":709,"height":475,"caption":"La fil\u00e0 Cavallers de Lluria ostentar\u00e1 su primer cargo de abanderado"},{"@type":"BreadcrumbList","@id":"https:\/\/www.copealcoy.es\/es\/la-fiesta-de-cocentaina-ya-conoce-a-sus-cargos\/#breadcrumb","itemListElement":[{"@type":"ListItem","position":1,"name":"Portada","item":"https:\/\/www.copealcoy.es\/es\/"},{"@type":"ListItem","position":2,"name":"La fiesta de Cocentaina ya conoce a sus cargos"}]},{"@type":"WebSite","@id":"https:\/\/www.copealcoy.es\/es\/#website","url":"https:\/\/www.copealcoy.es\/es\/","name":"COPE Alcoy","description":"Emisora COPE de radio local con emisi\u00f3n online. Pont de Sant Jordi 8-10 03803 Alcoy","potentialAction":[{"@type":"SearchAction","target":{"@type":"EntryPoint","urlTemplate":"https:\/\/www.copealcoy.es\/es\/?s={search_term_string}"},"query-input":{"@type":"PropertyValueSpecification","valueRequired":true,"valueName":"search_term_string"}}],"inLanguage":"es"},{"@type":"Person","@id":"https:\/\/www.copealcoy.es\/es\/#\/schema\/person\/e777c87fa024e57d40170af9df39882c","name":"Cope Alcoy","image":{"@type":"ImageObject","inLanguage":"es","@id":"https:\/\/secure.gravatar.com\/avatar\/bb65d0283347e303893ba14f0692005417c1e0e690a325a4c5d8bb2b3943ee14?s=96&d=mm&r=g","url":"https:\/\/secure.gravatar.com\/avatar\/bb65d0283347e303893ba14f0692005417c1e0e690a325a4c5d8bb2b3943ee14?s=96&d=mm&r=g","contentUrl":"https:\/\/secure.gravatar.com\/avatar\/bb65d0283347e303893ba14f0692005417c1e0e690a325a4c5d8bb2b3943ee14?s=96&d=mm&r=g","caption":"Cope Alcoy"}}]}},"_links":{"self":[{"href":"https:\/\/www.copealcoy.es\/es\/wp-json\/wp\/v2\/posts\/13995","targetHints":{"allow":["GET"]}}],"collection":[{"href":"https:\/\/www.copealcoy.es\/es\/wp-json\/wp\/v2\/posts"}],"about":[{"href":"https:\/\/www.copealcoy.es\/es\/wp-json\/wp\/v2\/types\/post"}],"author":[{"embeddable":true,"href":"https:\/\/www.copealcoy.es\/es\/wp-json\/wp\/v2\/users\/1"}],"replies":[{"embeddable":true,"href":"https:\/\/www.copealcoy.es\/es\/wp-json\/wp\/v2\/comments?post=13995"}],"version-history":[{"count":0,"href":"https:\/\/www.copealcoy.es\/es\/wp-json\/wp\/v2\/posts\/13995\/revisions"}],"wp:featuredmedia":[{"embeddable":true,"href":"https:\/\/www.copealcoy.es\/es\/wp-json\/wp\/v2\/media\/13996"}],"wp:attachment":[{"href":"https:\/\/www.copealcoy.es\/es\/wp-json\/wp\/v2\/media?parent=13995"}],"wp:term":[{"taxonomy":"category","embeddable":true,"href":"https:\/\/www.copealcoy.es\/es\/wp-json\/wp\/v2\/categories?post=13995"},{"taxonomy":"post_tag","embeddable":true,"href":"https:\/\/www.copealcoy.es\/es\/wp-json\/wp\/v2\/tags?post=13995"}],"curies":[{"name":"wp","href":"https:\/\/api.w.org\/{rel}","templated":true}]}}