{"id":139919,"date":"2024-09-12T09:00:58","date_gmt":"2024-09-12T08:00:58","guid":{"rendered":"https:\/\/www.copealcoy.es\/?p=139919"},"modified":"2024-09-12T11:25:26","modified_gmt":"2024-09-12T10:25:26","slug":"principios-de-2025-la-fecha-en-la-que-podrian-arrancar-las-obras-del-ies-andreu-sempere-de-alcoy","status":"publish","type":"post","link":"https:\/\/www.copealcoy.es\/es\/principios-de-2025-la-fecha-en-la-que-podrian-arrancar-las-obras-del-ies-andreu-sempere-de-alcoy\/","title":{"rendered":"Principios de 2025, la fecha en la que podr\u00edan arrancar las obras del IES Andreu Sempere de Alcoy"},"content":{"rendered":"<p style=\"text-align: justify;\">Ayer cerr\u00f3 el plazo para que <strong>las empresas presentaran sus ofertas<\/strong> de cara a l<strong>levar a cabo la reforma integral del IES Andreu Sempere<\/strong>. Un total de <strong>cuatro firmas<\/strong> han mostrado inter\u00e9s en realizar esta importante obra, que se espera adjudicar en los pr\u00f3ximos meses. Si todo transcurre con normalidad, <strong>las obras podr\u00edan comenzar en aproximadamente cuatro meses<\/strong>, cumpliendo con los plazos administrativos establecidos.<\/p>\n<p style=\"text-align: justify;\">El coste del proyecto, seg\u00fan recuerdan desde el <a href=\"https:\/\/www.alcoi.org\/ca\/portal\/index.html\" target=\"_blank\" rel=\"noopener\"><span style=\"color: #0000ff;\"><strong>Ayuntamiento de Alcoy<\/strong><\/span><\/a>, <strong>ha aumentado significativamente<\/strong> pasando de 4 a 8,5 millones de euros. Este incremento se debe principalmente <strong>al incremento en los precios de los materiales y a la inclusi\u00f3n de nuevas actuaciones que no estaban contempladas en el primer proyecto<\/strong>, como la demolici\u00f3n y construcci\u00f3n de un nuevo gimnasio o mejoras en la urbanizaci\u00f3n del entorno.<\/p>\n<p style=\"text-align: justify;\">Cabe recordar que <strong>en 2022<\/strong> la licitaci\u00f3n para la reforma del IES Andreu Sempere qued\u00f3 desierta debido al aumento de precios en materiales y transporte, lo que llev\u00f3 a que los proyectos redactados quedaran obsoletos r\u00e1pidamente. Desde entonces, el Ayuntamiento ha estado en contacto con la Conselleria de Educaci\u00f3n para definir los pasos necesarios para continuar con el proyecto.<\/p>\n<p style=\"text-align: justify;\">Los t\u00e9cnicos de la Conselleria <strong>recomendaron renunciar al antiguo programa &#8216;Edificant&#8217;<\/strong> y <strong>elaborar un nuevo proyecto<\/strong> que no solo actualizara los precios, sino que tambi\u00e9n incorporara las demandas adicionales del centro educativo. Entre estas <strong>demandas<\/strong> se encuentra la construcci\u00f3n de un gimnasio nuevo de 300 metros cuadrados con un dise\u00f1o moderno y mejoras en las instalaciones deportivas existentes &#8220;<em>estamos viendo por fin la luz al final del t\u00fanel. Ha sido un proceso complicado, pero pronto ser\u00e1 una realidad. Agradezco la comprensi\u00f3n de las familias, alumnado y profesorado ante este retraso<\/em>&#8220;, manifestaba al respecto el alcalde de la ciudad; <strong>Toni Franc\u00e9s<\/strong>.<\/p>\n<p style=\"text-align: justify;\">El pasado mes de junio<strong> se aprob\u00f3 el nuevo proyecto<\/strong> en un Pleno Extraordinario, y durante julio, personal t\u00e9cnico del Ayuntamiento trabaj\u00f3 intensamente para licitar la actuaci\u00f3n lo antes posible. La licitaci\u00f3n f<strong>ue ratificada en un pleno celebrado el 2 de agosto<\/strong>, y ahora solo queda formalizar el contrato para iniciar las obras.<\/p>\n","protected":false},"excerpt":{"rendered":"<p>Ayer cerr\u00f3 el plazo para que las empresas presentaran sus ofertas de cara a llevar a cabo la reforma integral&#8230;<\/p>\n","protected":false},"author":1,"featured_media":124785,"comment_status":"open","ping_status":"open","sticky":false,"template":"","format":"standard","meta":{"footnotes":""},"categories":[6909,97,900,75],"tags":[1494,1032,1215,145],"class_list":["post-139919","post","type-post","status-publish","format-standard","has-post-thumbnail","hentry","category-actualidad","category-alcoy","category-educacion","category-noticias","tag-alcoy","tag-andreu-sempere","tag-inicio","tag-obras"],"yoast_head":"<!-- This site is optimized with the Yoast SEO plugin v27.3 - https:\/\/yoast.com\/product\/yoast-seo-wordpress\/ -->\n<title>Principios de 2025, la fecha en la que podr\u00edan arrancar las obras del IES Andreu Sempere de Alcoy - COPE Alcoy<\/title>\n<meta name=\"description\" content=\"Un total de cuatro empresas optan a realizar la esperada reforma del IES Andreu Sempere de Alcoy\" \/>\n<meta name=\"robots\" content=\"index, follow, max-snippet:-1, max-image-preview:large, max-video-preview:-1\" \/>\n<link rel=\"canonical\" href=\"https:\/\/www.copealcoy.es\/es\/principios-de-2025-la-fecha-en-la-que-podrian-arrancar-las-obras-del-ies-andreu-sempere-de-alcoy\/\" \/>\n<meta property=\"og:locale\" content=\"es_ES\" \/>\n<meta property=\"og:type\" content=\"article\" \/>\n<meta property=\"og:title\" content=\"Principios de 2025, la fecha en la que podr\u00edan arrancar las obras del IES Andreu Sempere de Alcoy - COPE Alcoy\" \/>\n<meta property=\"og:description\" content=\"Un total de cuatro empresas optan a realizar la esperada reforma del IES Andreu Sempere de Alcoy\" \/>\n<meta property=\"og:url\" content=\"https:\/\/www.copealcoy.es\/es\/principios-de-2025-la-fecha-en-la-que-podrian-arrancar-las-obras-del-ies-andreu-sempere-de-alcoy\/\" \/>\n<meta property=\"og:site_name\" content=\"COPE Alcoy\" \/>\n<meta property=\"article:published_time\" content=\"2024-09-12T08:00:58+00:00\" \/>\n<meta property=\"article:modified_time\" content=\"2024-09-12T10:25:26+00:00\" \/>\n<meta property=\"og:image\" content=\"https:\/\/www.copealcoy.es\/wp-content\/uploads\/2023\/11\/pancarta-andreu-sempere-20-anys.jpg\" \/>\n\t<meta property=\"og:image:width\" content=\"1280\" \/>\n\t<meta property=\"og:image:height\" content=\"960\" \/>\n\t<meta property=\"og:image:type\" content=\"image\/jpeg\" \/>\n<meta name=\"author\" content=\"Cope Alcoy\" \/>\n<meta name=\"twitter:label1\" content=\"Escrito por\" \/>\n\t<meta name=\"twitter:data1\" content=\"Cope Alcoy\" \/>\n\t<meta name=\"twitter:label2\" content=\"Tiempo de lectura\" \/>\n\t<meta name=\"twitter:data2\" content=\"3 minutos\" \/>\n<script type=\"application\/ld+json\" class=\"yoast-schema-graph\">{\"@context\":\"https:\\\/\\\/schema.org\",\"@graph\":[{\"@type\":\"Article\",\"@id\":\"https:\\\/\\\/www.copealcoy.es\\\/es\\\/principios-de-2025-la-fecha-en-la-que-podrian-arrancar-las-obras-del-ies-andreu-sempere-de-alcoy\\\/#article\",\"isPartOf\":{\"@id\":\"https:\\\/\\\/www.copealcoy.es\\\/es\\\/principios-de-2025-la-fecha-en-la-que-podrian-arrancar-las-obras-del-ies-andreu-sempere-de-alcoy\\\/\"},\"author\":{\"name\":\"Cope Alcoy\",\"@id\":\"https:\\\/\\\/www.copealcoy.es\\\/es\\\/#\\\/schema\\\/person\\\/e777c87fa024e57d40170af9df39882c\"},\"headline\":\"Principios de 2025, la fecha en la que podr\u00edan arrancar las obras del IES Andreu Sempere de Alcoy\",\"datePublished\":\"2024-09-12T08:00:58+00:00\",\"dateModified\":\"2024-09-12T10:25:26+00:00\",\"mainEntityOfPage\":{\"@id\":\"https:\\\/\\\/www.copealcoy.es\\\/es\\\/principios-de-2025-la-fecha-en-la-que-podrian-arrancar-las-obras-del-ies-andreu-sempere-de-alcoy\\\/\"},\"wordCount\":376,\"commentCount\":0,\"image\":{\"@id\":\"https:\\\/\\\/www.copealcoy.es\\\/es\\\/principios-de-2025-la-fecha-en-la-que-podrian-arrancar-las-obras-del-ies-andreu-sempere-de-alcoy\\\/#primaryimage\"},\"thumbnailUrl\":\"https:\\\/\\\/www.copealcoy.es\\\/wp-content\\\/uploads\\\/2023\\\/11\\\/pancarta-andreu-sempere-20-anys.jpg\",\"keywords\":[\"Alcoy\",\"Andreu Sempere\",\"inicio\",\"Obras\"],\"articleSection\":[\"Actualidad\",\"Alcoy\",\"Educaci\u00f3n\",\"Noticias\"],\"inLanguage\":\"es\"},{\"@type\":\"WebPage\",\"@id\":\"https:\\\/\\\/www.copealcoy.es\\\/es\\\/principios-de-2025-la-fecha-en-la-que-podrian-arrancar-las-obras-del-ies-andreu-sempere-de-alcoy\\\/\",\"url\":\"https:\\\/\\\/www.copealcoy.es\\\/es\\\/principios-de-2025-la-fecha-en-la-que-podrian-arrancar-las-obras-del-ies-andreu-sempere-de-alcoy\\\/\",\"name\":\"Principios de 2025, la fecha en la que podr\u00edan arrancar las obras del IES Andreu Sempere de Alcoy - COPE Alcoy\",\"isPartOf\":{\"@id\":\"https:\\\/\\\/www.copealcoy.es\\\/es\\\/#website\"},\"primaryImageOfPage\":{\"@id\":\"https:\\\/\\\/www.copealcoy.es\\\/es\\\/principios-de-2025-la-fecha-en-la-que-podrian-arrancar-las-obras-del-ies-andreu-sempere-de-alcoy\\\/#primaryimage\"},\"image\":{\"@id\":\"https:\\\/\\\/www.copealcoy.es\\\/es\\\/principios-de-2025-la-fecha-en-la-que-podrian-arrancar-las-obras-del-ies-andreu-sempere-de-alcoy\\\/#primaryimage\"},\"thumbnailUrl\":\"https:\\\/\\\/www.copealcoy.es\\\/wp-content\\\/uploads\\\/2023\\\/11\\\/pancarta-andreu-sempere-20-anys.jpg\",\"datePublished\":\"2024-09-12T08:00:58+00:00\",\"dateModified\":\"2024-09-12T10:25:26+00:00\",\"author\":{\"@id\":\"https:\\\/\\\/www.copealcoy.es\\\/es\\\/#\\\/schema\\\/person\\\/e777c87fa024e57d40170af9df39882c\"},\"description\":\"Un total de cuatro empresas optan a realizar la esperada reforma del IES Andreu Sempere de Alcoy\",\"breadcrumb\":{\"@id\":\"https:\\\/\\\/www.copealcoy.es\\\/es\\\/principios-de-2025-la-fecha-en-la-que-podrian-arrancar-las-obras-del-ies-andreu-sempere-de-alcoy\\\/#breadcrumb\"},\"inLanguage\":\"es\",\"potentialAction\":[{\"@type\":\"ReadAction\",\"target\":[\"https:\\\/\\\/www.copealcoy.es\\\/es\\\/principios-de-2025-la-fecha-en-la-que-podrian-arrancar-las-obras-del-ies-andreu-sempere-de-alcoy\\\/\"]}]},{\"@type\":\"ImageObject\",\"inLanguage\":\"es\",\"@id\":\"https:\\\/\\\/www.copealcoy.es\\\/es\\\/principios-de-2025-la-fecha-en-la-que-podrian-arrancar-las-obras-del-ies-andreu-sempere-de-alcoy\\\/#primaryimage\",\"url\":\"https:\\\/\\\/www.copealcoy.es\\\/wp-content\\\/uploads\\\/2023\\\/11\\\/pancarta-andreu-sempere-20-anys.jpg\",\"contentUrl\":\"https:\\\/\\\/www.copealcoy.es\\\/wp-content\\\/uploads\\\/2023\\\/11\\\/pancarta-andreu-sempere-20-anys.jpg\",\"width\":1280,\"height\":960},{\"@type\":\"BreadcrumbList\",\"@id\":\"https:\\\/\\\/www.copealcoy.es\\\/es\\\/principios-de-2025-la-fecha-en-la-que-podrian-arrancar-las-obras-del-ies-andreu-sempere-de-alcoy\\\/#breadcrumb\",\"itemListElement\":[{\"@type\":\"ListItem\",\"position\":1,\"name\":\"Portada\",\"item\":\"https:\\\/\\\/www.copealcoy.es\\\/es\\\/\"},{\"@type\":\"ListItem\",\"position\":2,\"name\":\"Principios de 2025, la fecha en la que podr\u00edan arrancar las obras del IES Andreu Sempere de Alcoy\"}]},{\"@type\":\"WebSite\",\"@id\":\"https:\\\/\\\/www.copealcoy.es\\\/es\\\/#website\",\"url\":\"https:\\\/\\\/www.copealcoy.es\\\/es\\\/\",\"name\":\"COPE Alcoy\",\"description\":\"Emisora COPE de radio local con emisi\u00f3n online. Pont de Sant Jordi 8-10 03803 Alcoy\",\"potentialAction\":[{\"@type\":\"SearchAction\",\"target\":{\"@type\":\"EntryPoint\",\"urlTemplate\":\"https:\\\/\\\/www.copealcoy.es\\\/es\\\/?s={search_term_string}\"},\"query-input\":{\"@type\":\"PropertyValueSpecification\",\"valueRequired\":true,\"valueName\":\"search_term_string\"}}],\"inLanguage\":\"es\"},{\"@type\":\"Person\",\"@id\":\"https:\\\/\\\/www.copealcoy.es\\\/es\\\/#\\\/schema\\\/person\\\/e777c87fa024e57d40170af9df39882c\",\"name\":\"Cope Alcoy\",\"image\":{\"@type\":\"ImageObject\",\"inLanguage\":\"es\",\"@id\":\"https:\\\/\\\/secure.gravatar.com\\\/avatar\\\/bb65d0283347e303893ba14f0692005417c1e0e690a325a4c5d8bb2b3943ee14?s=96&d=mm&r=g\",\"url\":\"https:\\\/\\\/secure.gravatar.com\\\/avatar\\\/bb65d0283347e303893ba14f0692005417c1e0e690a325a4c5d8bb2b3943ee14?s=96&d=mm&r=g\",\"contentUrl\":\"https:\\\/\\\/secure.gravatar.com\\\/avatar\\\/bb65d0283347e303893ba14f0692005417c1e0e690a325a4c5d8bb2b3943ee14?s=96&d=mm&r=g\",\"caption\":\"Cope Alcoy\"}}]}<\/script>\n<!-- \/ Yoast SEO plugin. -->","yoast_head_json":{"title":"Principios de 2025, la fecha en la que podr\u00edan arrancar las obras del IES Andreu Sempere de Alcoy - COPE Alcoy","description":"Un total de cuatro empresas optan a realizar la esperada reforma del IES Andreu Sempere de Alcoy","robots":{"index":"index","follow":"follow","max-snippet":"max-snippet:-1","max-image-preview":"max-image-preview:large","max-video-preview":"max-video-preview:-1"},"canonical":"https:\/\/www.copealcoy.es\/es\/principios-de-2025-la-fecha-en-la-que-podrian-arrancar-las-obras-del-ies-andreu-sempere-de-alcoy\/","og_locale":"es_ES","og_type":"article","og_title":"Principios de 2025, la fecha en la que podr\u00edan arrancar las obras del IES Andreu Sempere de Alcoy - COPE Alcoy","og_description":"Un total de cuatro empresas optan a realizar la esperada reforma del IES Andreu Sempere de Alcoy","og_url":"https:\/\/www.copealcoy.es\/es\/principios-de-2025-la-fecha-en-la-que-podrian-arrancar-las-obras-del-ies-andreu-sempere-de-alcoy\/","og_site_name":"COPE Alcoy","article_published_time":"2024-09-12T08:00:58+00:00","article_modified_time":"2024-09-12T10:25:26+00:00","og_image":[{"width":1280,"height":960,"url":"https:\/\/www.copealcoy.es\/wp-content\/uploads\/2023\/11\/pancarta-andreu-sempere-20-anys.jpg","type":"image\/jpeg"}],"author":"Cope Alcoy","twitter_misc":{"Escrito por":"Cope Alcoy","Tiempo de lectura":"3 minutos"},"schema":{"@context":"https:\/\/schema.org","@graph":[{"@type":"Article","@id":"https:\/\/www.copealcoy.es\/es\/principios-de-2025-la-fecha-en-la-que-podrian-arrancar-las-obras-del-ies-andreu-sempere-de-alcoy\/#article","isPartOf":{"@id":"https:\/\/www.copealcoy.es\/es\/principios-de-2025-la-fecha-en-la-que-podrian-arrancar-las-obras-del-ies-andreu-sempere-de-alcoy\/"},"author":{"name":"Cope Alcoy","@id":"https:\/\/www.copealcoy.es\/es\/#\/schema\/person\/e777c87fa024e57d40170af9df39882c"},"headline":"Principios de 2025, la fecha en la que podr\u00edan arrancar las obras del IES Andreu Sempere de Alcoy","datePublished":"2024-09-12T08:00:58+00:00","dateModified":"2024-09-12T10:25:26+00:00","mainEntityOfPage":{"@id":"https:\/\/www.copealcoy.es\/es\/principios-de-2025-la-fecha-en-la-que-podrian-arrancar-las-obras-del-ies-andreu-sempere-de-alcoy\/"},"wordCount":376,"commentCount":0,"image":{"@id":"https:\/\/www.copealcoy.es\/es\/principios-de-2025-la-fecha-en-la-que-podrian-arrancar-las-obras-del-ies-andreu-sempere-de-alcoy\/#primaryimage"},"thumbnailUrl":"https:\/\/www.copealcoy.es\/wp-content\/uploads\/2023\/11\/pancarta-andreu-sempere-20-anys.jpg","keywords":["Alcoy","Andreu Sempere","inicio","Obras"],"articleSection":["Actualidad","Alcoy","Educaci\u00f3n","Noticias"],"inLanguage":"es"},{"@type":"WebPage","@id":"https:\/\/www.copealcoy.es\/es\/principios-de-2025-la-fecha-en-la-que-podrian-arrancar-las-obras-del-ies-andreu-sempere-de-alcoy\/","url":"https:\/\/www.copealcoy.es\/es\/principios-de-2025-la-fecha-en-la-que-podrian-arrancar-las-obras-del-ies-andreu-sempere-de-alcoy\/","name":"Principios de 2025, la fecha en la que podr\u00edan arrancar las obras del IES Andreu Sempere de Alcoy - COPE Alcoy","isPartOf":{"@id":"https:\/\/www.copealcoy.es\/es\/#website"},"primaryImageOfPage":{"@id":"https:\/\/www.copealcoy.es\/es\/principios-de-2025-la-fecha-en-la-que-podrian-arrancar-las-obras-del-ies-andreu-sempere-de-alcoy\/#primaryimage"},"image":{"@id":"https:\/\/www.copealcoy.es\/es\/principios-de-2025-la-fecha-en-la-que-podrian-arrancar-las-obras-del-ies-andreu-sempere-de-alcoy\/#primaryimage"},"thumbnailUrl":"https:\/\/www.copealcoy.es\/wp-content\/uploads\/2023\/11\/pancarta-andreu-sempere-20-anys.jpg","datePublished":"2024-09-12T08:00:58+00:00","dateModified":"2024-09-12T10:25:26+00:00","author":{"@id":"https:\/\/www.copealcoy.es\/es\/#\/schema\/person\/e777c87fa024e57d40170af9df39882c"},"description":"Un total de cuatro empresas optan a realizar la esperada reforma del IES Andreu Sempere de Alcoy","breadcrumb":{"@id":"https:\/\/www.copealcoy.es\/es\/principios-de-2025-la-fecha-en-la-que-podrian-arrancar-las-obras-del-ies-andreu-sempere-de-alcoy\/#breadcrumb"},"inLanguage":"es","potentialAction":[{"@type":"ReadAction","target":["https:\/\/www.copealcoy.es\/es\/principios-de-2025-la-fecha-en-la-que-podrian-arrancar-las-obras-del-ies-andreu-sempere-de-alcoy\/"]}]},{"@type":"ImageObject","inLanguage":"es","@id":"https:\/\/www.copealcoy.es\/es\/principios-de-2025-la-fecha-en-la-que-podrian-arrancar-las-obras-del-ies-andreu-sempere-de-alcoy\/#primaryimage","url":"https:\/\/www.copealcoy.es\/wp-content\/uploads\/2023\/11\/pancarta-andreu-sempere-20-anys.jpg","contentUrl":"https:\/\/www.copealcoy.es\/wp-content\/uploads\/2023\/11\/pancarta-andreu-sempere-20-anys.jpg","width":1280,"height":960},{"@type":"BreadcrumbList","@id":"https:\/\/www.copealcoy.es\/es\/principios-de-2025-la-fecha-en-la-que-podrian-arrancar-las-obras-del-ies-andreu-sempere-de-alcoy\/#breadcrumb","itemListElement":[{"@type":"ListItem","position":1,"name":"Portada","item":"https:\/\/www.copealcoy.es\/es\/"},{"@type":"ListItem","position":2,"name":"Principios de 2025, la fecha en la que podr\u00edan arrancar las obras del IES Andreu Sempere de Alcoy"}]},{"@type":"WebSite","@id":"https:\/\/www.copealcoy.es\/es\/#website","url":"https:\/\/www.copealcoy.es\/es\/","name":"COPE Alcoy","description":"Emisora COPE de radio local con emisi\u00f3n online. Pont de Sant Jordi 8-10 03803 Alcoy","potentialAction":[{"@type":"SearchAction","target":{"@type":"EntryPoint","urlTemplate":"https:\/\/www.copealcoy.es\/es\/?s={search_term_string}"},"query-input":{"@type":"PropertyValueSpecification","valueRequired":true,"valueName":"search_term_string"}}],"inLanguage":"es"},{"@type":"Person","@id":"https:\/\/www.copealcoy.es\/es\/#\/schema\/person\/e777c87fa024e57d40170af9df39882c","name":"Cope Alcoy","image":{"@type":"ImageObject","inLanguage":"es","@id":"https:\/\/secure.gravatar.com\/avatar\/bb65d0283347e303893ba14f0692005417c1e0e690a325a4c5d8bb2b3943ee14?s=96&d=mm&r=g","url":"https:\/\/secure.gravatar.com\/avatar\/bb65d0283347e303893ba14f0692005417c1e0e690a325a4c5d8bb2b3943ee14?s=96&d=mm&r=g","contentUrl":"https:\/\/secure.gravatar.com\/avatar\/bb65d0283347e303893ba14f0692005417c1e0e690a325a4c5d8bb2b3943ee14?s=96&d=mm&r=g","caption":"Cope Alcoy"}}]}},"_links":{"self":[{"href":"https:\/\/www.copealcoy.es\/es\/wp-json\/wp\/v2\/posts\/139919","targetHints":{"allow":["GET"]}}],"collection":[{"href":"https:\/\/www.copealcoy.es\/es\/wp-json\/wp\/v2\/posts"}],"about":[{"href":"https:\/\/www.copealcoy.es\/es\/wp-json\/wp\/v2\/types\/post"}],"author":[{"embeddable":true,"href":"https:\/\/www.copealcoy.es\/es\/wp-json\/wp\/v2\/users\/1"}],"replies":[{"embeddable":true,"href":"https:\/\/www.copealcoy.es\/es\/wp-json\/wp\/v2\/comments?post=139919"}],"version-history":[{"count":0,"href":"https:\/\/www.copealcoy.es\/es\/wp-json\/wp\/v2\/posts\/139919\/revisions"}],"wp:featuredmedia":[{"embeddable":true,"href":"https:\/\/www.copealcoy.es\/es\/wp-json\/wp\/v2\/media\/124785"}],"wp:attachment":[{"href":"https:\/\/www.copealcoy.es\/es\/wp-json\/wp\/v2\/media?parent=139919"}],"wp:term":[{"taxonomy":"category","embeddable":true,"href":"https:\/\/www.copealcoy.es\/es\/wp-json\/wp\/v2\/categories?post=139919"},{"taxonomy":"post_tag","embeddable":true,"href":"https:\/\/www.copealcoy.es\/es\/wp-json\/wp\/v2\/tags?post=139919"}],"curies":[{"name":"wp","href":"https:\/\/api.w.org\/{rel}","templated":true}]}}