{"id":13990,"date":"2015-06-15T16:11:07","date_gmt":"2015-06-15T16:11:07","guid":{"rendered":"http:\/\/copealcoi.es\/new\/?p=13990"},"modified":"2015-06-25T18:02:33","modified_gmt":"2015-06-25T18:02:33","slug":"un-gobierno-paritario-para-la-legislatura-que-comienza","status":"publish","type":"post","link":"https:\/\/www.copealcoy.es\/es\/un-gobierno-paritario-para-la-legislatura-que-comienza\/","title":{"rendered":"Un gobierno paritario para la legislatura que comienza"},"content":{"rendered":"<p style=\"text-align: justify;\">El alcalde de Alcoy, Antonio Franc\u00e9s, ha presentado las delegaciones que ocupar\u00e1n los concejales del Partido Socialista que formar\u00e1n el Gobierno Municipal en la legislatura que empez\u00f3 el s\u00e1bado. El Ejecutivo destaca por la paridad, igual n\u00famero de hombres y de mujeres, as\u00ed como por incorporar caras nuevas que se suman a ediles que ya han desempe\u00f1ado tareas durante los cuatro \u00faltimos a\u00f1os que dejamos atr\u00e1s. Adem\u00e1s Franc\u00e9s ha informado que la Junta de Gobierno Local tambi\u00e9n ser\u00e1 paritaria.<\/p>\n<p style=\"text-align: justify;\">En este sentido hay que destacar\u00a0que Aroa Mira ser\u00e1 la primer teniente de alcalde y llevar\u00e1 las \u00e1reas de Salud P\u00fablica, Pol\u00edticas Sociales e Igualdad. Manolo Gomicia ser\u00e1 el segundo teniente de alcalde y llevar\u00e1 Empresa, Formaci\u00f3n, Innovaci\u00f3n, Territorio, que engloba Urbanismo, y Ciudad inteligente. Lorena Zamorano pasa a ser tercer teniente de alcalde y tendr\u00e1 Compras y Contrataci\u00f3n, R\u00e9gimen Jur\u00eddico e Interior, Patrimonio Municipal e Hist\u00f3rico as\u00ed como Turismo. Por su parte Vanesa Molt\u00f3 se integra en el equipo como cuarta teniente de alcalde y portavoz del Ayuntamiento al mismo tiempo que ser\u00e1 edil de Comercio y Hacienda. El quinto teniente de alcalde es Alberto Belda que regentar\u00e1 Educaci\u00f3n, Deporte, Personal y Modernizaci\u00f3n \u00a0de la Administraci\u00f3n.\u00a0Jordi Mart\u00ednez llevar\u00e1 las concejal\u00edas de Medio Ambiente, Espacios Naturales, Movilidad, Obras y Servicios P\u00fablicos y ser\u00e1 portavoz del Gobierno Local. Maria Baca regentar\u00e1 Vivienda, Democracia Participativa, Transparencia, Consumo y Juventud mientras que ser\u00e1 de responsabilidad de Ra\u00fal Llopis \u00a0las delegaciones de Cultura, Pol\u00edtica Ling\u00fc\u00edstica, Fiestas y Seguridad.<\/p>\n<p style=\"text-align: justify;\">El primer edil ha dejado claro que en esta legislatura no asumir\u00e1 ninguna concejal\u00eda y ha definido a su equipo como trabajador e ilusionante &#8220;centraremos\u00a0nuestro esfuerzo y nuestra dedicaci\u00f3n en\u00a0hacer de Alcoy una ciudad m\u00e1s atractiva, m\u00e1s din\u00e1mica, una ciudad para vivir y trabajar. Adem\u00e1s trabajemos para no seguir perdiendo poblaci\u00f3n&#8221;, ha apuntado.<\/p>\n<p style=\"text-align: justify;\">Se\u00f1alar que durante esta semana se definir\u00e1n los diferentes Grupos Pol\u00edticos con sus portavoces y se plantear\u00e1n las dedicaciones exclusivas que recibir\u00e1 cada uno de ellos. La intenci\u00f3n, ha se\u00f1alado el alcalde, es que el pr\u00f3ximo lunes ya se celebre el primer pleno de esta legislatura.<\/p>\n<p style=\"text-align: justify;\">\n","protected":false},"excerpt":{"rendered":"<p>El alcalde de Alcoy, Antonio Franc\u00e9s, ha presentado las delegaciones que ocupar\u00e1n los concejales del Partido Socialista que formar\u00e1n el&#8230;<\/p>\n","protected":false},"author":1,"featured_media":13993,"comment_status":"open","ping_status":"open","sticky":false,"template":"","format":"standard","meta":{"footnotes":""},"categories":[97,744,75,79,125],"tags":[1494,671,217,560,1152],"class_list":["post-13990","post","type-post","status-publish","format-standard","has-post-thumbnail","hentry","category-alcoy","category-elecciones","category-noticias","category-politicayeconomia","category-portada","tag-alcoy","tag-frances","tag-gobierno","tag-legislatura","tag-paritario"],"yoast_head":"<!-- This site is optimized with the Yoast SEO plugin v27.3 - https:\/\/yoast.com\/product\/yoast-seo-wordpress\/ -->\n<title>Un gobierno paritario para la legislatura que comienza - COPE Alcoy<\/title>\n<meta name=\"robots\" content=\"index, follow, max-snippet:-1, max-image-preview:large, max-video-preview:-1\" \/>\n<link rel=\"canonical\" href=\"https:\/\/www.copealcoy.es\/es\/un-gobierno-paritario-para-la-legislatura-que-comienza\/\" \/>\n<meta property=\"og:locale\" content=\"es_ES\" \/>\n<meta property=\"og:type\" content=\"article\" \/>\n<meta property=\"og:title\" content=\"Un gobierno paritario para la legislatura que comienza - COPE Alcoy\" \/>\n<meta property=\"og:description\" content=\"El alcalde de Alcoy, Antonio Franc\u00e9s, ha presentado las delegaciones que ocupar\u00e1n los concejales del Partido Socialista que formar\u00e1n el...\" \/>\n<meta property=\"og:url\" content=\"https:\/\/www.copealcoy.es\/es\/un-gobierno-paritario-para-la-legislatura-que-comienza\/\" \/>\n<meta property=\"og:site_name\" content=\"COPE Alcoy\" \/>\n<meta property=\"article:published_time\" content=\"2015-06-15T16:11:07+00:00\" \/>\n<meta property=\"article:modified_time\" content=\"2015-06-25T18:02:33+00:00\" \/>\n<meta property=\"og:image\" content=\"https:\/\/www.copealcoy.es\/wp-content\/uploads\/2015\/06\/img_8756-1-1024x683.jpg\" \/>\n\t<meta property=\"og:image:width\" content=\"1024\" \/>\n\t<meta property=\"og:image:height\" content=\"683\" \/>\n\t<meta property=\"og:image:type\" content=\"image\/jpeg\" \/>\n<meta name=\"author\" content=\"Cope Alcoy\" \/>\n<meta name=\"twitter:label1\" content=\"Escrito por\" \/>\n\t<meta name=\"twitter:data1\" content=\"Cope Alcoy\" \/>\n\t<meta name=\"twitter:label2\" content=\"Tiempo de lectura\" \/>\n\t<meta name=\"twitter:data2\" content=\"2 minutos\" \/>\n<script type=\"application\/ld+json\" class=\"yoast-schema-graph\">{\"@context\":\"https:\\\/\\\/schema.org\",\"@graph\":[{\"@type\":\"Article\",\"@id\":\"https:\\\/\\\/www.copealcoy.es\\\/es\\\/un-gobierno-paritario-para-la-legislatura-que-comienza\\\/#article\",\"isPartOf\":{\"@id\":\"https:\\\/\\\/www.copealcoy.es\\\/es\\\/un-gobierno-paritario-para-la-legislatura-que-comienza\\\/\"},\"author\":{\"name\":\"Cope Alcoy\",\"@id\":\"https:\\\/\\\/www.copealcoy.es\\\/es\\\/#\\\/schema\\\/person\\\/e777c87fa024e57d40170af9df39882c\"},\"headline\":\"Un gobierno paritario para la legislatura que comienza\",\"datePublished\":\"2015-06-15T16:11:07+00:00\",\"dateModified\":\"2015-06-25T18:02:33+00:00\",\"mainEntityOfPage\":{\"@id\":\"https:\\\/\\\/www.copealcoy.es\\\/es\\\/un-gobierno-paritario-para-la-legislatura-que-comienza\\\/\"},\"wordCount\":396,\"commentCount\":0,\"image\":{\"@id\":\"https:\\\/\\\/www.copealcoy.es\\\/es\\\/un-gobierno-paritario-para-la-legislatura-que-comienza\\\/#primaryimage\"},\"thumbnailUrl\":\"https:\\\/\\\/www.copealcoy.es\\\/wp-content\\\/uploads\\\/2015\\\/06\\\/img_8756-1.jpg\",\"keywords\":[\"Alcoy\",\"Franc\u00e9s\",\"Gobierno\",\"Legislatura\",\"paritario\"],\"articleSection\":[\"Alcoy\",\"Elecciones\",\"Noticias\",\"Pol\u00edtica y Econom\u00eda\",\"Portada\"],\"inLanguage\":\"es\"},{\"@type\":\"WebPage\",\"@id\":\"https:\\\/\\\/www.copealcoy.es\\\/es\\\/un-gobierno-paritario-para-la-legislatura-que-comienza\\\/\",\"url\":\"https:\\\/\\\/www.copealcoy.es\\\/es\\\/un-gobierno-paritario-para-la-legislatura-que-comienza\\\/\",\"name\":\"Un gobierno paritario para la legislatura que comienza - COPE Alcoy\",\"isPartOf\":{\"@id\":\"https:\\\/\\\/www.copealcoy.es\\\/es\\\/#website\"},\"primaryImageOfPage\":{\"@id\":\"https:\\\/\\\/www.copealcoy.es\\\/es\\\/un-gobierno-paritario-para-la-legislatura-que-comienza\\\/#primaryimage\"},\"image\":{\"@id\":\"https:\\\/\\\/www.copealcoy.es\\\/es\\\/un-gobierno-paritario-para-la-legislatura-que-comienza\\\/#primaryimage\"},\"thumbnailUrl\":\"https:\\\/\\\/www.copealcoy.es\\\/wp-content\\\/uploads\\\/2015\\\/06\\\/img_8756-1.jpg\",\"datePublished\":\"2015-06-15T16:11:07+00:00\",\"dateModified\":\"2015-06-25T18:02:33+00:00\",\"author\":{\"@id\":\"https:\\\/\\\/www.copealcoy.es\\\/es\\\/#\\\/schema\\\/person\\\/e777c87fa024e57d40170af9df39882c\"},\"breadcrumb\":{\"@id\":\"https:\\\/\\\/www.copealcoy.es\\\/es\\\/un-gobierno-paritario-para-la-legislatura-que-comienza\\\/#breadcrumb\"},\"inLanguage\":\"es\",\"potentialAction\":[{\"@type\":\"ReadAction\",\"target\":[\"https:\\\/\\\/www.copealcoy.es\\\/es\\\/un-gobierno-paritario-para-la-legislatura-que-comienza\\\/\"]}]},{\"@type\":\"ImageObject\",\"inLanguage\":\"es\",\"@id\":\"https:\\\/\\\/www.copealcoy.es\\\/es\\\/un-gobierno-paritario-para-la-legislatura-que-comienza\\\/#primaryimage\",\"url\":\"https:\\\/\\\/www.copealcoy.es\\\/wp-content\\\/uploads\\\/2015\\\/06\\\/img_8756-1.jpg\",\"contentUrl\":\"https:\\\/\\\/www.copealcoy.es\\\/wp-content\\\/uploads\\\/2015\\\/06\\\/img_8756-1.jpg\",\"width\":1620,\"height\":1080,\"caption\":\"Franc\u00e9s junto a los ediles que asumir\u00e1n delegaciones esta legislatura\"},{\"@type\":\"BreadcrumbList\",\"@id\":\"https:\\\/\\\/www.copealcoy.es\\\/es\\\/un-gobierno-paritario-para-la-legislatura-que-comienza\\\/#breadcrumb\",\"itemListElement\":[{\"@type\":\"ListItem\",\"position\":1,\"name\":\"Portada\",\"item\":\"https:\\\/\\\/www.copealcoy.es\\\/es\\\/\"},{\"@type\":\"ListItem\",\"position\":2,\"name\":\"Un gobierno paritario para la legislatura que comienza\"}]},{\"@type\":\"WebSite\",\"@id\":\"https:\\\/\\\/www.copealcoy.es\\\/es\\\/#website\",\"url\":\"https:\\\/\\\/www.copealcoy.es\\\/es\\\/\",\"name\":\"COPE Alcoy\",\"description\":\"Emisora COPE de radio local con emisi\u00f3n online. Pont de Sant Jordi 8-10 03803 Alcoy\",\"potentialAction\":[{\"@type\":\"SearchAction\",\"target\":{\"@type\":\"EntryPoint\",\"urlTemplate\":\"https:\\\/\\\/www.copealcoy.es\\\/es\\\/?s={search_term_string}\"},\"query-input\":{\"@type\":\"PropertyValueSpecification\",\"valueRequired\":true,\"valueName\":\"search_term_string\"}}],\"inLanguage\":\"es\"},{\"@type\":\"Person\",\"@id\":\"https:\\\/\\\/www.copealcoy.es\\\/es\\\/#\\\/schema\\\/person\\\/e777c87fa024e57d40170af9df39882c\",\"name\":\"Cope Alcoy\",\"image\":{\"@type\":\"ImageObject\",\"inLanguage\":\"es\",\"@id\":\"https:\\\/\\\/secure.gravatar.com\\\/avatar\\\/bb65d0283347e303893ba14f0692005417c1e0e690a325a4c5d8bb2b3943ee14?s=96&d=mm&r=g\",\"url\":\"https:\\\/\\\/secure.gravatar.com\\\/avatar\\\/bb65d0283347e303893ba14f0692005417c1e0e690a325a4c5d8bb2b3943ee14?s=96&d=mm&r=g\",\"contentUrl\":\"https:\\\/\\\/secure.gravatar.com\\\/avatar\\\/bb65d0283347e303893ba14f0692005417c1e0e690a325a4c5d8bb2b3943ee14?s=96&d=mm&r=g\",\"caption\":\"Cope Alcoy\"}}]}<\/script>\n<!-- \/ Yoast SEO plugin. -->","yoast_head_json":{"title":"Un gobierno paritario para la legislatura que comienza - COPE Alcoy","robots":{"index":"index","follow":"follow","max-snippet":"max-snippet:-1","max-image-preview":"max-image-preview:large","max-video-preview":"max-video-preview:-1"},"canonical":"https:\/\/www.copealcoy.es\/es\/un-gobierno-paritario-para-la-legislatura-que-comienza\/","og_locale":"es_ES","og_type":"article","og_title":"Un gobierno paritario para la legislatura que comienza - COPE Alcoy","og_description":"El alcalde de Alcoy, Antonio Franc\u00e9s, ha presentado las delegaciones que ocupar\u00e1n los concejales del Partido Socialista que formar\u00e1n el...","og_url":"https:\/\/www.copealcoy.es\/es\/un-gobierno-paritario-para-la-legislatura-que-comienza\/","og_site_name":"COPE Alcoy","article_published_time":"2015-06-15T16:11:07+00:00","article_modified_time":"2015-06-25T18:02:33+00:00","og_image":[{"width":1024,"height":683,"url":"https:\/\/www.copealcoy.es\/wp-content\/uploads\/2015\/06\/img_8756-1-1024x683.jpg","type":"image\/jpeg"}],"author":"Cope Alcoy","twitter_misc":{"Escrito por":"Cope Alcoy","Tiempo de lectura":"2 minutos"},"schema":{"@context":"https:\/\/schema.org","@graph":[{"@type":"Article","@id":"https:\/\/www.copealcoy.es\/es\/un-gobierno-paritario-para-la-legislatura-que-comienza\/#article","isPartOf":{"@id":"https:\/\/www.copealcoy.es\/es\/un-gobierno-paritario-para-la-legislatura-que-comienza\/"},"author":{"name":"Cope Alcoy","@id":"https:\/\/www.copealcoy.es\/es\/#\/schema\/person\/e777c87fa024e57d40170af9df39882c"},"headline":"Un gobierno paritario para la legislatura que comienza","datePublished":"2015-06-15T16:11:07+00:00","dateModified":"2015-06-25T18:02:33+00:00","mainEntityOfPage":{"@id":"https:\/\/www.copealcoy.es\/es\/un-gobierno-paritario-para-la-legislatura-que-comienza\/"},"wordCount":396,"commentCount":0,"image":{"@id":"https:\/\/www.copealcoy.es\/es\/un-gobierno-paritario-para-la-legislatura-que-comienza\/#primaryimage"},"thumbnailUrl":"https:\/\/www.copealcoy.es\/wp-content\/uploads\/2015\/06\/img_8756-1.jpg","keywords":["Alcoy","Franc\u00e9s","Gobierno","Legislatura","paritario"],"articleSection":["Alcoy","Elecciones","Noticias","Pol\u00edtica y Econom\u00eda","Portada"],"inLanguage":"es"},{"@type":"WebPage","@id":"https:\/\/www.copealcoy.es\/es\/un-gobierno-paritario-para-la-legislatura-que-comienza\/","url":"https:\/\/www.copealcoy.es\/es\/un-gobierno-paritario-para-la-legislatura-que-comienza\/","name":"Un gobierno paritario para la legislatura que comienza - COPE Alcoy","isPartOf":{"@id":"https:\/\/www.copealcoy.es\/es\/#website"},"primaryImageOfPage":{"@id":"https:\/\/www.copealcoy.es\/es\/un-gobierno-paritario-para-la-legislatura-que-comienza\/#primaryimage"},"image":{"@id":"https:\/\/www.copealcoy.es\/es\/un-gobierno-paritario-para-la-legislatura-que-comienza\/#primaryimage"},"thumbnailUrl":"https:\/\/www.copealcoy.es\/wp-content\/uploads\/2015\/06\/img_8756-1.jpg","datePublished":"2015-06-15T16:11:07+00:00","dateModified":"2015-06-25T18:02:33+00:00","author":{"@id":"https:\/\/www.copealcoy.es\/es\/#\/schema\/person\/e777c87fa024e57d40170af9df39882c"},"breadcrumb":{"@id":"https:\/\/www.copealcoy.es\/es\/un-gobierno-paritario-para-la-legislatura-que-comienza\/#breadcrumb"},"inLanguage":"es","potentialAction":[{"@type":"ReadAction","target":["https:\/\/www.copealcoy.es\/es\/un-gobierno-paritario-para-la-legislatura-que-comienza\/"]}]},{"@type":"ImageObject","inLanguage":"es","@id":"https:\/\/www.copealcoy.es\/es\/un-gobierno-paritario-para-la-legislatura-que-comienza\/#primaryimage","url":"https:\/\/www.copealcoy.es\/wp-content\/uploads\/2015\/06\/img_8756-1.jpg","contentUrl":"https:\/\/www.copealcoy.es\/wp-content\/uploads\/2015\/06\/img_8756-1.jpg","width":1620,"height":1080,"caption":"Franc\u00e9s junto a los ediles que asumir\u00e1n delegaciones esta legislatura"},{"@type":"BreadcrumbList","@id":"https:\/\/www.copealcoy.es\/es\/un-gobierno-paritario-para-la-legislatura-que-comienza\/#breadcrumb","itemListElement":[{"@type":"ListItem","position":1,"name":"Portada","item":"https:\/\/www.copealcoy.es\/es\/"},{"@type":"ListItem","position":2,"name":"Un gobierno paritario para la legislatura que comienza"}]},{"@type":"WebSite","@id":"https:\/\/www.copealcoy.es\/es\/#website","url":"https:\/\/www.copealcoy.es\/es\/","name":"COPE Alcoy","description":"Emisora COPE de radio local con emisi\u00f3n online. Pont de Sant Jordi 8-10 03803 Alcoy","potentialAction":[{"@type":"SearchAction","target":{"@type":"EntryPoint","urlTemplate":"https:\/\/www.copealcoy.es\/es\/?s={search_term_string}"},"query-input":{"@type":"PropertyValueSpecification","valueRequired":true,"valueName":"search_term_string"}}],"inLanguage":"es"},{"@type":"Person","@id":"https:\/\/www.copealcoy.es\/es\/#\/schema\/person\/e777c87fa024e57d40170af9df39882c","name":"Cope Alcoy","image":{"@type":"ImageObject","inLanguage":"es","@id":"https:\/\/secure.gravatar.com\/avatar\/bb65d0283347e303893ba14f0692005417c1e0e690a325a4c5d8bb2b3943ee14?s=96&d=mm&r=g","url":"https:\/\/secure.gravatar.com\/avatar\/bb65d0283347e303893ba14f0692005417c1e0e690a325a4c5d8bb2b3943ee14?s=96&d=mm&r=g","contentUrl":"https:\/\/secure.gravatar.com\/avatar\/bb65d0283347e303893ba14f0692005417c1e0e690a325a4c5d8bb2b3943ee14?s=96&d=mm&r=g","caption":"Cope Alcoy"}}]}},"_links":{"self":[{"href":"https:\/\/www.copealcoy.es\/es\/wp-json\/wp\/v2\/posts\/13990","targetHints":{"allow":["GET"]}}],"collection":[{"href":"https:\/\/www.copealcoy.es\/es\/wp-json\/wp\/v2\/posts"}],"about":[{"href":"https:\/\/www.copealcoy.es\/es\/wp-json\/wp\/v2\/types\/post"}],"author":[{"embeddable":true,"href":"https:\/\/www.copealcoy.es\/es\/wp-json\/wp\/v2\/users\/1"}],"replies":[{"embeddable":true,"href":"https:\/\/www.copealcoy.es\/es\/wp-json\/wp\/v2\/comments?post=13990"}],"version-history":[{"count":0,"href":"https:\/\/www.copealcoy.es\/es\/wp-json\/wp\/v2\/posts\/13990\/revisions"}],"wp:featuredmedia":[{"embeddable":true,"href":"https:\/\/www.copealcoy.es\/es\/wp-json\/wp\/v2\/media\/13993"}],"wp:attachment":[{"href":"https:\/\/www.copealcoy.es\/es\/wp-json\/wp\/v2\/media?parent=13990"}],"wp:term":[{"taxonomy":"category","embeddable":true,"href":"https:\/\/www.copealcoy.es\/es\/wp-json\/wp\/v2\/categories?post=13990"},{"taxonomy":"post_tag","embeddable":true,"href":"https:\/\/www.copealcoy.es\/es\/wp-json\/wp\/v2\/tags?post=13990"}],"curies":[{"name":"wp","href":"https:\/\/api.w.org\/{rel}","templated":true}]}}