{"id":139854,"date":"2024-09-11T08:05:12","date_gmt":"2024-09-11T07:05:12","guid":{"rendered":"https:\/\/www.copealcoy.es\/?p=139854"},"modified":"2024-09-11T12:22:10","modified_gmt":"2024-09-11T11:22:10","slug":"aplazan-el-traslado-de-las-cenizas-de-camilo-sesto-a-su-mausoleo-en-alcoy","status":"publish","type":"post","link":"https:\/\/www.copealcoy.es\/es\/aplazan-el-traslado-de-las-cenizas-de-camilo-sesto-a-su-mausoleo-en-alcoy\/","title":{"rendered":"Aplazan el traslado de las cenizas de Camilo Sesto a su mausoleo en Alcoy"},"content":{"rendered":"<p style=\"text-align: justify;\">Las <strong>cenizas del cantante Camilo Sesto<\/strong> <strong>no ser\u00e1n trasladadas al mausoleo construido en su memoria<\/strong> en el Cementerio municipal Sant Antoni Abat de Alcoi, una cita que<strong> se hab\u00eda previsto para el pr\u00f3ximo 16 de septiembre<\/strong> coincidiendo con el 78 aniversario del nacimiento del artista. La familia, seg\u00fan han informado desde el Consistorio alcoyano, <strong>ha decidido posponer este emotivo acto<\/strong> debido a que las obras del pante\u00f3n a\u00fan no han concluido.<\/p>\n<p style=\"text-align: justify;\">El traslado de las cenizas <strong>se llevar\u00e1 a cabo en una fecha posterior<\/strong>, en un evento privado y en la m\u00e1s estricta intimidad familiar. Camilo Sesto, considerado uno de los iconos m\u00e1s representativos de la historia musical espa\u00f1ola e hijo predilecto de Alcoy, <strong>falleci\u00f3 en septiembre de 2019<\/strong>. Su heredero, <strong>Camilo Miguel Blanes Ornelas<\/strong>, es quien ha asumido la financiaci\u00f3n del dise\u00f1o y construcci\u00f3n del nuevo pante\u00f3n-mausoleo, un proyecto que cuenta con <strong>la firma del arquitecto Miguel Botella Ruiz<\/strong> y que ha contado con <strong>el respaldo<\/strong> del Ayuntamiento de la ciudad.<\/p>\n<p style=\"text-align: justify;\">Cabe recordar que el mismo <span style=\"color: #0000ff;\"><a style=\"color: #0000ff;\" href=\"https:\/\/www.facebook.com\/ajuntamentalcoi\" target=\"_blank\" rel=\"noopener\"><strong>Ayuntamiento de Alcoy<\/strong><\/a>\u00a0<\/span><strong>cedi\u00f3 tambi\u00e9n la parcela necesaria para la construcci\u00f3n del mausoleo <\/strong>mientras que la familia tuvo que presentar el proyecto para su aprobaci\u00f3n ante el \u00f3rgano municipal competente, cumpliendo con los informes t\u00e9cnicos requeridos debido a la singularidad del cementerio alcoyano.\u00a0Adem\u00e1s, se acord\u00f3 que tanto la maqueta del mausoleo como toda la documentaci\u00f3n relacionada con este proceso\u00a0<strong>est\u00e9n expuestas pr\u00f3ximamente en la parte final del museo<\/strong> dedicado al artista que ser\u00e1 en breve una realidad en el inmueble que ocupaba el antiguo asilo de El Cam\u00ed .<\/p>\n<p style=\"text-align: justify;\">Camilo Sesto\u00a0<strong>falleci\u00f3 concretamente el 8 de septiembre de 2019<\/strong> y actualmente descansa en el cementerio alcoyano junto a sus padres. Su legado musical y cultural perdura entre sus seguidores y en la memoria colectiva de Alcoy. Meses antes hab\u00eda visitado la ciudad por \u00faltima vez ya que en noviembre de 2018 se le puso a La Alameda su nombre en un nuevo reconocimiento hacia un cantante que llev\u00f3 el nombre de Alcoy por pr\u00e1cticamente todo el mundo.<\/p>\n","protected":false},"excerpt":{"rendered":"<p>Las cenizas del cantante Camilo Sesto no ser\u00e1n trasladadas al mausoleo construido en su memoria en el Cementerio municipal Sant&#8230;<\/p>\n","protected":false},"author":1,"featured_media":139600,"comment_status":"open","ping_status":"open","sticky":false,"template":"","format":"standard","meta":{"footnotes":""},"categories":[6909,97,75,125],"tags":[1494,2559,3998,9187,12779,185],"class_list":["post-139854","post","type-post","status-publish","format-standard","has-post-thumbnail","hentry","category-actualidad","category-alcoy","category-noticias","category-portada","tag-alcoy","tag-camilo-sesto","tag-cementerio-municipal","tag-cenizas","tag-mausoleo","tag-traslado"],"yoast_head":"<!-- This site is optimized with the Yoast SEO plugin v27.3 - https:\/\/yoast.com\/product\/yoast-seo-wordpress\/ -->\n<title>Aplazan el traslado de las cenizas de Camilo Sesto a su mausoleo en Alcoy - COPE Alcoy<\/title>\n<meta name=\"robots\" content=\"index, follow, max-snippet:-1, max-image-preview:large, max-video-preview:-1\" \/>\n<link rel=\"canonical\" href=\"https:\/\/www.copealcoy.es\/es\/aplazan-el-traslado-de-las-cenizas-de-camilo-sesto-a-su-mausoleo-en-alcoy\/\" \/>\n<meta property=\"og:locale\" content=\"es_ES\" \/>\n<meta property=\"og:type\" content=\"article\" \/>\n<meta property=\"og:title\" content=\"Aplazan el traslado de las cenizas de Camilo Sesto a su mausoleo en Alcoy - COPE Alcoy\" \/>\n<meta property=\"og:description\" content=\"Las cenizas del cantante Camilo Sesto no ser\u00e1n trasladadas al mausoleo construido en su memoria en el Cementerio municipal Sant...\" \/>\n<meta property=\"og:url\" content=\"https:\/\/www.copealcoy.es\/es\/aplazan-el-traslado-de-las-cenizas-de-camilo-sesto-a-su-mausoleo-en-alcoy\/\" \/>\n<meta property=\"og:site_name\" content=\"COPE Alcoy\" \/>\n<meta property=\"article:published_time\" content=\"2024-09-11T07:05:12+00:00\" \/>\n<meta property=\"article:modified_time\" content=\"2024-09-11T11:22:10+00:00\" \/>\n<meta property=\"og:image\" content=\"https:\/\/www.copealcoy.es\/wp-content\/uploads\/2024\/09\/438118000_7455514957850037_2241112724174699460_n.jpg\" \/>\n\t<meta property=\"og:image:width\" content=\"1152\" \/>\n\t<meta property=\"og:image:height\" content=\"784\" \/>\n\t<meta property=\"og:image:type\" content=\"image\/jpeg\" \/>\n<meta name=\"author\" content=\"Cope Alcoy\" \/>\n<meta name=\"twitter:label1\" content=\"Escrito por\" \/>\n\t<meta name=\"twitter:data1\" content=\"Cope Alcoy\" \/>\n\t<meta name=\"twitter:label2\" content=\"Tiempo de lectura\" \/>\n\t<meta name=\"twitter:data2\" content=\"3 minutos\" \/>\n<script type=\"application\/ld+json\" class=\"yoast-schema-graph\">{\"@context\":\"https:\\\/\\\/schema.org\",\"@graph\":[{\"@type\":\"Article\",\"@id\":\"https:\\\/\\\/www.copealcoy.es\\\/es\\\/aplazan-el-traslado-de-las-cenizas-de-camilo-sesto-a-su-mausoleo-en-alcoy\\\/#article\",\"isPartOf\":{\"@id\":\"https:\\\/\\\/www.copealcoy.es\\\/es\\\/aplazan-el-traslado-de-las-cenizas-de-camilo-sesto-a-su-mausoleo-en-alcoy\\\/\"},\"author\":{\"name\":\"Cope Alcoy\",\"@id\":\"https:\\\/\\\/www.copealcoy.es\\\/es\\\/#\\\/schema\\\/person\\\/e777c87fa024e57d40170af9df39882c\"},\"headline\":\"Aplazan el traslado de las cenizas de Camilo Sesto a su mausoleo en Alcoy\",\"datePublished\":\"2024-09-11T07:05:12+00:00\",\"dateModified\":\"2024-09-11T11:22:10+00:00\",\"mainEntityOfPage\":{\"@id\":\"https:\\\/\\\/www.copealcoy.es\\\/es\\\/aplazan-el-traslado-de-las-cenizas-de-camilo-sesto-a-su-mausoleo-en-alcoy\\\/\"},\"wordCount\":365,\"commentCount\":0,\"image\":{\"@id\":\"https:\\\/\\\/www.copealcoy.es\\\/es\\\/aplazan-el-traslado-de-las-cenizas-de-camilo-sesto-a-su-mausoleo-en-alcoy\\\/#primaryimage\"},\"thumbnailUrl\":\"https:\\\/\\\/www.copealcoy.es\\\/wp-content\\\/uploads\\\/2024\\\/09\\\/438118000_7455514957850037_2241112724174699460_n.jpg\",\"keywords\":[\"Alcoy\",\"Camilo Sesto\",\"Cementerio Municipal\",\"cenizas\",\"Mausoleo\",\"Traslado\"],\"articleSection\":[\"Actualidad\",\"Alcoy\",\"Noticias\",\"Portada\"],\"inLanguage\":\"es\"},{\"@type\":\"WebPage\",\"@id\":\"https:\\\/\\\/www.copealcoy.es\\\/es\\\/aplazan-el-traslado-de-las-cenizas-de-camilo-sesto-a-su-mausoleo-en-alcoy\\\/\",\"url\":\"https:\\\/\\\/www.copealcoy.es\\\/es\\\/aplazan-el-traslado-de-las-cenizas-de-camilo-sesto-a-su-mausoleo-en-alcoy\\\/\",\"name\":\"Aplazan el traslado de las cenizas de Camilo Sesto a su mausoleo en Alcoy - COPE Alcoy\",\"isPartOf\":{\"@id\":\"https:\\\/\\\/www.copealcoy.es\\\/es\\\/#website\"},\"primaryImageOfPage\":{\"@id\":\"https:\\\/\\\/www.copealcoy.es\\\/es\\\/aplazan-el-traslado-de-las-cenizas-de-camilo-sesto-a-su-mausoleo-en-alcoy\\\/#primaryimage\"},\"image\":{\"@id\":\"https:\\\/\\\/www.copealcoy.es\\\/es\\\/aplazan-el-traslado-de-las-cenizas-de-camilo-sesto-a-su-mausoleo-en-alcoy\\\/#primaryimage\"},\"thumbnailUrl\":\"https:\\\/\\\/www.copealcoy.es\\\/wp-content\\\/uploads\\\/2024\\\/09\\\/438118000_7455514957850037_2241112724174699460_n.jpg\",\"datePublished\":\"2024-09-11T07:05:12+00:00\",\"dateModified\":\"2024-09-11T11:22:10+00:00\",\"author\":{\"@id\":\"https:\\\/\\\/www.copealcoy.es\\\/es\\\/#\\\/schema\\\/person\\\/e777c87fa024e57d40170af9df39882c\"},\"breadcrumb\":{\"@id\":\"https:\\\/\\\/www.copealcoy.es\\\/es\\\/aplazan-el-traslado-de-las-cenizas-de-camilo-sesto-a-su-mausoleo-en-alcoy\\\/#breadcrumb\"},\"inLanguage\":\"es\",\"potentialAction\":[{\"@type\":\"ReadAction\",\"target\":[\"https:\\\/\\\/www.copealcoy.es\\\/es\\\/aplazan-el-traslado-de-las-cenizas-de-camilo-sesto-a-su-mausoleo-en-alcoy\\\/\"]}]},{\"@type\":\"ImageObject\",\"inLanguage\":\"es\",\"@id\":\"https:\\\/\\\/www.copealcoy.es\\\/es\\\/aplazan-el-traslado-de-las-cenizas-de-camilo-sesto-a-su-mausoleo-en-alcoy\\\/#primaryimage\",\"url\":\"https:\\\/\\\/www.copealcoy.es\\\/wp-content\\\/uploads\\\/2024\\\/09\\\/438118000_7455514957850037_2241112724174699460_n.jpg\",\"contentUrl\":\"https:\\\/\\\/www.copealcoy.es\\\/wp-content\\\/uploads\\\/2024\\\/09\\\/438118000_7455514957850037_2241112724174699460_n.jpg\",\"width\":1152,\"height\":784},{\"@type\":\"BreadcrumbList\",\"@id\":\"https:\\\/\\\/www.copealcoy.es\\\/es\\\/aplazan-el-traslado-de-las-cenizas-de-camilo-sesto-a-su-mausoleo-en-alcoy\\\/#breadcrumb\",\"itemListElement\":[{\"@type\":\"ListItem\",\"position\":1,\"name\":\"Portada\",\"item\":\"https:\\\/\\\/www.copealcoy.es\\\/es\\\/\"},{\"@type\":\"ListItem\",\"position\":2,\"name\":\"Aplazan el traslado de las cenizas de Camilo Sesto a su mausoleo en Alcoy\"}]},{\"@type\":\"WebSite\",\"@id\":\"https:\\\/\\\/www.copealcoy.es\\\/es\\\/#website\",\"url\":\"https:\\\/\\\/www.copealcoy.es\\\/es\\\/\",\"name\":\"COPE Alcoy\",\"description\":\"Emisora COPE de radio local con emisi\u00f3n online. Pont de Sant Jordi 8-10 03803 Alcoy\",\"potentialAction\":[{\"@type\":\"SearchAction\",\"target\":{\"@type\":\"EntryPoint\",\"urlTemplate\":\"https:\\\/\\\/www.copealcoy.es\\\/es\\\/?s={search_term_string}\"},\"query-input\":{\"@type\":\"PropertyValueSpecification\",\"valueRequired\":true,\"valueName\":\"search_term_string\"}}],\"inLanguage\":\"es\"},{\"@type\":\"Person\",\"@id\":\"https:\\\/\\\/www.copealcoy.es\\\/es\\\/#\\\/schema\\\/person\\\/e777c87fa024e57d40170af9df39882c\",\"name\":\"Cope Alcoy\",\"image\":{\"@type\":\"ImageObject\",\"inLanguage\":\"es\",\"@id\":\"https:\\\/\\\/secure.gravatar.com\\\/avatar\\\/bb65d0283347e303893ba14f0692005417c1e0e690a325a4c5d8bb2b3943ee14?s=96&d=mm&r=g\",\"url\":\"https:\\\/\\\/secure.gravatar.com\\\/avatar\\\/bb65d0283347e303893ba14f0692005417c1e0e690a325a4c5d8bb2b3943ee14?s=96&d=mm&r=g\",\"contentUrl\":\"https:\\\/\\\/secure.gravatar.com\\\/avatar\\\/bb65d0283347e303893ba14f0692005417c1e0e690a325a4c5d8bb2b3943ee14?s=96&d=mm&r=g\",\"caption\":\"Cope Alcoy\"}}]}<\/script>\n<!-- \/ Yoast SEO plugin. -->","yoast_head_json":{"title":"Aplazan el traslado de las cenizas de Camilo Sesto a su mausoleo en Alcoy - COPE Alcoy","robots":{"index":"index","follow":"follow","max-snippet":"max-snippet:-1","max-image-preview":"max-image-preview:large","max-video-preview":"max-video-preview:-1"},"canonical":"https:\/\/www.copealcoy.es\/es\/aplazan-el-traslado-de-las-cenizas-de-camilo-sesto-a-su-mausoleo-en-alcoy\/","og_locale":"es_ES","og_type":"article","og_title":"Aplazan el traslado de las cenizas de Camilo Sesto a su mausoleo en Alcoy - COPE Alcoy","og_description":"Las cenizas del cantante Camilo Sesto no ser\u00e1n trasladadas al mausoleo construido en su memoria en el Cementerio municipal Sant...","og_url":"https:\/\/www.copealcoy.es\/es\/aplazan-el-traslado-de-las-cenizas-de-camilo-sesto-a-su-mausoleo-en-alcoy\/","og_site_name":"COPE Alcoy","article_published_time":"2024-09-11T07:05:12+00:00","article_modified_time":"2024-09-11T11:22:10+00:00","og_image":[{"width":1152,"height":784,"url":"https:\/\/www.copealcoy.es\/wp-content\/uploads\/2024\/09\/438118000_7455514957850037_2241112724174699460_n.jpg","type":"image\/jpeg"}],"author":"Cope Alcoy","twitter_misc":{"Escrito por":"Cope Alcoy","Tiempo de lectura":"3 minutos"},"schema":{"@context":"https:\/\/schema.org","@graph":[{"@type":"Article","@id":"https:\/\/www.copealcoy.es\/es\/aplazan-el-traslado-de-las-cenizas-de-camilo-sesto-a-su-mausoleo-en-alcoy\/#article","isPartOf":{"@id":"https:\/\/www.copealcoy.es\/es\/aplazan-el-traslado-de-las-cenizas-de-camilo-sesto-a-su-mausoleo-en-alcoy\/"},"author":{"name":"Cope Alcoy","@id":"https:\/\/www.copealcoy.es\/es\/#\/schema\/person\/e777c87fa024e57d40170af9df39882c"},"headline":"Aplazan el traslado de las cenizas de Camilo Sesto a su mausoleo en Alcoy","datePublished":"2024-09-11T07:05:12+00:00","dateModified":"2024-09-11T11:22:10+00:00","mainEntityOfPage":{"@id":"https:\/\/www.copealcoy.es\/es\/aplazan-el-traslado-de-las-cenizas-de-camilo-sesto-a-su-mausoleo-en-alcoy\/"},"wordCount":365,"commentCount":0,"image":{"@id":"https:\/\/www.copealcoy.es\/es\/aplazan-el-traslado-de-las-cenizas-de-camilo-sesto-a-su-mausoleo-en-alcoy\/#primaryimage"},"thumbnailUrl":"https:\/\/www.copealcoy.es\/wp-content\/uploads\/2024\/09\/438118000_7455514957850037_2241112724174699460_n.jpg","keywords":["Alcoy","Camilo Sesto","Cementerio Municipal","cenizas","Mausoleo","Traslado"],"articleSection":["Actualidad","Alcoy","Noticias","Portada"],"inLanguage":"es"},{"@type":"WebPage","@id":"https:\/\/www.copealcoy.es\/es\/aplazan-el-traslado-de-las-cenizas-de-camilo-sesto-a-su-mausoleo-en-alcoy\/","url":"https:\/\/www.copealcoy.es\/es\/aplazan-el-traslado-de-las-cenizas-de-camilo-sesto-a-su-mausoleo-en-alcoy\/","name":"Aplazan el traslado de las cenizas de Camilo Sesto a su mausoleo en Alcoy - COPE Alcoy","isPartOf":{"@id":"https:\/\/www.copealcoy.es\/es\/#website"},"primaryImageOfPage":{"@id":"https:\/\/www.copealcoy.es\/es\/aplazan-el-traslado-de-las-cenizas-de-camilo-sesto-a-su-mausoleo-en-alcoy\/#primaryimage"},"image":{"@id":"https:\/\/www.copealcoy.es\/es\/aplazan-el-traslado-de-las-cenizas-de-camilo-sesto-a-su-mausoleo-en-alcoy\/#primaryimage"},"thumbnailUrl":"https:\/\/www.copealcoy.es\/wp-content\/uploads\/2024\/09\/438118000_7455514957850037_2241112724174699460_n.jpg","datePublished":"2024-09-11T07:05:12+00:00","dateModified":"2024-09-11T11:22:10+00:00","author":{"@id":"https:\/\/www.copealcoy.es\/es\/#\/schema\/person\/e777c87fa024e57d40170af9df39882c"},"breadcrumb":{"@id":"https:\/\/www.copealcoy.es\/es\/aplazan-el-traslado-de-las-cenizas-de-camilo-sesto-a-su-mausoleo-en-alcoy\/#breadcrumb"},"inLanguage":"es","potentialAction":[{"@type":"ReadAction","target":["https:\/\/www.copealcoy.es\/es\/aplazan-el-traslado-de-las-cenizas-de-camilo-sesto-a-su-mausoleo-en-alcoy\/"]}]},{"@type":"ImageObject","inLanguage":"es","@id":"https:\/\/www.copealcoy.es\/es\/aplazan-el-traslado-de-las-cenizas-de-camilo-sesto-a-su-mausoleo-en-alcoy\/#primaryimage","url":"https:\/\/www.copealcoy.es\/wp-content\/uploads\/2024\/09\/438118000_7455514957850037_2241112724174699460_n.jpg","contentUrl":"https:\/\/www.copealcoy.es\/wp-content\/uploads\/2024\/09\/438118000_7455514957850037_2241112724174699460_n.jpg","width":1152,"height":784},{"@type":"BreadcrumbList","@id":"https:\/\/www.copealcoy.es\/es\/aplazan-el-traslado-de-las-cenizas-de-camilo-sesto-a-su-mausoleo-en-alcoy\/#breadcrumb","itemListElement":[{"@type":"ListItem","position":1,"name":"Portada","item":"https:\/\/www.copealcoy.es\/es\/"},{"@type":"ListItem","position":2,"name":"Aplazan el traslado de las cenizas de Camilo Sesto a su mausoleo en Alcoy"}]},{"@type":"WebSite","@id":"https:\/\/www.copealcoy.es\/es\/#website","url":"https:\/\/www.copealcoy.es\/es\/","name":"COPE Alcoy","description":"Emisora COPE de radio local con emisi\u00f3n online. Pont de Sant Jordi 8-10 03803 Alcoy","potentialAction":[{"@type":"SearchAction","target":{"@type":"EntryPoint","urlTemplate":"https:\/\/www.copealcoy.es\/es\/?s={search_term_string}"},"query-input":{"@type":"PropertyValueSpecification","valueRequired":true,"valueName":"search_term_string"}}],"inLanguage":"es"},{"@type":"Person","@id":"https:\/\/www.copealcoy.es\/es\/#\/schema\/person\/e777c87fa024e57d40170af9df39882c","name":"Cope Alcoy","image":{"@type":"ImageObject","inLanguage":"es","@id":"https:\/\/secure.gravatar.com\/avatar\/bb65d0283347e303893ba14f0692005417c1e0e690a325a4c5d8bb2b3943ee14?s=96&d=mm&r=g","url":"https:\/\/secure.gravatar.com\/avatar\/bb65d0283347e303893ba14f0692005417c1e0e690a325a4c5d8bb2b3943ee14?s=96&d=mm&r=g","contentUrl":"https:\/\/secure.gravatar.com\/avatar\/bb65d0283347e303893ba14f0692005417c1e0e690a325a4c5d8bb2b3943ee14?s=96&d=mm&r=g","caption":"Cope Alcoy"}}]}},"_links":{"self":[{"href":"https:\/\/www.copealcoy.es\/es\/wp-json\/wp\/v2\/posts\/139854","targetHints":{"allow":["GET"]}}],"collection":[{"href":"https:\/\/www.copealcoy.es\/es\/wp-json\/wp\/v2\/posts"}],"about":[{"href":"https:\/\/www.copealcoy.es\/es\/wp-json\/wp\/v2\/types\/post"}],"author":[{"embeddable":true,"href":"https:\/\/www.copealcoy.es\/es\/wp-json\/wp\/v2\/users\/1"}],"replies":[{"embeddable":true,"href":"https:\/\/www.copealcoy.es\/es\/wp-json\/wp\/v2\/comments?post=139854"}],"version-history":[{"count":0,"href":"https:\/\/www.copealcoy.es\/es\/wp-json\/wp\/v2\/posts\/139854\/revisions"}],"wp:featuredmedia":[{"embeddable":true,"href":"https:\/\/www.copealcoy.es\/es\/wp-json\/wp\/v2\/media\/139600"}],"wp:attachment":[{"href":"https:\/\/www.copealcoy.es\/es\/wp-json\/wp\/v2\/media?parent=139854"}],"wp:term":[{"taxonomy":"category","embeddable":true,"href":"https:\/\/www.copealcoy.es\/es\/wp-json\/wp\/v2\/categories?post=139854"},{"taxonomy":"post_tag","embeddable":true,"href":"https:\/\/www.copealcoy.es\/es\/wp-json\/wp\/v2\/tags?post=139854"}],"curies":[{"name":"wp","href":"https:\/\/api.w.org\/{rel}","templated":true}]}}