{"id":139818,"date":"2024-09-10T08:05:11","date_gmt":"2024-09-10T07:05:11","guid":{"rendered":"https:\/\/www.copealcoy.es\/?p=139818"},"modified":"2024-09-11T12:22:24","modified_gmt":"2024-09-11T11:22:24","slug":"la-universidad-de-alicante-tambien-inicia-el-curso-en-su-campus-de-alcoy","status":"publish","type":"post","link":"https:\/\/www.copealcoy.es\/es\/la-universidad-de-alicante-tambien-inicia-el-curso-en-su-campus-de-alcoy\/","title":{"rendered":"La Universidad de Alicante tambi\u00e9n inicia el curso en su campus de Alcoy"},"content":{"rendered":"<p style=\"text-align: justify;\">El <a href=\"https:\/\/www.ua.es\/\" target=\"_blank\" rel=\"noopener\"><span style=\"color: #0000ff;\"><strong>campus de Alcoi de la Universidad de Alicante<\/strong><\/span><\/a> ha comenzado tambi\u00e9n el curso acad\u00e9mico 2024-2025 con <strong>la presencia de 150 estudiantes en el Grado en Maestro en Educaci\u00f3n Infantil<\/strong>. Las aulas del emblem\u00e1tico edificio Cervantes <strong>se convertir\u00e1n en el centro neur\u00e1lgico de la formaci\u00f3n docente durante este a\u00f1o<\/strong>, destacando la alta demanda que registran estos estudios, que ha llevado a casi completar la matr\u00edcula del primer curso.<\/p>\n<p style=\"text-align: justify;\">Hasta el momento, <strong>se han cubierto 35 de las 40 plazas disponibles para nuevos ingresos<\/strong>, y se espera que <strong>la totalidad de la oferta<\/strong> sea ocupada. El <strong>primer d\u00eda de clases<\/strong> fue recibido con entusiasmo por los nuevos estudiantes, quienes comenzaron su andadura acad\u00e9mica este lunes. Adem\u00e1s, se est\u00e1 organizando <strong>una jornada oficial de bienvenida<\/strong> para la semana del 23 de septiembre, donde participar\u00e1n representantes del Ayuntamiento de Alcoi, el Rectorado de la Universidad de Alicante y la direcci\u00f3n del campus. Este acto tiene como objetivo facilitar la integraci\u00f3n del nuevo alumnado y resaltar la colaboraci\u00f3n institucional en la formaci\u00f3n de educadores.<\/p>\n<p style=\"text-align: justify;\">Con el inicio del curso 2024-2025, el <strong>Grado en Maestro en Educaci\u00f3n Infantil<\/strong> reafirma su importancia dentro de la oferta formativa del Campus de Alcoi de la Universidad de Alicante, respaldado por un equipo docente comprometido con la excelencia y el futuro educativo.\u00a0 Cabe recordar que la Universidad de Alicante, bajo la direcci\u00f3n del rector Manuel Palomar, <strong>inaugur\u00f3 en el curso acad\u00e9mico 2018\/2019 el Grado en Magisterio en Alcoy con el objetivo de expandirlo a otras especialidades y programas<\/strong>, buscando as\u00ed establecer un campus aut\u00f3nomo. En un principio, las clases se desarrollaban en las instalaciones de la C\u00e1mara de Comercio pero el pasado invierno <strong>la misma Universidad de Alicante anunci\u00f3 que reagrupar\u00eda en el edificio de Cervantes toda la actividad que desempe\u00f1a en Alcoy<\/strong>, todo ello \u00a0tras la adecuaci\u00f3n de las dependencias del citado inmueble llevada a cabo por el Ayuntamiento.<\/p>\n","protected":false},"excerpt":{"rendered":"<p>El campus de Alcoi de la Universidad de Alicante ha comenzado tambi\u00e9n el curso acad\u00e9mico 2024-2025 con la presencia de&#8230;<\/p>\n","protected":false},"author":1,"featured_media":139819,"comment_status":"open","ping_status":"open","sticky":false,"template":"","format":"standard","meta":{"footnotes":""},"categories":[6909,97,900,75],"tags":[1494,886,9973,1640],"class_list":["post-139818","post","type-post","status-publish","format-standard","has-post-thumbnail","hentry","category-actualidad","category-alcoy","category-educacion","category-noticias","tag-alcoy","tag-campus","tag-inicio-curso","tag-universidad-de-alicante"],"yoast_head":"<!-- This site is optimized with the Yoast SEO plugin v27.3 - https:\/\/yoast.com\/product\/yoast-seo-wordpress\/ -->\n<title>La Universidad de Alicante tambi\u00e9n inicia el curso en su campus de Alcoy - COPE Alcoy<\/title>\n<meta name=\"description\" content=\"El campus de Alcoi de la Universidad de Alicante ha comenzado tambi\u00e9n el curso acad\u00e9mico 2024-2025 con la presencia de 150 estudiantes en el Grado en Maestro en Educaci\u00f3n Infantil\" \/>\n<meta name=\"robots\" content=\"index, follow, max-snippet:-1, max-image-preview:large, max-video-preview:-1\" \/>\n<link rel=\"canonical\" href=\"https:\/\/www.copealcoy.es\/es\/la-universidad-de-alicante-tambien-inicia-el-curso-en-su-campus-de-alcoy\/\" \/>\n<meta property=\"og:locale\" content=\"es_ES\" \/>\n<meta property=\"og:type\" content=\"article\" \/>\n<meta property=\"og:title\" content=\"La Universidad de Alicante tambi\u00e9n inicia el curso en su campus de Alcoy - COPE Alcoy\" \/>\n<meta property=\"og:description\" content=\"El campus de Alcoi de la Universidad de Alicante ha comenzado tambi\u00e9n el curso acad\u00e9mico 2024-2025 con la presencia de 150 estudiantes en el Grado en Maestro en Educaci\u00f3n Infantil\" \/>\n<meta property=\"og:url\" content=\"https:\/\/www.copealcoy.es\/es\/la-universidad-de-alicante-tambien-inicia-el-curso-en-su-campus-de-alcoy\/\" \/>\n<meta property=\"og:site_name\" content=\"COPE Alcoy\" \/>\n<meta property=\"article:published_time\" content=\"2024-09-10T07:05:11+00:00\" \/>\n<meta property=\"article:modified_time\" content=\"2024-09-11T11:22:24+00:00\" \/>\n<meta property=\"og:image\" content=\"https:\/\/www.copealcoy.es\/wp-content\/uploads\/2024\/09\/IMG_9279-1-scaled.jpeg\" \/>\n\t<meta property=\"og:image:width\" content=\"1440\" \/>\n\t<meta property=\"og:image:height\" content=\"1080\" \/>\n\t<meta property=\"og:image:type\" content=\"image\/jpeg\" \/>\n<meta name=\"author\" content=\"Cope Alcoy\" \/>\n<meta name=\"twitter:label1\" content=\"Escrito por\" \/>\n\t<meta name=\"twitter:data1\" content=\"Cope Alcoy\" \/>\n\t<meta name=\"twitter:label2\" content=\"Tiempo de lectura\" \/>\n\t<meta name=\"twitter:data2\" content=\"2 minutos\" \/>\n<script type=\"application\/ld+json\" class=\"yoast-schema-graph\">{\"@context\":\"https:\\\/\\\/schema.org\",\"@graph\":[{\"@type\":\"Article\",\"@id\":\"https:\\\/\\\/www.copealcoy.es\\\/es\\\/la-universidad-de-alicante-tambien-inicia-el-curso-en-su-campus-de-alcoy\\\/#article\",\"isPartOf\":{\"@id\":\"https:\\\/\\\/www.copealcoy.es\\\/es\\\/la-universidad-de-alicante-tambien-inicia-el-curso-en-su-campus-de-alcoy\\\/\"},\"author\":{\"name\":\"Cope Alcoy\",\"@id\":\"https:\\\/\\\/www.copealcoy.es\\\/es\\\/#\\\/schema\\\/person\\\/e777c87fa024e57d40170af9df39882c\"},\"headline\":\"La Universidad de Alicante tambi\u00e9n inicia el curso en su campus de Alcoy\",\"datePublished\":\"2024-09-10T07:05:11+00:00\",\"dateModified\":\"2024-09-11T11:22:24+00:00\",\"mainEntityOfPage\":{\"@id\":\"https:\\\/\\\/www.copealcoy.es\\\/es\\\/la-universidad-de-alicante-tambien-inicia-el-curso-en-su-campus-de-alcoy\\\/\"},\"wordCount\":345,\"commentCount\":0,\"image\":{\"@id\":\"https:\\\/\\\/www.copealcoy.es\\\/es\\\/la-universidad-de-alicante-tambien-inicia-el-curso-en-su-campus-de-alcoy\\\/#primaryimage\"},\"thumbnailUrl\":\"https:\\\/\\\/www.copealcoy.es\\\/wp-content\\\/uploads\\\/2024\\\/09\\\/IMG_9279-1-scaled.jpeg\",\"keywords\":[\"Alcoy\",\"Campus\",\"inicio curso\",\"Universidad de Alicante\"],\"articleSection\":[\"Actualidad\",\"Alcoy\",\"Educaci\u00f3n\",\"Noticias\"],\"inLanguage\":\"es\"},{\"@type\":\"WebPage\",\"@id\":\"https:\\\/\\\/www.copealcoy.es\\\/es\\\/la-universidad-de-alicante-tambien-inicia-el-curso-en-su-campus-de-alcoy\\\/\",\"url\":\"https:\\\/\\\/www.copealcoy.es\\\/es\\\/la-universidad-de-alicante-tambien-inicia-el-curso-en-su-campus-de-alcoy\\\/\",\"name\":\"La Universidad de Alicante tambi\u00e9n inicia el curso en su campus de Alcoy - COPE Alcoy\",\"isPartOf\":{\"@id\":\"https:\\\/\\\/www.copealcoy.es\\\/es\\\/#website\"},\"primaryImageOfPage\":{\"@id\":\"https:\\\/\\\/www.copealcoy.es\\\/es\\\/la-universidad-de-alicante-tambien-inicia-el-curso-en-su-campus-de-alcoy\\\/#primaryimage\"},\"image\":{\"@id\":\"https:\\\/\\\/www.copealcoy.es\\\/es\\\/la-universidad-de-alicante-tambien-inicia-el-curso-en-su-campus-de-alcoy\\\/#primaryimage\"},\"thumbnailUrl\":\"https:\\\/\\\/www.copealcoy.es\\\/wp-content\\\/uploads\\\/2024\\\/09\\\/IMG_9279-1-scaled.jpeg\",\"datePublished\":\"2024-09-10T07:05:11+00:00\",\"dateModified\":\"2024-09-11T11:22:24+00:00\",\"author\":{\"@id\":\"https:\\\/\\\/www.copealcoy.es\\\/es\\\/#\\\/schema\\\/person\\\/e777c87fa024e57d40170af9df39882c\"},\"description\":\"El campus de Alcoi de la Universidad de Alicante ha comenzado tambi\u00e9n el curso acad\u00e9mico 2024-2025 con la presencia de 150 estudiantes en el Grado en Maestro en Educaci\u00f3n Infantil\",\"breadcrumb\":{\"@id\":\"https:\\\/\\\/www.copealcoy.es\\\/es\\\/la-universidad-de-alicante-tambien-inicia-el-curso-en-su-campus-de-alcoy\\\/#breadcrumb\"},\"inLanguage\":\"es\",\"potentialAction\":[{\"@type\":\"ReadAction\",\"target\":[\"https:\\\/\\\/www.copealcoy.es\\\/es\\\/la-universidad-de-alicante-tambien-inicia-el-curso-en-su-campus-de-alcoy\\\/\"]}]},{\"@type\":\"ImageObject\",\"inLanguage\":\"es\",\"@id\":\"https:\\\/\\\/www.copealcoy.es\\\/es\\\/la-universidad-de-alicante-tambien-inicia-el-curso-en-su-campus-de-alcoy\\\/#primaryimage\",\"url\":\"https:\\\/\\\/www.copealcoy.es\\\/wp-content\\\/uploads\\\/2024\\\/09\\\/IMG_9279-1-scaled.jpeg\",\"contentUrl\":\"https:\\\/\\\/www.copealcoy.es\\\/wp-content\\\/uploads\\\/2024\\\/09\\\/IMG_9279-1-scaled.jpeg\",\"width\":1440,\"height\":1080},{\"@type\":\"BreadcrumbList\",\"@id\":\"https:\\\/\\\/www.copealcoy.es\\\/es\\\/la-universidad-de-alicante-tambien-inicia-el-curso-en-su-campus-de-alcoy\\\/#breadcrumb\",\"itemListElement\":[{\"@type\":\"ListItem\",\"position\":1,\"name\":\"Portada\",\"item\":\"https:\\\/\\\/www.copealcoy.es\\\/es\\\/\"},{\"@type\":\"ListItem\",\"position\":2,\"name\":\"La Universidad de Alicante tambi\u00e9n inicia el curso en su campus de Alcoy\"}]},{\"@type\":\"WebSite\",\"@id\":\"https:\\\/\\\/www.copealcoy.es\\\/es\\\/#website\",\"url\":\"https:\\\/\\\/www.copealcoy.es\\\/es\\\/\",\"name\":\"COPE Alcoy\",\"description\":\"Emisora COPE de radio local con emisi\u00f3n online. Pont de Sant Jordi 8-10 03803 Alcoy\",\"potentialAction\":[{\"@type\":\"SearchAction\",\"target\":{\"@type\":\"EntryPoint\",\"urlTemplate\":\"https:\\\/\\\/www.copealcoy.es\\\/es\\\/?s={search_term_string}\"},\"query-input\":{\"@type\":\"PropertyValueSpecification\",\"valueRequired\":true,\"valueName\":\"search_term_string\"}}],\"inLanguage\":\"es\"},{\"@type\":\"Person\",\"@id\":\"https:\\\/\\\/www.copealcoy.es\\\/es\\\/#\\\/schema\\\/person\\\/e777c87fa024e57d40170af9df39882c\",\"name\":\"Cope Alcoy\",\"image\":{\"@type\":\"ImageObject\",\"inLanguage\":\"es\",\"@id\":\"https:\\\/\\\/secure.gravatar.com\\\/avatar\\\/bb65d0283347e303893ba14f0692005417c1e0e690a325a4c5d8bb2b3943ee14?s=96&d=mm&r=g\",\"url\":\"https:\\\/\\\/secure.gravatar.com\\\/avatar\\\/bb65d0283347e303893ba14f0692005417c1e0e690a325a4c5d8bb2b3943ee14?s=96&d=mm&r=g\",\"contentUrl\":\"https:\\\/\\\/secure.gravatar.com\\\/avatar\\\/bb65d0283347e303893ba14f0692005417c1e0e690a325a4c5d8bb2b3943ee14?s=96&d=mm&r=g\",\"caption\":\"Cope Alcoy\"}}]}<\/script>\n<!-- \/ Yoast SEO plugin. -->","yoast_head_json":{"title":"La Universidad de Alicante tambi\u00e9n inicia el curso en su campus de Alcoy - COPE Alcoy","description":"El campus de Alcoi de la Universidad de Alicante ha comenzado tambi\u00e9n el curso acad\u00e9mico 2024-2025 con la presencia de 150 estudiantes en el Grado en Maestro en Educaci\u00f3n Infantil","robots":{"index":"index","follow":"follow","max-snippet":"max-snippet:-1","max-image-preview":"max-image-preview:large","max-video-preview":"max-video-preview:-1"},"canonical":"https:\/\/www.copealcoy.es\/es\/la-universidad-de-alicante-tambien-inicia-el-curso-en-su-campus-de-alcoy\/","og_locale":"es_ES","og_type":"article","og_title":"La Universidad de Alicante tambi\u00e9n inicia el curso en su campus de Alcoy - COPE Alcoy","og_description":"El campus de Alcoi de la Universidad de Alicante ha comenzado tambi\u00e9n el curso acad\u00e9mico 2024-2025 con la presencia de 150 estudiantes en el Grado en Maestro en Educaci\u00f3n Infantil","og_url":"https:\/\/www.copealcoy.es\/es\/la-universidad-de-alicante-tambien-inicia-el-curso-en-su-campus-de-alcoy\/","og_site_name":"COPE Alcoy","article_published_time":"2024-09-10T07:05:11+00:00","article_modified_time":"2024-09-11T11:22:24+00:00","og_image":[{"width":1440,"height":1080,"url":"https:\/\/www.copealcoy.es\/wp-content\/uploads\/2024\/09\/IMG_9279-1-scaled.jpeg","type":"image\/jpeg"}],"author":"Cope Alcoy","twitter_misc":{"Escrito por":"Cope Alcoy","Tiempo de lectura":"2 minutos"},"schema":{"@context":"https:\/\/schema.org","@graph":[{"@type":"Article","@id":"https:\/\/www.copealcoy.es\/es\/la-universidad-de-alicante-tambien-inicia-el-curso-en-su-campus-de-alcoy\/#article","isPartOf":{"@id":"https:\/\/www.copealcoy.es\/es\/la-universidad-de-alicante-tambien-inicia-el-curso-en-su-campus-de-alcoy\/"},"author":{"name":"Cope Alcoy","@id":"https:\/\/www.copealcoy.es\/es\/#\/schema\/person\/e777c87fa024e57d40170af9df39882c"},"headline":"La Universidad de Alicante tambi\u00e9n inicia el curso en su campus de Alcoy","datePublished":"2024-09-10T07:05:11+00:00","dateModified":"2024-09-11T11:22:24+00:00","mainEntityOfPage":{"@id":"https:\/\/www.copealcoy.es\/es\/la-universidad-de-alicante-tambien-inicia-el-curso-en-su-campus-de-alcoy\/"},"wordCount":345,"commentCount":0,"image":{"@id":"https:\/\/www.copealcoy.es\/es\/la-universidad-de-alicante-tambien-inicia-el-curso-en-su-campus-de-alcoy\/#primaryimage"},"thumbnailUrl":"https:\/\/www.copealcoy.es\/wp-content\/uploads\/2024\/09\/IMG_9279-1-scaled.jpeg","keywords":["Alcoy","Campus","inicio curso","Universidad de Alicante"],"articleSection":["Actualidad","Alcoy","Educaci\u00f3n","Noticias"],"inLanguage":"es"},{"@type":"WebPage","@id":"https:\/\/www.copealcoy.es\/es\/la-universidad-de-alicante-tambien-inicia-el-curso-en-su-campus-de-alcoy\/","url":"https:\/\/www.copealcoy.es\/es\/la-universidad-de-alicante-tambien-inicia-el-curso-en-su-campus-de-alcoy\/","name":"La Universidad de Alicante tambi\u00e9n inicia el curso en su campus de Alcoy - COPE Alcoy","isPartOf":{"@id":"https:\/\/www.copealcoy.es\/es\/#website"},"primaryImageOfPage":{"@id":"https:\/\/www.copealcoy.es\/es\/la-universidad-de-alicante-tambien-inicia-el-curso-en-su-campus-de-alcoy\/#primaryimage"},"image":{"@id":"https:\/\/www.copealcoy.es\/es\/la-universidad-de-alicante-tambien-inicia-el-curso-en-su-campus-de-alcoy\/#primaryimage"},"thumbnailUrl":"https:\/\/www.copealcoy.es\/wp-content\/uploads\/2024\/09\/IMG_9279-1-scaled.jpeg","datePublished":"2024-09-10T07:05:11+00:00","dateModified":"2024-09-11T11:22:24+00:00","author":{"@id":"https:\/\/www.copealcoy.es\/es\/#\/schema\/person\/e777c87fa024e57d40170af9df39882c"},"description":"El campus de Alcoi de la Universidad de Alicante ha comenzado tambi\u00e9n el curso acad\u00e9mico 2024-2025 con la presencia de 150 estudiantes en el Grado en Maestro en Educaci\u00f3n Infantil","breadcrumb":{"@id":"https:\/\/www.copealcoy.es\/es\/la-universidad-de-alicante-tambien-inicia-el-curso-en-su-campus-de-alcoy\/#breadcrumb"},"inLanguage":"es","potentialAction":[{"@type":"ReadAction","target":["https:\/\/www.copealcoy.es\/es\/la-universidad-de-alicante-tambien-inicia-el-curso-en-su-campus-de-alcoy\/"]}]},{"@type":"ImageObject","inLanguage":"es","@id":"https:\/\/www.copealcoy.es\/es\/la-universidad-de-alicante-tambien-inicia-el-curso-en-su-campus-de-alcoy\/#primaryimage","url":"https:\/\/www.copealcoy.es\/wp-content\/uploads\/2024\/09\/IMG_9279-1-scaled.jpeg","contentUrl":"https:\/\/www.copealcoy.es\/wp-content\/uploads\/2024\/09\/IMG_9279-1-scaled.jpeg","width":1440,"height":1080},{"@type":"BreadcrumbList","@id":"https:\/\/www.copealcoy.es\/es\/la-universidad-de-alicante-tambien-inicia-el-curso-en-su-campus-de-alcoy\/#breadcrumb","itemListElement":[{"@type":"ListItem","position":1,"name":"Portada","item":"https:\/\/www.copealcoy.es\/es\/"},{"@type":"ListItem","position":2,"name":"La Universidad de Alicante tambi\u00e9n inicia el curso en su campus de Alcoy"}]},{"@type":"WebSite","@id":"https:\/\/www.copealcoy.es\/es\/#website","url":"https:\/\/www.copealcoy.es\/es\/","name":"COPE Alcoy","description":"Emisora COPE de radio local con emisi\u00f3n online. Pont de Sant Jordi 8-10 03803 Alcoy","potentialAction":[{"@type":"SearchAction","target":{"@type":"EntryPoint","urlTemplate":"https:\/\/www.copealcoy.es\/es\/?s={search_term_string}"},"query-input":{"@type":"PropertyValueSpecification","valueRequired":true,"valueName":"search_term_string"}}],"inLanguage":"es"},{"@type":"Person","@id":"https:\/\/www.copealcoy.es\/es\/#\/schema\/person\/e777c87fa024e57d40170af9df39882c","name":"Cope Alcoy","image":{"@type":"ImageObject","inLanguage":"es","@id":"https:\/\/secure.gravatar.com\/avatar\/bb65d0283347e303893ba14f0692005417c1e0e690a325a4c5d8bb2b3943ee14?s=96&d=mm&r=g","url":"https:\/\/secure.gravatar.com\/avatar\/bb65d0283347e303893ba14f0692005417c1e0e690a325a4c5d8bb2b3943ee14?s=96&d=mm&r=g","contentUrl":"https:\/\/secure.gravatar.com\/avatar\/bb65d0283347e303893ba14f0692005417c1e0e690a325a4c5d8bb2b3943ee14?s=96&d=mm&r=g","caption":"Cope Alcoy"}}]}},"_links":{"self":[{"href":"https:\/\/www.copealcoy.es\/es\/wp-json\/wp\/v2\/posts\/139818","targetHints":{"allow":["GET"]}}],"collection":[{"href":"https:\/\/www.copealcoy.es\/es\/wp-json\/wp\/v2\/posts"}],"about":[{"href":"https:\/\/www.copealcoy.es\/es\/wp-json\/wp\/v2\/types\/post"}],"author":[{"embeddable":true,"href":"https:\/\/www.copealcoy.es\/es\/wp-json\/wp\/v2\/users\/1"}],"replies":[{"embeddable":true,"href":"https:\/\/www.copealcoy.es\/es\/wp-json\/wp\/v2\/comments?post=139818"}],"version-history":[{"count":0,"href":"https:\/\/www.copealcoy.es\/es\/wp-json\/wp\/v2\/posts\/139818\/revisions"}],"wp:featuredmedia":[{"embeddable":true,"href":"https:\/\/www.copealcoy.es\/es\/wp-json\/wp\/v2\/media\/139819"}],"wp:attachment":[{"href":"https:\/\/www.copealcoy.es\/es\/wp-json\/wp\/v2\/media?parent=139818"}],"wp:term":[{"taxonomy":"category","embeddable":true,"href":"https:\/\/www.copealcoy.es\/es\/wp-json\/wp\/v2\/categories?post=139818"},{"taxonomy":"post_tag","embeddable":true,"href":"https:\/\/www.copealcoy.es\/es\/wp-json\/wp\/v2\/tags?post=139818"}],"curies":[{"name":"wp","href":"https:\/\/api.w.org\/{rel}","templated":true}]}}