{"id":139783,"date":"2024-09-09T13:42:47","date_gmt":"2024-09-09T12:42:47","guid":{"rendered":"https:\/\/www.copealcoy.es\/?p=139783"},"modified":"2024-09-09T15:29:17","modified_gmt":"2024-09-09T14:29:17","slug":"alcoy-y-la-comarca-estrenan-con-normalidad-un-nuevo-curso-escolar","status":"publish","type":"post","link":"https:\/\/www.copealcoy.es\/es\/alcoy-y-la-comarca-estrenan-con-normalidad-un-nuevo-curso-escolar\/","title":{"rendered":"Alcoy y la comarca estrenan con normalidad un nuevo curso escolar"},"content":{"rendered":"<p style=\"text-align: justify;\">Las vacaciones de verano<strong> han llegado a su fin para los escolare<\/strong>s, los cuales han regresado hoy a las aulas en <strong>una &#8216;vuelta al cole&#8217; que ha estado marcada por la normalidad<\/strong> tanto en <strong>Alcoy<\/strong> como en los municipios de nuestras comarcas. No han faltado <strong>las habituales l\u00e1grimas en aquellos que entraban por primera vez a clase<\/strong> pero la mayor\u00eda <strong>han vivido la jornada con ilusi\u00f3n y ganas<\/strong> por reencontrarse con sus compa\u00f1eros o profesores. As\u00ed<strong> lo han contado<\/strong> a COPE ALCOY:<\/p>\n<audio class=\"wp-audio-shortcode\" id=\"audio-139783-1\" preload=\"none\" style=\"width: 100%;\" controls=\"controls\"><source type=\"audio\/mpeg\" src=\"https:\/\/www.copealcoy.es\/wp-content\/uploads\/2024\/09\/2024.09.09-NINOS-VUELTA-AL-COLE-MATINAL.mp3?_=1\" \/><a href=\"https:\/\/www.copealcoy.es\/wp-content\/uploads\/2024\/09\/2024.09.09-NINOS-VUELTA-AL-COLE-MATINAL.mp3\">https:\/\/www.copealcoy.es\/wp-content\/uploads\/2024\/09\/2024.09.09-NINOS-VUELTA-AL-COLE-MATINAL.mp3<\/a><\/audio>\n<p>&nbsp;<\/p>\n<p style=\"text-align: justify;\">En el caso de<strong> la ciudad<\/strong> vuelven a la actividad docente 15.000 estudiantes de los cuales 8.804 han comenzado hoy el curso desde Educaci\u00f3n Infantil hasta Bachillerato. Tambi\u00e9n empiezan en Formaci\u00f3n Profesional o en la Universidad con 2.500 estudiantes en el Campus de Alcoy de la UPV y 240 en la Universitat d\u2019Alacant. A todo ello se le suman las Escuelas Infantiles, la Escola d\u2019Art i Superior de Disseny d\u2019Alcoi y la Escuela Oficial de Idiomas. El curso ha comenzado sin ning\u00fan incidente aunque con temas pendientes como ha asegurado el alcalde, <strong>Toni Franc\u00e9s<\/strong>, durante la visita que ha hecho al Colegio El Romeral esta ma\u00f1ana acompa\u00f1ado del vicealcalde <strong>(\u00c1lex Cerradelo)<\/strong> y el edil de Educaci\u00f3n <strong>(Alberto Belda)<\/strong>. Franc\u00e9s ha se\u00f1alado que <strong>siguen sin materializarse actuaciones contempladas en el Plan &#8216;Edificant&#8217; del Consell<\/strong>, como el cambio del caldera en el mismo Romeral o intervenciones menores en diversos colegios de la ciudad, y ha destacado que pronto ser\u00e1 una realidad la mejora del IES Andreu Sempere tras haberse ya licitado las obras despu\u00e9s de un largo camino marcado por los contratiempos &#8220;<em>adem\u00e1s, en las pr\u00f3ximas semanas, saldr\u00e1 a licitaci\u00f3n la redacci\u00f3n del proyecto para la reforma del IES Pare Vit\u00f2ria. Es d\u00eda para desear suerte a quienes arrancan al curso y de pedir celeridad al gobierno de Maz\u00f3n para atender las necesidades que tiene nuestra educaci\u00f3n p\u00fablica<\/em>&#8220;, han concluido tanto el primer edil como el vicealcalde.<\/p>\n<p><span style=\"color: #0000ff;\"><strong>&#8216;Vuelta al cole&#8217; tambi\u00e9n en la comarca<\/strong><\/span><\/p>\n<div class=\"google-auto-placed ap_container\"><\/div>\n<p style=\"text-align: justify;\">Tambi\u00e9n han vuelto con normalidad a las clases en las poblaciones de l&#8217;Alcoi\u00e0 y el Comtat. En <strong>Cocentaina<\/strong> han sido m\u00e1s de mil los alumnos que se han incorporado al colegio entre el San Francisco de As\u00eds, el Real Blanc o el Bosco, as\u00ed como al IES Pare Arques. Una cifra similar de alumnos ha regresado a clase a <strong>Muro<\/strong>, tanto en el IES Serra de Mariola, como en los centros Bracal y Montcabrer.<\/p>\n<p style=\"text-align: justify;\">Comienza el curso en las localidades grandes, pero tambi\u00e9n en muchas <strong>muchas poblaciones peque\u00f1as de la comarca<\/strong> que siguen luchando para mantener sus colegios ante la baja natalidad. No obstante,<strong> la escuela rural gana cada vez m\u00e1s adeptos<\/strong> y lleva a muchas familias j\u00f3venes a decantarse por vivir en municipios como <strong>Agres, Beniarr\u00e9s o L\u2019Orxa<\/strong> antes que establecerse en una gran ciudad &#8220;<em>no les importa irse a vivir a quince minutos de donde est\u00e1n viviendo ahora, en Cocentaina, Alcoy o Muro, para que sus hijos tengan una educaci\u00f3n de proximidad y m\u00e1s individualizada<\/em>&#8220;, subray\u00f3 en COPE ALCOY <span style=\"text-align: justify;\">Mateo Barrachina, director del CRA Mariola Benicadell.<\/span><\/p>\n<p style=\"text-align: justify;\">Tanto en una gran ciudad como en una poblaci\u00f3n peque\u00f1a de la comarca, <strong>hay por delante un largo curso escolar 2024\/2025 que terminar\u00e1 en junio<\/strong> y que aguarda muchas experiencias a estudiantes y profesores. Mucha suerte.<\/p>\n","protected":false},"excerpt":{"rendered":"<p>Las vacaciones de verano han llegado a su fin para los escolares, los cuales han regresado hoy a las aulas&#8230;<\/p>\n","protected":false},"author":1,"featured_media":139787,"comment_status":"open","ping_status":"open","sticky":false,"template":"","format":"standard","meta":{"footnotes":""},"categories":[6909,900,75,125],"tags":[482,1494,237,18531],"class_list":["post-139783","post","type-post","status-publish","format-standard","has-post-thumbnail","hentry","category-actualidad","category-educacion","category-noticias","category-portada","tag-alcoia","tag-alcoy","tag-comtat","tag-inicio-del-curso"],"yoast_head":"<!-- This site is optimized with the Yoast SEO plugin v27.3 - https:\/\/yoast.com\/product\/yoast-seo-wordpress\/ -->\n<title>Alcoy y la comarca estrenan con normalidad un nuevo curso escolar - COPE Alcoy<\/title>\n<meta name=\"description\" content=\"Las vacaciones de verano han llegado a su fin para los escolares, los cuales han regresado hoy a las aulas en una &#039;vuelta al cole&#039; que ha estado marcada por la normalidad tanto en Alcoy como en los municipios de nuestras comarcas\" \/>\n<meta name=\"robots\" content=\"index, follow, max-snippet:-1, max-image-preview:large, max-video-preview:-1\" \/>\n<link rel=\"canonical\" href=\"https:\/\/www.copealcoy.es\/es\/alcoy-y-la-comarca-estrenan-con-normalidad-un-nuevo-curso-escolar\/\" \/>\n<meta property=\"og:locale\" content=\"es_ES\" \/>\n<meta property=\"og:type\" content=\"article\" \/>\n<meta property=\"og:title\" content=\"Alcoy y la comarca estrenan con normalidad un nuevo curso escolar - COPE Alcoy\" \/>\n<meta property=\"og:description\" content=\"Las vacaciones de verano han llegado a su fin para los escolares, los cuales han regresado hoy a las aulas en una &#039;vuelta al cole&#039; que ha estado marcada por la normalidad tanto en Alcoy como en los municipios de nuestras comarcas\" \/>\n<meta property=\"og:url\" content=\"https:\/\/www.copealcoy.es\/es\/alcoy-y-la-comarca-estrenan-con-normalidad-un-nuevo-curso-escolar\/\" \/>\n<meta property=\"og:site_name\" content=\"COPE Alcoy\" \/>\n<meta property=\"article:published_time\" content=\"2024-09-09T12:42:47+00:00\" \/>\n<meta property=\"article:modified_time\" content=\"2024-09-09T14:29:17+00:00\" \/>\n<meta property=\"og:image\" content=\"https:\/\/www.copealcoy.es\/wp-content\/uploads\/2024\/09\/90a52977-3526-463d-b970-5a4913f5c821.jpg\" \/>\n\t<meta property=\"og:image:width\" content=\"1727\" \/>\n\t<meta property=\"og:image:height\" content=\"1080\" \/>\n\t<meta property=\"og:image:type\" content=\"image\/jpeg\" \/>\n<meta name=\"author\" content=\"Cope Alcoy\" \/>\n<meta name=\"twitter:label1\" content=\"Escrito por\" \/>\n\t<meta name=\"twitter:data1\" content=\"Cope Alcoy\" \/>\n\t<meta name=\"twitter:label2\" content=\"Tiempo de lectura\" \/>\n\t<meta name=\"twitter:data2\" content=\"4 minutos\" \/>\n<script type=\"application\/ld+json\" class=\"yoast-schema-graph\">{\"@context\":\"https:\\\/\\\/schema.org\",\"@graph\":[{\"@type\":\"Article\",\"@id\":\"https:\\\/\\\/www.copealcoy.es\\\/es\\\/alcoy-y-la-comarca-estrenan-con-normalidad-un-nuevo-curso-escolar\\\/#article\",\"isPartOf\":{\"@id\":\"https:\\\/\\\/www.copealcoy.es\\\/es\\\/alcoy-y-la-comarca-estrenan-con-normalidad-un-nuevo-curso-escolar\\\/\"},\"author\":{\"name\":\"Cope Alcoy\",\"@id\":\"https:\\\/\\\/www.copealcoy.es\\\/es\\\/#\\\/schema\\\/person\\\/e777c87fa024e57d40170af9df39882c\"},\"headline\":\"Alcoy y la comarca estrenan con normalidad un nuevo curso escolar\",\"datePublished\":\"2024-09-09T12:42:47+00:00\",\"dateModified\":\"2024-09-09T14:29:17+00:00\",\"mainEntityOfPage\":{\"@id\":\"https:\\\/\\\/www.copealcoy.es\\\/es\\\/alcoy-y-la-comarca-estrenan-con-normalidad-un-nuevo-curso-escolar\\\/\"},\"wordCount\":599,\"commentCount\":0,\"image\":{\"@id\":\"https:\\\/\\\/www.copealcoy.es\\\/es\\\/alcoy-y-la-comarca-estrenan-con-normalidad-un-nuevo-curso-escolar\\\/#primaryimage\"},\"thumbnailUrl\":\"https:\\\/\\\/www.copealcoy.es\\\/wp-content\\\/uploads\\\/2024\\\/09\\\/90a52977-3526-463d-b970-5a4913f5c821.jpg\",\"keywords\":[\"Alcoi\u00e0\",\"Alcoy\",\"Comtat\",\"inicio del curso\"],\"articleSection\":[\"Actualidad\",\"Educaci\u00f3n\",\"Noticias\",\"Portada\"],\"inLanguage\":\"es\"},{\"@type\":\"WebPage\",\"@id\":\"https:\\\/\\\/www.copealcoy.es\\\/es\\\/alcoy-y-la-comarca-estrenan-con-normalidad-un-nuevo-curso-escolar\\\/\",\"url\":\"https:\\\/\\\/www.copealcoy.es\\\/es\\\/alcoy-y-la-comarca-estrenan-con-normalidad-un-nuevo-curso-escolar\\\/\",\"name\":\"Alcoy y la comarca estrenan con normalidad un nuevo curso escolar - COPE Alcoy\",\"isPartOf\":{\"@id\":\"https:\\\/\\\/www.copealcoy.es\\\/es\\\/#website\"},\"primaryImageOfPage\":{\"@id\":\"https:\\\/\\\/www.copealcoy.es\\\/es\\\/alcoy-y-la-comarca-estrenan-con-normalidad-un-nuevo-curso-escolar\\\/#primaryimage\"},\"image\":{\"@id\":\"https:\\\/\\\/www.copealcoy.es\\\/es\\\/alcoy-y-la-comarca-estrenan-con-normalidad-un-nuevo-curso-escolar\\\/#primaryimage\"},\"thumbnailUrl\":\"https:\\\/\\\/www.copealcoy.es\\\/wp-content\\\/uploads\\\/2024\\\/09\\\/90a52977-3526-463d-b970-5a4913f5c821.jpg\",\"datePublished\":\"2024-09-09T12:42:47+00:00\",\"dateModified\":\"2024-09-09T14:29:17+00:00\",\"author\":{\"@id\":\"https:\\\/\\\/www.copealcoy.es\\\/es\\\/#\\\/schema\\\/person\\\/e777c87fa024e57d40170af9df39882c\"},\"description\":\"Las vacaciones de verano han llegado a su fin para los escolares, los cuales han regresado hoy a las aulas en una 'vuelta al cole' que ha estado marcada por la normalidad tanto en Alcoy como en los municipios de nuestras comarcas\",\"breadcrumb\":{\"@id\":\"https:\\\/\\\/www.copealcoy.es\\\/es\\\/alcoy-y-la-comarca-estrenan-con-normalidad-un-nuevo-curso-escolar\\\/#breadcrumb\"},\"inLanguage\":\"es\",\"potentialAction\":[{\"@type\":\"ReadAction\",\"target\":[\"https:\\\/\\\/www.copealcoy.es\\\/es\\\/alcoy-y-la-comarca-estrenan-con-normalidad-un-nuevo-curso-escolar\\\/\"]}]},{\"@type\":\"ImageObject\",\"inLanguage\":\"es\",\"@id\":\"https:\\\/\\\/www.copealcoy.es\\\/es\\\/alcoy-y-la-comarca-estrenan-con-normalidad-un-nuevo-curso-escolar\\\/#primaryimage\",\"url\":\"https:\\\/\\\/www.copealcoy.es\\\/wp-content\\\/uploads\\\/2024\\\/09\\\/90a52977-3526-463d-b970-5a4913f5c821.jpg\",\"contentUrl\":\"https:\\\/\\\/www.copealcoy.es\\\/wp-content\\\/uploads\\\/2024\\\/09\\\/90a52977-3526-463d-b970-5a4913f5c821.jpg\",\"width\":1727,\"height\":1080},{\"@type\":\"BreadcrumbList\",\"@id\":\"https:\\\/\\\/www.copealcoy.es\\\/es\\\/alcoy-y-la-comarca-estrenan-con-normalidad-un-nuevo-curso-escolar\\\/#breadcrumb\",\"itemListElement\":[{\"@type\":\"ListItem\",\"position\":1,\"name\":\"Portada\",\"item\":\"https:\\\/\\\/www.copealcoy.es\\\/es\\\/\"},{\"@type\":\"ListItem\",\"position\":2,\"name\":\"Alcoy y la comarca estrenan con normalidad un nuevo curso escolar\"}]},{\"@type\":\"WebSite\",\"@id\":\"https:\\\/\\\/www.copealcoy.es\\\/es\\\/#website\",\"url\":\"https:\\\/\\\/www.copealcoy.es\\\/es\\\/\",\"name\":\"COPE Alcoy\",\"description\":\"Emisora COPE de radio local con emisi\u00f3n online. Pont de Sant Jordi 8-10 03803 Alcoy\",\"potentialAction\":[{\"@type\":\"SearchAction\",\"target\":{\"@type\":\"EntryPoint\",\"urlTemplate\":\"https:\\\/\\\/www.copealcoy.es\\\/es\\\/?s={search_term_string}\"},\"query-input\":{\"@type\":\"PropertyValueSpecification\",\"valueRequired\":true,\"valueName\":\"search_term_string\"}}],\"inLanguage\":\"es\"},{\"@type\":\"Person\",\"@id\":\"https:\\\/\\\/www.copealcoy.es\\\/es\\\/#\\\/schema\\\/person\\\/e777c87fa024e57d40170af9df39882c\",\"name\":\"Cope Alcoy\",\"image\":{\"@type\":\"ImageObject\",\"inLanguage\":\"es\",\"@id\":\"https:\\\/\\\/secure.gravatar.com\\\/avatar\\\/bb65d0283347e303893ba14f0692005417c1e0e690a325a4c5d8bb2b3943ee14?s=96&d=mm&r=g\",\"url\":\"https:\\\/\\\/secure.gravatar.com\\\/avatar\\\/bb65d0283347e303893ba14f0692005417c1e0e690a325a4c5d8bb2b3943ee14?s=96&d=mm&r=g\",\"contentUrl\":\"https:\\\/\\\/secure.gravatar.com\\\/avatar\\\/bb65d0283347e303893ba14f0692005417c1e0e690a325a4c5d8bb2b3943ee14?s=96&d=mm&r=g\",\"caption\":\"Cope Alcoy\"}}]}<\/script>\n<!-- \/ Yoast SEO plugin. -->","yoast_head_json":{"title":"Alcoy y la comarca estrenan con normalidad un nuevo curso escolar - COPE Alcoy","description":"Las vacaciones de verano han llegado a su fin para los escolares, los cuales han regresado hoy a las aulas en una 'vuelta al cole' que ha estado marcada por la normalidad tanto en Alcoy como en los municipios de nuestras comarcas","robots":{"index":"index","follow":"follow","max-snippet":"max-snippet:-1","max-image-preview":"max-image-preview:large","max-video-preview":"max-video-preview:-1"},"canonical":"https:\/\/www.copealcoy.es\/es\/alcoy-y-la-comarca-estrenan-con-normalidad-un-nuevo-curso-escolar\/","og_locale":"es_ES","og_type":"article","og_title":"Alcoy y la comarca estrenan con normalidad un nuevo curso escolar - COPE Alcoy","og_description":"Las vacaciones de verano han llegado a su fin para los escolares, los cuales han regresado hoy a las aulas en una 'vuelta al cole' que ha estado marcada por la normalidad tanto en Alcoy como en los municipios de nuestras comarcas","og_url":"https:\/\/www.copealcoy.es\/es\/alcoy-y-la-comarca-estrenan-con-normalidad-un-nuevo-curso-escolar\/","og_site_name":"COPE Alcoy","article_published_time":"2024-09-09T12:42:47+00:00","article_modified_time":"2024-09-09T14:29:17+00:00","og_image":[{"width":1727,"height":1080,"url":"https:\/\/www.copealcoy.es\/wp-content\/uploads\/2024\/09\/90a52977-3526-463d-b970-5a4913f5c821.jpg","type":"image\/jpeg"}],"author":"Cope Alcoy","twitter_misc":{"Escrito por":"Cope Alcoy","Tiempo de lectura":"4 minutos"},"schema":{"@context":"https:\/\/schema.org","@graph":[{"@type":"Article","@id":"https:\/\/www.copealcoy.es\/es\/alcoy-y-la-comarca-estrenan-con-normalidad-un-nuevo-curso-escolar\/#article","isPartOf":{"@id":"https:\/\/www.copealcoy.es\/es\/alcoy-y-la-comarca-estrenan-con-normalidad-un-nuevo-curso-escolar\/"},"author":{"name":"Cope Alcoy","@id":"https:\/\/www.copealcoy.es\/es\/#\/schema\/person\/e777c87fa024e57d40170af9df39882c"},"headline":"Alcoy y la comarca estrenan con normalidad un nuevo curso escolar","datePublished":"2024-09-09T12:42:47+00:00","dateModified":"2024-09-09T14:29:17+00:00","mainEntityOfPage":{"@id":"https:\/\/www.copealcoy.es\/es\/alcoy-y-la-comarca-estrenan-con-normalidad-un-nuevo-curso-escolar\/"},"wordCount":599,"commentCount":0,"image":{"@id":"https:\/\/www.copealcoy.es\/es\/alcoy-y-la-comarca-estrenan-con-normalidad-un-nuevo-curso-escolar\/#primaryimage"},"thumbnailUrl":"https:\/\/www.copealcoy.es\/wp-content\/uploads\/2024\/09\/90a52977-3526-463d-b970-5a4913f5c821.jpg","keywords":["Alcoi\u00e0","Alcoy","Comtat","inicio del curso"],"articleSection":["Actualidad","Educaci\u00f3n","Noticias","Portada"],"inLanguage":"es"},{"@type":"WebPage","@id":"https:\/\/www.copealcoy.es\/es\/alcoy-y-la-comarca-estrenan-con-normalidad-un-nuevo-curso-escolar\/","url":"https:\/\/www.copealcoy.es\/es\/alcoy-y-la-comarca-estrenan-con-normalidad-un-nuevo-curso-escolar\/","name":"Alcoy y la comarca estrenan con normalidad un nuevo curso escolar - COPE Alcoy","isPartOf":{"@id":"https:\/\/www.copealcoy.es\/es\/#website"},"primaryImageOfPage":{"@id":"https:\/\/www.copealcoy.es\/es\/alcoy-y-la-comarca-estrenan-con-normalidad-un-nuevo-curso-escolar\/#primaryimage"},"image":{"@id":"https:\/\/www.copealcoy.es\/es\/alcoy-y-la-comarca-estrenan-con-normalidad-un-nuevo-curso-escolar\/#primaryimage"},"thumbnailUrl":"https:\/\/www.copealcoy.es\/wp-content\/uploads\/2024\/09\/90a52977-3526-463d-b970-5a4913f5c821.jpg","datePublished":"2024-09-09T12:42:47+00:00","dateModified":"2024-09-09T14:29:17+00:00","author":{"@id":"https:\/\/www.copealcoy.es\/es\/#\/schema\/person\/e777c87fa024e57d40170af9df39882c"},"description":"Las vacaciones de verano han llegado a su fin para los escolares, los cuales han regresado hoy a las aulas en una 'vuelta al cole' que ha estado marcada por la normalidad tanto en Alcoy como en los municipios de nuestras comarcas","breadcrumb":{"@id":"https:\/\/www.copealcoy.es\/es\/alcoy-y-la-comarca-estrenan-con-normalidad-un-nuevo-curso-escolar\/#breadcrumb"},"inLanguage":"es","potentialAction":[{"@type":"ReadAction","target":["https:\/\/www.copealcoy.es\/es\/alcoy-y-la-comarca-estrenan-con-normalidad-un-nuevo-curso-escolar\/"]}]},{"@type":"ImageObject","inLanguage":"es","@id":"https:\/\/www.copealcoy.es\/es\/alcoy-y-la-comarca-estrenan-con-normalidad-un-nuevo-curso-escolar\/#primaryimage","url":"https:\/\/www.copealcoy.es\/wp-content\/uploads\/2024\/09\/90a52977-3526-463d-b970-5a4913f5c821.jpg","contentUrl":"https:\/\/www.copealcoy.es\/wp-content\/uploads\/2024\/09\/90a52977-3526-463d-b970-5a4913f5c821.jpg","width":1727,"height":1080},{"@type":"BreadcrumbList","@id":"https:\/\/www.copealcoy.es\/es\/alcoy-y-la-comarca-estrenan-con-normalidad-un-nuevo-curso-escolar\/#breadcrumb","itemListElement":[{"@type":"ListItem","position":1,"name":"Portada","item":"https:\/\/www.copealcoy.es\/es\/"},{"@type":"ListItem","position":2,"name":"Alcoy y la comarca estrenan con normalidad un nuevo curso escolar"}]},{"@type":"WebSite","@id":"https:\/\/www.copealcoy.es\/es\/#website","url":"https:\/\/www.copealcoy.es\/es\/","name":"COPE Alcoy","description":"Emisora COPE de radio local con emisi\u00f3n online. Pont de Sant Jordi 8-10 03803 Alcoy","potentialAction":[{"@type":"SearchAction","target":{"@type":"EntryPoint","urlTemplate":"https:\/\/www.copealcoy.es\/es\/?s={search_term_string}"},"query-input":{"@type":"PropertyValueSpecification","valueRequired":true,"valueName":"search_term_string"}}],"inLanguage":"es"},{"@type":"Person","@id":"https:\/\/www.copealcoy.es\/es\/#\/schema\/person\/e777c87fa024e57d40170af9df39882c","name":"Cope Alcoy","image":{"@type":"ImageObject","inLanguage":"es","@id":"https:\/\/secure.gravatar.com\/avatar\/bb65d0283347e303893ba14f0692005417c1e0e690a325a4c5d8bb2b3943ee14?s=96&d=mm&r=g","url":"https:\/\/secure.gravatar.com\/avatar\/bb65d0283347e303893ba14f0692005417c1e0e690a325a4c5d8bb2b3943ee14?s=96&d=mm&r=g","contentUrl":"https:\/\/secure.gravatar.com\/avatar\/bb65d0283347e303893ba14f0692005417c1e0e690a325a4c5d8bb2b3943ee14?s=96&d=mm&r=g","caption":"Cope Alcoy"}}]}},"_links":{"self":[{"href":"https:\/\/www.copealcoy.es\/es\/wp-json\/wp\/v2\/posts\/139783","targetHints":{"allow":["GET"]}}],"collection":[{"href":"https:\/\/www.copealcoy.es\/es\/wp-json\/wp\/v2\/posts"}],"about":[{"href":"https:\/\/www.copealcoy.es\/es\/wp-json\/wp\/v2\/types\/post"}],"author":[{"embeddable":true,"href":"https:\/\/www.copealcoy.es\/es\/wp-json\/wp\/v2\/users\/1"}],"replies":[{"embeddable":true,"href":"https:\/\/www.copealcoy.es\/es\/wp-json\/wp\/v2\/comments?post=139783"}],"version-history":[{"count":0,"href":"https:\/\/www.copealcoy.es\/es\/wp-json\/wp\/v2\/posts\/139783\/revisions"}],"wp:featuredmedia":[{"embeddable":true,"href":"https:\/\/www.copealcoy.es\/es\/wp-json\/wp\/v2\/media\/139787"}],"wp:attachment":[{"href":"https:\/\/www.copealcoy.es\/es\/wp-json\/wp\/v2\/media?parent=139783"}],"wp:term":[{"taxonomy":"category","embeddable":true,"href":"https:\/\/www.copealcoy.es\/es\/wp-json\/wp\/v2\/categories?post=139783"},{"taxonomy":"post_tag","embeddable":true,"href":"https:\/\/www.copealcoy.es\/es\/wp-json\/wp\/v2\/tags?post=139783"}],"curies":[{"name":"wp","href":"https:\/\/api.w.org\/{rel}","templated":true}]}}