{"id":139685,"date":"2024-09-06T21:40:20","date_gmt":"2024-09-06T20:40:20","guid":{"rendered":"https:\/\/www.copealcoy.es\/?p=139685"},"modified":"2024-09-06T22:00:25","modified_gmt":"2024-09-06T21:00:25","slug":"alcoy-anuncia-la-romeria-a-la-font-roja-con-el-cartel-de-juan-perez-miralles","status":"publish","type":"post","link":"https:\/\/www.copealcoy.es\/es\/alcoy-anuncia-la-romeria-a-la-font-roja-con-el-cartel-de-juan-perez-miralles\/","title":{"rendered":"Alcoy anuncia la Romer\u00eda a la Font Roja con el cartel de Juan P\u00e9rez Miralles"},"content":{"rendered":"<p style=\"text-align: justify;\">Alcoy <strong>ha iniciado el mes en honor a la patrona<\/strong>, <a href=\"https:\/\/www.facebook.com\/arxiconfrariavergedelslliris\" target=\"_blank\" rel=\"noopener\"><strong><span style=\"color: #0000ff;\">la Virgen de los Lirios<\/span><\/strong><\/a>, y lo ha hecho con <strong>el descubrimiento del cartel anunciador<\/strong> de los festejos que se van a celebrar durante las pr\u00f3ximas semanas. El acto <strong>se ha llevado a cabo pasadas las 20:30h de la tarde de este viernes<\/strong> y ha estado amenizado por<strong> la m\u00fasica tradicional<\/strong> de los grupos La Degoll\u00e0 y La Cordeta.<\/p>\n<p style=\"text-align: justify;\"><strong>Juan P\u00e9rez Miralles<\/strong> ha sido el encargado de realizar la obra en una tarea que para \u00e9l no es desconocida puesto que ya hab\u00eda confeccionado el cartel en diversas ocasiones. Lo hizo, seg\u00fan ha explicado el propio autor, a finales de la d\u00e9cada de los ochenta y en 1993 siendo el de este 2024<strong> la quinta vez que pintaba una pieza para anunciar la festividad en honor a la Mare de D\u00e9u dels Lliris<\/strong>. El propio creador<strong> se ha mostrado muy ilusionado ante el reto<\/strong> y ha explicado a los micr\u00f3fonos de COPE ALCOY <strong>lo que ha querido plasmar<\/strong> en esta ocasi\u00f3n &#8220;<em>me he centrado en el amanecer del domingo de Romer\u00eda, con el sol iluminando el Santuario de la Font Roja y la ciudad de Alcoy que aparece al fondo. Todo ello junto a un lirio y la imagen de la patrona en la parte superior sobre un fondo marr\u00f3n resaltando a quien es la protagonista de estos festejos<\/em>&#8220;, ha comentado.<\/p>\n<p style=\"text-align: justify;\"><a href=\"https:\/\/www.copealcoy.es\/wp-content\/uploads\/2024\/09\/458697188_904323848394808_2467676778119383752_n.jpg\"><img loading=\"lazy\" decoding=\"async\" class=\"wp-image-139689 aligncenter\" src=\"https:\/\/www.copealcoy.es\/wp-content\/uploads\/2024\/09\/458697188_904323848394808_2467676778119383752_n.jpg\" alt=\"\" width=\"552\" height=\"894\" \/><\/a><\/p>\n<p style=\"text-align: justify;\">El alcalde de la ciudad, <strong>Toni Franc\u00e9s<\/strong>, ha acompa\u00f1ado a <strong>Juan P\u00e9rez Miralles<\/strong> en el momento de retirar la cortina que cubr\u00eda el cuadro. Junto a ellos <strong>han estado<\/strong> la presidenta de la archicofrad\u00eda (Reme Perell\u00f3), el titular de las parroquias del Centro (Don Jes\u00fas Fuentes), el vicealcalde de Alcoy (\u00c1lex Cerradelo) o el edil de Fiestas (Jordi Mart\u00ednez). Tampoco ha faltado el diputado provincial del PP y portavoz de los populares alcoyanos (Carlos Pastor) junto a concejales de los diferentes grupos pol\u00edticos representados en la Corporaci\u00f3n Municipal de la ciudad. El <strong>disparo de un castillo de fuegos artificiales<\/strong> ha puesto fin al primero de muchos de los actos que tendr\u00e1n lugar en este mes dedicado a la Virgen de los Lirios.<\/p>\n","protected":false},"excerpt":{"rendered":"<p>Alcoy ha iniciado el mes en honor a la patrona, la Virgen de los Lirios, y lo ha hecho con&#8230;<\/p>\n","protected":false},"author":1,"featured_media":139686,"comment_status":"open","ping_status":"open","sticky":false,"template":"","format":"standard","meta":{"footnotes":""},"categories":[6909,97,75,125],"tags":[1494,908,437,18544,566,1347],"class_list":["post-139685","post","type-post","status-publish","format-standard","has-post-thumbnail","hentry","category-actualidad","category-alcoy","category-noticias","category-portada","tag-alcoy","tag-cartel","tag-font-roja","tag-juan-perez-miralles","tag-romeria","tag-virgen-de-los-lirios"],"yoast_head":"<!-- This site is optimized with the Yoast SEO plugin v27.3 - https:\/\/yoast.com\/product\/yoast-seo-wordpress\/ -->\n<title>Alcoy anuncia la Romer\u00eda a la Font Roja con el cartel de Juan P\u00e9rez Miralles - COPE Alcoy<\/title>\n<meta name=\"description\" content=\"El cartel de Juan P\u00e9rez Miralles ya anuncia en Alcoy la Romer\u00eda a la Font Roja del pr\u00f3ximo 22 de septiembre\" \/>\n<meta name=\"robots\" content=\"index, follow, max-snippet:-1, max-image-preview:large, max-video-preview:-1\" \/>\n<link rel=\"canonical\" href=\"https:\/\/www.copealcoy.es\/es\/alcoy-anuncia-la-romeria-a-la-font-roja-con-el-cartel-de-juan-perez-miralles\/\" \/>\n<meta property=\"og:locale\" content=\"es_ES\" \/>\n<meta property=\"og:type\" content=\"article\" \/>\n<meta property=\"og:title\" content=\"Alcoy anuncia la Romer\u00eda a la Font Roja con el cartel de Juan P\u00e9rez Miralles - COPE Alcoy\" \/>\n<meta property=\"og:description\" content=\"El cartel de Juan P\u00e9rez Miralles ya anuncia en Alcoy la Romer\u00eda a la Font Roja del pr\u00f3ximo 22 de septiembre\" \/>\n<meta property=\"og:url\" content=\"https:\/\/www.copealcoy.es\/es\/alcoy-anuncia-la-romeria-a-la-font-roja-con-el-cartel-de-juan-perez-miralles\/\" \/>\n<meta property=\"og:site_name\" content=\"COPE Alcoy\" \/>\n<meta property=\"article:published_time\" content=\"2024-09-06T20:40:20+00:00\" \/>\n<meta property=\"article:modified_time\" content=\"2024-09-06T21:00:25+00:00\" \/>\n<meta property=\"og:image\" content=\"https:\/\/www.copealcoy.es\/wp-content\/uploads\/2024\/09\/unnamed-1-6-scaled-e1725655414696.jpg\" \/>\n\t<meta property=\"og:image:width\" content=\"1377\" \/>\n\t<meta property=\"og:image:height\" content=\"818\" \/>\n\t<meta property=\"og:image:type\" content=\"image\/jpeg\" \/>\n<meta name=\"author\" content=\"Cope Alcoy\" \/>\n<meta name=\"twitter:label1\" content=\"Escrito por\" \/>\n\t<meta name=\"twitter:data1\" content=\"Cope Alcoy\" \/>\n\t<meta name=\"twitter:label2\" content=\"Tiempo de lectura\" \/>\n\t<meta name=\"twitter:data2\" content=\"3 minutos\" \/>\n<script type=\"application\/ld+json\" class=\"yoast-schema-graph\">{\"@context\":\"https:\\\/\\\/schema.org\",\"@graph\":[{\"@type\":\"Article\",\"@id\":\"https:\\\/\\\/www.copealcoy.es\\\/es\\\/alcoy-anuncia-la-romeria-a-la-font-roja-con-el-cartel-de-juan-perez-miralles\\\/#article\",\"isPartOf\":{\"@id\":\"https:\\\/\\\/www.copealcoy.es\\\/es\\\/alcoy-anuncia-la-romeria-a-la-font-roja-con-el-cartel-de-juan-perez-miralles\\\/\"},\"author\":{\"name\":\"Cope Alcoy\",\"@id\":\"https:\\\/\\\/www.copealcoy.es\\\/es\\\/#\\\/schema\\\/person\\\/e777c87fa024e57d40170af9df39882c\"},\"headline\":\"Alcoy anuncia la Romer\u00eda a la Font Roja con el cartel de Juan P\u00e9rez Miralles\",\"datePublished\":\"2024-09-06T20:40:20+00:00\",\"dateModified\":\"2024-09-06T21:00:25+00:00\",\"mainEntityOfPage\":{\"@id\":\"https:\\\/\\\/www.copealcoy.es\\\/es\\\/alcoy-anuncia-la-romeria-a-la-font-roja-con-el-cartel-de-juan-perez-miralles\\\/\"},\"wordCount\":389,\"commentCount\":0,\"image\":{\"@id\":\"https:\\\/\\\/www.copealcoy.es\\\/es\\\/alcoy-anuncia-la-romeria-a-la-font-roja-con-el-cartel-de-juan-perez-miralles\\\/#primaryimage\"},\"thumbnailUrl\":\"https:\\\/\\\/www.copealcoy.es\\\/wp-content\\\/uploads\\\/2024\\\/09\\\/unnamed-1-6-scaled-e1725655414696.jpg\",\"keywords\":[\"Alcoy\",\"Cartel\",\"Font Roja\",\"Juan P\u00e9rez Miralles\",\"Romer\u00eda\",\"Virgen de los Lirios\"],\"articleSection\":[\"Actualidad\",\"Alcoy\",\"Noticias\",\"Portada\"],\"inLanguage\":\"es\"},{\"@type\":\"WebPage\",\"@id\":\"https:\\\/\\\/www.copealcoy.es\\\/es\\\/alcoy-anuncia-la-romeria-a-la-font-roja-con-el-cartel-de-juan-perez-miralles\\\/\",\"url\":\"https:\\\/\\\/www.copealcoy.es\\\/es\\\/alcoy-anuncia-la-romeria-a-la-font-roja-con-el-cartel-de-juan-perez-miralles\\\/\",\"name\":\"Alcoy anuncia la Romer\u00eda a la Font Roja con el cartel de Juan P\u00e9rez Miralles - COPE Alcoy\",\"isPartOf\":{\"@id\":\"https:\\\/\\\/www.copealcoy.es\\\/es\\\/#website\"},\"primaryImageOfPage\":{\"@id\":\"https:\\\/\\\/www.copealcoy.es\\\/es\\\/alcoy-anuncia-la-romeria-a-la-font-roja-con-el-cartel-de-juan-perez-miralles\\\/#primaryimage\"},\"image\":{\"@id\":\"https:\\\/\\\/www.copealcoy.es\\\/es\\\/alcoy-anuncia-la-romeria-a-la-font-roja-con-el-cartel-de-juan-perez-miralles\\\/#primaryimage\"},\"thumbnailUrl\":\"https:\\\/\\\/www.copealcoy.es\\\/wp-content\\\/uploads\\\/2024\\\/09\\\/unnamed-1-6-scaled-e1725655414696.jpg\",\"datePublished\":\"2024-09-06T20:40:20+00:00\",\"dateModified\":\"2024-09-06T21:00:25+00:00\",\"author\":{\"@id\":\"https:\\\/\\\/www.copealcoy.es\\\/es\\\/#\\\/schema\\\/person\\\/e777c87fa024e57d40170af9df39882c\"},\"description\":\"El cartel de Juan P\u00e9rez Miralles ya anuncia en Alcoy la Romer\u00eda a la Font Roja del pr\u00f3ximo 22 de septiembre\",\"breadcrumb\":{\"@id\":\"https:\\\/\\\/www.copealcoy.es\\\/es\\\/alcoy-anuncia-la-romeria-a-la-font-roja-con-el-cartel-de-juan-perez-miralles\\\/#breadcrumb\"},\"inLanguage\":\"es\",\"potentialAction\":[{\"@type\":\"ReadAction\",\"target\":[\"https:\\\/\\\/www.copealcoy.es\\\/es\\\/alcoy-anuncia-la-romeria-a-la-font-roja-con-el-cartel-de-juan-perez-miralles\\\/\"]}]},{\"@type\":\"ImageObject\",\"inLanguage\":\"es\",\"@id\":\"https:\\\/\\\/www.copealcoy.es\\\/es\\\/alcoy-anuncia-la-romeria-a-la-font-roja-con-el-cartel-de-juan-perez-miralles\\\/#primaryimage\",\"url\":\"https:\\\/\\\/www.copealcoy.es\\\/wp-content\\\/uploads\\\/2024\\\/09\\\/unnamed-1-6-scaled-e1725655414696.jpg\",\"contentUrl\":\"https:\\\/\\\/www.copealcoy.es\\\/wp-content\\\/uploads\\\/2024\\\/09\\\/unnamed-1-6-scaled-e1725655414696.jpg\",\"width\":1377,\"height\":818},{\"@type\":\"BreadcrumbList\",\"@id\":\"https:\\\/\\\/www.copealcoy.es\\\/es\\\/alcoy-anuncia-la-romeria-a-la-font-roja-con-el-cartel-de-juan-perez-miralles\\\/#breadcrumb\",\"itemListElement\":[{\"@type\":\"ListItem\",\"position\":1,\"name\":\"Portada\",\"item\":\"https:\\\/\\\/www.copealcoy.es\\\/es\\\/\"},{\"@type\":\"ListItem\",\"position\":2,\"name\":\"Alcoy anuncia la Romer\u00eda a la Font Roja con el cartel de Juan P\u00e9rez Miralles\"}]},{\"@type\":\"WebSite\",\"@id\":\"https:\\\/\\\/www.copealcoy.es\\\/es\\\/#website\",\"url\":\"https:\\\/\\\/www.copealcoy.es\\\/es\\\/\",\"name\":\"COPE Alcoy\",\"description\":\"Emisora COPE de radio local con emisi\u00f3n online. Pont de Sant Jordi 8-10 03803 Alcoy\",\"potentialAction\":[{\"@type\":\"SearchAction\",\"target\":{\"@type\":\"EntryPoint\",\"urlTemplate\":\"https:\\\/\\\/www.copealcoy.es\\\/es\\\/?s={search_term_string}\"},\"query-input\":{\"@type\":\"PropertyValueSpecification\",\"valueRequired\":true,\"valueName\":\"search_term_string\"}}],\"inLanguage\":\"es\"},{\"@type\":\"Person\",\"@id\":\"https:\\\/\\\/www.copealcoy.es\\\/es\\\/#\\\/schema\\\/person\\\/e777c87fa024e57d40170af9df39882c\",\"name\":\"Cope Alcoy\",\"image\":{\"@type\":\"ImageObject\",\"inLanguage\":\"es\",\"@id\":\"https:\\\/\\\/secure.gravatar.com\\\/avatar\\\/bb65d0283347e303893ba14f0692005417c1e0e690a325a4c5d8bb2b3943ee14?s=96&d=mm&r=g\",\"url\":\"https:\\\/\\\/secure.gravatar.com\\\/avatar\\\/bb65d0283347e303893ba14f0692005417c1e0e690a325a4c5d8bb2b3943ee14?s=96&d=mm&r=g\",\"contentUrl\":\"https:\\\/\\\/secure.gravatar.com\\\/avatar\\\/bb65d0283347e303893ba14f0692005417c1e0e690a325a4c5d8bb2b3943ee14?s=96&d=mm&r=g\",\"caption\":\"Cope Alcoy\"}}]}<\/script>\n<!-- \/ Yoast SEO plugin. -->","yoast_head_json":{"title":"Alcoy anuncia la Romer\u00eda a la Font Roja con el cartel de Juan P\u00e9rez Miralles - COPE Alcoy","description":"El cartel de Juan P\u00e9rez Miralles ya anuncia en Alcoy la Romer\u00eda a la Font Roja del pr\u00f3ximo 22 de septiembre","robots":{"index":"index","follow":"follow","max-snippet":"max-snippet:-1","max-image-preview":"max-image-preview:large","max-video-preview":"max-video-preview:-1"},"canonical":"https:\/\/www.copealcoy.es\/es\/alcoy-anuncia-la-romeria-a-la-font-roja-con-el-cartel-de-juan-perez-miralles\/","og_locale":"es_ES","og_type":"article","og_title":"Alcoy anuncia la Romer\u00eda a la Font Roja con el cartel de Juan P\u00e9rez Miralles - COPE Alcoy","og_description":"El cartel de Juan P\u00e9rez Miralles ya anuncia en Alcoy la Romer\u00eda a la Font Roja del pr\u00f3ximo 22 de septiembre","og_url":"https:\/\/www.copealcoy.es\/es\/alcoy-anuncia-la-romeria-a-la-font-roja-con-el-cartel-de-juan-perez-miralles\/","og_site_name":"COPE Alcoy","article_published_time":"2024-09-06T20:40:20+00:00","article_modified_time":"2024-09-06T21:00:25+00:00","og_image":[{"width":1377,"height":818,"url":"https:\/\/www.copealcoy.es\/wp-content\/uploads\/2024\/09\/unnamed-1-6-scaled-e1725655414696.jpg","type":"image\/jpeg"}],"author":"Cope Alcoy","twitter_misc":{"Escrito por":"Cope Alcoy","Tiempo de lectura":"3 minutos"},"schema":{"@context":"https:\/\/schema.org","@graph":[{"@type":"Article","@id":"https:\/\/www.copealcoy.es\/es\/alcoy-anuncia-la-romeria-a-la-font-roja-con-el-cartel-de-juan-perez-miralles\/#article","isPartOf":{"@id":"https:\/\/www.copealcoy.es\/es\/alcoy-anuncia-la-romeria-a-la-font-roja-con-el-cartel-de-juan-perez-miralles\/"},"author":{"name":"Cope Alcoy","@id":"https:\/\/www.copealcoy.es\/es\/#\/schema\/person\/e777c87fa024e57d40170af9df39882c"},"headline":"Alcoy anuncia la Romer\u00eda a la Font Roja con el cartel de Juan P\u00e9rez Miralles","datePublished":"2024-09-06T20:40:20+00:00","dateModified":"2024-09-06T21:00:25+00:00","mainEntityOfPage":{"@id":"https:\/\/www.copealcoy.es\/es\/alcoy-anuncia-la-romeria-a-la-font-roja-con-el-cartel-de-juan-perez-miralles\/"},"wordCount":389,"commentCount":0,"image":{"@id":"https:\/\/www.copealcoy.es\/es\/alcoy-anuncia-la-romeria-a-la-font-roja-con-el-cartel-de-juan-perez-miralles\/#primaryimage"},"thumbnailUrl":"https:\/\/www.copealcoy.es\/wp-content\/uploads\/2024\/09\/unnamed-1-6-scaled-e1725655414696.jpg","keywords":["Alcoy","Cartel","Font Roja","Juan P\u00e9rez Miralles","Romer\u00eda","Virgen de los Lirios"],"articleSection":["Actualidad","Alcoy","Noticias","Portada"],"inLanguage":"es"},{"@type":"WebPage","@id":"https:\/\/www.copealcoy.es\/es\/alcoy-anuncia-la-romeria-a-la-font-roja-con-el-cartel-de-juan-perez-miralles\/","url":"https:\/\/www.copealcoy.es\/es\/alcoy-anuncia-la-romeria-a-la-font-roja-con-el-cartel-de-juan-perez-miralles\/","name":"Alcoy anuncia la Romer\u00eda a la Font Roja con el cartel de Juan P\u00e9rez Miralles - COPE Alcoy","isPartOf":{"@id":"https:\/\/www.copealcoy.es\/es\/#website"},"primaryImageOfPage":{"@id":"https:\/\/www.copealcoy.es\/es\/alcoy-anuncia-la-romeria-a-la-font-roja-con-el-cartel-de-juan-perez-miralles\/#primaryimage"},"image":{"@id":"https:\/\/www.copealcoy.es\/es\/alcoy-anuncia-la-romeria-a-la-font-roja-con-el-cartel-de-juan-perez-miralles\/#primaryimage"},"thumbnailUrl":"https:\/\/www.copealcoy.es\/wp-content\/uploads\/2024\/09\/unnamed-1-6-scaled-e1725655414696.jpg","datePublished":"2024-09-06T20:40:20+00:00","dateModified":"2024-09-06T21:00:25+00:00","author":{"@id":"https:\/\/www.copealcoy.es\/es\/#\/schema\/person\/e777c87fa024e57d40170af9df39882c"},"description":"El cartel de Juan P\u00e9rez Miralles ya anuncia en Alcoy la Romer\u00eda a la Font Roja del pr\u00f3ximo 22 de septiembre","breadcrumb":{"@id":"https:\/\/www.copealcoy.es\/es\/alcoy-anuncia-la-romeria-a-la-font-roja-con-el-cartel-de-juan-perez-miralles\/#breadcrumb"},"inLanguage":"es","potentialAction":[{"@type":"ReadAction","target":["https:\/\/www.copealcoy.es\/es\/alcoy-anuncia-la-romeria-a-la-font-roja-con-el-cartel-de-juan-perez-miralles\/"]}]},{"@type":"ImageObject","inLanguage":"es","@id":"https:\/\/www.copealcoy.es\/es\/alcoy-anuncia-la-romeria-a-la-font-roja-con-el-cartel-de-juan-perez-miralles\/#primaryimage","url":"https:\/\/www.copealcoy.es\/wp-content\/uploads\/2024\/09\/unnamed-1-6-scaled-e1725655414696.jpg","contentUrl":"https:\/\/www.copealcoy.es\/wp-content\/uploads\/2024\/09\/unnamed-1-6-scaled-e1725655414696.jpg","width":1377,"height":818},{"@type":"BreadcrumbList","@id":"https:\/\/www.copealcoy.es\/es\/alcoy-anuncia-la-romeria-a-la-font-roja-con-el-cartel-de-juan-perez-miralles\/#breadcrumb","itemListElement":[{"@type":"ListItem","position":1,"name":"Portada","item":"https:\/\/www.copealcoy.es\/es\/"},{"@type":"ListItem","position":2,"name":"Alcoy anuncia la Romer\u00eda a la Font Roja con el cartel de Juan P\u00e9rez Miralles"}]},{"@type":"WebSite","@id":"https:\/\/www.copealcoy.es\/es\/#website","url":"https:\/\/www.copealcoy.es\/es\/","name":"COPE Alcoy","description":"Emisora COPE de radio local con emisi\u00f3n online. Pont de Sant Jordi 8-10 03803 Alcoy","potentialAction":[{"@type":"SearchAction","target":{"@type":"EntryPoint","urlTemplate":"https:\/\/www.copealcoy.es\/es\/?s={search_term_string}"},"query-input":{"@type":"PropertyValueSpecification","valueRequired":true,"valueName":"search_term_string"}}],"inLanguage":"es"},{"@type":"Person","@id":"https:\/\/www.copealcoy.es\/es\/#\/schema\/person\/e777c87fa024e57d40170af9df39882c","name":"Cope Alcoy","image":{"@type":"ImageObject","inLanguage":"es","@id":"https:\/\/secure.gravatar.com\/avatar\/bb65d0283347e303893ba14f0692005417c1e0e690a325a4c5d8bb2b3943ee14?s=96&d=mm&r=g","url":"https:\/\/secure.gravatar.com\/avatar\/bb65d0283347e303893ba14f0692005417c1e0e690a325a4c5d8bb2b3943ee14?s=96&d=mm&r=g","contentUrl":"https:\/\/secure.gravatar.com\/avatar\/bb65d0283347e303893ba14f0692005417c1e0e690a325a4c5d8bb2b3943ee14?s=96&d=mm&r=g","caption":"Cope Alcoy"}}]}},"_links":{"self":[{"href":"https:\/\/www.copealcoy.es\/es\/wp-json\/wp\/v2\/posts\/139685","targetHints":{"allow":["GET"]}}],"collection":[{"href":"https:\/\/www.copealcoy.es\/es\/wp-json\/wp\/v2\/posts"}],"about":[{"href":"https:\/\/www.copealcoy.es\/es\/wp-json\/wp\/v2\/types\/post"}],"author":[{"embeddable":true,"href":"https:\/\/www.copealcoy.es\/es\/wp-json\/wp\/v2\/users\/1"}],"replies":[{"embeddable":true,"href":"https:\/\/www.copealcoy.es\/es\/wp-json\/wp\/v2\/comments?post=139685"}],"version-history":[{"count":0,"href":"https:\/\/www.copealcoy.es\/es\/wp-json\/wp\/v2\/posts\/139685\/revisions"}],"wp:featuredmedia":[{"embeddable":true,"href":"https:\/\/www.copealcoy.es\/es\/wp-json\/wp\/v2\/media\/139686"}],"wp:attachment":[{"href":"https:\/\/www.copealcoy.es\/es\/wp-json\/wp\/v2\/media?parent=139685"}],"wp:term":[{"taxonomy":"category","embeddable":true,"href":"https:\/\/www.copealcoy.es\/es\/wp-json\/wp\/v2\/categories?post=139685"},{"taxonomy":"post_tag","embeddable":true,"href":"https:\/\/www.copealcoy.es\/es\/wp-json\/wp\/v2\/tags?post=139685"}],"curies":[{"name":"wp","href":"https:\/\/api.w.org\/{rel}","templated":true}]}}