{"id":139673,"date":"2024-09-06T11:02:12","date_gmt":"2024-09-06T10:02:12","guid":{"rendered":"https:\/\/www.copealcoy.es\/?p=139673"},"modified":"2024-09-06T14:56:26","modified_gmt":"2024-09-06T13:56:26","slug":"el-campo-de-la-comarca-aprecia-las-ultimas-lluvias-pero-con-matices-no-es-suficiente","status":"publish","type":"post","link":"https:\/\/www.copealcoy.es\/es\/el-campo-de-la-comarca-aprecia-las-ultimas-lluvias-pero-con-matices-no-es-suficiente\/","title":{"rendered":"El campo de la comarca aprecia las \u00faltimas lluvias pero con matices &#8220;no es suficiente&#8221;"},"content":{"rendered":"<p style=\"text-align: justify;\">Las <strong>recientes lluvias<\/strong> que han ca\u00eddo en nuestras comarcas de l&#8217;Alcoi\u00e0 y el Comtat\u00a0 al inicio de este mes de septiembre <strong>han sido recibidas con cierto optimismo por los agricultores<\/strong>, quienes llevaban meses lidiando con una sequ\u00eda prolongada. A pesar de la intensidad de las precipitaciones,<strong> los productores de la zona se\u00f1alan que no se han registrado da\u00f1os significativos en sus campos<\/strong>, lo cual <strong>contrasta<\/strong> con la situaci\u00f3n vivida en comarcas vecinas como la de la Vall d&#8217;Albaida, donde en algunas localidades lleg\u00f3 a caer granizo de considerable tama\u00f1o generando da\u00f1os materiales o en la cosecha.<\/p>\n<p style=\"text-align: justify;\"><strong>Hilari Calabuig<\/strong>, representante de la Cooperativa Agr\u00edcola de Planes, destacaba al respecto en COPE ALCOY que, aunque las lluvias han sido necesarias y han contribuido a aliviar la cr\u00edtica situaci\u00f3n agr\u00edcola, &#8220;<em>no son suficientes<\/em>&#8221; porque desde principios de a\u00f1o apenas ha llovido con regularidad. Calabuig explic\u00f3 tambi\u00e9n que <strong>las tormentas no han dejado un calado adecuado en la tierra y subray\u00f3 que son necesarias precipitaciones m\u00e1s prolongadas durante varios d\u00edas para realmente recuperar las reservas h\u00eddricas y mejorar la productividad de los cultivos<\/strong> <em>&#8220;hac\u00eda falta que lloviera, ya que algunos \u00e1rboles de secano necesitaban urgentemente agua, y estas tormentas tambi\u00e9n han tra\u00eddo alg\u00fan beneficio a la ganader\u00eda puesto que los pastos comenzar\u00e1n a regenerarse despu\u00e9s de tanto tiempo con altas temperaturas&#8221;<\/em>, detalla.<\/p>\n<p style=\"text-align: justify;\"><span style=\"color: #0000ff;\"><strong>Septiembre ya es el mes m\u00e1s lluvioso en Alcoy en lo que llevamos de a\u00f1o<\/strong><\/span><\/p>\n<p style=\"text-align: justify;\">Las lluvias de los \u00faltimos d\u00edas <strong>han sido generosas en la comarca<\/strong> con registros como <strong>los m\u00e1s de 100 litros por metro cuadrado que se alcanzaron en Ares del Bosc<\/strong>, pedania de Alcoleja, el pasado lunes. En el caso de<strong> Alcoy<\/strong> las precipitaciones han dejado 58 litros por metro cuadrado en cuatro d\u00edas de lluvia seg\u00fan los datos del pluvi\u00f3metro del <a href=\"https:\/\/www.circuloindustrial.net\/index.php\" target=\"_blank\" rel=\"noopener\"><span style=\"color: #0000ff;\"><strong>C\u00edrculo Industrial<\/strong><\/span><\/a>. Esto hace que septiembre sea, hasta el momento, el mes en el que m\u00e1s ha llovido en Alcoy en un 2024 en el que llevamos 223,8 litros por metro cuadrado contabilizados en el citado pluvi\u00f3metro.<\/p>\n","protected":false},"excerpt":{"rendered":"<p>Las recientes lluvias que han ca\u00eddo en nuestras comarcas de l&#8217;Alcoi\u00e0 y el Comtat\u00a0 al inicio de este mes de&#8230;<\/p>\n","protected":false},"author":1,"featured_media":139674,"comment_status":"open","ping_status":"open","sticky":false,"template":"","format":"standard","meta":{"footnotes":""},"categories":[6909,98,75,125],"tags":[399,1494,236,534,536],"class_list":["post-139673","post","type-post","status-publish","format-standard","has-post-thumbnail","hentry","category-actualidad","category-comarcas","category-noticias","category-portada","tag-agricultura","tag-alcoy","tag-comarca","tag-lluvia","tag-precipitaciones"],"yoast_head":"<!-- This site is optimized with the Yoast SEO plugin v27.3 - https:\/\/yoast.com\/product\/yoast-seo-wordpress\/ -->\n<title>El campo de la comarca aprecia las \u00faltimas lluvias pero con matices &quot;no es suficiente&quot; - COPE Alcoy<\/title>\n<meta name=\"description\" content=\"Las recientes lluvias que han ca\u00eddo en nuestras comarcas de l&#039;Alcoi\u00e0 y el Comtat\u00a0 al inicio de este mes de septiembre han sido recibidas con cierto optimismo por los agricultores\" \/>\n<meta name=\"robots\" content=\"index, follow, max-snippet:-1, max-image-preview:large, max-video-preview:-1\" \/>\n<link rel=\"canonical\" href=\"https:\/\/www.copealcoy.es\/es\/el-campo-de-la-comarca-aprecia-las-ultimas-lluvias-pero-con-matices-no-es-suficiente\/\" \/>\n<meta property=\"og:locale\" content=\"es_ES\" \/>\n<meta property=\"og:type\" content=\"article\" \/>\n<meta property=\"og:title\" content=\"El campo de la comarca aprecia las \u00faltimas lluvias pero con matices &quot;no es suficiente&quot; - COPE Alcoy\" \/>\n<meta property=\"og:description\" content=\"Las recientes lluvias que han ca\u00eddo en nuestras comarcas de l&#039;Alcoi\u00e0 y el Comtat\u00a0 al inicio de este mes de septiembre han sido recibidas con cierto optimismo por los agricultores\" \/>\n<meta property=\"og:url\" content=\"https:\/\/www.copealcoy.es\/es\/el-campo-de-la-comarca-aprecia-las-ultimas-lluvias-pero-con-matices-no-es-suficiente\/\" \/>\n<meta property=\"og:site_name\" content=\"COPE Alcoy\" \/>\n<meta property=\"article:published_time\" content=\"2024-09-06T10:02:12+00:00\" \/>\n<meta property=\"article:modified_time\" content=\"2024-09-06T13:56:26+00:00\" \/>\n<meta property=\"og:image\" content=\"https:\/\/www.copealcoy.es\/wp-content\/uploads\/2024\/09\/unnamed-1-5-scaled.jpg\" \/>\n\t<meta property=\"og:image:width\" content=\"1709\" \/>\n\t<meta property=\"og:image:height\" content=\"1080\" \/>\n\t<meta property=\"og:image:type\" content=\"image\/jpeg\" \/>\n<meta name=\"author\" content=\"Cope Alcoy\" \/>\n<meta name=\"twitter:label1\" content=\"Escrito por\" \/>\n\t<meta name=\"twitter:data1\" content=\"Cope Alcoy\" \/>\n\t<meta name=\"twitter:label2\" content=\"Tiempo de lectura\" \/>\n\t<meta name=\"twitter:data2\" content=\"3 minutos\" \/>\n<script type=\"application\/ld+json\" class=\"yoast-schema-graph\">{\"@context\":\"https:\\\/\\\/schema.org\",\"@graph\":[{\"@type\":\"Article\",\"@id\":\"https:\\\/\\\/www.copealcoy.es\\\/es\\\/el-campo-de-la-comarca-aprecia-las-ultimas-lluvias-pero-con-matices-no-es-suficiente\\\/#article\",\"isPartOf\":{\"@id\":\"https:\\\/\\\/www.copealcoy.es\\\/es\\\/el-campo-de-la-comarca-aprecia-las-ultimas-lluvias-pero-con-matices-no-es-suficiente\\\/\"},\"author\":{\"name\":\"Cope Alcoy\",\"@id\":\"https:\\\/\\\/www.copealcoy.es\\\/es\\\/#\\\/schema\\\/person\\\/e777c87fa024e57d40170af9df39882c\"},\"headline\":\"El campo de la comarca aprecia las \u00faltimas lluvias pero con matices &#8220;no es suficiente&#8221;\",\"datePublished\":\"2024-09-06T10:02:12+00:00\",\"dateModified\":\"2024-09-06T13:56:26+00:00\",\"mainEntityOfPage\":{\"@id\":\"https:\\\/\\\/www.copealcoy.es\\\/es\\\/el-campo-de-la-comarca-aprecia-las-ultimas-lluvias-pero-con-matices-no-es-suficiente\\\/\"},\"wordCount\":377,\"commentCount\":0,\"image\":{\"@id\":\"https:\\\/\\\/www.copealcoy.es\\\/es\\\/el-campo-de-la-comarca-aprecia-las-ultimas-lluvias-pero-con-matices-no-es-suficiente\\\/#primaryimage\"},\"thumbnailUrl\":\"https:\\\/\\\/www.copealcoy.es\\\/wp-content\\\/uploads\\\/2024\\\/09\\\/unnamed-1-5-scaled.jpg\",\"keywords\":[\"Agricultura\",\"Alcoy\",\"Comarca\",\"Lluvia\",\"Precipitaciones\"],\"articleSection\":[\"Actualidad\",\"Comarcas\",\"Noticias\",\"Portada\"],\"inLanguage\":\"es\"},{\"@type\":\"WebPage\",\"@id\":\"https:\\\/\\\/www.copealcoy.es\\\/es\\\/el-campo-de-la-comarca-aprecia-las-ultimas-lluvias-pero-con-matices-no-es-suficiente\\\/\",\"url\":\"https:\\\/\\\/www.copealcoy.es\\\/es\\\/el-campo-de-la-comarca-aprecia-las-ultimas-lluvias-pero-con-matices-no-es-suficiente\\\/\",\"name\":\"El campo de la comarca aprecia las \u00faltimas lluvias pero con matices \\\"no es suficiente\\\" - COPE Alcoy\",\"isPartOf\":{\"@id\":\"https:\\\/\\\/www.copealcoy.es\\\/es\\\/#website\"},\"primaryImageOfPage\":{\"@id\":\"https:\\\/\\\/www.copealcoy.es\\\/es\\\/el-campo-de-la-comarca-aprecia-las-ultimas-lluvias-pero-con-matices-no-es-suficiente\\\/#primaryimage\"},\"image\":{\"@id\":\"https:\\\/\\\/www.copealcoy.es\\\/es\\\/el-campo-de-la-comarca-aprecia-las-ultimas-lluvias-pero-con-matices-no-es-suficiente\\\/#primaryimage\"},\"thumbnailUrl\":\"https:\\\/\\\/www.copealcoy.es\\\/wp-content\\\/uploads\\\/2024\\\/09\\\/unnamed-1-5-scaled.jpg\",\"datePublished\":\"2024-09-06T10:02:12+00:00\",\"dateModified\":\"2024-09-06T13:56:26+00:00\",\"author\":{\"@id\":\"https:\\\/\\\/www.copealcoy.es\\\/es\\\/#\\\/schema\\\/person\\\/e777c87fa024e57d40170af9df39882c\"},\"description\":\"Las recientes lluvias que han ca\u00eddo en nuestras comarcas de l'Alcoi\u00e0 y el Comtat\u00a0 al inicio de este mes de septiembre han sido recibidas con cierto optimismo por los agricultores\",\"breadcrumb\":{\"@id\":\"https:\\\/\\\/www.copealcoy.es\\\/es\\\/el-campo-de-la-comarca-aprecia-las-ultimas-lluvias-pero-con-matices-no-es-suficiente\\\/#breadcrumb\"},\"inLanguage\":\"es\",\"potentialAction\":[{\"@type\":\"ReadAction\",\"target\":[\"https:\\\/\\\/www.copealcoy.es\\\/es\\\/el-campo-de-la-comarca-aprecia-las-ultimas-lluvias-pero-con-matices-no-es-suficiente\\\/\"]}]},{\"@type\":\"ImageObject\",\"inLanguage\":\"es\",\"@id\":\"https:\\\/\\\/www.copealcoy.es\\\/es\\\/el-campo-de-la-comarca-aprecia-las-ultimas-lluvias-pero-con-matices-no-es-suficiente\\\/#primaryimage\",\"url\":\"https:\\\/\\\/www.copealcoy.es\\\/wp-content\\\/uploads\\\/2024\\\/09\\\/unnamed-1-5-scaled.jpg\",\"contentUrl\":\"https:\\\/\\\/www.copealcoy.es\\\/wp-content\\\/uploads\\\/2024\\\/09\\\/unnamed-1-5-scaled.jpg\",\"width\":1709,\"height\":1080},{\"@type\":\"BreadcrumbList\",\"@id\":\"https:\\\/\\\/www.copealcoy.es\\\/es\\\/el-campo-de-la-comarca-aprecia-las-ultimas-lluvias-pero-con-matices-no-es-suficiente\\\/#breadcrumb\",\"itemListElement\":[{\"@type\":\"ListItem\",\"position\":1,\"name\":\"Portada\",\"item\":\"https:\\\/\\\/www.copealcoy.es\\\/es\\\/\"},{\"@type\":\"ListItem\",\"position\":2,\"name\":\"El campo de la comarca aprecia las \u00faltimas lluvias pero con matices &#8220;no es suficiente&#8221;\"}]},{\"@type\":\"WebSite\",\"@id\":\"https:\\\/\\\/www.copealcoy.es\\\/es\\\/#website\",\"url\":\"https:\\\/\\\/www.copealcoy.es\\\/es\\\/\",\"name\":\"COPE Alcoy\",\"description\":\"Emisora COPE de radio local con emisi\u00f3n online. Pont de Sant Jordi 8-10 03803 Alcoy\",\"potentialAction\":[{\"@type\":\"SearchAction\",\"target\":{\"@type\":\"EntryPoint\",\"urlTemplate\":\"https:\\\/\\\/www.copealcoy.es\\\/es\\\/?s={search_term_string}\"},\"query-input\":{\"@type\":\"PropertyValueSpecification\",\"valueRequired\":true,\"valueName\":\"search_term_string\"}}],\"inLanguage\":\"es\"},{\"@type\":\"Person\",\"@id\":\"https:\\\/\\\/www.copealcoy.es\\\/es\\\/#\\\/schema\\\/person\\\/e777c87fa024e57d40170af9df39882c\",\"name\":\"Cope Alcoy\",\"image\":{\"@type\":\"ImageObject\",\"inLanguage\":\"es\",\"@id\":\"https:\\\/\\\/secure.gravatar.com\\\/avatar\\\/bb65d0283347e303893ba14f0692005417c1e0e690a325a4c5d8bb2b3943ee14?s=96&d=mm&r=g\",\"url\":\"https:\\\/\\\/secure.gravatar.com\\\/avatar\\\/bb65d0283347e303893ba14f0692005417c1e0e690a325a4c5d8bb2b3943ee14?s=96&d=mm&r=g\",\"contentUrl\":\"https:\\\/\\\/secure.gravatar.com\\\/avatar\\\/bb65d0283347e303893ba14f0692005417c1e0e690a325a4c5d8bb2b3943ee14?s=96&d=mm&r=g\",\"caption\":\"Cope Alcoy\"}}]}<\/script>\n<!-- \/ Yoast SEO plugin. -->","yoast_head_json":{"title":"El campo de la comarca aprecia las \u00faltimas lluvias pero con matices \"no es suficiente\" - COPE Alcoy","description":"Las recientes lluvias que han ca\u00eddo en nuestras comarcas de l'Alcoi\u00e0 y el Comtat\u00a0 al inicio de este mes de septiembre han sido recibidas con cierto optimismo por los agricultores","robots":{"index":"index","follow":"follow","max-snippet":"max-snippet:-1","max-image-preview":"max-image-preview:large","max-video-preview":"max-video-preview:-1"},"canonical":"https:\/\/www.copealcoy.es\/es\/el-campo-de-la-comarca-aprecia-las-ultimas-lluvias-pero-con-matices-no-es-suficiente\/","og_locale":"es_ES","og_type":"article","og_title":"El campo de la comarca aprecia las \u00faltimas lluvias pero con matices \"no es suficiente\" - COPE Alcoy","og_description":"Las recientes lluvias que han ca\u00eddo en nuestras comarcas de l'Alcoi\u00e0 y el Comtat\u00a0 al inicio de este mes de septiembre han sido recibidas con cierto optimismo por los agricultores","og_url":"https:\/\/www.copealcoy.es\/es\/el-campo-de-la-comarca-aprecia-las-ultimas-lluvias-pero-con-matices-no-es-suficiente\/","og_site_name":"COPE Alcoy","article_published_time":"2024-09-06T10:02:12+00:00","article_modified_time":"2024-09-06T13:56:26+00:00","og_image":[{"width":1709,"height":1080,"url":"https:\/\/www.copealcoy.es\/wp-content\/uploads\/2024\/09\/unnamed-1-5-scaled.jpg","type":"image\/jpeg"}],"author":"Cope Alcoy","twitter_misc":{"Escrito por":"Cope Alcoy","Tiempo de lectura":"3 minutos"},"schema":{"@context":"https:\/\/schema.org","@graph":[{"@type":"Article","@id":"https:\/\/www.copealcoy.es\/es\/el-campo-de-la-comarca-aprecia-las-ultimas-lluvias-pero-con-matices-no-es-suficiente\/#article","isPartOf":{"@id":"https:\/\/www.copealcoy.es\/es\/el-campo-de-la-comarca-aprecia-las-ultimas-lluvias-pero-con-matices-no-es-suficiente\/"},"author":{"name":"Cope Alcoy","@id":"https:\/\/www.copealcoy.es\/es\/#\/schema\/person\/e777c87fa024e57d40170af9df39882c"},"headline":"El campo de la comarca aprecia las \u00faltimas lluvias pero con matices &#8220;no es suficiente&#8221;","datePublished":"2024-09-06T10:02:12+00:00","dateModified":"2024-09-06T13:56:26+00:00","mainEntityOfPage":{"@id":"https:\/\/www.copealcoy.es\/es\/el-campo-de-la-comarca-aprecia-las-ultimas-lluvias-pero-con-matices-no-es-suficiente\/"},"wordCount":377,"commentCount":0,"image":{"@id":"https:\/\/www.copealcoy.es\/es\/el-campo-de-la-comarca-aprecia-las-ultimas-lluvias-pero-con-matices-no-es-suficiente\/#primaryimage"},"thumbnailUrl":"https:\/\/www.copealcoy.es\/wp-content\/uploads\/2024\/09\/unnamed-1-5-scaled.jpg","keywords":["Agricultura","Alcoy","Comarca","Lluvia","Precipitaciones"],"articleSection":["Actualidad","Comarcas","Noticias","Portada"],"inLanguage":"es"},{"@type":"WebPage","@id":"https:\/\/www.copealcoy.es\/es\/el-campo-de-la-comarca-aprecia-las-ultimas-lluvias-pero-con-matices-no-es-suficiente\/","url":"https:\/\/www.copealcoy.es\/es\/el-campo-de-la-comarca-aprecia-las-ultimas-lluvias-pero-con-matices-no-es-suficiente\/","name":"El campo de la comarca aprecia las \u00faltimas lluvias pero con matices \"no es suficiente\" - COPE Alcoy","isPartOf":{"@id":"https:\/\/www.copealcoy.es\/es\/#website"},"primaryImageOfPage":{"@id":"https:\/\/www.copealcoy.es\/es\/el-campo-de-la-comarca-aprecia-las-ultimas-lluvias-pero-con-matices-no-es-suficiente\/#primaryimage"},"image":{"@id":"https:\/\/www.copealcoy.es\/es\/el-campo-de-la-comarca-aprecia-las-ultimas-lluvias-pero-con-matices-no-es-suficiente\/#primaryimage"},"thumbnailUrl":"https:\/\/www.copealcoy.es\/wp-content\/uploads\/2024\/09\/unnamed-1-5-scaled.jpg","datePublished":"2024-09-06T10:02:12+00:00","dateModified":"2024-09-06T13:56:26+00:00","author":{"@id":"https:\/\/www.copealcoy.es\/es\/#\/schema\/person\/e777c87fa024e57d40170af9df39882c"},"description":"Las recientes lluvias que han ca\u00eddo en nuestras comarcas de l'Alcoi\u00e0 y el Comtat\u00a0 al inicio de este mes de septiembre han sido recibidas con cierto optimismo por los agricultores","breadcrumb":{"@id":"https:\/\/www.copealcoy.es\/es\/el-campo-de-la-comarca-aprecia-las-ultimas-lluvias-pero-con-matices-no-es-suficiente\/#breadcrumb"},"inLanguage":"es","potentialAction":[{"@type":"ReadAction","target":["https:\/\/www.copealcoy.es\/es\/el-campo-de-la-comarca-aprecia-las-ultimas-lluvias-pero-con-matices-no-es-suficiente\/"]}]},{"@type":"ImageObject","inLanguage":"es","@id":"https:\/\/www.copealcoy.es\/es\/el-campo-de-la-comarca-aprecia-las-ultimas-lluvias-pero-con-matices-no-es-suficiente\/#primaryimage","url":"https:\/\/www.copealcoy.es\/wp-content\/uploads\/2024\/09\/unnamed-1-5-scaled.jpg","contentUrl":"https:\/\/www.copealcoy.es\/wp-content\/uploads\/2024\/09\/unnamed-1-5-scaled.jpg","width":1709,"height":1080},{"@type":"BreadcrumbList","@id":"https:\/\/www.copealcoy.es\/es\/el-campo-de-la-comarca-aprecia-las-ultimas-lluvias-pero-con-matices-no-es-suficiente\/#breadcrumb","itemListElement":[{"@type":"ListItem","position":1,"name":"Portada","item":"https:\/\/www.copealcoy.es\/es\/"},{"@type":"ListItem","position":2,"name":"El campo de la comarca aprecia las \u00faltimas lluvias pero con matices &#8220;no es suficiente&#8221;"}]},{"@type":"WebSite","@id":"https:\/\/www.copealcoy.es\/es\/#website","url":"https:\/\/www.copealcoy.es\/es\/","name":"COPE Alcoy","description":"Emisora COPE de radio local con emisi\u00f3n online. Pont de Sant Jordi 8-10 03803 Alcoy","potentialAction":[{"@type":"SearchAction","target":{"@type":"EntryPoint","urlTemplate":"https:\/\/www.copealcoy.es\/es\/?s={search_term_string}"},"query-input":{"@type":"PropertyValueSpecification","valueRequired":true,"valueName":"search_term_string"}}],"inLanguage":"es"},{"@type":"Person","@id":"https:\/\/www.copealcoy.es\/es\/#\/schema\/person\/e777c87fa024e57d40170af9df39882c","name":"Cope Alcoy","image":{"@type":"ImageObject","inLanguage":"es","@id":"https:\/\/secure.gravatar.com\/avatar\/bb65d0283347e303893ba14f0692005417c1e0e690a325a4c5d8bb2b3943ee14?s=96&d=mm&r=g","url":"https:\/\/secure.gravatar.com\/avatar\/bb65d0283347e303893ba14f0692005417c1e0e690a325a4c5d8bb2b3943ee14?s=96&d=mm&r=g","contentUrl":"https:\/\/secure.gravatar.com\/avatar\/bb65d0283347e303893ba14f0692005417c1e0e690a325a4c5d8bb2b3943ee14?s=96&d=mm&r=g","caption":"Cope Alcoy"}}]}},"_links":{"self":[{"href":"https:\/\/www.copealcoy.es\/es\/wp-json\/wp\/v2\/posts\/139673","targetHints":{"allow":["GET"]}}],"collection":[{"href":"https:\/\/www.copealcoy.es\/es\/wp-json\/wp\/v2\/posts"}],"about":[{"href":"https:\/\/www.copealcoy.es\/es\/wp-json\/wp\/v2\/types\/post"}],"author":[{"embeddable":true,"href":"https:\/\/www.copealcoy.es\/es\/wp-json\/wp\/v2\/users\/1"}],"replies":[{"embeddable":true,"href":"https:\/\/www.copealcoy.es\/es\/wp-json\/wp\/v2\/comments?post=139673"}],"version-history":[{"count":0,"href":"https:\/\/www.copealcoy.es\/es\/wp-json\/wp\/v2\/posts\/139673\/revisions"}],"wp:featuredmedia":[{"embeddable":true,"href":"https:\/\/www.copealcoy.es\/es\/wp-json\/wp\/v2\/media\/139674"}],"wp:attachment":[{"href":"https:\/\/www.copealcoy.es\/es\/wp-json\/wp\/v2\/media?parent=139673"}],"wp:term":[{"taxonomy":"category","embeddable":true,"href":"https:\/\/www.copealcoy.es\/es\/wp-json\/wp\/v2\/categories?post=139673"},{"taxonomy":"post_tag","embeddable":true,"href":"https:\/\/www.copealcoy.es\/es\/wp-json\/wp\/v2\/tags?post=139673"}],"curies":[{"name":"wp","href":"https:\/\/api.w.org\/{rel}","templated":true}]}}