{"id":139662,"date":"2024-09-09T07:46:37","date_gmt":"2024-09-09T06:46:37","guid":{"rendered":"https:\/\/www.copealcoy.es\/?p=139662"},"modified":"2024-09-09T07:23:20","modified_gmt":"2024-09-09T06:23:20","slug":"insurreccion-ve-la-luz-en-alcoy-el-proximo-21-de-septiembre","status":"publish","type":"post","link":"https:\/\/www.copealcoy.es\/es\/insurreccion-ve-la-luz-en-alcoy-el-proximo-21-de-septiembre\/","title":{"rendered":"&#8216;Insurrecci\u00f3n&#8217; ve la luz en Alcoy el pr\u00f3ximo 21 de septiembre"},"content":{"rendered":"<p style=\"text-align: justify;\">Ya hay fecha para <strong>el esperado estreno en Alcoy<\/strong>. Ser\u00e1 <strong>el pr\u00f3ximo 21 de septiembre<\/strong>, en<strong> un acto celebrado en el Teatro Calder\u00f3n<\/strong> a partir de las 21:30h, cuando ver\u00e1 la luz <a href=\"https:\/\/insurreccionserie.com\/\" target=\"_blank\" rel=\"noopener\"><span style=\"color: #0000ff;\"><strong>el cortometraje &#8216;Insurrecci\u00f3n&#8217;<\/strong><\/span><\/a> que ha hecho posible el alcoyano <strong>Jorge Hinojosa<\/strong> con el respaldo de <strong>un gran equipo<\/strong> que le ha acompa\u00f1ado en todo el proceso.<\/p>\n<p style=\"text-align: justify;\">Este proyecto audiovisual <strong>comenz\u00f3 a gestarse en el Taller de Cine Estudio Casa del Pavo<\/strong> hace unos ocho a\u00f1os y pronto dej\u00f3 de ser una mera actividad docente para convertirse en algo de mucha mayor envergadura. Fue durante la pandemia cuando empez\u00f3 a tomar forma lo que podremos ver en pantalla el d\u00eda 21, <strong>un cortometraje cuyo rodaje se llev\u00f3 a cabo en la ciudad en el verano de hace dos a\u00f1os<\/strong> y que <strong>es una realidad tras muchos meses de trabajo posterior<\/strong> &#8220;<em>a veces cuesta de creer todo lo que hemos conseguido pero estamos muy satisfechos por el respaldo conseguido con la implicaci\u00f3n de muchas personas que han trabajado en las diferentes fases o vertientes del proyecto<\/em>&#8220;, se\u00f1alaba Hinojosa en COPE ALCOY. Este \u00faltimo, que es coodirector de &#8216;Insurrecci\u00f3n&#8217; junto a Daniel M. Caneiro, destaca tambi\u00e9n <strong>la presencia de numerosos actores alcoyanos<\/strong> que han prestado su colaboraci\u00f3n para hacer posible el cortometraje.\u00a0 Todo ello<strong> sin dejar de lado<\/strong> al personal t\u00e9cnico y toda la gente que ha estado tras las c\u00e1maras, y avanza que <strong>est\u00e1 dedicado al recordado Juli Mira<\/strong> en homenaje a su implicaci\u00f3n en la citada iniciativa antes de fallecer. Jorge Hinojosa <strong>no cierra la puerta a que el cortometraje evolucione a algo m\u00e1s<\/strong> y anima a todos a disfrutar de esta historia &#8220;<em>en la que veremos un Alcoy dist\u00f3pico en plena Revoluci\u00f3n del Petr\u00f3lio<\/em>&#8220;, coment\u00f3 acompa\u00f1ado de <strong>Natxo Franc\u00e9s<\/strong>, uno de los alumnos del Taller de Cine del Estudio Casa del Pavo que ha participado tambi\u00e9n en todo el proceso.<\/p>\n<p style=\"text-align: justify;\">Antes del estreno oficial, <strong>ver\u00e1 la luz la banda sonora creada por Neus Ferri y Andreu Valor<\/strong>. La gala de presentaci\u00f3n, para la ya se han agotados las entradas, estar\u00e1 conducida por la comunicadora <strong>Ajo Valls<\/strong> y s<strong>ervir\u00e1 para hacer un reconocimiento<\/strong> a todas las personas que han aportado su granito de arena a &#8216;Insurrecci\u00f3n&#8217;.<\/p>\n","protected":false},"excerpt":{"rendered":"<p>Ya hay fecha para el esperado estreno en Alcoy. Ser\u00e1 el pr\u00f3ximo 21 de septiembre, en un acto celebrado en&#8230;<\/p>\n","protected":false},"author":1,"featured_media":139663,"comment_status":"open","ping_status":"open","sticky":false,"template":"","format":"standard","meta":{"footnotes":""},"categories":[6909,97,78,75],"tags":[18540,1494,10966,4127],"class_list":["post-139662","post","type-post","status-publish","format-standard","has-post-thumbnail","hentry","category-actualidad","category-alcoy","category-fiestaycultura","category-noticias","tag-insurreccion","tag-alcoy","tag-cortometraje","tag-estreno"],"yoast_head":"<!-- This site is optimized with the Yoast SEO plugin v27.3 - https:\/\/yoast.com\/product\/yoast-seo-wordpress\/ -->\n<title>&#039;Insurrecci\u00f3n&#039; ve la luz en Alcoy el pr\u00f3ximo 21 de septiembre - COPE Alcoy<\/title>\n<meta name=\"description\" content=\"El pr\u00f3ximo 21 de septiembre ver\u00e1 la luz el cortometraje &#039;Insurrecci\u00f3n&#039; en Alcoy\" \/>\n<meta name=\"robots\" content=\"index, follow, max-snippet:-1, max-image-preview:large, max-video-preview:-1\" \/>\n<link rel=\"canonical\" href=\"https:\/\/www.copealcoy.es\/es\/insurreccion-ve-la-luz-en-alcoy-el-proximo-21-de-septiembre\/\" \/>\n<meta property=\"og:locale\" content=\"es_ES\" \/>\n<meta property=\"og:type\" content=\"article\" \/>\n<meta property=\"og:title\" content=\"&#039;Insurrecci\u00f3n&#039; ve la luz en Alcoy el pr\u00f3ximo 21 de septiembre - COPE Alcoy\" \/>\n<meta property=\"og:description\" content=\"El pr\u00f3ximo 21 de septiembre ver\u00e1 la luz el cortometraje &#039;Insurrecci\u00f3n&#039; en Alcoy\" \/>\n<meta property=\"og:url\" content=\"https:\/\/www.copealcoy.es\/es\/insurreccion-ve-la-luz-en-alcoy-el-proximo-21-de-septiembre\/\" \/>\n<meta property=\"og:site_name\" content=\"COPE Alcoy\" \/>\n<meta property=\"article:published_time\" content=\"2024-09-09T06:46:37+00:00\" \/>\n<meta property=\"og:image\" content=\"https:\/\/www.copealcoy.es\/wp-content\/uploads\/2024\/09\/452320867_18010369346611996_4843733596642241250_n-1.jpg\" \/>\n\t<meta property=\"og:image:width\" content=\"1080\" \/>\n\t<meta property=\"og:image:height\" content=\"604\" \/>\n\t<meta property=\"og:image:type\" content=\"image\/jpeg\" \/>\n<meta name=\"author\" content=\"Cope Alcoy\" \/>\n<meta name=\"twitter:label1\" content=\"Escrito por\" \/>\n\t<meta name=\"twitter:data1\" content=\"Cope Alcoy\" \/>\n\t<meta name=\"twitter:label2\" content=\"Tiempo de lectura\" \/>\n\t<meta name=\"twitter:data2\" content=\"3 minutos\" \/>\n<script type=\"application\/ld+json\" class=\"yoast-schema-graph\">{\"@context\":\"https:\\\/\\\/schema.org\",\"@graph\":[{\"@type\":\"Article\",\"@id\":\"https:\\\/\\\/www.copealcoy.es\\\/es\\\/insurreccion-ve-la-luz-en-alcoy-el-proximo-21-de-septiembre\\\/#article\",\"isPartOf\":{\"@id\":\"https:\\\/\\\/www.copealcoy.es\\\/es\\\/insurreccion-ve-la-luz-en-alcoy-el-proximo-21-de-septiembre\\\/\"},\"author\":{\"name\":\"Cope Alcoy\",\"@id\":\"https:\\\/\\\/www.copealcoy.es\\\/es\\\/#\\\/schema\\\/person\\\/e777c87fa024e57d40170af9df39882c\"},\"headline\":\"&#8216;Insurrecci\u00f3n&#8217; ve la luz en Alcoy el pr\u00f3ximo 21 de septiembre\",\"datePublished\":\"2024-09-09T06:46:37+00:00\",\"mainEntityOfPage\":{\"@id\":\"https:\\\/\\\/www.copealcoy.es\\\/es\\\/insurreccion-ve-la-luz-en-alcoy-el-proximo-21-de-septiembre\\\/\"},\"wordCount\":401,\"commentCount\":0,\"image\":{\"@id\":\"https:\\\/\\\/www.copealcoy.es\\\/es\\\/insurreccion-ve-la-luz-en-alcoy-el-proximo-21-de-septiembre\\\/#primaryimage\"},\"thumbnailUrl\":\"https:\\\/\\\/www.copealcoy.es\\\/wp-content\\\/uploads\\\/2024\\\/09\\\/452320867_18010369346611996_4843733596642241250_n-1.jpg\",\"keywords\":[\"'Insurrecci\u00f3n'\",\"Alcoy\",\"cortometraje\",\"estreno\"],\"articleSection\":[\"Actualidad\",\"Alcoy\",\"Fiesta y Cultura\",\"Noticias\"],\"inLanguage\":\"es\"},{\"@type\":\"WebPage\",\"@id\":\"https:\\\/\\\/www.copealcoy.es\\\/es\\\/insurreccion-ve-la-luz-en-alcoy-el-proximo-21-de-septiembre\\\/\",\"url\":\"https:\\\/\\\/www.copealcoy.es\\\/es\\\/insurreccion-ve-la-luz-en-alcoy-el-proximo-21-de-septiembre\\\/\",\"name\":\"'Insurrecci\u00f3n' ve la luz en Alcoy el pr\u00f3ximo 21 de septiembre - COPE Alcoy\",\"isPartOf\":{\"@id\":\"https:\\\/\\\/www.copealcoy.es\\\/es\\\/#website\"},\"primaryImageOfPage\":{\"@id\":\"https:\\\/\\\/www.copealcoy.es\\\/es\\\/insurreccion-ve-la-luz-en-alcoy-el-proximo-21-de-septiembre\\\/#primaryimage\"},\"image\":{\"@id\":\"https:\\\/\\\/www.copealcoy.es\\\/es\\\/insurreccion-ve-la-luz-en-alcoy-el-proximo-21-de-septiembre\\\/#primaryimage\"},\"thumbnailUrl\":\"https:\\\/\\\/www.copealcoy.es\\\/wp-content\\\/uploads\\\/2024\\\/09\\\/452320867_18010369346611996_4843733596642241250_n-1.jpg\",\"datePublished\":\"2024-09-09T06:46:37+00:00\",\"author\":{\"@id\":\"https:\\\/\\\/www.copealcoy.es\\\/es\\\/#\\\/schema\\\/person\\\/e777c87fa024e57d40170af9df39882c\"},\"description\":\"El pr\u00f3ximo 21 de septiembre ver\u00e1 la luz el cortometraje 'Insurrecci\u00f3n' en Alcoy\",\"breadcrumb\":{\"@id\":\"https:\\\/\\\/www.copealcoy.es\\\/es\\\/insurreccion-ve-la-luz-en-alcoy-el-proximo-21-de-septiembre\\\/#breadcrumb\"},\"inLanguage\":\"es\",\"potentialAction\":[{\"@type\":\"ReadAction\",\"target\":[\"https:\\\/\\\/www.copealcoy.es\\\/es\\\/insurreccion-ve-la-luz-en-alcoy-el-proximo-21-de-septiembre\\\/\"]}]},{\"@type\":\"ImageObject\",\"inLanguage\":\"es\",\"@id\":\"https:\\\/\\\/www.copealcoy.es\\\/es\\\/insurreccion-ve-la-luz-en-alcoy-el-proximo-21-de-septiembre\\\/#primaryimage\",\"url\":\"https:\\\/\\\/www.copealcoy.es\\\/wp-content\\\/uploads\\\/2024\\\/09\\\/452320867_18010369346611996_4843733596642241250_n-1.jpg\",\"contentUrl\":\"https:\\\/\\\/www.copealcoy.es\\\/wp-content\\\/uploads\\\/2024\\\/09\\\/452320867_18010369346611996_4843733596642241250_n-1.jpg\",\"width\":1080,\"height\":604},{\"@type\":\"BreadcrumbList\",\"@id\":\"https:\\\/\\\/www.copealcoy.es\\\/es\\\/insurreccion-ve-la-luz-en-alcoy-el-proximo-21-de-septiembre\\\/#breadcrumb\",\"itemListElement\":[{\"@type\":\"ListItem\",\"position\":1,\"name\":\"Portada\",\"item\":\"https:\\\/\\\/www.copealcoy.es\\\/es\\\/\"},{\"@type\":\"ListItem\",\"position\":2,\"name\":\"&#8216;Insurrecci\u00f3n&#8217; ve la luz en Alcoy el pr\u00f3ximo 21 de septiembre\"}]},{\"@type\":\"WebSite\",\"@id\":\"https:\\\/\\\/www.copealcoy.es\\\/es\\\/#website\",\"url\":\"https:\\\/\\\/www.copealcoy.es\\\/es\\\/\",\"name\":\"COPE Alcoy\",\"description\":\"Emisora COPE de radio local con emisi\u00f3n online. Pont de Sant Jordi 8-10 03803 Alcoy\",\"potentialAction\":[{\"@type\":\"SearchAction\",\"target\":{\"@type\":\"EntryPoint\",\"urlTemplate\":\"https:\\\/\\\/www.copealcoy.es\\\/es\\\/?s={search_term_string}\"},\"query-input\":{\"@type\":\"PropertyValueSpecification\",\"valueRequired\":true,\"valueName\":\"search_term_string\"}}],\"inLanguage\":\"es\"},{\"@type\":\"Person\",\"@id\":\"https:\\\/\\\/www.copealcoy.es\\\/es\\\/#\\\/schema\\\/person\\\/e777c87fa024e57d40170af9df39882c\",\"name\":\"Cope Alcoy\",\"image\":{\"@type\":\"ImageObject\",\"inLanguage\":\"es\",\"@id\":\"https:\\\/\\\/secure.gravatar.com\\\/avatar\\\/bb65d0283347e303893ba14f0692005417c1e0e690a325a4c5d8bb2b3943ee14?s=96&d=mm&r=g\",\"url\":\"https:\\\/\\\/secure.gravatar.com\\\/avatar\\\/bb65d0283347e303893ba14f0692005417c1e0e690a325a4c5d8bb2b3943ee14?s=96&d=mm&r=g\",\"contentUrl\":\"https:\\\/\\\/secure.gravatar.com\\\/avatar\\\/bb65d0283347e303893ba14f0692005417c1e0e690a325a4c5d8bb2b3943ee14?s=96&d=mm&r=g\",\"caption\":\"Cope Alcoy\"}}]}<\/script>\n<!-- \/ Yoast SEO plugin. -->","yoast_head_json":{"title":"'Insurrecci\u00f3n' ve la luz en Alcoy el pr\u00f3ximo 21 de septiembre - COPE Alcoy","description":"El pr\u00f3ximo 21 de septiembre ver\u00e1 la luz el cortometraje 'Insurrecci\u00f3n' en Alcoy","robots":{"index":"index","follow":"follow","max-snippet":"max-snippet:-1","max-image-preview":"max-image-preview:large","max-video-preview":"max-video-preview:-1"},"canonical":"https:\/\/www.copealcoy.es\/es\/insurreccion-ve-la-luz-en-alcoy-el-proximo-21-de-septiembre\/","og_locale":"es_ES","og_type":"article","og_title":"'Insurrecci\u00f3n' ve la luz en Alcoy el pr\u00f3ximo 21 de septiembre - COPE Alcoy","og_description":"El pr\u00f3ximo 21 de septiembre ver\u00e1 la luz el cortometraje 'Insurrecci\u00f3n' en Alcoy","og_url":"https:\/\/www.copealcoy.es\/es\/insurreccion-ve-la-luz-en-alcoy-el-proximo-21-de-septiembre\/","og_site_name":"COPE Alcoy","article_published_time":"2024-09-09T06:46:37+00:00","og_image":[{"width":1080,"height":604,"url":"https:\/\/www.copealcoy.es\/wp-content\/uploads\/2024\/09\/452320867_18010369346611996_4843733596642241250_n-1.jpg","type":"image\/jpeg"}],"author":"Cope Alcoy","twitter_misc":{"Escrito por":"Cope Alcoy","Tiempo de lectura":"3 minutos"},"schema":{"@context":"https:\/\/schema.org","@graph":[{"@type":"Article","@id":"https:\/\/www.copealcoy.es\/es\/insurreccion-ve-la-luz-en-alcoy-el-proximo-21-de-septiembre\/#article","isPartOf":{"@id":"https:\/\/www.copealcoy.es\/es\/insurreccion-ve-la-luz-en-alcoy-el-proximo-21-de-septiembre\/"},"author":{"name":"Cope Alcoy","@id":"https:\/\/www.copealcoy.es\/es\/#\/schema\/person\/e777c87fa024e57d40170af9df39882c"},"headline":"&#8216;Insurrecci\u00f3n&#8217; ve la luz en Alcoy el pr\u00f3ximo 21 de septiembre","datePublished":"2024-09-09T06:46:37+00:00","mainEntityOfPage":{"@id":"https:\/\/www.copealcoy.es\/es\/insurreccion-ve-la-luz-en-alcoy-el-proximo-21-de-septiembre\/"},"wordCount":401,"commentCount":0,"image":{"@id":"https:\/\/www.copealcoy.es\/es\/insurreccion-ve-la-luz-en-alcoy-el-proximo-21-de-septiembre\/#primaryimage"},"thumbnailUrl":"https:\/\/www.copealcoy.es\/wp-content\/uploads\/2024\/09\/452320867_18010369346611996_4843733596642241250_n-1.jpg","keywords":["'Insurrecci\u00f3n'","Alcoy","cortometraje","estreno"],"articleSection":["Actualidad","Alcoy","Fiesta y Cultura","Noticias"],"inLanguage":"es"},{"@type":"WebPage","@id":"https:\/\/www.copealcoy.es\/es\/insurreccion-ve-la-luz-en-alcoy-el-proximo-21-de-septiembre\/","url":"https:\/\/www.copealcoy.es\/es\/insurreccion-ve-la-luz-en-alcoy-el-proximo-21-de-septiembre\/","name":"'Insurrecci\u00f3n' ve la luz en Alcoy el pr\u00f3ximo 21 de septiembre - COPE Alcoy","isPartOf":{"@id":"https:\/\/www.copealcoy.es\/es\/#website"},"primaryImageOfPage":{"@id":"https:\/\/www.copealcoy.es\/es\/insurreccion-ve-la-luz-en-alcoy-el-proximo-21-de-septiembre\/#primaryimage"},"image":{"@id":"https:\/\/www.copealcoy.es\/es\/insurreccion-ve-la-luz-en-alcoy-el-proximo-21-de-septiembre\/#primaryimage"},"thumbnailUrl":"https:\/\/www.copealcoy.es\/wp-content\/uploads\/2024\/09\/452320867_18010369346611996_4843733596642241250_n-1.jpg","datePublished":"2024-09-09T06:46:37+00:00","author":{"@id":"https:\/\/www.copealcoy.es\/es\/#\/schema\/person\/e777c87fa024e57d40170af9df39882c"},"description":"El pr\u00f3ximo 21 de septiembre ver\u00e1 la luz el cortometraje 'Insurrecci\u00f3n' en Alcoy","breadcrumb":{"@id":"https:\/\/www.copealcoy.es\/es\/insurreccion-ve-la-luz-en-alcoy-el-proximo-21-de-septiembre\/#breadcrumb"},"inLanguage":"es","potentialAction":[{"@type":"ReadAction","target":["https:\/\/www.copealcoy.es\/es\/insurreccion-ve-la-luz-en-alcoy-el-proximo-21-de-septiembre\/"]}]},{"@type":"ImageObject","inLanguage":"es","@id":"https:\/\/www.copealcoy.es\/es\/insurreccion-ve-la-luz-en-alcoy-el-proximo-21-de-septiembre\/#primaryimage","url":"https:\/\/www.copealcoy.es\/wp-content\/uploads\/2024\/09\/452320867_18010369346611996_4843733596642241250_n-1.jpg","contentUrl":"https:\/\/www.copealcoy.es\/wp-content\/uploads\/2024\/09\/452320867_18010369346611996_4843733596642241250_n-1.jpg","width":1080,"height":604},{"@type":"BreadcrumbList","@id":"https:\/\/www.copealcoy.es\/es\/insurreccion-ve-la-luz-en-alcoy-el-proximo-21-de-septiembre\/#breadcrumb","itemListElement":[{"@type":"ListItem","position":1,"name":"Portada","item":"https:\/\/www.copealcoy.es\/es\/"},{"@type":"ListItem","position":2,"name":"&#8216;Insurrecci\u00f3n&#8217; ve la luz en Alcoy el pr\u00f3ximo 21 de septiembre"}]},{"@type":"WebSite","@id":"https:\/\/www.copealcoy.es\/es\/#website","url":"https:\/\/www.copealcoy.es\/es\/","name":"COPE Alcoy","description":"Emisora COPE de radio local con emisi\u00f3n online. Pont de Sant Jordi 8-10 03803 Alcoy","potentialAction":[{"@type":"SearchAction","target":{"@type":"EntryPoint","urlTemplate":"https:\/\/www.copealcoy.es\/es\/?s={search_term_string}"},"query-input":{"@type":"PropertyValueSpecification","valueRequired":true,"valueName":"search_term_string"}}],"inLanguage":"es"},{"@type":"Person","@id":"https:\/\/www.copealcoy.es\/es\/#\/schema\/person\/e777c87fa024e57d40170af9df39882c","name":"Cope Alcoy","image":{"@type":"ImageObject","inLanguage":"es","@id":"https:\/\/secure.gravatar.com\/avatar\/bb65d0283347e303893ba14f0692005417c1e0e690a325a4c5d8bb2b3943ee14?s=96&d=mm&r=g","url":"https:\/\/secure.gravatar.com\/avatar\/bb65d0283347e303893ba14f0692005417c1e0e690a325a4c5d8bb2b3943ee14?s=96&d=mm&r=g","contentUrl":"https:\/\/secure.gravatar.com\/avatar\/bb65d0283347e303893ba14f0692005417c1e0e690a325a4c5d8bb2b3943ee14?s=96&d=mm&r=g","caption":"Cope Alcoy"}}]}},"_links":{"self":[{"href":"https:\/\/www.copealcoy.es\/es\/wp-json\/wp\/v2\/posts\/139662","targetHints":{"allow":["GET"]}}],"collection":[{"href":"https:\/\/www.copealcoy.es\/es\/wp-json\/wp\/v2\/posts"}],"about":[{"href":"https:\/\/www.copealcoy.es\/es\/wp-json\/wp\/v2\/types\/post"}],"author":[{"embeddable":true,"href":"https:\/\/www.copealcoy.es\/es\/wp-json\/wp\/v2\/users\/1"}],"replies":[{"embeddable":true,"href":"https:\/\/www.copealcoy.es\/es\/wp-json\/wp\/v2\/comments?post=139662"}],"version-history":[{"count":0,"href":"https:\/\/www.copealcoy.es\/es\/wp-json\/wp\/v2\/posts\/139662\/revisions"}],"wp:featuredmedia":[{"embeddable":true,"href":"https:\/\/www.copealcoy.es\/es\/wp-json\/wp\/v2\/media\/139663"}],"wp:attachment":[{"href":"https:\/\/www.copealcoy.es\/es\/wp-json\/wp\/v2\/media?parent=139662"}],"wp:term":[{"taxonomy":"category","embeddable":true,"href":"https:\/\/www.copealcoy.es\/es\/wp-json\/wp\/v2\/categories?post=139662"},{"taxonomy":"post_tag","embeddable":true,"href":"https:\/\/www.copealcoy.es\/es\/wp-json\/wp\/v2\/tags?post=139662"}],"curies":[{"name":"wp","href":"https:\/\/api.w.org\/{rel}","templated":true}]}}