{"id":139623,"date":"2024-09-05T15:56:29","date_gmt":"2024-09-05T14:56:29","guid":{"rendered":"https:\/\/www.copealcoy.es\/?p=139623"},"modified":"2024-09-06T09:14:16","modified_gmt":"2024-09-06T08:14:16","slug":"mas-de-600-nuevos-estudiantes-eligen-el-campus-de-alcoy-de-la-upv","status":"publish","type":"post","link":"https:\/\/www.copealcoy.es\/es\/mas-de-600-nuevos-estudiantes-eligen-el-campus-de-alcoy-de-la-upv\/","title":{"rendered":"M\u00e1s de 600 nuevos estudiantes eligen el Campus de Alcoy de la UPV"},"content":{"rendered":"<p style=\"text-align: justify;\">Alcoy <strong>sigue consolid\u00e1ndose como ciudad universitaria de referencia en las comarcas centrales valencianas<\/strong> y as\u00ed lo demuestran <strong>las cifras de nuevos alumnos que llegan al Campus de Alcoy de la UPV<\/strong> para cursar sus estudios. Para el curso 2024\/2025, que arranca el lunes,<strong> son 610 los estudiantes que comienzan andadura en Alcoy<\/strong> y a quienes hoy<strong> se les ha dado la bienvenida con una multitudinaria jornada de acogida<\/strong>. La mayor parte de ellos afrontan con ilusi\u00f3n el reto de comenzar la carrera:<\/p>\n<audio class=\"wp-audio-shortcode\" id=\"audio-139623-1\" preload=\"none\" style=\"width: 100%;\" controls=\"controls\"><source type=\"audio\/mpeg\" src=\"https:\/\/www.copealcoy.es\/wp-content\/uploads\/2024\/09\/2024.09.05-ALUMNOS-INICIO-CURSO-UNI-MEDIODIA.mp3?_=1\" \/><a href=\"https:\/\/www.copealcoy.es\/wp-content\/uploads\/2024\/09\/2024.09.05-ALUMNOS-INICIO-CURSO-UNI-MEDIODIA.mp3\">https:\/\/www.copealcoy.es\/wp-content\/uploads\/2024\/09\/2024.09.05-ALUMNOS-INICIO-CURSO-UNI-MEDIODIA.mp3<\/a><\/audio>\n<p>&nbsp;<\/p>\n<p style=\"text-align: justify;\">Desde la <strong>direcci\u00f3n del Campus<\/strong> han recordado este jueves que se han superado todas las expectativas en cuanto a matriculaci\u00f3n y han se\u00f1alado que a los 610 nuevos alumnos de grado hay que sumar 100 que han decidido cursar en la UPV de Alcoy sus m\u00e1steres. Para <strong>Pau Bernab\u00e9u<\/strong> las cifras entran dentro de las previsiones &#8220;<em>pese a las dificultades que nos encontramos en la sociedad actual, como la baja natalidad, se han mantenido los n\u00fameros y vamos a seguir trabajando por este camino para seguir creciendo en alumnos con una oferta formativa que va a ir sumando pronto nuevos t\u00edtulos<\/em>&#8221; ha dicho el director.<\/p>\n<p style=\"text-align: justify;\">A los nuevos estudiantes les han dado la bienvenida voluntarios y personal docente, pero tambi\u00e9n <strong>alumnos que ya estudian en el Campus alcoyano<\/strong> &#8220;<em>los recibimos hoy con mucho gusto, como nos recibieron a las generaciones anteriores, y les deseamos mucha suerte en la nueva etapa que afrontan en sus vidas<\/em>&#8220;, comentaba <strong>Zoe de Abreu<\/strong> en representaci\u00f3n de la delegaci\u00f3n de alumnos. Tambi\u00e9n d<strong>esde la UPV mostraban todo su apoyo a los j\u00f3venes que hoy iniciaban su trayectoria acad\u00e9mica en la capital de l&#8217;Alcoi\u00e0<\/strong> &#8220;<em>no solo les explicamos el funcionamiento del Campus sino tambi\u00e9n las actividades, recursos o programas que van a tener a su alcance en nuestra universidad durante el tiempo que est\u00e9n aqu\u00ed cursando los estudios<\/em>&#8220;, manifestaba <strong>Alberto Conejero<\/strong>; vicerrector de Estudiantes y Emprendimiento.<\/p>\n<p><strong><span style=\"color: #0000ff;\">M\u00e1s de 2.000 estudiantes inician el curso este a\u00f1o<\/span><\/strong><\/p>\n<p style=\"text-align: justify;\">Cabe recordar que <strong>el curso acad\u00e9mico comenzar\u00e1 el pr\u00f3ximo lunes 9 de septiembre<\/strong> y en total ser\u00e1n m\u00e1s de 2.000 los estudiantes que cursar\u00e1n sus titulaciones en Alcoy. Para el Ayuntamiento de la ciudad este &#8220;<em>es un aspecto muy positivo&#8221;<\/em> al mismo tiempo que inciden en la importancia de retener el talento que se genera en la universidad en nuestras empresas &#8220;<em>ofrecemos esta ciudad a los alumnos, con su potencial cultural y tecnol\u00f3gico, para que puedan desarrollar aqu\u00ed un proyecto de vida para el futuro<\/em>&#8220;, concluy\u00f3 el vicealcalde; <strong>\u00c1lex Cerradelo<\/strong>.<\/p>\n","protected":false},"excerpt":{"rendered":"<p>Alcoy sigue consolid\u00e1ndose como ciudad universitaria de referencia en las comarcas centrales valencianas y as\u00ed lo demuestran las cifras de&#8230;<\/p>\n","protected":false},"author":1,"featured_media":139624,"comment_status":"open","ping_status":"open","sticky":false,"template":"","format":"standard","meta":{"footnotes":""},"categories":[6909,97,900,75,125],"tags":[1494,1560,14082,18531],"class_list":["post-139623","post","type-post","status-publish","format-standard","has-post-thumbnail","hentry","category-actualidad","category-alcoy","category-educacion","category-noticias","category-portada","tag-alcoy","tag-campus-upv","tag-estudios-universitarios","tag-inicio-del-curso"],"yoast_head":"<!-- This site is optimized with the Yoast SEO plugin v27.3 - https:\/\/yoast.com\/product\/yoast-seo-wordpress\/ -->\n<title>M\u00e1s de 600 nuevos estudiantes eligen el Campus de Alcoy de la UPV - COPE Alcoy<\/title>\n<meta name=\"description\" content=\"Alcoy sigue consolid\u00e1ndose como ciudad universitaria de referencia en las comarcas centrales valencianas y as\u00ed lo demuestran las cifras de nuevos alumnos que llegan al Campus de Alcoy de la UPV para cursar sus estudios\" \/>\n<meta name=\"robots\" content=\"index, follow, max-snippet:-1, max-image-preview:large, max-video-preview:-1\" \/>\n<link rel=\"canonical\" href=\"https:\/\/www.copealcoy.es\/es\/mas-de-600-nuevos-estudiantes-eligen-el-campus-de-alcoy-de-la-upv\/\" \/>\n<meta property=\"og:locale\" content=\"es_ES\" \/>\n<meta property=\"og:type\" content=\"article\" \/>\n<meta property=\"og:title\" content=\"M\u00e1s de 600 nuevos estudiantes eligen el Campus de Alcoy de la UPV - COPE Alcoy\" \/>\n<meta property=\"og:description\" content=\"Alcoy sigue consolid\u00e1ndose como ciudad universitaria de referencia en las comarcas centrales valencianas y as\u00ed lo demuestran las cifras de nuevos alumnos que llegan al Campus de Alcoy de la UPV para cursar sus estudios\" \/>\n<meta property=\"og:url\" content=\"https:\/\/www.copealcoy.es\/es\/mas-de-600-nuevos-estudiantes-eligen-el-campus-de-alcoy-de-la-upv\/\" \/>\n<meta property=\"og:site_name\" content=\"COPE Alcoy\" \/>\n<meta property=\"article:published_time\" content=\"2024-09-05T14:56:29+00:00\" \/>\n<meta property=\"article:modified_time\" content=\"2024-09-06T08:14:16+00:00\" \/>\n<meta property=\"og:image\" content=\"https:\/\/www.copealcoy.es\/wp-content\/uploads\/2024\/09\/unnamed-1-4.jpg\" \/>\n\t<meta property=\"og:image:width\" content=\"799\" \/>\n\t<meta property=\"og:image:height\" content=\"533\" \/>\n\t<meta property=\"og:image:type\" content=\"image\/jpeg\" \/>\n<meta name=\"author\" content=\"Cope Alcoy\" \/>\n<meta name=\"twitter:label1\" content=\"Escrito por\" \/>\n\t<meta name=\"twitter:data1\" content=\"Cope Alcoy\" \/>\n\t<meta name=\"twitter:label2\" content=\"Tiempo de lectura\" \/>\n\t<meta name=\"twitter:data2\" content=\"3 minutos\" \/>\n<script type=\"application\/ld+json\" class=\"yoast-schema-graph\">{\"@context\":\"https:\\\/\\\/schema.org\",\"@graph\":[{\"@type\":\"Article\",\"@id\":\"https:\\\/\\\/www.copealcoy.es\\\/es\\\/mas-de-600-nuevos-estudiantes-eligen-el-campus-de-alcoy-de-la-upv\\\/#article\",\"isPartOf\":{\"@id\":\"https:\\\/\\\/www.copealcoy.es\\\/es\\\/mas-de-600-nuevos-estudiantes-eligen-el-campus-de-alcoy-de-la-upv\\\/\"},\"author\":{\"name\":\"Cope Alcoy\",\"@id\":\"https:\\\/\\\/www.copealcoy.es\\\/es\\\/#\\\/schema\\\/person\\\/e777c87fa024e57d40170af9df39882c\"},\"headline\":\"M\u00e1s de 600 nuevos estudiantes eligen el Campus de Alcoy de la UPV\",\"datePublished\":\"2024-09-05T14:56:29+00:00\",\"dateModified\":\"2024-09-06T08:14:16+00:00\",\"mainEntityOfPage\":{\"@id\":\"https:\\\/\\\/www.copealcoy.es\\\/es\\\/mas-de-600-nuevos-estudiantes-eligen-el-campus-de-alcoy-de-la-upv\\\/\"},\"wordCount\":455,\"commentCount\":0,\"image\":{\"@id\":\"https:\\\/\\\/www.copealcoy.es\\\/es\\\/mas-de-600-nuevos-estudiantes-eligen-el-campus-de-alcoy-de-la-upv\\\/#primaryimage\"},\"thumbnailUrl\":\"https:\\\/\\\/www.copealcoy.es\\\/wp-content\\\/uploads\\\/2024\\\/09\\\/unnamed-1-4.jpg\",\"keywords\":[\"Alcoy\",\"Campus UPV\",\"estudios universitarios\",\"inicio del curso\"],\"articleSection\":[\"Actualidad\",\"Alcoy\",\"Educaci\u00f3n\",\"Noticias\",\"Portada\"],\"inLanguage\":\"es\"},{\"@type\":\"WebPage\",\"@id\":\"https:\\\/\\\/www.copealcoy.es\\\/es\\\/mas-de-600-nuevos-estudiantes-eligen-el-campus-de-alcoy-de-la-upv\\\/\",\"url\":\"https:\\\/\\\/www.copealcoy.es\\\/es\\\/mas-de-600-nuevos-estudiantes-eligen-el-campus-de-alcoy-de-la-upv\\\/\",\"name\":\"M\u00e1s de 600 nuevos estudiantes eligen el Campus de Alcoy de la UPV - COPE Alcoy\",\"isPartOf\":{\"@id\":\"https:\\\/\\\/www.copealcoy.es\\\/es\\\/#website\"},\"primaryImageOfPage\":{\"@id\":\"https:\\\/\\\/www.copealcoy.es\\\/es\\\/mas-de-600-nuevos-estudiantes-eligen-el-campus-de-alcoy-de-la-upv\\\/#primaryimage\"},\"image\":{\"@id\":\"https:\\\/\\\/www.copealcoy.es\\\/es\\\/mas-de-600-nuevos-estudiantes-eligen-el-campus-de-alcoy-de-la-upv\\\/#primaryimage\"},\"thumbnailUrl\":\"https:\\\/\\\/www.copealcoy.es\\\/wp-content\\\/uploads\\\/2024\\\/09\\\/unnamed-1-4.jpg\",\"datePublished\":\"2024-09-05T14:56:29+00:00\",\"dateModified\":\"2024-09-06T08:14:16+00:00\",\"author\":{\"@id\":\"https:\\\/\\\/www.copealcoy.es\\\/es\\\/#\\\/schema\\\/person\\\/e777c87fa024e57d40170af9df39882c\"},\"description\":\"Alcoy sigue consolid\u00e1ndose como ciudad universitaria de referencia en las comarcas centrales valencianas y as\u00ed lo demuestran las cifras de nuevos alumnos que llegan al Campus de Alcoy de la UPV para cursar sus estudios\",\"breadcrumb\":{\"@id\":\"https:\\\/\\\/www.copealcoy.es\\\/es\\\/mas-de-600-nuevos-estudiantes-eligen-el-campus-de-alcoy-de-la-upv\\\/#breadcrumb\"},\"inLanguage\":\"es\",\"potentialAction\":[{\"@type\":\"ReadAction\",\"target\":[\"https:\\\/\\\/www.copealcoy.es\\\/es\\\/mas-de-600-nuevos-estudiantes-eligen-el-campus-de-alcoy-de-la-upv\\\/\"]}]},{\"@type\":\"ImageObject\",\"inLanguage\":\"es\",\"@id\":\"https:\\\/\\\/www.copealcoy.es\\\/es\\\/mas-de-600-nuevos-estudiantes-eligen-el-campus-de-alcoy-de-la-upv\\\/#primaryimage\",\"url\":\"https:\\\/\\\/www.copealcoy.es\\\/wp-content\\\/uploads\\\/2024\\\/09\\\/unnamed-1-4.jpg\",\"contentUrl\":\"https:\\\/\\\/www.copealcoy.es\\\/wp-content\\\/uploads\\\/2024\\\/09\\\/unnamed-1-4.jpg\",\"width\":799,\"height\":533},{\"@type\":\"BreadcrumbList\",\"@id\":\"https:\\\/\\\/www.copealcoy.es\\\/es\\\/mas-de-600-nuevos-estudiantes-eligen-el-campus-de-alcoy-de-la-upv\\\/#breadcrumb\",\"itemListElement\":[{\"@type\":\"ListItem\",\"position\":1,\"name\":\"Portada\",\"item\":\"https:\\\/\\\/www.copealcoy.es\\\/es\\\/\"},{\"@type\":\"ListItem\",\"position\":2,\"name\":\"M\u00e1s de 600 nuevos estudiantes eligen el Campus de Alcoy de la UPV\"}]},{\"@type\":\"WebSite\",\"@id\":\"https:\\\/\\\/www.copealcoy.es\\\/es\\\/#website\",\"url\":\"https:\\\/\\\/www.copealcoy.es\\\/es\\\/\",\"name\":\"COPE Alcoy\",\"description\":\"Emisora COPE de radio local con emisi\u00f3n online. Pont de Sant Jordi 8-10 03803 Alcoy\",\"potentialAction\":[{\"@type\":\"SearchAction\",\"target\":{\"@type\":\"EntryPoint\",\"urlTemplate\":\"https:\\\/\\\/www.copealcoy.es\\\/es\\\/?s={search_term_string}\"},\"query-input\":{\"@type\":\"PropertyValueSpecification\",\"valueRequired\":true,\"valueName\":\"search_term_string\"}}],\"inLanguage\":\"es\"},{\"@type\":\"Person\",\"@id\":\"https:\\\/\\\/www.copealcoy.es\\\/es\\\/#\\\/schema\\\/person\\\/e777c87fa024e57d40170af9df39882c\",\"name\":\"Cope Alcoy\",\"image\":{\"@type\":\"ImageObject\",\"inLanguage\":\"es\",\"@id\":\"https:\\\/\\\/secure.gravatar.com\\\/avatar\\\/bb65d0283347e303893ba14f0692005417c1e0e690a325a4c5d8bb2b3943ee14?s=96&d=mm&r=g\",\"url\":\"https:\\\/\\\/secure.gravatar.com\\\/avatar\\\/bb65d0283347e303893ba14f0692005417c1e0e690a325a4c5d8bb2b3943ee14?s=96&d=mm&r=g\",\"contentUrl\":\"https:\\\/\\\/secure.gravatar.com\\\/avatar\\\/bb65d0283347e303893ba14f0692005417c1e0e690a325a4c5d8bb2b3943ee14?s=96&d=mm&r=g\",\"caption\":\"Cope Alcoy\"}}]}<\/script>\n<!-- \/ Yoast SEO plugin. -->","yoast_head_json":{"title":"M\u00e1s de 600 nuevos estudiantes eligen el Campus de Alcoy de la UPV - COPE Alcoy","description":"Alcoy sigue consolid\u00e1ndose como ciudad universitaria de referencia en las comarcas centrales valencianas y as\u00ed lo demuestran las cifras de nuevos alumnos que llegan al Campus de Alcoy de la UPV para cursar sus estudios","robots":{"index":"index","follow":"follow","max-snippet":"max-snippet:-1","max-image-preview":"max-image-preview:large","max-video-preview":"max-video-preview:-1"},"canonical":"https:\/\/www.copealcoy.es\/es\/mas-de-600-nuevos-estudiantes-eligen-el-campus-de-alcoy-de-la-upv\/","og_locale":"es_ES","og_type":"article","og_title":"M\u00e1s de 600 nuevos estudiantes eligen el Campus de Alcoy de la UPV - COPE Alcoy","og_description":"Alcoy sigue consolid\u00e1ndose como ciudad universitaria de referencia en las comarcas centrales valencianas y as\u00ed lo demuestran las cifras de nuevos alumnos que llegan al Campus de Alcoy de la UPV para cursar sus estudios","og_url":"https:\/\/www.copealcoy.es\/es\/mas-de-600-nuevos-estudiantes-eligen-el-campus-de-alcoy-de-la-upv\/","og_site_name":"COPE Alcoy","article_published_time":"2024-09-05T14:56:29+00:00","article_modified_time":"2024-09-06T08:14:16+00:00","og_image":[{"width":799,"height":533,"url":"https:\/\/www.copealcoy.es\/wp-content\/uploads\/2024\/09\/unnamed-1-4.jpg","type":"image\/jpeg"}],"author":"Cope Alcoy","twitter_misc":{"Escrito por":"Cope Alcoy","Tiempo de lectura":"3 minutos"},"schema":{"@context":"https:\/\/schema.org","@graph":[{"@type":"Article","@id":"https:\/\/www.copealcoy.es\/es\/mas-de-600-nuevos-estudiantes-eligen-el-campus-de-alcoy-de-la-upv\/#article","isPartOf":{"@id":"https:\/\/www.copealcoy.es\/es\/mas-de-600-nuevos-estudiantes-eligen-el-campus-de-alcoy-de-la-upv\/"},"author":{"name":"Cope Alcoy","@id":"https:\/\/www.copealcoy.es\/es\/#\/schema\/person\/e777c87fa024e57d40170af9df39882c"},"headline":"M\u00e1s de 600 nuevos estudiantes eligen el Campus de Alcoy de la UPV","datePublished":"2024-09-05T14:56:29+00:00","dateModified":"2024-09-06T08:14:16+00:00","mainEntityOfPage":{"@id":"https:\/\/www.copealcoy.es\/es\/mas-de-600-nuevos-estudiantes-eligen-el-campus-de-alcoy-de-la-upv\/"},"wordCount":455,"commentCount":0,"image":{"@id":"https:\/\/www.copealcoy.es\/es\/mas-de-600-nuevos-estudiantes-eligen-el-campus-de-alcoy-de-la-upv\/#primaryimage"},"thumbnailUrl":"https:\/\/www.copealcoy.es\/wp-content\/uploads\/2024\/09\/unnamed-1-4.jpg","keywords":["Alcoy","Campus UPV","estudios universitarios","inicio del curso"],"articleSection":["Actualidad","Alcoy","Educaci\u00f3n","Noticias","Portada"],"inLanguage":"es"},{"@type":"WebPage","@id":"https:\/\/www.copealcoy.es\/es\/mas-de-600-nuevos-estudiantes-eligen-el-campus-de-alcoy-de-la-upv\/","url":"https:\/\/www.copealcoy.es\/es\/mas-de-600-nuevos-estudiantes-eligen-el-campus-de-alcoy-de-la-upv\/","name":"M\u00e1s de 600 nuevos estudiantes eligen el Campus de Alcoy de la UPV - COPE Alcoy","isPartOf":{"@id":"https:\/\/www.copealcoy.es\/es\/#website"},"primaryImageOfPage":{"@id":"https:\/\/www.copealcoy.es\/es\/mas-de-600-nuevos-estudiantes-eligen-el-campus-de-alcoy-de-la-upv\/#primaryimage"},"image":{"@id":"https:\/\/www.copealcoy.es\/es\/mas-de-600-nuevos-estudiantes-eligen-el-campus-de-alcoy-de-la-upv\/#primaryimage"},"thumbnailUrl":"https:\/\/www.copealcoy.es\/wp-content\/uploads\/2024\/09\/unnamed-1-4.jpg","datePublished":"2024-09-05T14:56:29+00:00","dateModified":"2024-09-06T08:14:16+00:00","author":{"@id":"https:\/\/www.copealcoy.es\/es\/#\/schema\/person\/e777c87fa024e57d40170af9df39882c"},"description":"Alcoy sigue consolid\u00e1ndose como ciudad universitaria de referencia en las comarcas centrales valencianas y as\u00ed lo demuestran las cifras de nuevos alumnos que llegan al Campus de Alcoy de la UPV para cursar sus estudios","breadcrumb":{"@id":"https:\/\/www.copealcoy.es\/es\/mas-de-600-nuevos-estudiantes-eligen-el-campus-de-alcoy-de-la-upv\/#breadcrumb"},"inLanguage":"es","potentialAction":[{"@type":"ReadAction","target":["https:\/\/www.copealcoy.es\/es\/mas-de-600-nuevos-estudiantes-eligen-el-campus-de-alcoy-de-la-upv\/"]}]},{"@type":"ImageObject","inLanguage":"es","@id":"https:\/\/www.copealcoy.es\/es\/mas-de-600-nuevos-estudiantes-eligen-el-campus-de-alcoy-de-la-upv\/#primaryimage","url":"https:\/\/www.copealcoy.es\/wp-content\/uploads\/2024\/09\/unnamed-1-4.jpg","contentUrl":"https:\/\/www.copealcoy.es\/wp-content\/uploads\/2024\/09\/unnamed-1-4.jpg","width":799,"height":533},{"@type":"BreadcrumbList","@id":"https:\/\/www.copealcoy.es\/es\/mas-de-600-nuevos-estudiantes-eligen-el-campus-de-alcoy-de-la-upv\/#breadcrumb","itemListElement":[{"@type":"ListItem","position":1,"name":"Portada","item":"https:\/\/www.copealcoy.es\/es\/"},{"@type":"ListItem","position":2,"name":"M\u00e1s de 600 nuevos estudiantes eligen el Campus de Alcoy de la UPV"}]},{"@type":"WebSite","@id":"https:\/\/www.copealcoy.es\/es\/#website","url":"https:\/\/www.copealcoy.es\/es\/","name":"COPE Alcoy","description":"Emisora COPE de radio local con emisi\u00f3n online. Pont de Sant Jordi 8-10 03803 Alcoy","potentialAction":[{"@type":"SearchAction","target":{"@type":"EntryPoint","urlTemplate":"https:\/\/www.copealcoy.es\/es\/?s={search_term_string}"},"query-input":{"@type":"PropertyValueSpecification","valueRequired":true,"valueName":"search_term_string"}}],"inLanguage":"es"},{"@type":"Person","@id":"https:\/\/www.copealcoy.es\/es\/#\/schema\/person\/e777c87fa024e57d40170af9df39882c","name":"Cope Alcoy","image":{"@type":"ImageObject","inLanguage":"es","@id":"https:\/\/secure.gravatar.com\/avatar\/bb65d0283347e303893ba14f0692005417c1e0e690a325a4c5d8bb2b3943ee14?s=96&d=mm&r=g","url":"https:\/\/secure.gravatar.com\/avatar\/bb65d0283347e303893ba14f0692005417c1e0e690a325a4c5d8bb2b3943ee14?s=96&d=mm&r=g","contentUrl":"https:\/\/secure.gravatar.com\/avatar\/bb65d0283347e303893ba14f0692005417c1e0e690a325a4c5d8bb2b3943ee14?s=96&d=mm&r=g","caption":"Cope Alcoy"}}]}},"_links":{"self":[{"href":"https:\/\/www.copealcoy.es\/es\/wp-json\/wp\/v2\/posts\/139623","targetHints":{"allow":["GET"]}}],"collection":[{"href":"https:\/\/www.copealcoy.es\/es\/wp-json\/wp\/v2\/posts"}],"about":[{"href":"https:\/\/www.copealcoy.es\/es\/wp-json\/wp\/v2\/types\/post"}],"author":[{"embeddable":true,"href":"https:\/\/www.copealcoy.es\/es\/wp-json\/wp\/v2\/users\/1"}],"replies":[{"embeddable":true,"href":"https:\/\/www.copealcoy.es\/es\/wp-json\/wp\/v2\/comments?post=139623"}],"version-history":[{"count":0,"href":"https:\/\/www.copealcoy.es\/es\/wp-json\/wp\/v2\/posts\/139623\/revisions"}],"wp:featuredmedia":[{"embeddable":true,"href":"https:\/\/www.copealcoy.es\/es\/wp-json\/wp\/v2\/media\/139624"}],"wp:attachment":[{"href":"https:\/\/www.copealcoy.es\/es\/wp-json\/wp\/v2\/media?parent=139623"}],"wp:term":[{"taxonomy":"category","embeddable":true,"href":"https:\/\/www.copealcoy.es\/es\/wp-json\/wp\/v2\/categories?post=139623"},{"taxonomy":"post_tag","embeddable":true,"href":"https:\/\/www.copealcoy.es\/es\/wp-json\/wp\/v2\/tags?post=139623"}],"curies":[{"name":"wp","href":"https:\/\/api.w.org\/{rel}","templated":true}]}}