{"id":139464,"date":"2024-09-03T19:40:47","date_gmt":"2024-09-03T18:40:47","guid":{"rendered":"https:\/\/www.copealcoy.es\/?p=139464"},"modified":"2024-09-03T19:47:21","modified_gmt":"2024-09-03T18:47:21","slug":"mutua-de-levante-y-fedac-sellan-un-acuerdo-de-colaboracion","status":"publish","type":"post","link":"https:\/\/www.copealcoy.es\/es\/mutua-de-levante-y-fedac-sellan-un-acuerdo-de-colaboracion\/","title":{"rendered":"Mutua de Levante y FEDAC sellan un acuerdo de colaboraci\u00f3n"},"content":{"rendered":"<p style=\"text-align: justify;\">La <strong><a href=\"https:\/\/www.facebook.com\/FEDAC.LAcoia.Comtat\" target=\"_blank\" rel=\"noopener\"><span style=\"color: #0000ff;\">Federaci\u00f3n de Empresarios de l&#8217;Alcoi\u00e0-Comtat (FEDAC)<\/span><\/a> y <a href=\"https:\/\/www.facebook.com\/fundacionmutualevante\" target=\"_blank\" rel=\"noopener\"><span style=\"color: #0000ff;\">Fundaci\u00f3n Mutua de Levante<\/span><\/a><\/strong> han formalizado en este este martes 3 de septiembre\u00a0 <strong>un acuerdo de colaboraci\u00f3n<\/strong> que permitir\u00e1 a las empresas asociadas a la primera instituci\u00f3n acceder a las instalaciones de la misma Fundaci\u00f3n. Este convenio,\u00a0 <strong>\u00a0tambi\u00e9n contempla <\/strong>la difusi\u00f3n de las actividades y servicios de la aseguradora o de su Fundaci\u00f3n a trav\u00e9s de la federaci\u00f3n empresarial, lo cual potenciar\u00e1 su promoci\u00f3n.<\/p>\n<p style=\"text-align: justify;\">La firma del acuerdo tuvo lugar en las\u00a0 instalaciones de la misma Fundaci\u00f3n y cont\u00f3 con la presencia de <strong>Elena Turri\u00f3n<\/strong>, consejera ejecutiva de Mutua Levante y vicepresidenta de la Fundaci\u00f3n, as\u00ed como de Natxo G\u00f3mez, presidente de la federaci\u00f3n empresarial de nuestras comarcas. Ambos representantes subrayaron la importancia del acuerdo, y calificaron de buena noticia el hecho de que las dos instituciones vayan a trabajar conjuntamente a partir de ahora. Turri\u00f3n expres\u00f3 su esperanza de que esta colaboraci\u00f3n sea \u201cel <em>inicio de una larga amistad que perdure en el tiempo<\/em>\u201d, destacando dem\u00e1s que \u201c<em>FEDAC es una excelente plataforma que permitir\u00e1 a las empresas integradas en la misma conocer en mayor medida todo lo que ofrecemos, tanto en Mutua Levante como en la Fundaci\u00f3n<\/em>\u201d, afirm\u00f3.\u00a0Por su parte, <strong>Natxo G\u00f3mez<\/strong> enfatiz\u00f3 el valor, tanto de la empresa aseguradora como de la Fundaci\u00f3n Mutua de Levante, se\u00f1alando que las herramientas de difusi\u00f3n de esta \u00faltima ser\u00e1n muy beneficiosas para los asociados. De igual forma puso en valor las instalaciones con las que cuenta Mutua en la plaza de Espa\u00f1a &#8220;<em>tenemos un magn\u00edfico espacio a\u00a0 nuestro alance para realizar eventos, juntas o todo tipo de actividade<\/em>s&#8221;, concluy\u00f3.<\/p>\n<p style=\"text-align: justify;\">Cabe recordar que el convenio suscrito esta ma\u00f1ana <strong>estar\u00e1 vigente durante el periodo de un a\u00f1o<\/strong> tal y como han explicado tanto desde FEDAC como desde Fundaci\u00f3n Mutua de Levante. No obstante, las dos partes han manifestado su deseo de seguir renovando\u00a0 el citado acuerdo.<\/p>\n","protected":false},"excerpt":{"rendered":"<p>La Federaci\u00f3n de Empresarios de l&#8217;Alcoi\u00e0-Comtat (FEDAC) y Fundaci\u00f3n Mutua de Levante han formalizado en este este martes 3 de&#8230;<\/p>\n","protected":false},"author":1,"featured_media":139465,"comment_status":"open","ping_status":"open","sticky":false,"template":"","format":"standard","meta":{"footnotes":""},"categories":[6909,98,75],"tags":[18522,1494,743,9147],"class_list":["post-139464","post","type-post","status-publish","format-standard","has-post-thumbnail","hentry","category-actualidad","category-comarcas","category-noticias","tag-acuerdo-de-colaboracion","tag-alcoy","tag-fedac","tag-fundacion-mutua-de-levante"],"yoast_head":"<!-- This site is optimized with the Yoast SEO plugin v27.3 - https:\/\/yoast.com\/product\/yoast-seo-wordpress\/ -->\n<title>Mutua de Levante y FEDAC sellan un acuerdo de colaboraci\u00f3n - COPE Alcoy<\/title>\n<meta name=\"description\" content=\"La Federaci\u00f3n de Empresarios de l&#039;Alcoi\u00e0-Comtat (FEDAC) y Fundaci\u00f3n Mutua de Levante han formalizado en este este martes 3 de septiembre\u00a0 un acuerdo de colaboraci\u00f3n\" \/>\n<meta name=\"robots\" content=\"index, follow, max-snippet:-1, max-image-preview:large, max-video-preview:-1\" \/>\n<link rel=\"canonical\" href=\"https:\/\/www.copealcoy.es\/es\/mutua-de-levante-y-fedac-sellan-un-acuerdo-de-colaboracion\/\" \/>\n<meta property=\"og:locale\" content=\"es_ES\" \/>\n<meta property=\"og:type\" content=\"article\" \/>\n<meta property=\"og:title\" content=\"Mutua de Levante y FEDAC sellan un acuerdo de colaboraci\u00f3n - COPE Alcoy\" \/>\n<meta property=\"og:description\" content=\"La Federaci\u00f3n de Empresarios de l&#039;Alcoi\u00e0-Comtat (FEDAC) y Fundaci\u00f3n Mutua de Levante han formalizado en este este martes 3 de septiembre\u00a0 un acuerdo de colaboraci\u00f3n\" \/>\n<meta property=\"og:url\" content=\"https:\/\/www.copealcoy.es\/es\/mutua-de-levante-y-fedac-sellan-un-acuerdo-de-colaboracion\/\" \/>\n<meta property=\"og:site_name\" content=\"COPE Alcoy\" \/>\n<meta property=\"article:published_time\" content=\"2024-09-03T18:40:47+00:00\" \/>\n<meta property=\"article:modified_time\" content=\"2024-09-03T18:47:21+00:00\" \/>\n<meta property=\"og:image\" content=\"https:\/\/www.copealcoy.es\/wp-content\/uploads\/2024\/09\/458281725_818430780467836_4007040598627699677_n-scaled.jpg\" \/>\n\t<meta property=\"og:image:width\" content=\"1440\" \/>\n\t<meta property=\"og:image:height\" content=\"1080\" \/>\n\t<meta property=\"og:image:type\" content=\"image\/jpeg\" \/>\n<meta name=\"author\" content=\"Cope Alcoy\" \/>\n<meta name=\"twitter:label1\" content=\"Escrito por\" \/>\n\t<meta name=\"twitter:data1\" content=\"Cope Alcoy\" \/>\n\t<meta name=\"twitter:label2\" content=\"Tiempo de lectura\" \/>\n\t<meta name=\"twitter:data2\" content=\"2 minutos\" \/>\n<script type=\"application\/ld+json\" class=\"yoast-schema-graph\">{\"@context\":\"https:\\\/\\\/schema.org\",\"@graph\":[{\"@type\":\"Article\",\"@id\":\"https:\\\/\\\/www.copealcoy.es\\\/es\\\/mutua-de-levante-y-fedac-sellan-un-acuerdo-de-colaboracion\\\/#article\",\"isPartOf\":{\"@id\":\"https:\\\/\\\/www.copealcoy.es\\\/es\\\/mutua-de-levante-y-fedac-sellan-un-acuerdo-de-colaboracion\\\/\"},\"author\":{\"name\":\"Cope Alcoy\",\"@id\":\"https:\\\/\\\/www.copealcoy.es\\\/es\\\/#\\\/schema\\\/person\\\/e777c87fa024e57d40170af9df39882c\"},\"headline\":\"Mutua de Levante y FEDAC sellan un acuerdo de colaboraci\u00f3n\",\"datePublished\":\"2024-09-03T18:40:47+00:00\",\"dateModified\":\"2024-09-03T18:47:21+00:00\",\"mainEntityOfPage\":{\"@id\":\"https:\\\/\\\/www.copealcoy.es\\\/es\\\/mutua-de-levante-y-fedac-sellan-un-acuerdo-de-colaboracion\\\/\"},\"wordCount\":354,\"commentCount\":0,\"image\":{\"@id\":\"https:\\\/\\\/www.copealcoy.es\\\/es\\\/mutua-de-levante-y-fedac-sellan-un-acuerdo-de-colaboracion\\\/#primaryimage\"},\"thumbnailUrl\":\"https:\\\/\\\/www.copealcoy.es\\\/wp-content\\\/uploads\\\/2024\\\/09\\\/458281725_818430780467836_4007040598627699677_n-scaled.jpg\",\"keywords\":[\"acuerdo de colaboraci\u00f3n\",\"Alcoy\",\"FEDAC\",\"Fundaci\u00f3n Mutua de Levante\"],\"articleSection\":[\"Actualidad\",\"Comarcas\",\"Noticias\"],\"inLanguage\":\"es\"},{\"@type\":\"WebPage\",\"@id\":\"https:\\\/\\\/www.copealcoy.es\\\/es\\\/mutua-de-levante-y-fedac-sellan-un-acuerdo-de-colaboracion\\\/\",\"url\":\"https:\\\/\\\/www.copealcoy.es\\\/es\\\/mutua-de-levante-y-fedac-sellan-un-acuerdo-de-colaboracion\\\/\",\"name\":\"Mutua de Levante y FEDAC sellan un acuerdo de colaboraci\u00f3n - COPE Alcoy\",\"isPartOf\":{\"@id\":\"https:\\\/\\\/www.copealcoy.es\\\/es\\\/#website\"},\"primaryImageOfPage\":{\"@id\":\"https:\\\/\\\/www.copealcoy.es\\\/es\\\/mutua-de-levante-y-fedac-sellan-un-acuerdo-de-colaboracion\\\/#primaryimage\"},\"image\":{\"@id\":\"https:\\\/\\\/www.copealcoy.es\\\/es\\\/mutua-de-levante-y-fedac-sellan-un-acuerdo-de-colaboracion\\\/#primaryimage\"},\"thumbnailUrl\":\"https:\\\/\\\/www.copealcoy.es\\\/wp-content\\\/uploads\\\/2024\\\/09\\\/458281725_818430780467836_4007040598627699677_n-scaled.jpg\",\"datePublished\":\"2024-09-03T18:40:47+00:00\",\"dateModified\":\"2024-09-03T18:47:21+00:00\",\"author\":{\"@id\":\"https:\\\/\\\/www.copealcoy.es\\\/es\\\/#\\\/schema\\\/person\\\/e777c87fa024e57d40170af9df39882c\"},\"description\":\"La Federaci\u00f3n de Empresarios de l'Alcoi\u00e0-Comtat (FEDAC) y Fundaci\u00f3n Mutua de Levante han formalizado en este este martes 3 de septiembre\u00a0 un acuerdo de colaboraci\u00f3n\",\"breadcrumb\":{\"@id\":\"https:\\\/\\\/www.copealcoy.es\\\/es\\\/mutua-de-levante-y-fedac-sellan-un-acuerdo-de-colaboracion\\\/#breadcrumb\"},\"inLanguage\":\"es\",\"potentialAction\":[{\"@type\":\"ReadAction\",\"target\":[\"https:\\\/\\\/www.copealcoy.es\\\/es\\\/mutua-de-levante-y-fedac-sellan-un-acuerdo-de-colaboracion\\\/\"]}]},{\"@type\":\"ImageObject\",\"inLanguage\":\"es\",\"@id\":\"https:\\\/\\\/www.copealcoy.es\\\/es\\\/mutua-de-levante-y-fedac-sellan-un-acuerdo-de-colaboracion\\\/#primaryimage\",\"url\":\"https:\\\/\\\/www.copealcoy.es\\\/wp-content\\\/uploads\\\/2024\\\/09\\\/458281725_818430780467836_4007040598627699677_n-scaled.jpg\",\"contentUrl\":\"https:\\\/\\\/www.copealcoy.es\\\/wp-content\\\/uploads\\\/2024\\\/09\\\/458281725_818430780467836_4007040598627699677_n-scaled.jpg\",\"width\":1440,\"height\":1080},{\"@type\":\"BreadcrumbList\",\"@id\":\"https:\\\/\\\/www.copealcoy.es\\\/es\\\/mutua-de-levante-y-fedac-sellan-un-acuerdo-de-colaboracion\\\/#breadcrumb\",\"itemListElement\":[{\"@type\":\"ListItem\",\"position\":1,\"name\":\"Portada\",\"item\":\"https:\\\/\\\/www.copealcoy.es\\\/es\\\/\"},{\"@type\":\"ListItem\",\"position\":2,\"name\":\"Mutua de Levante y FEDAC sellan un acuerdo de colaboraci\u00f3n\"}]},{\"@type\":\"WebSite\",\"@id\":\"https:\\\/\\\/www.copealcoy.es\\\/es\\\/#website\",\"url\":\"https:\\\/\\\/www.copealcoy.es\\\/es\\\/\",\"name\":\"COPE Alcoy\",\"description\":\"Emisora COPE de radio local con emisi\u00f3n online. Pont de Sant Jordi 8-10 03803 Alcoy\",\"potentialAction\":[{\"@type\":\"SearchAction\",\"target\":{\"@type\":\"EntryPoint\",\"urlTemplate\":\"https:\\\/\\\/www.copealcoy.es\\\/es\\\/?s={search_term_string}\"},\"query-input\":{\"@type\":\"PropertyValueSpecification\",\"valueRequired\":true,\"valueName\":\"search_term_string\"}}],\"inLanguage\":\"es\"},{\"@type\":\"Person\",\"@id\":\"https:\\\/\\\/www.copealcoy.es\\\/es\\\/#\\\/schema\\\/person\\\/e777c87fa024e57d40170af9df39882c\",\"name\":\"Cope Alcoy\",\"image\":{\"@type\":\"ImageObject\",\"inLanguage\":\"es\",\"@id\":\"https:\\\/\\\/secure.gravatar.com\\\/avatar\\\/bb65d0283347e303893ba14f0692005417c1e0e690a325a4c5d8bb2b3943ee14?s=96&d=mm&r=g\",\"url\":\"https:\\\/\\\/secure.gravatar.com\\\/avatar\\\/bb65d0283347e303893ba14f0692005417c1e0e690a325a4c5d8bb2b3943ee14?s=96&d=mm&r=g\",\"contentUrl\":\"https:\\\/\\\/secure.gravatar.com\\\/avatar\\\/bb65d0283347e303893ba14f0692005417c1e0e690a325a4c5d8bb2b3943ee14?s=96&d=mm&r=g\",\"caption\":\"Cope Alcoy\"}}]}<\/script>\n<!-- \/ Yoast SEO plugin. -->","yoast_head_json":{"title":"Mutua de Levante y FEDAC sellan un acuerdo de colaboraci\u00f3n - COPE Alcoy","description":"La Federaci\u00f3n de Empresarios de l'Alcoi\u00e0-Comtat (FEDAC) y Fundaci\u00f3n Mutua de Levante han formalizado en este este martes 3 de septiembre\u00a0 un acuerdo de colaboraci\u00f3n","robots":{"index":"index","follow":"follow","max-snippet":"max-snippet:-1","max-image-preview":"max-image-preview:large","max-video-preview":"max-video-preview:-1"},"canonical":"https:\/\/www.copealcoy.es\/es\/mutua-de-levante-y-fedac-sellan-un-acuerdo-de-colaboracion\/","og_locale":"es_ES","og_type":"article","og_title":"Mutua de Levante y FEDAC sellan un acuerdo de colaboraci\u00f3n - COPE Alcoy","og_description":"La Federaci\u00f3n de Empresarios de l'Alcoi\u00e0-Comtat (FEDAC) y Fundaci\u00f3n Mutua de Levante han formalizado en este este martes 3 de septiembre\u00a0 un acuerdo de colaboraci\u00f3n","og_url":"https:\/\/www.copealcoy.es\/es\/mutua-de-levante-y-fedac-sellan-un-acuerdo-de-colaboracion\/","og_site_name":"COPE Alcoy","article_published_time":"2024-09-03T18:40:47+00:00","article_modified_time":"2024-09-03T18:47:21+00:00","og_image":[{"width":1440,"height":1080,"url":"https:\/\/www.copealcoy.es\/wp-content\/uploads\/2024\/09\/458281725_818430780467836_4007040598627699677_n-scaled.jpg","type":"image\/jpeg"}],"author":"Cope Alcoy","twitter_misc":{"Escrito por":"Cope Alcoy","Tiempo de lectura":"2 minutos"},"schema":{"@context":"https:\/\/schema.org","@graph":[{"@type":"Article","@id":"https:\/\/www.copealcoy.es\/es\/mutua-de-levante-y-fedac-sellan-un-acuerdo-de-colaboracion\/#article","isPartOf":{"@id":"https:\/\/www.copealcoy.es\/es\/mutua-de-levante-y-fedac-sellan-un-acuerdo-de-colaboracion\/"},"author":{"name":"Cope Alcoy","@id":"https:\/\/www.copealcoy.es\/es\/#\/schema\/person\/e777c87fa024e57d40170af9df39882c"},"headline":"Mutua de Levante y FEDAC sellan un acuerdo de colaboraci\u00f3n","datePublished":"2024-09-03T18:40:47+00:00","dateModified":"2024-09-03T18:47:21+00:00","mainEntityOfPage":{"@id":"https:\/\/www.copealcoy.es\/es\/mutua-de-levante-y-fedac-sellan-un-acuerdo-de-colaboracion\/"},"wordCount":354,"commentCount":0,"image":{"@id":"https:\/\/www.copealcoy.es\/es\/mutua-de-levante-y-fedac-sellan-un-acuerdo-de-colaboracion\/#primaryimage"},"thumbnailUrl":"https:\/\/www.copealcoy.es\/wp-content\/uploads\/2024\/09\/458281725_818430780467836_4007040598627699677_n-scaled.jpg","keywords":["acuerdo de colaboraci\u00f3n","Alcoy","FEDAC","Fundaci\u00f3n Mutua de Levante"],"articleSection":["Actualidad","Comarcas","Noticias"],"inLanguage":"es"},{"@type":"WebPage","@id":"https:\/\/www.copealcoy.es\/es\/mutua-de-levante-y-fedac-sellan-un-acuerdo-de-colaboracion\/","url":"https:\/\/www.copealcoy.es\/es\/mutua-de-levante-y-fedac-sellan-un-acuerdo-de-colaboracion\/","name":"Mutua de Levante y FEDAC sellan un acuerdo de colaboraci\u00f3n - COPE Alcoy","isPartOf":{"@id":"https:\/\/www.copealcoy.es\/es\/#website"},"primaryImageOfPage":{"@id":"https:\/\/www.copealcoy.es\/es\/mutua-de-levante-y-fedac-sellan-un-acuerdo-de-colaboracion\/#primaryimage"},"image":{"@id":"https:\/\/www.copealcoy.es\/es\/mutua-de-levante-y-fedac-sellan-un-acuerdo-de-colaboracion\/#primaryimage"},"thumbnailUrl":"https:\/\/www.copealcoy.es\/wp-content\/uploads\/2024\/09\/458281725_818430780467836_4007040598627699677_n-scaled.jpg","datePublished":"2024-09-03T18:40:47+00:00","dateModified":"2024-09-03T18:47:21+00:00","author":{"@id":"https:\/\/www.copealcoy.es\/es\/#\/schema\/person\/e777c87fa024e57d40170af9df39882c"},"description":"La Federaci\u00f3n de Empresarios de l'Alcoi\u00e0-Comtat (FEDAC) y Fundaci\u00f3n Mutua de Levante han formalizado en este este martes 3 de septiembre\u00a0 un acuerdo de colaboraci\u00f3n","breadcrumb":{"@id":"https:\/\/www.copealcoy.es\/es\/mutua-de-levante-y-fedac-sellan-un-acuerdo-de-colaboracion\/#breadcrumb"},"inLanguage":"es","potentialAction":[{"@type":"ReadAction","target":["https:\/\/www.copealcoy.es\/es\/mutua-de-levante-y-fedac-sellan-un-acuerdo-de-colaboracion\/"]}]},{"@type":"ImageObject","inLanguage":"es","@id":"https:\/\/www.copealcoy.es\/es\/mutua-de-levante-y-fedac-sellan-un-acuerdo-de-colaboracion\/#primaryimage","url":"https:\/\/www.copealcoy.es\/wp-content\/uploads\/2024\/09\/458281725_818430780467836_4007040598627699677_n-scaled.jpg","contentUrl":"https:\/\/www.copealcoy.es\/wp-content\/uploads\/2024\/09\/458281725_818430780467836_4007040598627699677_n-scaled.jpg","width":1440,"height":1080},{"@type":"BreadcrumbList","@id":"https:\/\/www.copealcoy.es\/es\/mutua-de-levante-y-fedac-sellan-un-acuerdo-de-colaboracion\/#breadcrumb","itemListElement":[{"@type":"ListItem","position":1,"name":"Portada","item":"https:\/\/www.copealcoy.es\/es\/"},{"@type":"ListItem","position":2,"name":"Mutua de Levante y FEDAC sellan un acuerdo de colaboraci\u00f3n"}]},{"@type":"WebSite","@id":"https:\/\/www.copealcoy.es\/es\/#website","url":"https:\/\/www.copealcoy.es\/es\/","name":"COPE Alcoy","description":"Emisora COPE de radio local con emisi\u00f3n online. Pont de Sant Jordi 8-10 03803 Alcoy","potentialAction":[{"@type":"SearchAction","target":{"@type":"EntryPoint","urlTemplate":"https:\/\/www.copealcoy.es\/es\/?s={search_term_string}"},"query-input":{"@type":"PropertyValueSpecification","valueRequired":true,"valueName":"search_term_string"}}],"inLanguage":"es"},{"@type":"Person","@id":"https:\/\/www.copealcoy.es\/es\/#\/schema\/person\/e777c87fa024e57d40170af9df39882c","name":"Cope Alcoy","image":{"@type":"ImageObject","inLanguage":"es","@id":"https:\/\/secure.gravatar.com\/avatar\/bb65d0283347e303893ba14f0692005417c1e0e690a325a4c5d8bb2b3943ee14?s=96&d=mm&r=g","url":"https:\/\/secure.gravatar.com\/avatar\/bb65d0283347e303893ba14f0692005417c1e0e690a325a4c5d8bb2b3943ee14?s=96&d=mm&r=g","contentUrl":"https:\/\/secure.gravatar.com\/avatar\/bb65d0283347e303893ba14f0692005417c1e0e690a325a4c5d8bb2b3943ee14?s=96&d=mm&r=g","caption":"Cope Alcoy"}}]}},"_links":{"self":[{"href":"https:\/\/www.copealcoy.es\/es\/wp-json\/wp\/v2\/posts\/139464","targetHints":{"allow":["GET"]}}],"collection":[{"href":"https:\/\/www.copealcoy.es\/es\/wp-json\/wp\/v2\/posts"}],"about":[{"href":"https:\/\/www.copealcoy.es\/es\/wp-json\/wp\/v2\/types\/post"}],"author":[{"embeddable":true,"href":"https:\/\/www.copealcoy.es\/es\/wp-json\/wp\/v2\/users\/1"}],"replies":[{"embeddable":true,"href":"https:\/\/www.copealcoy.es\/es\/wp-json\/wp\/v2\/comments?post=139464"}],"version-history":[{"count":0,"href":"https:\/\/www.copealcoy.es\/es\/wp-json\/wp\/v2\/posts\/139464\/revisions"}],"wp:featuredmedia":[{"embeddable":true,"href":"https:\/\/www.copealcoy.es\/es\/wp-json\/wp\/v2\/media\/139465"}],"wp:attachment":[{"href":"https:\/\/www.copealcoy.es\/es\/wp-json\/wp\/v2\/media?parent=139464"}],"wp:term":[{"taxonomy":"category","embeddable":true,"href":"https:\/\/www.copealcoy.es\/es\/wp-json\/wp\/v2\/categories?post=139464"},{"taxonomy":"post_tag","embeddable":true,"href":"https:\/\/www.copealcoy.es\/es\/wp-json\/wp\/v2\/tags?post=139464"}],"curies":[{"name":"wp","href":"https:\/\/api.w.org\/{rel}","templated":true}]}}