{"id":139429,"date":"2024-09-03T09:56:11","date_gmt":"2024-09-03T08:56:11","guid":{"rendered":"https:\/\/www.copealcoy.es\/?p=139429"},"modified":"2024-09-03T12:13:24","modified_gmt":"2024-09-03T11:13:24","slug":"las-intensas-lluvias-del-lunes-dejan-su-rastro-en-alcoy-y-en-la-comarca","status":"publish","type":"post","link":"https:\/\/www.copealcoy.es\/es\/las-intensas-lluvias-del-lunes-dejan-su-rastro-en-alcoy-y-en-la-comarca\/","title":{"rendered":"Las intensas lluvias del lunes dejan su rastro en Alcoy y en la comarca"},"content":{"rendered":"<p style=\"text-align: justify;\">Las <strong>fuertes precipitaciones<\/strong> que azotaron la comarca ayer <strong>han dejado un rastro de consecuencias<\/strong> en varias localidades de l&#8217;Alcoi\u00e0 y el Comtat. En algunos puntos, como <strong>la pedan\u00eda de Ares del Bosc en Alcoleja<\/strong>, se registraron hasta <strong>100 litros por metro cuadrado<\/strong>, lo que provoc\u00f3 <strong>una notable crecida del r\u00edo Frainos<\/strong> a su paso por localidades como Benilloba.<\/p>\n<p style=\"text-align: justify;\">El agua <strong>arrastraba ceniza y restos de vegetaci\u00f3n<\/strong>, consecuencia del incendio que afect\u00f3 al t\u00e9rmino municipal de Pen\u00e0guila a finales de julio. La situaci\u00f3n tambi\u00e9n se repiti\u00f3 en <strong>Alcoy<\/strong>, donde el cauce del r\u00edo experiment\u00f3 un aumento significativo en su caudal. En <strong>Cocentaina<\/strong>, el incremento del agua gener\u00f3 arrastres de ca\u00f1as y tierras, as\u00ed como desprendimientos en la barandilla de un puente en la zona de la partida El Terratge. Desde el Ayuntamiento de la capital del Comtat han estado evaluando los da\u00f1os a lo largo de toda esta ma\u00f1ana &#8220;<em>y durante los pr\u00f3ximos d\u00edas la brigada de obras proceder\u00e1 a retirar las ca\u00f1as, limpiar la zona y reparar los desperfectos<\/em>&#8220;, destacaba en COPE ALCOY el primer teniente de alcalde y edil de Obras y Servicios del Consistorio; Rub\u00e9n Mu\u00f1oz.<\/p>\n<p style=\"text-align: justify;\">Seg\u00fan datos proporcionados por <a href=\"https:\/\/www.facebook.com\/avametmeteo\" target=\"_blank\" rel=\"noopener\"><span style=\"color: #0000ff;\"><strong>AVAMET<\/strong> <\/span><\/a>a primera hora de la tarde, <strong>las precipitaciones fueron notables<\/strong> en toda la comarca: Alcoleja acumul\u00f3 98 litros por metro cuadrado, seguido de Benifallim con 73 litros, Pen\u00e0guila con 70 litros, Alcoy con 66 litros, Benillup con 60 litros, Onil con 50 litros, Fageca con 44 litros, Muro y Cocentaina con 40 litros cada uno, mientras que Benilloba registr\u00f3 30 litros y Banyeres de Mariola alcanz\u00f3 los 28 litros.<\/p>\n<p><strong><span style=\"color: #0000ff;\">Sigue el riesgo de chubascos y tormentas<\/span><\/strong><\/p>\n<p style=\"text-align: justify;\">La previsi\u00f3n de la <a href=\"https:\/\/www.aemet.es\/es\/eltiempo\/prediccion\/municipios\/alcoy-alcoi-id03009\" target=\"_blank\" rel=\"noopener\"><strong><span style=\"color: #0000ff;\">Agencia Estatal de Meteorolog\u00eda<\/span><\/strong><\/a>, AEMET, pronostica de nuevo para este <strong>martes<\/strong> cielos cubiertos con chubascos y probabilidad de tormentas. Se ha activado la alerta amarilla por fuertes lluvias a partir del mediod\u00eda y la situaci\u00f3n seguir\u00eda tambi\u00e9n ma\u00f1ana <strong>mi\u00e9rcoles<\/strong>. El riesgo de precipitaciones continuar\u00eda el <strong>jueves<\/strong> y a partir del <strong>fin de semana<\/strong> se normalizar\u00eda la situaci\u00f3n con unas m\u00e1ximas y m\u00ednimas que ser\u00e1n m\u00e1s bajas que d\u00edas pasados.<\/p>\n","protected":false},"excerpt":{"rendered":"<p>Las fuertes precipitaciones que azotaron la comarca ayer han dejado un rastro de consecuencias en varias localidades de l&#8217;Alcoi\u00e0 y&#8230;<\/p>\n","protected":false},"author":1,"featured_media":139430,"comment_status":"open","ping_status":"open","sticky":false,"template":"","format":"standard","meta":{"footnotes":""},"categories":[6909,98,75,125],"tags":[482,1494,132,237,189,534],"class_list":["post-139429","post","type-post","status-publish","format-standard","has-post-thumbnail","hentry","category-actualidad","category-comarcas","category-noticias","category-portada","tag-alcoia","tag-alcoy","tag-cocentaina","tag-comtat","tag-danos","tag-lluvia"],"yoast_head":"<!-- This site is optimized with the Yoast SEO plugin v27.3 - https:\/\/yoast.com\/product\/yoast-seo-wordpress\/ -->\n<title>Las intensas lluvias del lunes dejan su rastro en Alcoy y en la comarca - COPE Alcoy<\/title>\n<meta name=\"description\" content=\"Las fuertes precipitaciones que azotaron la comarca ayer han dejado un rastro de consecuencias en varias localidades de l&#039;Alcoi\u00e0 y el Comtat\" \/>\n<meta name=\"robots\" content=\"index, follow, max-snippet:-1, max-image-preview:large, max-video-preview:-1\" \/>\n<link rel=\"canonical\" href=\"https:\/\/www.copealcoy.es\/es\/las-intensas-lluvias-del-lunes-dejan-su-rastro-en-alcoy-y-en-la-comarca\/\" \/>\n<meta property=\"og:locale\" content=\"es_ES\" \/>\n<meta property=\"og:type\" content=\"article\" \/>\n<meta property=\"og:title\" content=\"Las intensas lluvias del lunes dejan su rastro en Alcoy y en la comarca - COPE Alcoy\" \/>\n<meta property=\"og:description\" content=\"Las fuertes precipitaciones que azotaron la comarca ayer han dejado un rastro de consecuencias en varias localidades de l&#039;Alcoi\u00e0 y el Comtat\" \/>\n<meta property=\"og:url\" content=\"https:\/\/www.copealcoy.es\/es\/las-intensas-lluvias-del-lunes-dejan-su-rastro-en-alcoy-y-en-la-comarca\/\" \/>\n<meta property=\"og:site_name\" content=\"COPE Alcoy\" \/>\n<meta property=\"article:published_time\" content=\"2024-09-03T08:56:11+00:00\" \/>\n<meta property=\"article:modified_time\" content=\"2024-09-03T11:13:24+00:00\" \/>\n<meta property=\"og:image\" content=\"https:\/\/www.copealcoy.es\/wp-content\/uploads\/2024\/09\/458303921_927921469379832_6684447560612183284_n-scaled.jpg\" \/>\n\t<meta property=\"og:image:width\" content=\"1920\" \/>\n\t<meta property=\"og:image:height\" content=\"1080\" \/>\n\t<meta property=\"og:image:type\" content=\"image\/jpeg\" \/>\n<meta name=\"author\" content=\"Cope Alcoy\" \/>\n<meta name=\"twitter:label1\" content=\"Escrito por\" \/>\n\t<meta name=\"twitter:data1\" content=\"Cope Alcoy\" \/>\n\t<meta name=\"twitter:label2\" content=\"Tiempo de lectura\" \/>\n\t<meta name=\"twitter:data2\" content=\"3 minutos\" \/>\n<script type=\"application\/ld+json\" class=\"yoast-schema-graph\">{\"@context\":\"https:\\\/\\\/schema.org\",\"@graph\":[{\"@type\":\"Article\",\"@id\":\"https:\\\/\\\/www.copealcoy.es\\\/es\\\/las-intensas-lluvias-del-lunes-dejan-su-rastro-en-alcoy-y-en-la-comarca\\\/#article\",\"isPartOf\":{\"@id\":\"https:\\\/\\\/www.copealcoy.es\\\/es\\\/las-intensas-lluvias-del-lunes-dejan-su-rastro-en-alcoy-y-en-la-comarca\\\/\"},\"author\":{\"name\":\"Cope Alcoy\",\"@id\":\"https:\\\/\\\/www.copealcoy.es\\\/es\\\/#\\\/schema\\\/person\\\/e777c87fa024e57d40170af9df39882c\"},\"headline\":\"Las intensas lluvias del lunes dejan su rastro en Alcoy y en la comarca\",\"datePublished\":\"2024-09-03T08:56:11+00:00\",\"dateModified\":\"2024-09-03T11:13:24+00:00\",\"mainEntityOfPage\":{\"@id\":\"https:\\\/\\\/www.copealcoy.es\\\/es\\\/las-intensas-lluvias-del-lunes-dejan-su-rastro-en-alcoy-y-en-la-comarca\\\/\"},\"wordCount\":380,\"commentCount\":0,\"image\":{\"@id\":\"https:\\\/\\\/www.copealcoy.es\\\/es\\\/las-intensas-lluvias-del-lunes-dejan-su-rastro-en-alcoy-y-en-la-comarca\\\/#primaryimage\"},\"thumbnailUrl\":\"https:\\\/\\\/www.copealcoy.es\\\/wp-content\\\/uploads\\\/2024\\\/09\\\/458303921_927921469379832_6684447560612183284_n-scaled.jpg\",\"keywords\":[\"Alcoi\u00e0\",\"Alcoy\",\"Cocentaina\",\"Comtat\",\"Da\u00f1os\",\"Lluvia\"],\"articleSection\":[\"Actualidad\",\"Comarcas\",\"Noticias\",\"Portada\"],\"inLanguage\":\"es\"},{\"@type\":\"WebPage\",\"@id\":\"https:\\\/\\\/www.copealcoy.es\\\/es\\\/las-intensas-lluvias-del-lunes-dejan-su-rastro-en-alcoy-y-en-la-comarca\\\/\",\"url\":\"https:\\\/\\\/www.copealcoy.es\\\/es\\\/las-intensas-lluvias-del-lunes-dejan-su-rastro-en-alcoy-y-en-la-comarca\\\/\",\"name\":\"Las intensas lluvias del lunes dejan su rastro en Alcoy y en la comarca - COPE Alcoy\",\"isPartOf\":{\"@id\":\"https:\\\/\\\/www.copealcoy.es\\\/es\\\/#website\"},\"primaryImageOfPage\":{\"@id\":\"https:\\\/\\\/www.copealcoy.es\\\/es\\\/las-intensas-lluvias-del-lunes-dejan-su-rastro-en-alcoy-y-en-la-comarca\\\/#primaryimage\"},\"image\":{\"@id\":\"https:\\\/\\\/www.copealcoy.es\\\/es\\\/las-intensas-lluvias-del-lunes-dejan-su-rastro-en-alcoy-y-en-la-comarca\\\/#primaryimage\"},\"thumbnailUrl\":\"https:\\\/\\\/www.copealcoy.es\\\/wp-content\\\/uploads\\\/2024\\\/09\\\/458303921_927921469379832_6684447560612183284_n-scaled.jpg\",\"datePublished\":\"2024-09-03T08:56:11+00:00\",\"dateModified\":\"2024-09-03T11:13:24+00:00\",\"author\":{\"@id\":\"https:\\\/\\\/www.copealcoy.es\\\/es\\\/#\\\/schema\\\/person\\\/e777c87fa024e57d40170af9df39882c\"},\"description\":\"Las fuertes precipitaciones que azotaron la comarca ayer han dejado un rastro de consecuencias en varias localidades de l'Alcoi\u00e0 y el Comtat\",\"breadcrumb\":{\"@id\":\"https:\\\/\\\/www.copealcoy.es\\\/es\\\/las-intensas-lluvias-del-lunes-dejan-su-rastro-en-alcoy-y-en-la-comarca\\\/#breadcrumb\"},\"inLanguage\":\"es\",\"potentialAction\":[{\"@type\":\"ReadAction\",\"target\":[\"https:\\\/\\\/www.copealcoy.es\\\/es\\\/las-intensas-lluvias-del-lunes-dejan-su-rastro-en-alcoy-y-en-la-comarca\\\/\"]}]},{\"@type\":\"ImageObject\",\"inLanguage\":\"es\",\"@id\":\"https:\\\/\\\/www.copealcoy.es\\\/es\\\/las-intensas-lluvias-del-lunes-dejan-su-rastro-en-alcoy-y-en-la-comarca\\\/#primaryimage\",\"url\":\"https:\\\/\\\/www.copealcoy.es\\\/wp-content\\\/uploads\\\/2024\\\/09\\\/458303921_927921469379832_6684447560612183284_n-scaled.jpg\",\"contentUrl\":\"https:\\\/\\\/www.copealcoy.es\\\/wp-content\\\/uploads\\\/2024\\\/09\\\/458303921_927921469379832_6684447560612183284_n-scaled.jpg\",\"width\":1920,\"height\":1080},{\"@type\":\"BreadcrumbList\",\"@id\":\"https:\\\/\\\/www.copealcoy.es\\\/es\\\/las-intensas-lluvias-del-lunes-dejan-su-rastro-en-alcoy-y-en-la-comarca\\\/#breadcrumb\",\"itemListElement\":[{\"@type\":\"ListItem\",\"position\":1,\"name\":\"Portada\",\"item\":\"https:\\\/\\\/www.copealcoy.es\\\/es\\\/\"},{\"@type\":\"ListItem\",\"position\":2,\"name\":\"Las intensas lluvias del lunes dejan su rastro en Alcoy y en la comarca\"}]},{\"@type\":\"WebSite\",\"@id\":\"https:\\\/\\\/www.copealcoy.es\\\/es\\\/#website\",\"url\":\"https:\\\/\\\/www.copealcoy.es\\\/es\\\/\",\"name\":\"COPE Alcoy\",\"description\":\"Emisora COPE de radio local con emisi\u00f3n online. Pont de Sant Jordi 8-10 03803 Alcoy\",\"potentialAction\":[{\"@type\":\"SearchAction\",\"target\":{\"@type\":\"EntryPoint\",\"urlTemplate\":\"https:\\\/\\\/www.copealcoy.es\\\/es\\\/?s={search_term_string}\"},\"query-input\":{\"@type\":\"PropertyValueSpecification\",\"valueRequired\":true,\"valueName\":\"search_term_string\"}}],\"inLanguage\":\"es\"},{\"@type\":\"Person\",\"@id\":\"https:\\\/\\\/www.copealcoy.es\\\/es\\\/#\\\/schema\\\/person\\\/e777c87fa024e57d40170af9df39882c\",\"name\":\"Cope Alcoy\",\"image\":{\"@type\":\"ImageObject\",\"inLanguage\":\"es\",\"@id\":\"https:\\\/\\\/secure.gravatar.com\\\/avatar\\\/bb65d0283347e303893ba14f0692005417c1e0e690a325a4c5d8bb2b3943ee14?s=96&d=mm&r=g\",\"url\":\"https:\\\/\\\/secure.gravatar.com\\\/avatar\\\/bb65d0283347e303893ba14f0692005417c1e0e690a325a4c5d8bb2b3943ee14?s=96&d=mm&r=g\",\"contentUrl\":\"https:\\\/\\\/secure.gravatar.com\\\/avatar\\\/bb65d0283347e303893ba14f0692005417c1e0e690a325a4c5d8bb2b3943ee14?s=96&d=mm&r=g\",\"caption\":\"Cope Alcoy\"}}]}<\/script>\n<!-- \/ Yoast SEO plugin. -->","yoast_head_json":{"title":"Las intensas lluvias del lunes dejan su rastro en Alcoy y en la comarca - COPE Alcoy","description":"Las fuertes precipitaciones que azotaron la comarca ayer han dejado un rastro de consecuencias en varias localidades de l'Alcoi\u00e0 y el Comtat","robots":{"index":"index","follow":"follow","max-snippet":"max-snippet:-1","max-image-preview":"max-image-preview:large","max-video-preview":"max-video-preview:-1"},"canonical":"https:\/\/www.copealcoy.es\/es\/las-intensas-lluvias-del-lunes-dejan-su-rastro-en-alcoy-y-en-la-comarca\/","og_locale":"es_ES","og_type":"article","og_title":"Las intensas lluvias del lunes dejan su rastro en Alcoy y en la comarca - COPE Alcoy","og_description":"Las fuertes precipitaciones que azotaron la comarca ayer han dejado un rastro de consecuencias en varias localidades de l'Alcoi\u00e0 y el Comtat","og_url":"https:\/\/www.copealcoy.es\/es\/las-intensas-lluvias-del-lunes-dejan-su-rastro-en-alcoy-y-en-la-comarca\/","og_site_name":"COPE Alcoy","article_published_time":"2024-09-03T08:56:11+00:00","article_modified_time":"2024-09-03T11:13:24+00:00","og_image":[{"width":1920,"height":1080,"url":"https:\/\/www.copealcoy.es\/wp-content\/uploads\/2024\/09\/458303921_927921469379832_6684447560612183284_n-scaled.jpg","type":"image\/jpeg"}],"author":"Cope Alcoy","twitter_misc":{"Escrito por":"Cope Alcoy","Tiempo de lectura":"3 minutos"},"schema":{"@context":"https:\/\/schema.org","@graph":[{"@type":"Article","@id":"https:\/\/www.copealcoy.es\/es\/las-intensas-lluvias-del-lunes-dejan-su-rastro-en-alcoy-y-en-la-comarca\/#article","isPartOf":{"@id":"https:\/\/www.copealcoy.es\/es\/las-intensas-lluvias-del-lunes-dejan-su-rastro-en-alcoy-y-en-la-comarca\/"},"author":{"name":"Cope Alcoy","@id":"https:\/\/www.copealcoy.es\/es\/#\/schema\/person\/e777c87fa024e57d40170af9df39882c"},"headline":"Las intensas lluvias del lunes dejan su rastro en Alcoy y en la comarca","datePublished":"2024-09-03T08:56:11+00:00","dateModified":"2024-09-03T11:13:24+00:00","mainEntityOfPage":{"@id":"https:\/\/www.copealcoy.es\/es\/las-intensas-lluvias-del-lunes-dejan-su-rastro-en-alcoy-y-en-la-comarca\/"},"wordCount":380,"commentCount":0,"image":{"@id":"https:\/\/www.copealcoy.es\/es\/las-intensas-lluvias-del-lunes-dejan-su-rastro-en-alcoy-y-en-la-comarca\/#primaryimage"},"thumbnailUrl":"https:\/\/www.copealcoy.es\/wp-content\/uploads\/2024\/09\/458303921_927921469379832_6684447560612183284_n-scaled.jpg","keywords":["Alcoi\u00e0","Alcoy","Cocentaina","Comtat","Da\u00f1os","Lluvia"],"articleSection":["Actualidad","Comarcas","Noticias","Portada"],"inLanguage":"es"},{"@type":"WebPage","@id":"https:\/\/www.copealcoy.es\/es\/las-intensas-lluvias-del-lunes-dejan-su-rastro-en-alcoy-y-en-la-comarca\/","url":"https:\/\/www.copealcoy.es\/es\/las-intensas-lluvias-del-lunes-dejan-su-rastro-en-alcoy-y-en-la-comarca\/","name":"Las intensas lluvias del lunes dejan su rastro en Alcoy y en la comarca - COPE Alcoy","isPartOf":{"@id":"https:\/\/www.copealcoy.es\/es\/#website"},"primaryImageOfPage":{"@id":"https:\/\/www.copealcoy.es\/es\/las-intensas-lluvias-del-lunes-dejan-su-rastro-en-alcoy-y-en-la-comarca\/#primaryimage"},"image":{"@id":"https:\/\/www.copealcoy.es\/es\/las-intensas-lluvias-del-lunes-dejan-su-rastro-en-alcoy-y-en-la-comarca\/#primaryimage"},"thumbnailUrl":"https:\/\/www.copealcoy.es\/wp-content\/uploads\/2024\/09\/458303921_927921469379832_6684447560612183284_n-scaled.jpg","datePublished":"2024-09-03T08:56:11+00:00","dateModified":"2024-09-03T11:13:24+00:00","author":{"@id":"https:\/\/www.copealcoy.es\/es\/#\/schema\/person\/e777c87fa024e57d40170af9df39882c"},"description":"Las fuertes precipitaciones que azotaron la comarca ayer han dejado un rastro de consecuencias en varias localidades de l'Alcoi\u00e0 y el Comtat","breadcrumb":{"@id":"https:\/\/www.copealcoy.es\/es\/las-intensas-lluvias-del-lunes-dejan-su-rastro-en-alcoy-y-en-la-comarca\/#breadcrumb"},"inLanguage":"es","potentialAction":[{"@type":"ReadAction","target":["https:\/\/www.copealcoy.es\/es\/las-intensas-lluvias-del-lunes-dejan-su-rastro-en-alcoy-y-en-la-comarca\/"]}]},{"@type":"ImageObject","inLanguage":"es","@id":"https:\/\/www.copealcoy.es\/es\/las-intensas-lluvias-del-lunes-dejan-su-rastro-en-alcoy-y-en-la-comarca\/#primaryimage","url":"https:\/\/www.copealcoy.es\/wp-content\/uploads\/2024\/09\/458303921_927921469379832_6684447560612183284_n-scaled.jpg","contentUrl":"https:\/\/www.copealcoy.es\/wp-content\/uploads\/2024\/09\/458303921_927921469379832_6684447560612183284_n-scaled.jpg","width":1920,"height":1080},{"@type":"BreadcrumbList","@id":"https:\/\/www.copealcoy.es\/es\/las-intensas-lluvias-del-lunes-dejan-su-rastro-en-alcoy-y-en-la-comarca\/#breadcrumb","itemListElement":[{"@type":"ListItem","position":1,"name":"Portada","item":"https:\/\/www.copealcoy.es\/es\/"},{"@type":"ListItem","position":2,"name":"Las intensas lluvias del lunes dejan su rastro en Alcoy y en la comarca"}]},{"@type":"WebSite","@id":"https:\/\/www.copealcoy.es\/es\/#website","url":"https:\/\/www.copealcoy.es\/es\/","name":"COPE Alcoy","description":"Emisora COPE de radio local con emisi\u00f3n online. Pont de Sant Jordi 8-10 03803 Alcoy","potentialAction":[{"@type":"SearchAction","target":{"@type":"EntryPoint","urlTemplate":"https:\/\/www.copealcoy.es\/es\/?s={search_term_string}"},"query-input":{"@type":"PropertyValueSpecification","valueRequired":true,"valueName":"search_term_string"}}],"inLanguage":"es"},{"@type":"Person","@id":"https:\/\/www.copealcoy.es\/es\/#\/schema\/person\/e777c87fa024e57d40170af9df39882c","name":"Cope Alcoy","image":{"@type":"ImageObject","inLanguage":"es","@id":"https:\/\/secure.gravatar.com\/avatar\/bb65d0283347e303893ba14f0692005417c1e0e690a325a4c5d8bb2b3943ee14?s=96&d=mm&r=g","url":"https:\/\/secure.gravatar.com\/avatar\/bb65d0283347e303893ba14f0692005417c1e0e690a325a4c5d8bb2b3943ee14?s=96&d=mm&r=g","contentUrl":"https:\/\/secure.gravatar.com\/avatar\/bb65d0283347e303893ba14f0692005417c1e0e690a325a4c5d8bb2b3943ee14?s=96&d=mm&r=g","caption":"Cope Alcoy"}}]}},"_links":{"self":[{"href":"https:\/\/www.copealcoy.es\/es\/wp-json\/wp\/v2\/posts\/139429","targetHints":{"allow":["GET"]}}],"collection":[{"href":"https:\/\/www.copealcoy.es\/es\/wp-json\/wp\/v2\/posts"}],"about":[{"href":"https:\/\/www.copealcoy.es\/es\/wp-json\/wp\/v2\/types\/post"}],"author":[{"embeddable":true,"href":"https:\/\/www.copealcoy.es\/es\/wp-json\/wp\/v2\/users\/1"}],"replies":[{"embeddable":true,"href":"https:\/\/www.copealcoy.es\/es\/wp-json\/wp\/v2\/comments?post=139429"}],"version-history":[{"count":0,"href":"https:\/\/www.copealcoy.es\/es\/wp-json\/wp\/v2\/posts\/139429\/revisions"}],"wp:featuredmedia":[{"embeddable":true,"href":"https:\/\/www.copealcoy.es\/es\/wp-json\/wp\/v2\/media\/139430"}],"wp:attachment":[{"href":"https:\/\/www.copealcoy.es\/es\/wp-json\/wp\/v2\/media?parent=139429"}],"wp:term":[{"taxonomy":"category","embeddable":true,"href":"https:\/\/www.copealcoy.es\/es\/wp-json\/wp\/v2\/categories?post=139429"},{"taxonomy":"post_tag","embeddable":true,"href":"https:\/\/www.copealcoy.es\/es\/wp-json\/wp\/v2\/tags?post=139429"}],"curies":[{"name":"wp","href":"https:\/\/api.w.org\/{rel}","templated":true}]}}