{"id":139398,"date":"2024-09-02T15:19:52","date_gmt":"2024-09-02T14:19:52","guid":{"rendered":"https:\/\/www.copealcoy.es\/?p=139398"},"modified":"2024-09-02T15:55:00","modified_gmt":"2024-09-02T14:55:00","slug":"septiembre-comienza-pasado-por-agua-en-alcoy-y-buena-parte-de-la-comarca","status":"publish","type":"post","link":"https:\/\/www.copealcoy.es\/es\/septiembre-comienza-pasado-por-agua-en-alcoy-y-buena-parte-de-la-comarca\/","title":{"rendered":"Septiembre comienza pasado por agua en Alcoy y buena parte de la comarca"},"content":{"rendered":"<p style=\"text-align: justify;\">Septiembre <strong>ha comenzado con lluvia en Alcoy y en buena parte de las comarcas de l&#8217;Alcoi\u00e0 y el Comtat<\/strong>. Al filo de las tres de la tarde <strong>ha llovido con cierta intensidad<\/strong> en la ciudad pero tambi\u00e9n en Cocentaina, Alcoleja o puntos como la zona de La Plana, en Muro.\u00a0 Aqu\u00ed<strong> las precipitaciones han dejado\u00a0 acumulaciones de agua<\/strong> en algunos tramos de la Nacional 340 entre este \u00faltimo municipio y la Villa Condal.<\/p>\n<p>Con <strong>datos de AVAMET<\/strong>, hasta las 17:00h, se hab\u00edan contabilizado en tan solo una hora 98 litros por metro cuadrado en la pedan\u00eda de Ares del Bosc de Alcoleja, 59 en Pen\u00e0guila, 49 en Benifallim o 43 en Fageca.<\/p>\n<p style=\"text-align: justify;\"><strong><span style=\"color: #0000ff;\">La previsi\u00f3n para toda la semana<\/span><\/strong><\/p>\n<p style=\"text-align: justify;\">Las previsiones de <a href=\"https:\/\/www.aemet.es\/es\/eltiempo\/prediccion\/municipios\/alcoy-alcoi-id03009\" target=\"_blank\" rel=\"noopener\"><span style=\"color: #0000ff;\"><strong>la Agencia Estatal de Meteorolog\u00eda<\/strong><\/span><\/a> se han cumplido y la lluvia ha aparecido en este <strong>lunes 2 de septiembre<\/strong>, jornada en la que la misma AEMET mantiene activo el aviso amarillo por fuertes tormentas.\u00a0Las m\u00e1ximas quedar\u00edan en los 29 grados y las m\u00ednimas seguir\u00edan siendo algo elevadas de madrugada quedando en los 19 grados. El <strong>martes 3<\/strong>\u00a0se esperan cielos cubiertos con chubascos, que pueden traer tormenta hacia el mediod\u00eda y la tarde, quedando las temperaturas tanto m\u00e1ximas como m\u00ednimas en valores similares a los de hoy.<\/p>\n<p style=\"text-align: justify;\">La leve bajada la notar\u00edamos a partir del\u00a0<strong>mi\u00e9rcoles 4<\/strong>\u00a0quedando hasta finales de semana las m\u00e1ximas en torno a los 25 grados mientras que las m\u00ednimas ser\u00e1n de 15. Lucir\u00e1 el sol pero\u00a0<strong>tanto jueves como viernes<\/strong>, los cielos quedar\u00edan cubiertos de cara a la tarde manteni\u00e9ndose el riesgo de chubascos fuertes de cara a la tarde.\u00a0<strong>S\u00e1bado y domingo<\/strong>\u00a0la situaci\u00f3n seguir\u00eda similar aunque, a d\u00eda de hoy, la AMET reduce la probabilidad de lluvias hasta el 35%. En el\u00a0<strong>resto de la provincia<\/strong>\u00a0alicantina no se esperan grandes cambios de temperatura durante estos primeros d\u00edas de septiembre. El mercurio no superar\u00e1 los 30 grados en Benidorm, D\u00e9nia (28 \u00baC), Elda o Elche (30 \u00baC).<\/p>\n<p style=\"text-align: justify;\">Esta situaci\u00f3n llega\u00a0<strong>despu\u00e9s de un agosto que ha sido relativamente generoso<\/strong>\u00a0en nuestra ciudad en cuanto a lluvias se refiere si lo comparamos con otros meses del a\u00f1o. Y es que en el\u00a0<strong>pluvi\u00f3metro del C\u00edrculo Industrial<\/strong>\u00a0se han recogido\u00a0<strong>35,8 litros por metro cuadrado<\/strong>\u00a0en cuatro d\u00edas de lluvia siendo hasta ahora el segundo mes m\u00e1s lluvioso de 2024 tras junio en el que se contabilizaron 56,2. En todo el a\u00f1o y hasta ahora\u00a0<strong>ha llovido 167,2 litros por metro cuadrado<\/strong>.<\/p>\n","protected":false},"excerpt":{"rendered":"<p>Septiembre ha comenzado con lluvia en Alcoy y en buena parte de las comarcas de l&#8217;Alcoi\u00e0 y el Comtat. Al&#8230;<\/p>\n","protected":false},"author":1,"featured_media":139399,"comment_status":"open","ping_status":"open","sticky":false,"template":"","format":"standard","meta":{"footnotes":""},"categories":[6909,98,75,125],"tags":[12583,482,1494,237,534],"class_list":["post-139398","post","type-post","status-publish","format-standard","has-post-thumbnail","hentry","category-actualidad","category-comarcas","category-noticias","category-portada","tag-aemet","tag-alcoia","tag-alcoy","tag-comtat","tag-lluvia"],"yoast_head":"<!-- This site is optimized with the Yoast SEO plugin v27.3 - https:\/\/yoast.com\/product\/yoast-seo-wordpress\/ -->\n<title>Septiembre comienza pasado por agua en Alcoy y buena parte de la comarca - COPE Alcoy<\/title>\n<meta name=\"description\" content=\"Septiembre ha comenzado con lluvia en Alcoy y en buena parte de las comarcas de l&#039;Alcoi\u00e0 y el Comtat\" \/>\n<meta name=\"robots\" content=\"index, follow, max-snippet:-1, max-image-preview:large, max-video-preview:-1\" \/>\n<link rel=\"canonical\" href=\"https:\/\/www.copealcoy.es\/es\/septiembre-comienza-pasado-por-agua-en-alcoy-y-buena-parte-de-la-comarca\/\" \/>\n<meta property=\"og:locale\" content=\"es_ES\" \/>\n<meta property=\"og:type\" content=\"article\" \/>\n<meta property=\"og:title\" content=\"Septiembre comienza pasado por agua en Alcoy y buena parte de la comarca - COPE Alcoy\" \/>\n<meta property=\"og:description\" content=\"Septiembre ha comenzado con lluvia en Alcoy y en buena parte de las comarcas de l&#039;Alcoi\u00e0 y el Comtat\" \/>\n<meta property=\"og:url\" content=\"https:\/\/www.copealcoy.es\/es\/septiembre-comienza-pasado-por-agua-en-alcoy-y-buena-parte-de-la-comarca\/\" \/>\n<meta property=\"og:site_name\" content=\"COPE Alcoy\" \/>\n<meta property=\"article:published_time\" content=\"2024-09-02T14:19:52+00:00\" \/>\n<meta property=\"article:modified_time\" content=\"2024-09-02T14:55:00+00:00\" \/>\n<meta property=\"og:image\" content=\"https:\/\/www.copealcoy.es\/wp-content\/uploads\/2024\/09\/unnamed-1-scaled.jpg\" \/>\n\t<meta property=\"og:image:width\" content=\"1683\" \/>\n\t<meta property=\"og:image:height\" content=\"1080\" \/>\n\t<meta property=\"og:image:type\" content=\"image\/jpeg\" \/>\n<meta name=\"author\" content=\"Cope Alcoy\" \/>\n<meta name=\"twitter:label1\" content=\"Escrito por\" \/>\n\t<meta name=\"twitter:data1\" content=\"Cope Alcoy\" \/>\n\t<meta name=\"twitter:label2\" content=\"Tiempo de lectura\" \/>\n\t<meta name=\"twitter:data2\" content=\"3 minutos\" \/>\n<script type=\"application\/ld+json\" class=\"yoast-schema-graph\">{\"@context\":\"https:\\\/\\\/schema.org\",\"@graph\":[{\"@type\":\"Article\",\"@id\":\"https:\\\/\\\/www.copealcoy.es\\\/es\\\/septiembre-comienza-pasado-por-agua-en-alcoy-y-buena-parte-de-la-comarca\\\/#article\",\"isPartOf\":{\"@id\":\"https:\\\/\\\/www.copealcoy.es\\\/es\\\/septiembre-comienza-pasado-por-agua-en-alcoy-y-buena-parte-de-la-comarca\\\/\"},\"author\":{\"name\":\"Cope Alcoy\",\"@id\":\"https:\\\/\\\/www.copealcoy.es\\\/es\\\/#\\\/schema\\\/person\\\/e777c87fa024e57d40170af9df39882c\"},\"headline\":\"Septiembre comienza pasado por agua en Alcoy y buena parte de la comarca\",\"datePublished\":\"2024-09-02T14:19:52+00:00\",\"dateModified\":\"2024-09-02T14:55:00+00:00\",\"mainEntityOfPage\":{\"@id\":\"https:\\\/\\\/www.copealcoy.es\\\/es\\\/septiembre-comienza-pasado-por-agua-en-alcoy-y-buena-parte-de-la-comarca\\\/\"},\"wordCount\":437,\"commentCount\":0,\"image\":{\"@id\":\"https:\\\/\\\/www.copealcoy.es\\\/es\\\/septiembre-comienza-pasado-por-agua-en-alcoy-y-buena-parte-de-la-comarca\\\/#primaryimage\"},\"thumbnailUrl\":\"https:\\\/\\\/www.copealcoy.es\\\/wp-content\\\/uploads\\\/2024\\\/09\\\/unnamed-1-scaled.jpg\",\"keywords\":[\"AEMET\",\"Alcoi\u00e0\",\"Alcoy\",\"Comtat\",\"Lluvia\"],\"articleSection\":[\"Actualidad\",\"Comarcas\",\"Noticias\",\"Portada\"],\"inLanguage\":\"es\"},{\"@type\":\"WebPage\",\"@id\":\"https:\\\/\\\/www.copealcoy.es\\\/es\\\/septiembre-comienza-pasado-por-agua-en-alcoy-y-buena-parte-de-la-comarca\\\/\",\"url\":\"https:\\\/\\\/www.copealcoy.es\\\/es\\\/septiembre-comienza-pasado-por-agua-en-alcoy-y-buena-parte-de-la-comarca\\\/\",\"name\":\"Septiembre comienza pasado por agua en Alcoy y buena parte de la comarca - COPE Alcoy\",\"isPartOf\":{\"@id\":\"https:\\\/\\\/www.copealcoy.es\\\/es\\\/#website\"},\"primaryImageOfPage\":{\"@id\":\"https:\\\/\\\/www.copealcoy.es\\\/es\\\/septiembre-comienza-pasado-por-agua-en-alcoy-y-buena-parte-de-la-comarca\\\/#primaryimage\"},\"image\":{\"@id\":\"https:\\\/\\\/www.copealcoy.es\\\/es\\\/septiembre-comienza-pasado-por-agua-en-alcoy-y-buena-parte-de-la-comarca\\\/#primaryimage\"},\"thumbnailUrl\":\"https:\\\/\\\/www.copealcoy.es\\\/wp-content\\\/uploads\\\/2024\\\/09\\\/unnamed-1-scaled.jpg\",\"datePublished\":\"2024-09-02T14:19:52+00:00\",\"dateModified\":\"2024-09-02T14:55:00+00:00\",\"author\":{\"@id\":\"https:\\\/\\\/www.copealcoy.es\\\/es\\\/#\\\/schema\\\/person\\\/e777c87fa024e57d40170af9df39882c\"},\"description\":\"Septiembre ha comenzado con lluvia en Alcoy y en buena parte de las comarcas de l'Alcoi\u00e0 y el Comtat\",\"breadcrumb\":{\"@id\":\"https:\\\/\\\/www.copealcoy.es\\\/es\\\/septiembre-comienza-pasado-por-agua-en-alcoy-y-buena-parte-de-la-comarca\\\/#breadcrumb\"},\"inLanguage\":\"es\",\"potentialAction\":[{\"@type\":\"ReadAction\",\"target\":[\"https:\\\/\\\/www.copealcoy.es\\\/es\\\/septiembre-comienza-pasado-por-agua-en-alcoy-y-buena-parte-de-la-comarca\\\/\"]}]},{\"@type\":\"ImageObject\",\"inLanguage\":\"es\",\"@id\":\"https:\\\/\\\/www.copealcoy.es\\\/es\\\/septiembre-comienza-pasado-por-agua-en-alcoy-y-buena-parte-de-la-comarca\\\/#primaryimage\",\"url\":\"https:\\\/\\\/www.copealcoy.es\\\/wp-content\\\/uploads\\\/2024\\\/09\\\/unnamed-1-scaled.jpg\",\"contentUrl\":\"https:\\\/\\\/www.copealcoy.es\\\/wp-content\\\/uploads\\\/2024\\\/09\\\/unnamed-1-scaled.jpg\",\"width\":1683,\"height\":1080},{\"@type\":\"BreadcrumbList\",\"@id\":\"https:\\\/\\\/www.copealcoy.es\\\/es\\\/septiembre-comienza-pasado-por-agua-en-alcoy-y-buena-parte-de-la-comarca\\\/#breadcrumb\",\"itemListElement\":[{\"@type\":\"ListItem\",\"position\":1,\"name\":\"Portada\",\"item\":\"https:\\\/\\\/www.copealcoy.es\\\/es\\\/\"},{\"@type\":\"ListItem\",\"position\":2,\"name\":\"Septiembre comienza pasado por agua en Alcoy y buena parte de la comarca\"}]},{\"@type\":\"WebSite\",\"@id\":\"https:\\\/\\\/www.copealcoy.es\\\/es\\\/#website\",\"url\":\"https:\\\/\\\/www.copealcoy.es\\\/es\\\/\",\"name\":\"COPE Alcoy\",\"description\":\"Emisora COPE de radio local con emisi\u00f3n online. Pont de Sant Jordi 8-10 03803 Alcoy\",\"potentialAction\":[{\"@type\":\"SearchAction\",\"target\":{\"@type\":\"EntryPoint\",\"urlTemplate\":\"https:\\\/\\\/www.copealcoy.es\\\/es\\\/?s={search_term_string}\"},\"query-input\":{\"@type\":\"PropertyValueSpecification\",\"valueRequired\":true,\"valueName\":\"search_term_string\"}}],\"inLanguage\":\"es\"},{\"@type\":\"Person\",\"@id\":\"https:\\\/\\\/www.copealcoy.es\\\/es\\\/#\\\/schema\\\/person\\\/e777c87fa024e57d40170af9df39882c\",\"name\":\"Cope Alcoy\",\"image\":{\"@type\":\"ImageObject\",\"inLanguage\":\"es\",\"@id\":\"https:\\\/\\\/secure.gravatar.com\\\/avatar\\\/bb65d0283347e303893ba14f0692005417c1e0e690a325a4c5d8bb2b3943ee14?s=96&d=mm&r=g\",\"url\":\"https:\\\/\\\/secure.gravatar.com\\\/avatar\\\/bb65d0283347e303893ba14f0692005417c1e0e690a325a4c5d8bb2b3943ee14?s=96&d=mm&r=g\",\"contentUrl\":\"https:\\\/\\\/secure.gravatar.com\\\/avatar\\\/bb65d0283347e303893ba14f0692005417c1e0e690a325a4c5d8bb2b3943ee14?s=96&d=mm&r=g\",\"caption\":\"Cope Alcoy\"}}]}<\/script>\n<!-- \/ Yoast SEO plugin. -->","yoast_head_json":{"title":"Septiembre comienza pasado por agua en Alcoy y buena parte de la comarca - COPE Alcoy","description":"Septiembre ha comenzado con lluvia en Alcoy y en buena parte de las comarcas de l'Alcoi\u00e0 y el Comtat","robots":{"index":"index","follow":"follow","max-snippet":"max-snippet:-1","max-image-preview":"max-image-preview:large","max-video-preview":"max-video-preview:-1"},"canonical":"https:\/\/www.copealcoy.es\/es\/septiembre-comienza-pasado-por-agua-en-alcoy-y-buena-parte-de-la-comarca\/","og_locale":"es_ES","og_type":"article","og_title":"Septiembre comienza pasado por agua en Alcoy y buena parte de la comarca - COPE Alcoy","og_description":"Septiembre ha comenzado con lluvia en Alcoy y en buena parte de las comarcas de l'Alcoi\u00e0 y el Comtat","og_url":"https:\/\/www.copealcoy.es\/es\/septiembre-comienza-pasado-por-agua-en-alcoy-y-buena-parte-de-la-comarca\/","og_site_name":"COPE Alcoy","article_published_time":"2024-09-02T14:19:52+00:00","article_modified_time":"2024-09-02T14:55:00+00:00","og_image":[{"width":1683,"height":1080,"url":"https:\/\/www.copealcoy.es\/wp-content\/uploads\/2024\/09\/unnamed-1-scaled.jpg","type":"image\/jpeg"}],"author":"Cope Alcoy","twitter_misc":{"Escrito por":"Cope Alcoy","Tiempo de lectura":"3 minutos"},"schema":{"@context":"https:\/\/schema.org","@graph":[{"@type":"Article","@id":"https:\/\/www.copealcoy.es\/es\/septiembre-comienza-pasado-por-agua-en-alcoy-y-buena-parte-de-la-comarca\/#article","isPartOf":{"@id":"https:\/\/www.copealcoy.es\/es\/septiembre-comienza-pasado-por-agua-en-alcoy-y-buena-parte-de-la-comarca\/"},"author":{"name":"Cope Alcoy","@id":"https:\/\/www.copealcoy.es\/es\/#\/schema\/person\/e777c87fa024e57d40170af9df39882c"},"headline":"Septiembre comienza pasado por agua en Alcoy y buena parte de la comarca","datePublished":"2024-09-02T14:19:52+00:00","dateModified":"2024-09-02T14:55:00+00:00","mainEntityOfPage":{"@id":"https:\/\/www.copealcoy.es\/es\/septiembre-comienza-pasado-por-agua-en-alcoy-y-buena-parte-de-la-comarca\/"},"wordCount":437,"commentCount":0,"image":{"@id":"https:\/\/www.copealcoy.es\/es\/septiembre-comienza-pasado-por-agua-en-alcoy-y-buena-parte-de-la-comarca\/#primaryimage"},"thumbnailUrl":"https:\/\/www.copealcoy.es\/wp-content\/uploads\/2024\/09\/unnamed-1-scaled.jpg","keywords":["AEMET","Alcoi\u00e0","Alcoy","Comtat","Lluvia"],"articleSection":["Actualidad","Comarcas","Noticias","Portada"],"inLanguage":"es"},{"@type":"WebPage","@id":"https:\/\/www.copealcoy.es\/es\/septiembre-comienza-pasado-por-agua-en-alcoy-y-buena-parte-de-la-comarca\/","url":"https:\/\/www.copealcoy.es\/es\/septiembre-comienza-pasado-por-agua-en-alcoy-y-buena-parte-de-la-comarca\/","name":"Septiembre comienza pasado por agua en Alcoy y buena parte de la comarca - COPE Alcoy","isPartOf":{"@id":"https:\/\/www.copealcoy.es\/es\/#website"},"primaryImageOfPage":{"@id":"https:\/\/www.copealcoy.es\/es\/septiembre-comienza-pasado-por-agua-en-alcoy-y-buena-parte-de-la-comarca\/#primaryimage"},"image":{"@id":"https:\/\/www.copealcoy.es\/es\/septiembre-comienza-pasado-por-agua-en-alcoy-y-buena-parte-de-la-comarca\/#primaryimage"},"thumbnailUrl":"https:\/\/www.copealcoy.es\/wp-content\/uploads\/2024\/09\/unnamed-1-scaled.jpg","datePublished":"2024-09-02T14:19:52+00:00","dateModified":"2024-09-02T14:55:00+00:00","author":{"@id":"https:\/\/www.copealcoy.es\/es\/#\/schema\/person\/e777c87fa024e57d40170af9df39882c"},"description":"Septiembre ha comenzado con lluvia en Alcoy y en buena parte de las comarcas de l'Alcoi\u00e0 y el Comtat","breadcrumb":{"@id":"https:\/\/www.copealcoy.es\/es\/septiembre-comienza-pasado-por-agua-en-alcoy-y-buena-parte-de-la-comarca\/#breadcrumb"},"inLanguage":"es","potentialAction":[{"@type":"ReadAction","target":["https:\/\/www.copealcoy.es\/es\/septiembre-comienza-pasado-por-agua-en-alcoy-y-buena-parte-de-la-comarca\/"]}]},{"@type":"ImageObject","inLanguage":"es","@id":"https:\/\/www.copealcoy.es\/es\/septiembre-comienza-pasado-por-agua-en-alcoy-y-buena-parte-de-la-comarca\/#primaryimage","url":"https:\/\/www.copealcoy.es\/wp-content\/uploads\/2024\/09\/unnamed-1-scaled.jpg","contentUrl":"https:\/\/www.copealcoy.es\/wp-content\/uploads\/2024\/09\/unnamed-1-scaled.jpg","width":1683,"height":1080},{"@type":"BreadcrumbList","@id":"https:\/\/www.copealcoy.es\/es\/septiembre-comienza-pasado-por-agua-en-alcoy-y-buena-parte-de-la-comarca\/#breadcrumb","itemListElement":[{"@type":"ListItem","position":1,"name":"Portada","item":"https:\/\/www.copealcoy.es\/es\/"},{"@type":"ListItem","position":2,"name":"Septiembre comienza pasado por agua en Alcoy y buena parte de la comarca"}]},{"@type":"WebSite","@id":"https:\/\/www.copealcoy.es\/es\/#website","url":"https:\/\/www.copealcoy.es\/es\/","name":"COPE Alcoy","description":"Emisora COPE de radio local con emisi\u00f3n online. Pont de Sant Jordi 8-10 03803 Alcoy","potentialAction":[{"@type":"SearchAction","target":{"@type":"EntryPoint","urlTemplate":"https:\/\/www.copealcoy.es\/es\/?s={search_term_string}"},"query-input":{"@type":"PropertyValueSpecification","valueRequired":true,"valueName":"search_term_string"}}],"inLanguage":"es"},{"@type":"Person","@id":"https:\/\/www.copealcoy.es\/es\/#\/schema\/person\/e777c87fa024e57d40170af9df39882c","name":"Cope Alcoy","image":{"@type":"ImageObject","inLanguage":"es","@id":"https:\/\/secure.gravatar.com\/avatar\/bb65d0283347e303893ba14f0692005417c1e0e690a325a4c5d8bb2b3943ee14?s=96&d=mm&r=g","url":"https:\/\/secure.gravatar.com\/avatar\/bb65d0283347e303893ba14f0692005417c1e0e690a325a4c5d8bb2b3943ee14?s=96&d=mm&r=g","contentUrl":"https:\/\/secure.gravatar.com\/avatar\/bb65d0283347e303893ba14f0692005417c1e0e690a325a4c5d8bb2b3943ee14?s=96&d=mm&r=g","caption":"Cope Alcoy"}}]}},"_links":{"self":[{"href":"https:\/\/www.copealcoy.es\/es\/wp-json\/wp\/v2\/posts\/139398","targetHints":{"allow":["GET"]}}],"collection":[{"href":"https:\/\/www.copealcoy.es\/es\/wp-json\/wp\/v2\/posts"}],"about":[{"href":"https:\/\/www.copealcoy.es\/es\/wp-json\/wp\/v2\/types\/post"}],"author":[{"embeddable":true,"href":"https:\/\/www.copealcoy.es\/es\/wp-json\/wp\/v2\/users\/1"}],"replies":[{"embeddable":true,"href":"https:\/\/www.copealcoy.es\/es\/wp-json\/wp\/v2\/comments?post=139398"}],"version-history":[{"count":0,"href":"https:\/\/www.copealcoy.es\/es\/wp-json\/wp\/v2\/posts\/139398\/revisions"}],"wp:featuredmedia":[{"embeddable":true,"href":"https:\/\/www.copealcoy.es\/es\/wp-json\/wp\/v2\/media\/139399"}],"wp:attachment":[{"href":"https:\/\/www.copealcoy.es\/es\/wp-json\/wp\/v2\/media?parent=139398"}],"wp:term":[{"taxonomy":"category","embeddable":true,"href":"https:\/\/www.copealcoy.es\/es\/wp-json\/wp\/v2\/categories?post=139398"},{"taxonomy":"post_tag","embeddable":true,"href":"https:\/\/www.copealcoy.es\/es\/wp-json\/wp\/v2\/tags?post=139398"}],"curies":[{"name":"wp","href":"https:\/\/api.w.org\/{rel}","templated":true}]}}