{"id":139322,"date":"2024-08-11T08:10:38","date_gmt":"2024-08-11T07:10:38","guid":{"rendered":"https:\/\/www.copealcoy.es\/?p=139322"},"modified":"2025-04-07T16:29:49","modified_gmt":"2025-04-07T15:29:49","slug":"el-ministro-escriva-presencio-las-entradas-de-cocentaina","status":"publish","type":"post","link":"https:\/\/www.copealcoy.es\/es\/el-ministro-escriva-presencio-las-entradas-de-cocentaina\/","title":{"rendered":"El Ministro Escriv\u00e1 presenci\u00f3 las Entradas de Cocentaina"},"content":{"rendered":"<p style=\"text-align: justify;\">La <strong>Entrada de <a href=\"http:\/\/www.jfcocentaina.com\/\" target=\"_blank\" rel=\"noopener\"><span style=\"color: #0000ff;\">Moros y Cristianos de Cocentaina<\/span><\/a><\/strong> de ayer tuvo la visita del Ministro del Gobierno Central <strong>Jos\u00e9 Lu\u00eds Escriv\u00e1<\/strong>, el cual est\u00e1 al frente del Ministerio para la Transformaci\u00f3n Digital y de la Funci\u00f3n P\u00fablica de Espa\u00f1a. Acudi\u00f3 a la Villa Condal acompa\u00f1ado por el contestano<strong> Ignasi Belda<\/strong>, nuevo director de la Agencia de Supervisi\u00f3n de Inteligencia Artificial, y presenci\u00f3 el desfile desde la tribuna situada frente al Palau Comtal. Cabe recordar que Escriv\u00e1 tiene ra\u00edces en Cocentaina pero tambi\u00e9n en L&#8217;Orxa, poblaci\u00f3n que aprovech\u00f3 para visitar durante la ma\u00f1ana:<\/p>\n<audio class=\"wp-audio-shortcode\" id=\"audio-139322-1\" preload=\"none\" style=\"width: 100%;\" controls=\"controls\"><source type=\"audio\/mpeg\" src=\"https:\/\/www.copealcoy.es\/wp-content\/uploads\/2024\/08\/Ministro-Escriva.mp3?_=1\" \/><a href=\"https:\/\/www.copealcoy.es\/wp-content\/uploads\/2024\/08\/Ministro-Escriva.mp3\">https:\/\/www.copealcoy.es\/wp-content\/uploads\/2024\/08\/Ministro-Escriva.mp3<\/a><\/audio>\n<p>&nbsp;<\/p>\n<p style=\"text-align: justify;\">No falt\u00f3 a la cita con las Fiestas de Cocentaina, una vez m\u00e1s, la Diputada Nacional por el Partido Socialista;<strong> Patricia Blanquer<\/strong>:<\/p>\n<audio class=\"wp-audio-shortcode\" id=\"audio-139322-2\" preload=\"none\" style=\"width: 100%;\" controls=\"controls\"><source type=\"audio\/mpeg\" src=\"https:\/\/www.copealcoy.es\/wp-content\/uploads\/2024\/08\/Patri-Blanquer.mp3?_=2\" \/><a href=\"https:\/\/www.copealcoy.es\/wp-content\/uploads\/2024\/08\/Patri-Blanquer.mp3\">https:\/\/www.copealcoy.es\/wp-content\/uploads\/2024\/08\/Patri-Blanquer.mp3<\/a><\/audio>\n<p>&nbsp;<\/p>\n<p style=\"text-align: justify;\">Tambi\u00e9n estuvieron en la Villa Condal los diputados provinciales por estas comarcas del Partido Popular y del Partido Socialista. Esto nos contaron <strong>Carlos Pastor e Ismael Vidal<\/strong>:<\/p>\n<audio class=\"wp-audio-shortcode\" id=\"audio-139322-3\" preload=\"none\" style=\"width: 100%;\" controls=\"controls\"><source type=\"audio\/mpeg\" src=\"https:\/\/www.copealcoy.es\/wp-content\/uploads\/2024\/08\/Carlos-Pastor.mp3?_=3\" \/><a href=\"https:\/\/www.copealcoy.es\/wp-content\/uploads\/2024\/08\/Carlos-Pastor.mp3\">https:\/\/www.copealcoy.es\/wp-content\/uploads\/2024\/08\/Carlos-Pastor.mp3<\/a><\/audio>\n<p>&nbsp;<\/p>\n<audio class=\"wp-audio-shortcode\" id=\"audio-139322-4\" preload=\"none\" style=\"width: 100%;\" controls=\"controls\"><source type=\"audio\/mpeg\" src=\"https:\/\/www.copealcoy.es\/wp-content\/uploads\/2024\/08\/Ismael-Vidal.mp3?_=4\" \/><a href=\"https:\/\/www.copealcoy.es\/wp-content\/uploads\/2024\/08\/Ismael-Vidal.mp3\">https:\/\/www.copealcoy.es\/wp-content\/uploads\/2024\/08\/Ismael-Vidal.mp3<\/a><\/audio>\n<p>&nbsp;<\/p>\n<p style=\"text-align: justify;\">Numerosos <strong>alcaldes, alcaldesas y concejales de las poblaciones de l&#8217;Alcoi\u00e0 y el Comtat<\/strong> hicieron hueco para presenciar los desfiles de los bandos de la cruz y de la media luna desde la plaza del Pla. Pudimos hablar con <strong>\u00c0lex Cerradelo<\/strong> (vicealcalde de Alcoy) y <strong>Sa\u00fcl Serrano<\/strong> (primer teniente de alcalde en Muro):<\/p>\n<audio class=\"wp-audio-shortcode\" id=\"audio-139322-5\" preload=\"none\" style=\"width: 100%;\" controls=\"controls\"><source type=\"audio\/mpeg\" src=\"https:\/\/www.copealcoy.es\/wp-content\/uploads\/2024\/08\/Alex-Cerradelo-Alcoy.mp3?_=5\" \/><a href=\"https:\/\/www.copealcoy.es\/wp-content\/uploads\/2024\/08\/Alex-Cerradelo-Alcoy.mp3\">https:\/\/www.copealcoy.es\/wp-content\/uploads\/2024\/08\/Alex-Cerradelo-Alcoy.mp3<\/a><\/audio>\n<p>&nbsp;<\/p>\n<audio class=\"wp-audio-shortcode\" id=\"audio-139322-6\" preload=\"none\" style=\"width: 100%;\" controls=\"controls\"><source type=\"audio\/mpeg\" src=\"https:\/\/www.copealcoy.es\/wp-content\/uploads\/2024\/08\/Saul-Serrano-Muro.mp3?_=6\" \/><a href=\"https:\/\/www.copealcoy.es\/wp-content\/uploads\/2024\/08\/Saul-Serrano-Muro.mp3\">https:\/\/www.copealcoy.es\/wp-content\/uploads\/2024\/08\/Saul-Serrano-Muro.mp3<\/a><\/audio>\n<p>&nbsp;<\/p>\n<p style=\"text-align: justify;\">Por \u00faltimo el alcalde de Cocentaina, <strong>Jordi Pla<\/strong>, hac\u00eda un balance positivo de las Entradas en las que participaron m\u00e1s de tres mil personas. El primer edil tuvo tambi\u00e9n palabras de felicitaci\u00f3n para los cuatro cargos festeros:<\/p>\n<audio class=\"wp-audio-shortcode\" id=\"audio-139322-7\" preload=\"none\" style=\"width: 100%;\" controls=\"controls\"><source type=\"audio\/mpeg\" src=\"https:\/\/www.copealcoy.es\/wp-content\/uploads\/2024\/08\/Jordi-Pla.mp3?_=7\" \/><a href=\"https:\/\/www.copealcoy.es\/wp-content\/uploads\/2024\/08\/Jordi-Pla.mp3\">https:\/\/www.copealcoy.es\/wp-content\/uploads\/2024\/08\/Jordi-Pla.mp3<\/a><\/audio>\n<p>&nbsp;<\/p>\n","protected":false},"excerpt":{"rendered":"<p>La Entrada de Moros y Cristianos de Cocentaina de ayer tuvo la visita del Ministro del Gobierno Central Jos\u00e9 Lu\u00eds&#8230;<\/p>\n","protected":false},"author":1,"featured_media":139323,"comment_status":"open","ping_status":"open","sticky":false,"template":"","format":"standard","meta":{"footnotes":""},"categories":[6909,98,75],"tags":[4539,132,1987,18515,609],"class_list":["post-139322","post","type-post","status-publish","format-standard","has-post-thumbnail","hentry","category-actualidad","category-comarcas","category-noticias","tag-autoridades","tag-cocentaina","tag-entrada","tag-ministro-escriva","tag-moros-y-cristianos"],"yoast_head":"<!-- This site is optimized with the Yoast SEO plugin v27.3 - https:\/\/yoast.com\/product\/yoast-seo-wordpress\/ -->\n<title>El Ministro Escriv\u00e1 presenci\u00f3 las Entradas de Cocentaina - COPE Alcoy<\/title>\n<meta name=\"description\" content=\"La Entrada de Moros y Cristianos de Cocentaina de ayer tuvo la visita del Ministro del Gobierno Central Jos\u00e9 Lu\u00eds Escriv\u00e1\" \/>\n<meta name=\"robots\" content=\"index, follow, max-snippet:-1, max-image-preview:large, max-video-preview:-1\" \/>\n<link rel=\"canonical\" href=\"https:\/\/www.copealcoy.es\/es\/el-ministro-escriva-presencio-las-entradas-de-cocentaina\/\" \/>\n<meta property=\"og:locale\" content=\"es_ES\" \/>\n<meta property=\"og:type\" content=\"article\" \/>\n<meta property=\"og:title\" content=\"El Ministro Escriv\u00e1 presenci\u00f3 las Entradas de Cocentaina - COPE Alcoy\" \/>\n<meta property=\"og:description\" content=\"La Entrada de Moros y Cristianos de Cocentaina de ayer tuvo la visita del Ministro del Gobierno Central Jos\u00e9 Lu\u00eds Escriv\u00e1\" \/>\n<meta property=\"og:url\" content=\"https:\/\/www.copealcoy.es\/es\/el-ministro-escriva-presencio-las-entradas-de-cocentaina\/\" \/>\n<meta property=\"og:site_name\" content=\"COPE Alcoy\" \/>\n<meta property=\"article:published_time\" content=\"2024-08-11T07:10:38+00:00\" \/>\n<meta property=\"article:modified_time\" content=\"2025-04-07T15:29:49+00:00\" \/>\n<meta property=\"og:image\" content=\"https:\/\/www.copealcoy.es\/wp-content\/uploads\/2024\/08\/unnamed-1-26.jpg\" \/>\n\t<meta property=\"og:image:width\" content=\"1438\" \/>\n\t<meta property=\"og:image:height\" content=\"763\" \/>\n\t<meta property=\"og:image:type\" content=\"image\/jpeg\" \/>\n<meta name=\"author\" content=\"Cope Alcoy\" \/>\n<meta name=\"twitter:label1\" content=\"Escrito por\" \/>\n\t<meta name=\"twitter:data1\" content=\"Cope Alcoy\" \/>\n\t<meta name=\"twitter:label2\" content=\"Tiempo de lectura\" \/>\n\t<meta name=\"twitter:data2\" content=\"2 minutos\" \/>\n<script type=\"application\/ld+json\" class=\"yoast-schema-graph\">{\"@context\":\"https:\\\/\\\/schema.org\",\"@graph\":[{\"@type\":\"Article\",\"@id\":\"https:\\\/\\\/www.copealcoy.es\\\/es\\\/el-ministro-escriva-presencio-las-entradas-de-cocentaina\\\/#article\",\"isPartOf\":{\"@id\":\"https:\\\/\\\/www.copealcoy.es\\\/es\\\/el-ministro-escriva-presencio-las-entradas-de-cocentaina\\\/\"},\"author\":{\"name\":\"Cope Alcoy\",\"@id\":\"https:\\\/\\\/www.copealcoy.es\\\/es\\\/#\\\/schema\\\/person\\\/e777c87fa024e57d40170af9df39882c\"},\"headline\":\"El Ministro Escriv\u00e1 presenci\u00f3 las Entradas de Cocentaina\",\"datePublished\":\"2024-08-11T07:10:38+00:00\",\"dateModified\":\"2025-04-07T15:29:49+00:00\",\"mainEntityOfPage\":{\"@id\":\"https:\\\/\\\/www.copealcoy.es\\\/es\\\/el-ministro-escriva-presencio-las-entradas-de-cocentaina\\\/\"},\"wordCount\":342,\"commentCount\":0,\"image\":{\"@id\":\"https:\\\/\\\/www.copealcoy.es\\\/es\\\/el-ministro-escriva-presencio-las-entradas-de-cocentaina\\\/#primaryimage\"},\"thumbnailUrl\":\"https:\\\/\\\/www.copealcoy.es\\\/wp-content\\\/uploads\\\/2024\\\/08\\\/unnamed-1-26.jpg\",\"keywords\":[\"autoridades\",\"Cocentaina\",\"Entrada\",\"Ministro Escriv\u00e1\",\"Moros Y Cristianos\"],\"articleSection\":[\"Actualidad\",\"Comarcas\",\"Noticias\"],\"inLanguage\":\"es\"},{\"@type\":\"WebPage\",\"@id\":\"https:\\\/\\\/www.copealcoy.es\\\/es\\\/el-ministro-escriva-presencio-las-entradas-de-cocentaina\\\/\",\"url\":\"https:\\\/\\\/www.copealcoy.es\\\/es\\\/el-ministro-escriva-presencio-las-entradas-de-cocentaina\\\/\",\"name\":\"El Ministro Escriv\u00e1 presenci\u00f3 las Entradas de Cocentaina - COPE Alcoy\",\"isPartOf\":{\"@id\":\"https:\\\/\\\/www.copealcoy.es\\\/es\\\/#website\"},\"primaryImageOfPage\":{\"@id\":\"https:\\\/\\\/www.copealcoy.es\\\/es\\\/el-ministro-escriva-presencio-las-entradas-de-cocentaina\\\/#primaryimage\"},\"image\":{\"@id\":\"https:\\\/\\\/www.copealcoy.es\\\/es\\\/el-ministro-escriva-presencio-las-entradas-de-cocentaina\\\/#primaryimage\"},\"thumbnailUrl\":\"https:\\\/\\\/www.copealcoy.es\\\/wp-content\\\/uploads\\\/2024\\\/08\\\/unnamed-1-26.jpg\",\"datePublished\":\"2024-08-11T07:10:38+00:00\",\"dateModified\":\"2025-04-07T15:29:49+00:00\",\"author\":{\"@id\":\"https:\\\/\\\/www.copealcoy.es\\\/es\\\/#\\\/schema\\\/person\\\/e777c87fa024e57d40170af9df39882c\"},\"description\":\"La Entrada de Moros y Cristianos de Cocentaina de ayer tuvo la visita del Ministro del Gobierno Central Jos\u00e9 Lu\u00eds Escriv\u00e1\",\"breadcrumb\":{\"@id\":\"https:\\\/\\\/www.copealcoy.es\\\/es\\\/el-ministro-escriva-presencio-las-entradas-de-cocentaina\\\/#breadcrumb\"},\"inLanguage\":\"es\",\"potentialAction\":[{\"@type\":\"ReadAction\",\"target\":[\"https:\\\/\\\/www.copealcoy.es\\\/es\\\/el-ministro-escriva-presencio-las-entradas-de-cocentaina\\\/\"]}]},{\"@type\":\"ImageObject\",\"inLanguage\":\"es\",\"@id\":\"https:\\\/\\\/www.copealcoy.es\\\/es\\\/el-ministro-escriva-presencio-las-entradas-de-cocentaina\\\/#primaryimage\",\"url\":\"https:\\\/\\\/www.copealcoy.es\\\/wp-content\\\/uploads\\\/2024\\\/08\\\/unnamed-1-26.jpg\",\"contentUrl\":\"https:\\\/\\\/www.copealcoy.es\\\/wp-content\\\/uploads\\\/2024\\\/08\\\/unnamed-1-26.jpg\",\"width\":1438,\"height\":763},{\"@type\":\"BreadcrumbList\",\"@id\":\"https:\\\/\\\/www.copealcoy.es\\\/es\\\/el-ministro-escriva-presencio-las-entradas-de-cocentaina\\\/#breadcrumb\",\"itemListElement\":[{\"@type\":\"ListItem\",\"position\":1,\"name\":\"Portada\",\"item\":\"https:\\\/\\\/www.copealcoy.es\\\/es\\\/\"},{\"@type\":\"ListItem\",\"position\":2,\"name\":\"El Ministro Escriv\u00e1 presenci\u00f3 las Entradas de Cocentaina\"}]},{\"@type\":\"WebSite\",\"@id\":\"https:\\\/\\\/www.copealcoy.es\\\/es\\\/#website\",\"url\":\"https:\\\/\\\/www.copealcoy.es\\\/es\\\/\",\"name\":\"COPE Alcoy\",\"description\":\"Emisora COPE de radio local con emisi\u00f3n online. Pont de Sant Jordi 8-10 03803 Alcoy\",\"potentialAction\":[{\"@type\":\"SearchAction\",\"target\":{\"@type\":\"EntryPoint\",\"urlTemplate\":\"https:\\\/\\\/www.copealcoy.es\\\/es\\\/?s={search_term_string}\"},\"query-input\":{\"@type\":\"PropertyValueSpecification\",\"valueRequired\":true,\"valueName\":\"search_term_string\"}}],\"inLanguage\":\"es\"},{\"@type\":\"Person\",\"@id\":\"https:\\\/\\\/www.copealcoy.es\\\/es\\\/#\\\/schema\\\/person\\\/e777c87fa024e57d40170af9df39882c\",\"name\":\"Cope Alcoy\",\"image\":{\"@type\":\"ImageObject\",\"inLanguage\":\"es\",\"@id\":\"https:\\\/\\\/secure.gravatar.com\\\/avatar\\\/bb65d0283347e303893ba14f0692005417c1e0e690a325a4c5d8bb2b3943ee14?s=96&d=mm&r=g\",\"url\":\"https:\\\/\\\/secure.gravatar.com\\\/avatar\\\/bb65d0283347e303893ba14f0692005417c1e0e690a325a4c5d8bb2b3943ee14?s=96&d=mm&r=g\",\"contentUrl\":\"https:\\\/\\\/secure.gravatar.com\\\/avatar\\\/bb65d0283347e303893ba14f0692005417c1e0e690a325a4c5d8bb2b3943ee14?s=96&d=mm&r=g\",\"caption\":\"Cope Alcoy\"}}]}<\/script>\n<!-- \/ Yoast SEO plugin. -->","yoast_head_json":{"title":"El Ministro Escriv\u00e1 presenci\u00f3 las Entradas de Cocentaina - COPE Alcoy","description":"La Entrada de Moros y Cristianos de Cocentaina de ayer tuvo la visita del Ministro del Gobierno Central Jos\u00e9 Lu\u00eds Escriv\u00e1","robots":{"index":"index","follow":"follow","max-snippet":"max-snippet:-1","max-image-preview":"max-image-preview:large","max-video-preview":"max-video-preview:-1"},"canonical":"https:\/\/www.copealcoy.es\/es\/el-ministro-escriva-presencio-las-entradas-de-cocentaina\/","og_locale":"es_ES","og_type":"article","og_title":"El Ministro Escriv\u00e1 presenci\u00f3 las Entradas de Cocentaina - COPE Alcoy","og_description":"La Entrada de Moros y Cristianos de Cocentaina de ayer tuvo la visita del Ministro del Gobierno Central Jos\u00e9 Lu\u00eds Escriv\u00e1","og_url":"https:\/\/www.copealcoy.es\/es\/el-ministro-escriva-presencio-las-entradas-de-cocentaina\/","og_site_name":"COPE Alcoy","article_published_time":"2024-08-11T07:10:38+00:00","article_modified_time":"2025-04-07T15:29:49+00:00","og_image":[{"width":1438,"height":763,"url":"https:\/\/www.copealcoy.es\/wp-content\/uploads\/2024\/08\/unnamed-1-26.jpg","type":"image\/jpeg"}],"author":"Cope Alcoy","twitter_misc":{"Escrito por":"Cope Alcoy","Tiempo de lectura":"2 minutos"},"schema":{"@context":"https:\/\/schema.org","@graph":[{"@type":"Article","@id":"https:\/\/www.copealcoy.es\/es\/el-ministro-escriva-presencio-las-entradas-de-cocentaina\/#article","isPartOf":{"@id":"https:\/\/www.copealcoy.es\/es\/el-ministro-escriva-presencio-las-entradas-de-cocentaina\/"},"author":{"name":"Cope Alcoy","@id":"https:\/\/www.copealcoy.es\/es\/#\/schema\/person\/e777c87fa024e57d40170af9df39882c"},"headline":"El Ministro Escriv\u00e1 presenci\u00f3 las Entradas de Cocentaina","datePublished":"2024-08-11T07:10:38+00:00","dateModified":"2025-04-07T15:29:49+00:00","mainEntityOfPage":{"@id":"https:\/\/www.copealcoy.es\/es\/el-ministro-escriva-presencio-las-entradas-de-cocentaina\/"},"wordCount":342,"commentCount":0,"image":{"@id":"https:\/\/www.copealcoy.es\/es\/el-ministro-escriva-presencio-las-entradas-de-cocentaina\/#primaryimage"},"thumbnailUrl":"https:\/\/www.copealcoy.es\/wp-content\/uploads\/2024\/08\/unnamed-1-26.jpg","keywords":["autoridades","Cocentaina","Entrada","Ministro Escriv\u00e1","Moros Y Cristianos"],"articleSection":["Actualidad","Comarcas","Noticias"],"inLanguage":"es"},{"@type":"WebPage","@id":"https:\/\/www.copealcoy.es\/es\/el-ministro-escriva-presencio-las-entradas-de-cocentaina\/","url":"https:\/\/www.copealcoy.es\/es\/el-ministro-escriva-presencio-las-entradas-de-cocentaina\/","name":"El Ministro Escriv\u00e1 presenci\u00f3 las Entradas de Cocentaina - COPE Alcoy","isPartOf":{"@id":"https:\/\/www.copealcoy.es\/es\/#website"},"primaryImageOfPage":{"@id":"https:\/\/www.copealcoy.es\/es\/el-ministro-escriva-presencio-las-entradas-de-cocentaina\/#primaryimage"},"image":{"@id":"https:\/\/www.copealcoy.es\/es\/el-ministro-escriva-presencio-las-entradas-de-cocentaina\/#primaryimage"},"thumbnailUrl":"https:\/\/www.copealcoy.es\/wp-content\/uploads\/2024\/08\/unnamed-1-26.jpg","datePublished":"2024-08-11T07:10:38+00:00","dateModified":"2025-04-07T15:29:49+00:00","author":{"@id":"https:\/\/www.copealcoy.es\/es\/#\/schema\/person\/e777c87fa024e57d40170af9df39882c"},"description":"La Entrada de Moros y Cristianos de Cocentaina de ayer tuvo la visita del Ministro del Gobierno Central Jos\u00e9 Lu\u00eds Escriv\u00e1","breadcrumb":{"@id":"https:\/\/www.copealcoy.es\/es\/el-ministro-escriva-presencio-las-entradas-de-cocentaina\/#breadcrumb"},"inLanguage":"es","potentialAction":[{"@type":"ReadAction","target":["https:\/\/www.copealcoy.es\/es\/el-ministro-escriva-presencio-las-entradas-de-cocentaina\/"]}]},{"@type":"ImageObject","inLanguage":"es","@id":"https:\/\/www.copealcoy.es\/es\/el-ministro-escriva-presencio-las-entradas-de-cocentaina\/#primaryimage","url":"https:\/\/www.copealcoy.es\/wp-content\/uploads\/2024\/08\/unnamed-1-26.jpg","contentUrl":"https:\/\/www.copealcoy.es\/wp-content\/uploads\/2024\/08\/unnamed-1-26.jpg","width":1438,"height":763},{"@type":"BreadcrumbList","@id":"https:\/\/www.copealcoy.es\/es\/el-ministro-escriva-presencio-las-entradas-de-cocentaina\/#breadcrumb","itemListElement":[{"@type":"ListItem","position":1,"name":"Portada","item":"https:\/\/www.copealcoy.es\/es\/"},{"@type":"ListItem","position":2,"name":"El Ministro Escriv\u00e1 presenci\u00f3 las Entradas de Cocentaina"}]},{"@type":"WebSite","@id":"https:\/\/www.copealcoy.es\/es\/#website","url":"https:\/\/www.copealcoy.es\/es\/","name":"COPE Alcoy","description":"Emisora COPE de radio local con emisi\u00f3n online. Pont de Sant Jordi 8-10 03803 Alcoy","potentialAction":[{"@type":"SearchAction","target":{"@type":"EntryPoint","urlTemplate":"https:\/\/www.copealcoy.es\/es\/?s={search_term_string}"},"query-input":{"@type":"PropertyValueSpecification","valueRequired":true,"valueName":"search_term_string"}}],"inLanguage":"es"},{"@type":"Person","@id":"https:\/\/www.copealcoy.es\/es\/#\/schema\/person\/e777c87fa024e57d40170af9df39882c","name":"Cope Alcoy","image":{"@type":"ImageObject","inLanguage":"es","@id":"https:\/\/secure.gravatar.com\/avatar\/bb65d0283347e303893ba14f0692005417c1e0e690a325a4c5d8bb2b3943ee14?s=96&d=mm&r=g","url":"https:\/\/secure.gravatar.com\/avatar\/bb65d0283347e303893ba14f0692005417c1e0e690a325a4c5d8bb2b3943ee14?s=96&d=mm&r=g","contentUrl":"https:\/\/secure.gravatar.com\/avatar\/bb65d0283347e303893ba14f0692005417c1e0e690a325a4c5d8bb2b3943ee14?s=96&d=mm&r=g","caption":"Cope Alcoy"}}]}},"_links":{"self":[{"href":"https:\/\/www.copealcoy.es\/es\/wp-json\/wp\/v2\/posts\/139322","targetHints":{"allow":["GET"]}}],"collection":[{"href":"https:\/\/www.copealcoy.es\/es\/wp-json\/wp\/v2\/posts"}],"about":[{"href":"https:\/\/www.copealcoy.es\/es\/wp-json\/wp\/v2\/types\/post"}],"author":[{"embeddable":true,"href":"https:\/\/www.copealcoy.es\/es\/wp-json\/wp\/v2\/users\/1"}],"replies":[{"embeddable":true,"href":"https:\/\/www.copealcoy.es\/es\/wp-json\/wp\/v2\/comments?post=139322"}],"version-history":[{"count":0,"href":"https:\/\/www.copealcoy.es\/es\/wp-json\/wp\/v2\/posts\/139322\/revisions"}],"wp:featuredmedia":[{"embeddable":true,"href":"https:\/\/www.copealcoy.es\/es\/wp-json\/wp\/v2\/media\/139323"}],"wp:attachment":[{"href":"https:\/\/www.copealcoy.es\/es\/wp-json\/wp\/v2\/media?parent=139322"}],"wp:term":[{"taxonomy":"category","embeddable":true,"href":"https:\/\/www.copealcoy.es\/es\/wp-json\/wp\/v2\/categories?post=139322"},{"taxonomy":"post_tag","embeddable":true,"href":"https:\/\/www.copealcoy.es\/es\/wp-json\/wp\/v2\/tags?post=139322"}],"curies":[{"name":"wp","href":"https:\/\/api.w.org\/{rel}","templated":true}]}}