{"id":139275,"date":"2024-08-20T08:30:04","date_gmt":"2024-08-20T07:30:04","guid":{"rendered":"https:\/\/www.copealcoy.es\/?p=139275"},"modified":"2024-09-01T17:21:45","modified_gmt":"2024-09-01T16:21:45","slug":"emotivo-pregon-de-don-ramon-mico-colomer-en-las-fiestas-de-alfafara","status":"publish","type":"post","link":"https:\/\/www.copealcoy.es\/es\/emotivo-pregon-de-don-ramon-mico-colomer-en-las-fiestas-de-alfafara\/","title":{"rendered":"Emotivo preg\u00f3n de Don Ram\u00f3n Mic\u00f3 Colomer en las fiestas de Alfafara"},"content":{"rendered":"<p style=\"text-align: justify;\">El pasado 5 de agosto comenzaron <strong>las fiestas patronales del municipio de <a href=\"https:\/\/www.facebook.com\/AjuntAlfafara\" target=\"_blank\" rel=\"noopener\"><span style=\"color: #0000ff;\">Alfafara<\/span><\/a><\/strong> y lo hicieron con el tradicional <strong>preg\u00f3n<\/strong>, acto que da la bienvenida a <strong>unos festejos que son siempre esperados<\/strong> durante el verano en esta localidad del Comtat. La cita tuvo lugar pasadas las nueve de la noche desde el balc\u00f3n del Ayuntamiento y <strong>reuni\u00f3 a gran cantidad de vecinos<\/strong> que no quisieron perderse el arranque de la Fiesta.<\/p>\n<p style=\"text-align: justify;\">En esta ocasi\u00f3n el encargado de pregonar los festejos fue el sacerdote <strong>Don Ram\u00f3n Mic\u00f3 Colomer<\/strong>, natural de Bocairent, y actualmente titular de la parroquia de Banyeres de Mariola. Adem\u00e1s el protagonista est\u00e1 al frente del Arciprestazgo de la Virgen de Agres y <strong>mantiene una profunda vinculaci\u00f3n con Alfafara<\/strong> que quiso remarcar a lo largo de toda <strong>su intervenci\u00f3n<\/strong>. En la misma tuvo un especial recuerdo hacia la figura de su padre y record\u00f3 adem\u00e1s los tiempos de infancia en la mas\u00eda de\u00a0<em>L&#8217;Alpadull\u00a0<\/em>haciendo adem\u00e1s un recorrido por los parajes, las fuentes o espacios naturales que son emblem\u00e1ticos para este pueblo del Comtat situado a las puertas de la tan emblem\u00e1tica Serra de Mariola. Don Ram\u00f3n tambi\u00e9n hizo referencia a los patronos de Alfarara a quienes van dedicados las fiestas cada a\u00f1o y destac\u00f3 la profunda devoci\u00f3n que se le profesa al Div\u00ed Salvador, la Divina Aurora y San Roque. Por \u00faltimo anim\u00f3 a disfrutar de las celebraciones finalizando as\u00ed un preg\u00f3n que fue muy aplaudido.<\/p>\n<p style=\"text-align: justify;\">El alcalde de Alfafara, <strong>Toni Cloquell<\/strong>, acompa\u00f1\u00f3 en todo momento al pregonero y en el acto estuvieron tambi\u00e9n presentes otros alcaldes de poblaciones cercanas como los de Bocairent (Xavi Molina), Agres (Mar\u00eda Garc\u00eda), Benillup (Javier Navarro), Beniarr\u00e9s (Francisco Sell\u00e9s), Almudaina (Pau Navarro), Banyeres de Mariola (Josep Sempere) o Benimassot (Ismael Molines); entre otros. No falt\u00f3 tampoco a la cita Carlos Pastor, Diputado Provincial del PP en estas comarcas.<\/p>\n","protected":false},"excerpt":{"rendered":"<p>El pasado 5 de agosto comenzaron las fiestas patronales del municipio de Alfafara y lo hicieron con el tradicional preg\u00f3n,&#8230;<\/p>\n","protected":false},"author":1,"featured_media":139276,"comment_status":"open","ping_status":"open","sticky":false,"template":"","format":"standard","meta":{"footnotes":""},"categories":[6909,98,75],"tags":[1660,2803,565,1426,10245],"class_list":["post-139275","post","type-post","status-publish","format-standard","has-post-thumbnail","hentry","category-actualidad","category-comarcas","category-noticias","tag-alfafara","tag-don-ramon-mico","tag-fiestas","tag-pregon","tag-toni-cloquell"],"yoast_head":"<!-- This site is optimized with the Yoast SEO plugin v27.3 - https:\/\/yoast.com\/product\/yoast-seo-wordpress\/ -->\n<title>Emotivo preg\u00f3n de Don Ram\u00f3n Mic\u00f3 Colomer en las fiestas de Alfafara - COPE Alcoy<\/title>\n<meta name=\"description\" content=\"El pasado 5 de agosto comenzaron las fiestas patronales del municipio de Alfafara y lo hicieron con el tradicional preg\u00f3n a cargo de Don Ram\u00f3n Mic\u00f3\" \/>\n<meta name=\"robots\" content=\"index, follow, max-snippet:-1, max-image-preview:large, max-video-preview:-1\" \/>\n<link rel=\"canonical\" href=\"https:\/\/www.copealcoy.es\/es\/emotivo-pregon-de-don-ramon-mico-colomer-en-las-fiestas-de-alfafara\/\" \/>\n<meta property=\"og:locale\" content=\"es_ES\" \/>\n<meta property=\"og:type\" content=\"article\" \/>\n<meta property=\"og:title\" content=\"Emotivo preg\u00f3n de Don Ram\u00f3n Mic\u00f3 Colomer en las fiestas de Alfafara - COPE Alcoy\" \/>\n<meta property=\"og:description\" content=\"El pasado 5 de agosto comenzaron las fiestas patronales del municipio de Alfafara y lo hicieron con el tradicional preg\u00f3n a cargo de Don Ram\u00f3n Mic\u00f3\" \/>\n<meta property=\"og:url\" content=\"https:\/\/www.copealcoy.es\/es\/emotivo-pregon-de-don-ramon-mico-colomer-en-las-fiestas-de-alfafara\/\" \/>\n<meta property=\"og:site_name\" content=\"COPE Alcoy\" \/>\n<meta property=\"article:published_time\" content=\"2024-08-20T07:30:04+00:00\" \/>\n<meta property=\"article:modified_time\" content=\"2024-09-01T16:21:45+00:00\" \/>\n<meta property=\"og:image\" content=\"https:\/\/www.copealcoy.es\/wp-content\/uploads\/2024\/08\/unnamed-1-24-scaled.jpg\" \/>\n\t<meta property=\"og:image:width\" content=\"1745\" \/>\n\t<meta property=\"og:image:height\" content=\"1080\" \/>\n\t<meta property=\"og:image:type\" content=\"image\/jpeg\" \/>\n<meta name=\"author\" content=\"Cope Alcoy\" \/>\n<meta name=\"twitter:label1\" content=\"Escrito por\" \/>\n\t<meta name=\"twitter:data1\" content=\"Cope Alcoy\" \/>\n\t<meta name=\"twitter:label2\" content=\"Tiempo de lectura\" \/>\n\t<meta name=\"twitter:data2\" content=\"2 minutos\" \/>\n<script type=\"application\/ld+json\" class=\"yoast-schema-graph\">{\"@context\":\"https:\\\/\\\/schema.org\",\"@graph\":[{\"@type\":\"Article\",\"@id\":\"https:\\\/\\\/www.copealcoy.es\\\/es\\\/emotivo-pregon-de-don-ramon-mico-colomer-en-las-fiestas-de-alfafara\\\/#article\",\"isPartOf\":{\"@id\":\"https:\\\/\\\/www.copealcoy.es\\\/es\\\/emotivo-pregon-de-don-ramon-mico-colomer-en-las-fiestas-de-alfafara\\\/\"},\"author\":{\"name\":\"Cope Alcoy\",\"@id\":\"https:\\\/\\\/www.copealcoy.es\\\/es\\\/#\\\/schema\\\/person\\\/e777c87fa024e57d40170af9df39882c\"},\"headline\":\"Emotivo preg\u00f3n de Don Ram\u00f3n Mic\u00f3 Colomer en las fiestas de Alfafara\",\"datePublished\":\"2024-08-20T07:30:04+00:00\",\"dateModified\":\"2024-09-01T16:21:45+00:00\",\"mainEntityOfPage\":{\"@id\":\"https:\\\/\\\/www.copealcoy.es\\\/es\\\/emotivo-pregon-de-don-ramon-mico-colomer-en-las-fiestas-de-alfafara\\\/\"},\"wordCount\":342,\"commentCount\":0,\"image\":{\"@id\":\"https:\\\/\\\/www.copealcoy.es\\\/es\\\/emotivo-pregon-de-don-ramon-mico-colomer-en-las-fiestas-de-alfafara\\\/#primaryimage\"},\"thumbnailUrl\":\"https:\\\/\\\/www.copealcoy.es\\\/wp-content\\\/uploads\\\/2024\\\/08\\\/unnamed-1-24-scaled.jpg\",\"keywords\":[\"Alfafara\",\"Don Ram\u00f3n Mic\u00f3\",\"Fiestas\",\"preg\u00f3n\",\"Toni Cloquell\"],\"articleSection\":[\"Actualidad\",\"Comarcas\",\"Noticias\"],\"inLanguage\":\"es\"},{\"@type\":\"WebPage\",\"@id\":\"https:\\\/\\\/www.copealcoy.es\\\/es\\\/emotivo-pregon-de-don-ramon-mico-colomer-en-las-fiestas-de-alfafara\\\/\",\"url\":\"https:\\\/\\\/www.copealcoy.es\\\/es\\\/emotivo-pregon-de-don-ramon-mico-colomer-en-las-fiestas-de-alfafara\\\/\",\"name\":\"Emotivo preg\u00f3n de Don Ram\u00f3n Mic\u00f3 Colomer en las fiestas de Alfafara - COPE Alcoy\",\"isPartOf\":{\"@id\":\"https:\\\/\\\/www.copealcoy.es\\\/es\\\/#website\"},\"primaryImageOfPage\":{\"@id\":\"https:\\\/\\\/www.copealcoy.es\\\/es\\\/emotivo-pregon-de-don-ramon-mico-colomer-en-las-fiestas-de-alfafara\\\/#primaryimage\"},\"image\":{\"@id\":\"https:\\\/\\\/www.copealcoy.es\\\/es\\\/emotivo-pregon-de-don-ramon-mico-colomer-en-las-fiestas-de-alfafara\\\/#primaryimage\"},\"thumbnailUrl\":\"https:\\\/\\\/www.copealcoy.es\\\/wp-content\\\/uploads\\\/2024\\\/08\\\/unnamed-1-24-scaled.jpg\",\"datePublished\":\"2024-08-20T07:30:04+00:00\",\"dateModified\":\"2024-09-01T16:21:45+00:00\",\"author\":{\"@id\":\"https:\\\/\\\/www.copealcoy.es\\\/es\\\/#\\\/schema\\\/person\\\/e777c87fa024e57d40170af9df39882c\"},\"description\":\"El pasado 5 de agosto comenzaron las fiestas patronales del municipio de Alfafara y lo hicieron con el tradicional preg\u00f3n a cargo de Don Ram\u00f3n Mic\u00f3\",\"breadcrumb\":{\"@id\":\"https:\\\/\\\/www.copealcoy.es\\\/es\\\/emotivo-pregon-de-don-ramon-mico-colomer-en-las-fiestas-de-alfafara\\\/#breadcrumb\"},\"inLanguage\":\"es\",\"potentialAction\":[{\"@type\":\"ReadAction\",\"target\":[\"https:\\\/\\\/www.copealcoy.es\\\/es\\\/emotivo-pregon-de-don-ramon-mico-colomer-en-las-fiestas-de-alfafara\\\/\"]}]},{\"@type\":\"ImageObject\",\"inLanguage\":\"es\",\"@id\":\"https:\\\/\\\/www.copealcoy.es\\\/es\\\/emotivo-pregon-de-don-ramon-mico-colomer-en-las-fiestas-de-alfafara\\\/#primaryimage\",\"url\":\"https:\\\/\\\/www.copealcoy.es\\\/wp-content\\\/uploads\\\/2024\\\/08\\\/unnamed-1-24-scaled.jpg\",\"contentUrl\":\"https:\\\/\\\/www.copealcoy.es\\\/wp-content\\\/uploads\\\/2024\\\/08\\\/unnamed-1-24-scaled.jpg\",\"width\":1745,\"height\":1080},{\"@type\":\"BreadcrumbList\",\"@id\":\"https:\\\/\\\/www.copealcoy.es\\\/es\\\/emotivo-pregon-de-don-ramon-mico-colomer-en-las-fiestas-de-alfafara\\\/#breadcrumb\",\"itemListElement\":[{\"@type\":\"ListItem\",\"position\":1,\"name\":\"Portada\",\"item\":\"https:\\\/\\\/www.copealcoy.es\\\/es\\\/\"},{\"@type\":\"ListItem\",\"position\":2,\"name\":\"Emotivo preg\u00f3n de Don Ram\u00f3n Mic\u00f3 Colomer en las fiestas de Alfafara\"}]},{\"@type\":\"WebSite\",\"@id\":\"https:\\\/\\\/www.copealcoy.es\\\/es\\\/#website\",\"url\":\"https:\\\/\\\/www.copealcoy.es\\\/es\\\/\",\"name\":\"COPE Alcoy\",\"description\":\"Emisora COPE de radio local con emisi\u00f3n online. Pont de Sant Jordi 8-10 03803 Alcoy\",\"potentialAction\":[{\"@type\":\"SearchAction\",\"target\":{\"@type\":\"EntryPoint\",\"urlTemplate\":\"https:\\\/\\\/www.copealcoy.es\\\/es\\\/?s={search_term_string}\"},\"query-input\":{\"@type\":\"PropertyValueSpecification\",\"valueRequired\":true,\"valueName\":\"search_term_string\"}}],\"inLanguage\":\"es\"},{\"@type\":\"Person\",\"@id\":\"https:\\\/\\\/www.copealcoy.es\\\/es\\\/#\\\/schema\\\/person\\\/e777c87fa024e57d40170af9df39882c\",\"name\":\"Cope Alcoy\",\"image\":{\"@type\":\"ImageObject\",\"inLanguage\":\"es\",\"@id\":\"https:\\\/\\\/secure.gravatar.com\\\/avatar\\\/bb65d0283347e303893ba14f0692005417c1e0e690a325a4c5d8bb2b3943ee14?s=96&d=mm&r=g\",\"url\":\"https:\\\/\\\/secure.gravatar.com\\\/avatar\\\/bb65d0283347e303893ba14f0692005417c1e0e690a325a4c5d8bb2b3943ee14?s=96&d=mm&r=g\",\"contentUrl\":\"https:\\\/\\\/secure.gravatar.com\\\/avatar\\\/bb65d0283347e303893ba14f0692005417c1e0e690a325a4c5d8bb2b3943ee14?s=96&d=mm&r=g\",\"caption\":\"Cope Alcoy\"}}]}<\/script>\n<!-- \/ Yoast SEO plugin. -->","yoast_head_json":{"title":"Emotivo preg\u00f3n de Don Ram\u00f3n Mic\u00f3 Colomer en las fiestas de Alfafara - COPE Alcoy","description":"El pasado 5 de agosto comenzaron las fiestas patronales del municipio de Alfafara y lo hicieron con el tradicional preg\u00f3n a cargo de Don Ram\u00f3n Mic\u00f3","robots":{"index":"index","follow":"follow","max-snippet":"max-snippet:-1","max-image-preview":"max-image-preview:large","max-video-preview":"max-video-preview:-1"},"canonical":"https:\/\/www.copealcoy.es\/es\/emotivo-pregon-de-don-ramon-mico-colomer-en-las-fiestas-de-alfafara\/","og_locale":"es_ES","og_type":"article","og_title":"Emotivo preg\u00f3n de Don Ram\u00f3n Mic\u00f3 Colomer en las fiestas de Alfafara - COPE Alcoy","og_description":"El pasado 5 de agosto comenzaron las fiestas patronales del municipio de Alfafara y lo hicieron con el tradicional preg\u00f3n a cargo de Don Ram\u00f3n Mic\u00f3","og_url":"https:\/\/www.copealcoy.es\/es\/emotivo-pregon-de-don-ramon-mico-colomer-en-las-fiestas-de-alfafara\/","og_site_name":"COPE Alcoy","article_published_time":"2024-08-20T07:30:04+00:00","article_modified_time":"2024-09-01T16:21:45+00:00","og_image":[{"width":1745,"height":1080,"url":"https:\/\/www.copealcoy.es\/wp-content\/uploads\/2024\/08\/unnamed-1-24-scaled.jpg","type":"image\/jpeg"}],"author":"Cope Alcoy","twitter_misc":{"Escrito por":"Cope Alcoy","Tiempo de lectura":"2 minutos"},"schema":{"@context":"https:\/\/schema.org","@graph":[{"@type":"Article","@id":"https:\/\/www.copealcoy.es\/es\/emotivo-pregon-de-don-ramon-mico-colomer-en-las-fiestas-de-alfafara\/#article","isPartOf":{"@id":"https:\/\/www.copealcoy.es\/es\/emotivo-pregon-de-don-ramon-mico-colomer-en-las-fiestas-de-alfafara\/"},"author":{"name":"Cope Alcoy","@id":"https:\/\/www.copealcoy.es\/es\/#\/schema\/person\/e777c87fa024e57d40170af9df39882c"},"headline":"Emotivo preg\u00f3n de Don Ram\u00f3n Mic\u00f3 Colomer en las fiestas de Alfafara","datePublished":"2024-08-20T07:30:04+00:00","dateModified":"2024-09-01T16:21:45+00:00","mainEntityOfPage":{"@id":"https:\/\/www.copealcoy.es\/es\/emotivo-pregon-de-don-ramon-mico-colomer-en-las-fiestas-de-alfafara\/"},"wordCount":342,"commentCount":0,"image":{"@id":"https:\/\/www.copealcoy.es\/es\/emotivo-pregon-de-don-ramon-mico-colomer-en-las-fiestas-de-alfafara\/#primaryimage"},"thumbnailUrl":"https:\/\/www.copealcoy.es\/wp-content\/uploads\/2024\/08\/unnamed-1-24-scaled.jpg","keywords":["Alfafara","Don Ram\u00f3n Mic\u00f3","Fiestas","preg\u00f3n","Toni Cloquell"],"articleSection":["Actualidad","Comarcas","Noticias"],"inLanguage":"es"},{"@type":"WebPage","@id":"https:\/\/www.copealcoy.es\/es\/emotivo-pregon-de-don-ramon-mico-colomer-en-las-fiestas-de-alfafara\/","url":"https:\/\/www.copealcoy.es\/es\/emotivo-pregon-de-don-ramon-mico-colomer-en-las-fiestas-de-alfafara\/","name":"Emotivo preg\u00f3n de Don Ram\u00f3n Mic\u00f3 Colomer en las fiestas de Alfafara - COPE Alcoy","isPartOf":{"@id":"https:\/\/www.copealcoy.es\/es\/#website"},"primaryImageOfPage":{"@id":"https:\/\/www.copealcoy.es\/es\/emotivo-pregon-de-don-ramon-mico-colomer-en-las-fiestas-de-alfafara\/#primaryimage"},"image":{"@id":"https:\/\/www.copealcoy.es\/es\/emotivo-pregon-de-don-ramon-mico-colomer-en-las-fiestas-de-alfafara\/#primaryimage"},"thumbnailUrl":"https:\/\/www.copealcoy.es\/wp-content\/uploads\/2024\/08\/unnamed-1-24-scaled.jpg","datePublished":"2024-08-20T07:30:04+00:00","dateModified":"2024-09-01T16:21:45+00:00","author":{"@id":"https:\/\/www.copealcoy.es\/es\/#\/schema\/person\/e777c87fa024e57d40170af9df39882c"},"description":"El pasado 5 de agosto comenzaron las fiestas patronales del municipio de Alfafara y lo hicieron con el tradicional preg\u00f3n a cargo de Don Ram\u00f3n Mic\u00f3","breadcrumb":{"@id":"https:\/\/www.copealcoy.es\/es\/emotivo-pregon-de-don-ramon-mico-colomer-en-las-fiestas-de-alfafara\/#breadcrumb"},"inLanguage":"es","potentialAction":[{"@type":"ReadAction","target":["https:\/\/www.copealcoy.es\/es\/emotivo-pregon-de-don-ramon-mico-colomer-en-las-fiestas-de-alfafara\/"]}]},{"@type":"ImageObject","inLanguage":"es","@id":"https:\/\/www.copealcoy.es\/es\/emotivo-pregon-de-don-ramon-mico-colomer-en-las-fiestas-de-alfafara\/#primaryimage","url":"https:\/\/www.copealcoy.es\/wp-content\/uploads\/2024\/08\/unnamed-1-24-scaled.jpg","contentUrl":"https:\/\/www.copealcoy.es\/wp-content\/uploads\/2024\/08\/unnamed-1-24-scaled.jpg","width":1745,"height":1080},{"@type":"BreadcrumbList","@id":"https:\/\/www.copealcoy.es\/es\/emotivo-pregon-de-don-ramon-mico-colomer-en-las-fiestas-de-alfafara\/#breadcrumb","itemListElement":[{"@type":"ListItem","position":1,"name":"Portada","item":"https:\/\/www.copealcoy.es\/es\/"},{"@type":"ListItem","position":2,"name":"Emotivo preg\u00f3n de Don Ram\u00f3n Mic\u00f3 Colomer en las fiestas de Alfafara"}]},{"@type":"WebSite","@id":"https:\/\/www.copealcoy.es\/es\/#website","url":"https:\/\/www.copealcoy.es\/es\/","name":"COPE Alcoy","description":"Emisora COPE de radio local con emisi\u00f3n online. Pont de Sant Jordi 8-10 03803 Alcoy","potentialAction":[{"@type":"SearchAction","target":{"@type":"EntryPoint","urlTemplate":"https:\/\/www.copealcoy.es\/es\/?s={search_term_string}"},"query-input":{"@type":"PropertyValueSpecification","valueRequired":true,"valueName":"search_term_string"}}],"inLanguage":"es"},{"@type":"Person","@id":"https:\/\/www.copealcoy.es\/es\/#\/schema\/person\/e777c87fa024e57d40170af9df39882c","name":"Cope Alcoy","image":{"@type":"ImageObject","inLanguage":"es","@id":"https:\/\/secure.gravatar.com\/avatar\/bb65d0283347e303893ba14f0692005417c1e0e690a325a4c5d8bb2b3943ee14?s=96&d=mm&r=g","url":"https:\/\/secure.gravatar.com\/avatar\/bb65d0283347e303893ba14f0692005417c1e0e690a325a4c5d8bb2b3943ee14?s=96&d=mm&r=g","contentUrl":"https:\/\/secure.gravatar.com\/avatar\/bb65d0283347e303893ba14f0692005417c1e0e690a325a4c5d8bb2b3943ee14?s=96&d=mm&r=g","caption":"Cope Alcoy"}}]}},"_links":{"self":[{"href":"https:\/\/www.copealcoy.es\/es\/wp-json\/wp\/v2\/posts\/139275","targetHints":{"allow":["GET"]}}],"collection":[{"href":"https:\/\/www.copealcoy.es\/es\/wp-json\/wp\/v2\/posts"}],"about":[{"href":"https:\/\/www.copealcoy.es\/es\/wp-json\/wp\/v2\/types\/post"}],"author":[{"embeddable":true,"href":"https:\/\/www.copealcoy.es\/es\/wp-json\/wp\/v2\/users\/1"}],"replies":[{"embeddable":true,"href":"https:\/\/www.copealcoy.es\/es\/wp-json\/wp\/v2\/comments?post=139275"}],"version-history":[{"count":0,"href":"https:\/\/www.copealcoy.es\/es\/wp-json\/wp\/v2\/posts\/139275\/revisions"}],"wp:featuredmedia":[{"embeddable":true,"href":"https:\/\/www.copealcoy.es\/es\/wp-json\/wp\/v2\/media\/139276"}],"wp:attachment":[{"href":"https:\/\/www.copealcoy.es\/es\/wp-json\/wp\/v2\/media?parent=139275"}],"wp:term":[{"taxonomy":"category","embeddable":true,"href":"https:\/\/www.copealcoy.es\/es\/wp-json\/wp\/v2\/categories?post=139275"},{"taxonomy":"post_tag","embeddable":true,"href":"https:\/\/www.copealcoy.es\/es\/wp-json\/wp\/v2\/tags?post=139275"}],"curies":[{"name":"wp","href":"https:\/\/api.w.org\/{rel}","templated":true}]}}