{"id":13922,"date":"2015-06-13T00:32:50","date_gmt":"2015-06-13T00:32:50","guid":{"rendered":"http:\/\/copealcoi.es\/new\/?p=13922"},"modified":"2015-06-13T00:36:05","modified_gmt":"2015-06-13T00:36:05","slug":"cocentaina-celebra-el-sagrado-corazon","status":"publish","type":"post","link":"https:\/\/www.copealcoy.es\/es\/cocentaina-celebra-el-sagrado-corazon\/","title":{"rendered":"Cocentaina celebra el Sagrado Coraz\u00f3n"},"content":{"rendered":"<p style=\"text-align: justify;\">Cocentaina celebr\u00f3 ayer viernes la festividad del Sagrado Coraz\u00f3n de Jes\u00fas, una tradici\u00f3n arraigada en el municipio y promovida en su d\u00eda por el tan recordado en la Villa Condal Moss\u00e9n Eugenio Radu\u00e1n.<\/p>\n<p style=\"text-align: justify;\">La actividad arranc\u00f3 a las ocho de la tarde con una misa solemne en la iglesia de Santa Mar\u00eda y a continuaci\u00f3n desde el mismo Patronato comenz\u00f3\u00a0la procesi\u00f3n en la que tuvieron un protagonismo especial los ni\u00f1os que este a\u00f1o han recibido la Primera Comuni\u00f3n y que tuvieron oportunidad tambi\u00e9n de portar la imagen del Sagrado Coraz\u00f3n. La jornada acab\u00f3 con una Dans\u00e0 Infantil y la entrega de premios de las diferentes competiciones desarrolladas a lo largo de la semana. Adem\u00e1s se rindi\u00f3 un homenaje a Jos\u00e9 Antonio Agull\u00f3 Giner, en agradecimiento en su labor en pro del Patronato, as\u00ed como a Rafael Valls Ferri por sus m\u00e9ritos deportivos.<\/p>\n<p style=\"text-align: justify;\">Se\u00f1alar que en los d\u00edas previos se han llevado a cabo torneos de Pilota Valenciana, f\u00fatbol veteranos as\u00ed como un campeonato de ajedrez, futbol\u00edn, tenis mesa y juegos populares. Tampoco han faltado las actividades culturales con la actuaci\u00f3n de la Rondalla i Coral &#8220;La Amistad&#8221;, un Cine F\u00f3rum y \u00a0la representaci\u00f3n de la obra &#8220;Una bala perduda&#8221; a cargo del Grupo de Teatro del Patronato.<\/p>\n","protected":false},"excerpt":{"rendered":"<p>Cocentaina celebr\u00f3 ayer viernes la festividad del Sagrado Coraz\u00f3n de Jes\u00fas, una tradici\u00f3n arraigada en el municipio y promovida en&#8230;<\/p>\n","protected":false},"author":1,"featured_media":13926,"comment_status":"open","ping_status":"open","sticky":false,"template":"","format":"standard","meta":{"footnotes":""},"categories":[98,75],"tags":[1107,132,1143],"class_list":["post-13922","post","type-post","status-publish","format-standard","has-post-thumbnail","hentry","category-comarcas","category-noticias","tag-celebra","tag-cocentaina","tag-sagrado-corazon"],"yoast_head":"<!-- This site is optimized with the Yoast SEO plugin v27.3 - https:\/\/yoast.com\/product\/yoast-seo-wordpress\/ -->\n<title>Cocentaina celebra el Sagrado Coraz\u00f3n - COPE Alcoy<\/title>\n<meta name=\"robots\" content=\"index, follow, max-snippet:-1, max-image-preview:large, max-video-preview:-1\" \/>\n<link rel=\"canonical\" href=\"https:\/\/www.copealcoy.es\/es\/cocentaina-celebra-el-sagrado-corazon\/\" \/>\n<meta property=\"og:locale\" content=\"es_ES\" \/>\n<meta property=\"og:type\" content=\"article\" \/>\n<meta property=\"og:title\" content=\"Cocentaina celebra el Sagrado Coraz\u00f3n - COPE Alcoy\" \/>\n<meta property=\"og:description\" content=\"Cocentaina celebr\u00f3 ayer viernes la festividad del Sagrado Coraz\u00f3n de Jes\u00fas, una tradici\u00f3n arraigada en el municipio y promovida en...\" \/>\n<meta property=\"og:url\" content=\"https:\/\/www.copealcoy.es\/es\/cocentaina-celebra-el-sagrado-corazon\/\" \/>\n<meta property=\"og:site_name\" content=\"COPE Alcoy\" \/>\n<meta property=\"article:published_time\" content=\"2015-06-13T00:32:50+00:00\" \/>\n<meta property=\"article:modified_time\" content=\"2015-06-13T00:36:05+00:00\" \/>\n<meta property=\"og:image\" content=\"https:\/\/www.copealcoy.es\/wp-content\/uploads\/2015\/06\/DSC00286.jpg\" \/>\n\t<meta property=\"og:image:width\" content=\"2470\" \/>\n\t<meta property=\"og:image:height\" content=\"1450\" \/>\n\t<meta property=\"og:image:type\" content=\"image\/jpeg\" \/>\n<meta name=\"author\" content=\"Cope Alcoy\" \/>\n<meta name=\"twitter:label1\" content=\"Escrito por\" \/>\n\t<meta name=\"twitter:data1\" content=\"Cope Alcoy\" \/>\n\t<meta name=\"twitter:label2\" content=\"Tiempo de lectura\" \/>\n\t<meta name=\"twitter:data2\" content=\"1 minuto\" \/>\n<script type=\"application\/ld+json\" class=\"yoast-schema-graph\">{\"@context\":\"https:\\\/\\\/schema.org\",\"@graph\":[{\"@type\":\"Article\",\"@id\":\"https:\\\/\\\/www.copealcoy.es\\\/es\\\/cocentaina-celebra-el-sagrado-corazon\\\/#article\",\"isPartOf\":{\"@id\":\"https:\\\/\\\/www.copealcoy.es\\\/es\\\/cocentaina-celebra-el-sagrado-corazon\\\/\"},\"author\":{\"name\":\"Cope Alcoy\",\"@id\":\"https:\\\/\\\/www.copealcoy.es\\\/es\\\/#\\\/schema\\\/person\\\/e777c87fa024e57d40170af9df39882c\"},\"headline\":\"Cocentaina celebra el Sagrado Coraz\u00f3n\",\"datePublished\":\"2015-06-13T00:32:50+00:00\",\"dateModified\":\"2015-06-13T00:36:05+00:00\",\"mainEntityOfPage\":{\"@id\":\"https:\\\/\\\/www.copealcoy.es\\\/es\\\/cocentaina-celebra-el-sagrado-corazon\\\/\"},\"wordCount\":237,\"commentCount\":0,\"image\":{\"@id\":\"https:\\\/\\\/www.copealcoy.es\\\/es\\\/cocentaina-celebra-el-sagrado-corazon\\\/#primaryimage\"},\"thumbnailUrl\":\"https:\\\/\\\/www.copealcoy.es\\\/wp-content\\\/uploads\\\/2015\\\/06\\\/DSC00286.jpg\",\"keywords\":[\"celebra\",\"Cocentaina\",\"Sagrado Coraz\u00f3n\"],\"articleSection\":[\"Comarcas\",\"Noticias\"],\"inLanguage\":\"es\"},{\"@type\":\"WebPage\",\"@id\":\"https:\\\/\\\/www.copealcoy.es\\\/es\\\/cocentaina-celebra-el-sagrado-corazon\\\/\",\"url\":\"https:\\\/\\\/www.copealcoy.es\\\/es\\\/cocentaina-celebra-el-sagrado-corazon\\\/\",\"name\":\"Cocentaina celebra el Sagrado Coraz\u00f3n - COPE Alcoy\",\"isPartOf\":{\"@id\":\"https:\\\/\\\/www.copealcoy.es\\\/es\\\/#website\"},\"primaryImageOfPage\":{\"@id\":\"https:\\\/\\\/www.copealcoy.es\\\/es\\\/cocentaina-celebra-el-sagrado-corazon\\\/#primaryimage\"},\"image\":{\"@id\":\"https:\\\/\\\/www.copealcoy.es\\\/es\\\/cocentaina-celebra-el-sagrado-corazon\\\/#primaryimage\"},\"thumbnailUrl\":\"https:\\\/\\\/www.copealcoy.es\\\/wp-content\\\/uploads\\\/2015\\\/06\\\/DSC00286.jpg\",\"datePublished\":\"2015-06-13T00:32:50+00:00\",\"dateModified\":\"2015-06-13T00:36:05+00:00\",\"author\":{\"@id\":\"https:\\\/\\\/www.copealcoy.es\\\/es\\\/#\\\/schema\\\/person\\\/e777c87fa024e57d40170af9df39882c\"},\"breadcrumb\":{\"@id\":\"https:\\\/\\\/www.copealcoy.es\\\/es\\\/cocentaina-celebra-el-sagrado-corazon\\\/#breadcrumb\"},\"inLanguage\":\"es\",\"potentialAction\":[{\"@type\":\"ReadAction\",\"target\":[\"https:\\\/\\\/www.copealcoy.es\\\/es\\\/cocentaina-celebra-el-sagrado-corazon\\\/\"]}]},{\"@type\":\"ImageObject\",\"inLanguage\":\"es\",\"@id\":\"https:\\\/\\\/www.copealcoy.es\\\/es\\\/cocentaina-celebra-el-sagrado-corazon\\\/#primaryimage\",\"url\":\"https:\\\/\\\/www.copealcoy.es\\\/wp-content\\\/uploads\\\/2015\\\/06\\\/DSC00286.jpg\",\"contentUrl\":\"https:\\\/\\\/www.copealcoy.es\\\/wp-content\\\/uploads\\\/2015\\\/06\\\/DSC00286.jpg\",\"width\":1840,\"height\":1080,\"caption\":\"Los ni\u00f1os de Primera Comuni\u00f3n participaron en la procesi\u00f3n\"},{\"@type\":\"BreadcrumbList\",\"@id\":\"https:\\\/\\\/www.copealcoy.es\\\/es\\\/cocentaina-celebra-el-sagrado-corazon\\\/#breadcrumb\",\"itemListElement\":[{\"@type\":\"ListItem\",\"position\":1,\"name\":\"Portada\",\"item\":\"https:\\\/\\\/www.copealcoy.es\\\/es\\\/\"},{\"@type\":\"ListItem\",\"position\":2,\"name\":\"Cocentaina celebra el Sagrado Coraz\u00f3n\"}]},{\"@type\":\"WebSite\",\"@id\":\"https:\\\/\\\/www.copealcoy.es\\\/es\\\/#website\",\"url\":\"https:\\\/\\\/www.copealcoy.es\\\/es\\\/\",\"name\":\"COPE Alcoy\",\"description\":\"Emisora COPE de radio local con emisi\u00f3n online. Pont de Sant Jordi 8-10 03803 Alcoy\",\"potentialAction\":[{\"@type\":\"SearchAction\",\"target\":{\"@type\":\"EntryPoint\",\"urlTemplate\":\"https:\\\/\\\/www.copealcoy.es\\\/es\\\/?s={search_term_string}\"},\"query-input\":{\"@type\":\"PropertyValueSpecification\",\"valueRequired\":true,\"valueName\":\"search_term_string\"}}],\"inLanguage\":\"es\"},{\"@type\":\"Person\",\"@id\":\"https:\\\/\\\/www.copealcoy.es\\\/es\\\/#\\\/schema\\\/person\\\/e777c87fa024e57d40170af9df39882c\",\"name\":\"Cope Alcoy\",\"image\":{\"@type\":\"ImageObject\",\"inLanguage\":\"es\",\"@id\":\"https:\\\/\\\/secure.gravatar.com\\\/avatar\\\/bb65d0283347e303893ba14f0692005417c1e0e690a325a4c5d8bb2b3943ee14?s=96&d=mm&r=g\",\"url\":\"https:\\\/\\\/secure.gravatar.com\\\/avatar\\\/bb65d0283347e303893ba14f0692005417c1e0e690a325a4c5d8bb2b3943ee14?s=96&d=mm&r=g\",\"contentUrl\":\"https:\\\/\\\/secure.gravatar.com\\\/avatar\\\/bb65d0283347e303893ba14f0692005417c1e0e690a325a4c5d8bb2b3943ee14?s=96&d=mm&r=g\",\"caption\":\"Cope Alcoy\"}}]}<\/script>\n<!-- \/ Yoast SEO plugin. -->","yoast_head_json":{"title":"Cocentaina celebra el Sagrado Coraz\u00f3n - COPE Alcoy","robots":{"index":"index","follow":"follow","max-snippet":"max-snippet:-1","max-image-preview":"max-image-preview:large","max-video-preview":"max-video-preview:-1"},"canonical":"https:\/\/www.copealcoy.es\/es\/cocentaina-celebra-el-sagrado-corazon\/","og_locale":"es_ES","og_type":"article","og_title":"Cocentaina celebra el Sagrado Coraz\u00f3n - COPE Alcoy","og_description":"Cocentaina celebr\u00f3 ayer viernes la festividad del Sagrado Coraz\u00f3n de Jes\u00fas, una tradici\u00f3n arraigada en el municipio y promovida en...","og_url":"https:\/\/www.copealcoy.es\/es\/cocentaina-celebra-el-sagrado-corazon\/","og_site_name":"COPE Alcoy","article_published_time":"2015-06-13T00:32:50+00:00","article_modified_time":"2015-06-13T00:36:05+00:00","og_image":[{"width":2470,"height":1450,"url":"https:\/\/www.copealcoy.es\/wp-content\/uploads\/2015\/06\/DSC00286.jpg","type":"image\/jpeg"}],"author":"Cope Alcoy","twitter_misc":{"Escrito por":"Cope Alcoy","Tiempo de lectura":"1 minuto"},"schema":{"@context":"https:\/\/schema.org","@graph":[{"@type":"Article","@id":"https:\/\/www.copealcoy.es\/es\/cocentaina-celebra-el-sagrado-corazon\/#article","isPartOf":{"@id":"https:\/\/www.copealcoy.es\/es\/cocentaina-celebra-el-sagrado-corazon\/"},"author":{"name":"Cope Alcoy","@id":"https:\/\/www.copealcoy.es\/es\/#\/schema\/person\/e777c87fa024e57d40170af9df39882c"},"headline":"Cocentaina celebra el Sagrado Coraz\u00f3n","datePublished":"2015-06-13T00:32:50+00:00","dateModified":"2015-06-13T00:36:05+00:00","mainEntityOfPage":{"@id":"https:\/\/www.copealcoy.es\/es\/cocentaina-celebra-el-sagrado-corazon\/"},"wordCount":237,"commentCount":0,"image":{"@id":"https:\/\/www.copealcoy.es\/es\/cocentaina-celebra-el-sagrado-corazon\/#primaryimage"},"thumbnailUrl":"https:\/\/www.copealcoy.es\/wp-content\/uploads\/2015\/06\/DSC00286.jpg","keywords":["celebra","Cocentaina","Sagrado Coraz\u00f3n"],"articleSection":["Comarcas","Noticias"],"inLanguage":"es"},{"@type":"WebPage","@id":"https:\/\/www.copealcoy.es\/es\/cocentaina-celebra-el-sagrado-corazon\/","url":"https:\/\/www.copealcoy.es\/es\/cocentaina-celebra-el-sagrado-corazon\/","name":"Cocentaina celebra el Sagrado Coraz\u00f3n - COPE Alcoy","isPartOf":{"@id":"https:\/\/www.copealcoy.es\/es\/#website"},"primaryImageOfPage":{"@id":"https:\/\/www.copealcoy.es\/es\/cocentaina-celebra-el-sagrado-corazon\/#primaryimage"},"image":{"@id":"https:\/\/www.copealcoy.es\/es\/cocentaina-celebra-el-sagrado-corazon\/#primaryimage"},"thumbnailUrl":"https:\/\/www.copealcoy.es\/wp-content\/uploads\/2015\/06\/DSC00286.jpg","datePublished":"2015-06-13T00:32:50+00:00","dateModified":"2015-06-13T00:36:05+00:00","author":{"@id":"https:\/\/www.copealcoy.es\/es\/#\/schema\/person\/e777c87fa024e57d40170af9df39882c"},"breadcrumb":{"@id":"https:\/\/www.copealcoy.es\/es\/cocentaina-celebra-el-sagrado-corazon\/#breadcrumb"},"inLanguage":"es","potentialAction":[{"@type":"ReadAction","target":["https:\/\/www.copealcoy.es\/es\/cocentaina-celebra-el-sagrado-corazon\/"]}]},{"@type":"ImageObject","inLanguage":"es","@id":"https:\/\/www.copealcoy.es\/es\/cocentaina-celebra-el-sagrado-corazon\/#primaryimage","url":"https:\/\/www.copealcoy.es\/wp-content\/uploads\/2015\/06\/DSC00286.jpg","contentUrl":"https:\/\/www.copealcoy.es\/wp-content\/uploads\/2015\/06\/DSC00286.jpg","width":1840,"height":1080,"caption":"Los ni\u00f1os de Primera Comuni\u00f3n participaron en la procesi\u00f3n"},{"@type":"BreadcrumbList","@id":"https:\/\/www.copealcoy.es\/es\/cocentaina-celebra-el-sagrado-corazon\/#breadcrumb","itemListElement":[{"@type":"ListItem","position":1,"name":"Portada","item":"https:\/\/www.copealcoy.es\/es\/"},{"@type":"ListItem","position":2,"name":"Cocentaina celebra el Sagrado Coraz\u00f3n"}]},{"@type":"WebSite","@id":"https:\/\/www.copealcoy.es\/es\/#website","url":"https:\/\/www.copealcoy.es\/es\/","name":"COPE Alcoy","description":"Emisora COPE de radio local con emisi\u00f3n online. Pont de Sant Jordi 8-10 03803 Alcoy","potentialAction":[{"@type":"SearchAction","target":{"@type":"EntryPoint","urlTemplate":"https:\/\/www.copealcoy.es\/es\/?s={search_term_string}"},"query-input":{"@type":"PropertyValueSpecification","valueRequired":true,"valueName":"search_term_string"}}],"inLanguage":"es"},{"@type":"Person","@id":"https:\/\/www.copealcoy.es\/es\/#\/schema\/person\/e777c87fa024e57d40170af9df39882c","name":"Cope Alcoy","image":{"@type":"ImageObject","inLanguage":"es","@id":"https:\/\/secure.gravatar.com\/avatar\/bb65d0283347e303893ba14f0692005417c1e0e690a325a4c5d8bb2b3943ee14?s=96&d=mm&r=g","url":"https:\/\/secure.gravatar.com\/avatar\/bb65d0283347e303893ba14f0692005417c1e0e690a325a4c5d8bb2b3943ee14?s=96&d=mm&r=g","contentUrl":"https:\/\/secure.gravatar.com\/avatar\/bb65d0283347e303893ba14f0692005417c1e0e690a325a4c5d8bb2b3943ee14?s=96&d=mm&r=g","caption":"Cope Alcoy"}}]}},"_links":{"self":[{"href":"https:\/\/www.copealcoy.es\/es\/wp-json\/wp\/v2\/posts\/13922","targetHints":{"allow":["GET"]}}],"collection":[{"href":"https:\/\/www.copealcoy.es\/es\/wp-json\/wp\/v2\/posts"}],"about":[{"href":"https:\/\/www.copealcoy.es\/es\/wp-json\/wp\/v2\/types\/post"}],"author":[{"embeddable":true,"href":"https:\/\/www.copealcoy.es\/es\/wp-json\/wp\/v2\/users\/1"}],"replies":[{"embeddable":true,"href":"https:\/\/www.copealcoy.es\/es\/wp-json\/wp\/v2\/comments?post=13922"}],"version-history":[{"count":0,"href":"https:\/\/www.copealcoy.es\/es\/wp-json\/wp\/v2\/posts\/13922\/revisions"}],"wp:featuredmedia":[{"embeddable":true,"href":"https:\/\/www.copealcoy.es\/es\/wp-json\/wp\/v2\/media\/13926"}],"wp:attachment":[{"href":"https:\/\/www.copealcoy.es\/es\/wp-json\/wp\/v2\/media?parent=13922"}],"wp:term":[{"taxonomy":"category","embeddable":true,"href":"https:\/\/www.copealcoy.es\/es\/wp-json\/wp\/v2\/categories?post=13922"},{"taxonomy":"post_tag","embeddable":true,"href":"https:\/\/www.copealcoy.es\/es\/wp-json\/wp\/v2\/tags?post=13922"}],"curies":[{"name":"wp","href":"https:\/\/api.w.org\/{rel}","templated":true}]}}