{"id":139073,"date":"2024-08-25T18:23:18","date_gmt":"2024-08-25T17:23:18","guid":{"rendered":"https:\/\/www.copealcoy.es\/?p=139073"},"modified":"2024-08-25T19:04:37","modified_gmt":"2024-08-25T18:04:37","slug":"beniarres-volvio-a-vibrar-con-sus-fiestas-patronales","status":"publish","type":"post","link":"https:\/\/www.copealcoy.es\/es\/beniarres-volvio-a-vibrar-con-sus-fiestas-patronales\/","title":{"rendered":"Beniarr\u00e9s volvi\u00f3 a vibrar con sus fiestas patronales"},"content":{"rendered":"<p style=\"text-align: justify;\"><a href=\"https:\/\/www.facebook.com\/profile.php?id=100080337656009\" target=\"_blank\" rel=\"noopener\"><span style=\"color: #0000ff;\"><strong>Beniarr\u00e9s<\/strong> <\/span><\/a>es uno de los municipios de la comarca del Comtat que durante este mes de agosto <strong>vibr\u00f3 con sus fiestas patronales<\/strong>, unas celebraciones que<strong> arrancaron oficialmente el 14 de agosto<\/strong> tras <strong>una intensa Semana Cultural<\/strong> repleta de propuestas para todos los p\u00fablicos. Entre ellas volvi\u00f3 a destacar el acto cl\u00e1sico y consolidado de <strong>&#8216;La Globot\u00e0&#8217;<\/strong> para la que se prepararon m\u00e1s de 12.000 globos y de la que volvieron a disfrutar tanto los m\u00e1s peque\u00f1os como alg\u00fan que otro adulto.<\/p>\n<p style=\"text-align: justify;\">Los festejos arrancaron con<strong> &#8216;La Vespra&#8217;<\/strong> y actos como el preg\u00f3n y la &#8216;Entraeta&#8217; que protagonizaron las Filaes Maseros, Moros del Benicadell y Guerrers del Cid. La Diana abri\u00f3 la jornada festiva del <strong>15 de agosto<\/strong> en un d\u00eda marcado por la misa solemne en honor a la Virgen de la Asunci\u00f3n a mediod\u00eda o la esperada Entrada de Moros y Cristianos que llen\u00f3 de numeroso p\u00fablico las calles de la localidad a partir de las 19:00h de la tarde. La procesi\u00f3n en honor a la Mare de D\u00e9u d&#8217;Agost puso fin a este primer d\u00eda completo de fiestas en el que tuvieron tambi\u00e9n todo el protagonismo los festeros pertenecientes a las calles Sant Francesc, del 9 al 49 i del 2 al 52, Barrio Ribera y Sant Josep del 4 al 7.<\/p>\n<p style=\"text-align: justify;\"><a href=\"https:\/\/www.copealcoy.es\/wp-content\/uploads\/2024\/08\/unnamed-3-3.jpg\"><img loading=\"lazy\" decoding=\"async\" class=\"alignnone size-full wp-image-139092\" src=\"https:\/\/www.copealcoy.es\/wp-content\/uploads\/2024\/08\/unnamed-3-3.jpg\" alt=\"\" width=\"1200\" height=\"900\" srcset=\"https:\/\/www.copealcoy.es\/wp-content\/uploads\/2024\/08\/unnamed-3-3.jpg 1200w, https:\/\/www.copealcoy.es\/wp-content\/uploads\/2024\/08\/unnamed-3-3-768x576.jpg 768w\" sizes=\"auto, (max-width: 1200px) 100vw, 1200px\" \/><\/a><\/p>\n<p style=\"text-align: justify;\">El viernes <strong>16 de agosto<\/strong> estuvo dedicado a los m\u00e1s j\u00f3venes, conocidos como &#8216;Els Fadrins&#8217;, y en esta ocasi\u00f3n acapararon todas las miradas Roderic Goz\u00e1lbez, Kevin S\u00e1nchez, Gerard Ch\u00e1fer, Carlos Rold\u00e1n, Guillem Prats y Kevin Josue Rojas al ser los festeros de este a\u00f1o. Todos ellos participaron en el pasacalle matinal, y la posterior misa en honor a San Roque de mediod\u00eda, mientras que por la noche fue el turno de la solemne procesi\u00f3n para encarar la recta final de una jornada que finaliz\u00f3 con una espectacular &#8216;cord\u00e0&#8217;.<\/p>\n<p style=\"text-align: justify;\">Las fiestas patronales siguieron el <strong>s\u00e1bado 17 de agosto<\/strong> con el D\u00eda del Sant\u00edsimo Cristo del Amparo siendo en esta ocasi\u00f3n los festeros vecinos de Beniarr\u00e9s pertenecientes a las calles\u00a0 Alameda i Maria Luisa Pastor. De nuevo hubo pasacalle matinal, misa a mediod\u00eda antes del disparo de una gran traca y por la noche la procesi\u00f3n que recorri\u00f3 parte de las calles de la localidad. Antes de ello, las Filaes protagonizaron la divertida &#8216;Retreta&#8217; en la que no falt\u00f3 una divertida batalla de agua.<\/p>\n<p style=\"text-align: justify;\">El \u00faltimo d\u00eda de los festejos, <strong>domingo 18 de agosto<\/strong>, sirvi\u00f3 para rendir homenaje a la patrona de Beniarr\u00e9s, la Virgen de la Cueva Santa, y en esta ocasi\u00f3n los actos comenzaron de buena ma\u00f1ana con una batucada seguida del disparo de una masclet\u00e0. A mediod\u00eda fue recibido en el pueblo el Arzobispo de Valencia, <strong>Monse\u00f1or Don Enrique Benavent<\/strong>, puesto que se iba a encargar de oficiar la misa mayor en honor a la Mare de D\u00e9u; tarea que efectu\u00f3 acompa\u00f1ado de varios sacerdotes de poblaciones de la comarca. Una traca puso fin a los actos matinales y ya por la tarde se llev\u00f3 a cabo la ofrenda floral antes de una multitudinaria procesi\u00f3n en la que m\u00e1s de mil personas acompa\u00f1aron a la Virgen &#8220;<em>es uno de los actos m\u00e1s esperados en un d\u00eda muy especial para Beniarr\u00e9s. Se cuentan las personas que participan en esta procesi\u00f3n y siempre el n\u00famero de fieles se incrementa<\/em>&#8220;, comentaba en COPE ALCOY antes de las fiestas el alcalde; <strong>Francisco Sell\u00e9s<\/strong>.<\/p>\n<p style=\"text-align: justify;\">Una nueva &#8216;cord\u00e0&#8217; de madrugada despidi\u00f3 estas celebraciones en las que tampoco falt\u00f3 <strong>una completa oferta de ocio nocturno<\/strong>. Desde &#8216;La Vespra&#8217;, y hasta el \u00faltimo d\u00eda, pasaron por Beniarr\u00e9s destacadas orquestas del panorama musical que generaron gran ambiente y de la que disfrutaron tanto vecinos del pueblo como de otras localidades del Comtat.<\/p>\n<p><em>Imagen: Alka Mira Muro<\/em><\/p>\n<div id='gallery-1' class='gallery galleryid-139073 gallery-columns-2 gallery-size-full'><figure class='gallery-item'>\n\t\t\t<div class='gallery-icon portrait'>\n\t\t\t\t<a href='https:\/\/www.copealcoy.es\/es\/beniarres-volvio-a-vibrar-con-sus-fiestas-patronales\/unnamed-2-112\/'><img loading=\"lazy\" decoding=\"async\" width=\"810\" height=\"1080\" src=\"https:\/\/www.copealcoy.es\/wp-content\/uploads\/2024\/08\/unnamed-2-4.jpg\" class=\"attachment-full size-full\" alt=\"\" srcset=\"https:\/\/www.copealcoy.es\/wp-content\/uploads\/2024\/08\/unnamed-2-4.jpg 810w, https:\/\/www.copealcoy.es\/wp-content\/uploads\/2024\/08\/unnamed-2-4-768x1024.jpg 768w, https:\/\/www.copealcoy.es\/wp-content\/uploads\/2024\/08\/unnamed-2-4-1152x1536.jpg 1152w\" sizes=\"auto, (max-width: 810px) 100vw, 810px\" \/><\/a>\n\t\t\t<\/div><\/figure><figure class='gallery-item'>\n\t\t\t<div class='gallery-icon portrait'>\n\t\t\t\t<a href='https:\/\/www.copealcoy.es\/es\/beniarres-volvio-a-vibrar-con-sus-fiestas-patronales\/unnamed-1-483\/'><img loading=\"lazy\" decoding=\"async\" width=\"810\" height=\"1080\" src=\"https:\/\/www.copealcoy.es\/wp-content\/uploads\/2024\/08\/unnamed-1-19-scaled.jpg\" class=\"attachment-full size-full\" alt=\"\" srcset=\"https:\/\/www.copealcoy.es\/wp-content\/uploads\/2024\/08\/unnamed-1-19-scaled.jpg 810w, https:\/\/www.copealcoy.es\/wp-content\/uploads\/2024\/08\/unnamed-1-19-768x1024.jpg 768w, https:\/\/www.copealcoy.es\/wp-content\/uploads\/2024\/08\/unnamed-1-19-1152x1536.jpg 1152w\" sizes=\"auto, (max-width: 810px) 100vw, 810px\" \/><\/a>\n\t\t\t<\/div><\/figure><figure class='gallery-item'>\n\t\t\t<div class='gallery-icon portrait'>\n\t\t\t\t<a href='https:\/\/www.copealcoy.es\/es\/beniarres-volvio-a-vibrar-con-sus-fiestas-patronales\/456201678_873021841369421_1286643616689030109_n\/'><img loading=\"lazy\" decoding=\"async\" width=\"810\" height=\"1080\" src=\"https:\/\/www.copealcoy.es\/wp-content\/uploads\/2024\/08\/456201678_873021841369421_1286643616689030109_n-scaled.jpg\" class=\"attachment-full size-full\" alt=\"\" srcset=\"https:\/\/www.copealcoy.es\/wp-content\/uploads\/2024\/08\/456201678_873021841369421_1286643616689030109_n-scaled.jpg 810w, https:\/\/www.copealcoy.es\/wp-content\/uploads\/2024\/08\/456201678_873021841369421_1286643616689030109_n-768x1024.jpg 768w, https:\/\/www.copealcoy.es\/wp-content\/uploads\/2024\/08\/456201678_873021841369421_1286643616689030109_n-1152x1536.jpg 1152w\" sizes=\"auto, (max-width: 810px) 100vw, 810px\" \/><\/a>\n\t\t\t<\/div><\/figure><figure class='gallery-item'>\n\t\t\t<div class='gallery-icon portrait'>\n\t\t\t\t<a href='https:\/\/www.copealcoy.es\/es\/beniarres-volvio-a-vibrar-con-sus-fiestas-patronales\/455692248_870534431618162_4325688013942951854_n\/'><img loading=\"lazy\" decoding=\"async\" width=\"810\" height=\"1080\" src=\"https:\/\/www.copealcoy.es\/wp-content\/uploads\/2024\/08\/455692248_870534431618162_4325688013942951854_n-scaled.jpg\" class=\"attachment-full size-full\" alt=\"\" srcset=\"https:\/\/www.copealcoy.es\/wp-content\/uploads\/2024\/08\/455692248_870534431618162_4325688013942951854_n-scaled.jpg 810w, https:\/\/www.copealcoy.es\/wp-content\/uploads\/2024\/08\/455692248_870534431618162_4325688013942951854_n-768x1024.jpg 768w, https:\/\/www.copealcoy.es\/wp-content\/uploads\/2024\/08\/455692248_870534431618162_4325688013942951854_n-1152x1536.jpg 1152w\" sizes=\"auto, (max-width: 810px) 100vw, 810px\" \/><\/a>\n\t\t\t<\/div><\/figure>\n\t\t<\/div>\n\n","protected":false},"excerpt":{"rendered":"<p>Beniarr\u00e9s es uno de los municipios de la comarca del Comtat que durante este mes de agosto vibr\u00f3 con sus&#8230;<\/p>\n","protected":false},"author":1,"featured_media":139077,"comment_status":"open","ping_status":"open","sticky":false,"template":"","format":"standard","meta":{"footnotes":""},"categories":[6909,98,75],"tags":[851,13066,2954,4446],"class_list":["post-139073","post","type-post","status-publish","format-standard","has-post-thumbnail","hentry","category-actualidad","category-comarcas","category-noticias","tag-beniarres","tag-el-comtat","tag-fiestas-patronales","tag-francisco-selles"],"yoast_head":"<!-- This site is optimized with the Yoast SEO plugin v27.3 - https:\/\/yoast.com\/product\/yoast-seo-wordpress\/ -->\n<title>Beniarr\u00e9s volvi\u00f3 a vibrar con sus fiestas patronales - COPE Alcoy<\/title>\n<meta name=\"description\" content=\"Beniarr\u00e9s es uno de los municipios de la comarca del Comtat que durante este mes de agosto vibr\u00f3 con sus fiestas patronales\" \/>\n<meta name=\"robots\" content=\"index, follow, max-snippet:-1, max-image-preview:large, max-video-preview:-1\" \/>\n<link rel=\"canonical\" href=\"https:\/\/www.copealcoy.es\/es\/beniarres-volvio-a-vibrar-con-sus-fiestas-patronales\/\" \/>\n<meta property=\"og:locale\" content=\"es_ES\" \/>\n<meta property=\"og:type\" content=\"article\" \/>\n<meta property=\"og:title\" content=\"Beniarr\u00e9s volvi\u00f3 a vibrar con sus fiestas patronales - COPE Alcoy\" \/>\n<meta property=\"og:description\" content=\"Beniarr\u00e9s es uno de los municipios de la comarca del Comtat que durante este mes de agosto vibr\u00f3 con sus fiestas patronales\" \/>\n<meta property=\"og:url\" content=\"https:\/\/www.copealcoy.es\/es\/beniarres-volvio-a-vibrar-con-sus-fiestas-patronales\/\" \/>\n<meta property=\"og:site_name\" content=\"COPE Alcoy\" \/>\n<meta property=\"article:published_time\" content=\"2024-08-25T17:23:18+00:00\" \/>\n<meta property=\"article:modified_time\" content=\"2024-08-25T18:04:37+00:00\" \/>\n<meta property=\"og:image\" content=\"https:\/\/www.copealcoy.es\/wp-content\/uploads\/2024\/08\/456405505_10225848604987093_5667182542156153728_n.jpg\" \/>\n\t<meta property=\"og:image:width\" content=\"1237\" \/>\n\t<meta property=\"og:image:height\" content=\"600\" \/>\n\t<meta property=\"og:image:type\" content=\"image\/jpeg\" \/>\n<meta name=\"author\" content=\"Cope Alcoy\" \/>\n<meta name=\"twitter:label1\" content=\"Escrito por\" \/>\n\t<meta name=\"twitter:data1\" content=\"Cope Alcoy\" \/>\n\t<meta name=\"twitter:label2\" content=\"Tiempo de lectura\" \/>\n\t<meta name=\"twitter:data2\" content=\"4 minutos\" \/>\n<script type=\"application\/ld+json\" class=\"yoast-schema-graph\">{\"@context\":\"https:\\\/\\\/schema.org\",\"@graph\":[{\"@type\":\"Article\",\"@id\":\"https:\\\/\\\/www.copealcoy.es\\\/es\\\/beniarres-volvio-a-vibrar-con-sus-fiestas-patronales\\\/#article\",\"isPartOf\":{\"@id\":\"https:\\\/\\\/www.copealcoy.es\\\/es\\\/beniarres-volvio-a-vibrar-con-sus-fiestas-patronales\\\/\"},\"author\":{\"name\":\"Cope Alcoy\",\"@id\":\"https:\\\/\\\/www.copealcoy.es\\\/es\\\/#\\\/schema\\\/person\\\/e777c87fa024e57d40170af9df39882c\"},\"headline\":\"Beniarr\u00e9s volvi\u00f3 a vibrar con sus fiestas patronales\",\"datePublished\":\"2024-08-25T17:23:18+00:00\",\"dateModified\":\"2024-08-25T18:04:37+00:00\",\"mainEntityOfPage\":{\"@id\":\"https:\\\/\\\/www.copealcoy.es\\\/es\\\/beniarres-volvio-a-vibrar-con-sus-fiestas-patronales\\\/\"},\"wordCount\":667,\"commentCount\":0,\"image\":{\"@id\":\"https:\\\/\\\/www.copealcoy.es\\\/es\\\/beniarres-volvio-a-vibrar-con-sus-fiestas-patronales\\\/#primaryimage\"},\"thumbnailUrl\":\"https:\\\/\\\/www.copealcoy.es\\\/wp-content\\\/uploads\\\/2024\\\/08\\\/456405505_10225848604987093_5667182542156153728_n.jpg\",\"keywords\":[\"Beniarres\",\"El Comtat\",\"fiestas patronales\",\"Francisco Sell\u00e9s\"],\"articleSection\":[\"Actualidad\",\"Comarcas\",\"Noticias\"],\"inLanguage\":\"es\"},{\"@type\":\"WebPage\",\"@id\":\"https:\\\/\\\/www.copealcoy.es\\\/es\\\/beniarres-volvio-a-vibrar-con-sus-fiestas-patronales\\\/\",\"url\":\"https:\\\/\\\/www.copealcoy.es\\\/es\\\/beniarres-volvio-a-vibrar-con-sus-fiestas-patronales\\\/\",\"name\":\"Beniarr\u00e9s volvi\u00f3 a vibrar con sus fiestas patronales - COPE Alcoy\",\"isPartOf\":{\"@id\":\"https:\\\/\\\/www.copealcoy.es\\\/es\\\/#website\"},\"primaryImageOfPage\":{\"@id\":\"https:\\\/\\\/www.copealcoy.es\\\/es\\\/beniarres-volvio-a-vibrar-con-sus-fiestas-patronales\\\/#primaryimage\"},\"image\":{\"@id\":\"https:\\\/\\\/www.copealcoy.es\\\/es\\\/beniarres-volvio-a-vibrar-con-sus-fiestas-patronales\\\/#primaryimage\"},\"thumbnailUrl\":\"https:\\\/\\\/www.copealcoy.es\\\/wp-content\\\/uploads\\\/2024\\\/08\\\/456405505_10225848604987093_5667182542156153728_n.jpg\",\"datePublished\":\"2024-08-25T17:23:18+00:00\",\"dateModified\":\"2024-08-25T18:04:37+00:00\",\"author\":{\"@id\":\"https:\\\/\\\/www.copealcoy.es\\\/es\\\/#\\\/schema\\\/person\\\/e777c87fa024e57d40170af9df39882c\"},\"description\":\"Beniarr\u00e9s es uno de los municipios de la comarca del Comtat que durante este mes de agosto vibr\u00f3 con sus fiestas patronales\",\"breadcrumb\":{\"@id\":\"https:\\\/\\\/www.copealcoy.es\\\/es\\\/beniarres-volvio-a-vibrar-con-sus-fiestas-patronales\\\/#breadcrumb\"},\"inLanguage\":\"es\",\"potentialAction\":[{\"@type\":\"ReadAction\",\"target\":[\"https:\\\/\\\/www.copealcoy.es\\\/es\\\/beniarres-volvio-a-vibrar-con-sus-fiestas-patronales\\\/\"]}]},{\"@type\":\"ImageObject\",\"inLanguage\":\"es\",\"@id\":\"https:\\\/\\\/www.copealcoy.es\\\/es\\\/beniarres-volvio-a-vibrar-con-sus-fiestas-patronales\\\/#primaryimage\",\"url\":\"https:\\\/\\\/www.copealcoy.es\\\/wp-content\\\/uploads\\\/2024\\\/08\\\/456405505_10225848604987093_5667182542156153728_n.jpg\",\"contentUrl\":\"https:\\\/\\\/www.copealcoy.es\\\/wp-content\\\/uploads\\\/2024\\\/08\\\/456405505_10225848604987093_5667182542156153728_n.jpg\",\"width\":1237,\"height\":600},{\"@type\":\"BreadcrumbList\",\"@id\":\"https:\\\/\\\/www.copealcoy.es\\\/es\\\/beniarres-volvio-a-vibrar-con-sus-fiestas-patronales\\\/#breadcrumb\",\"itemListElement\":[{\"@type\":\"ListItem\",\"position\":1,\"name\":\"Portada\",\"item\":\"https:\\\/\\\/www.copealcoy.es\\\/es\\\/\"},{\"@type\":\"ListItem\",\"position\":2,\"name\":\"Beniarr\u00e9s volvi\u00f3 a vibrar con sus fiestas patronales\"}]},{\"@type\":\"WebSite\",\"@id\":\"https:\\\/\\\/www.copealcoy.es\\\/es\\\/#website\",\"url\":\"https:\\\/\\\/www.copealcoy.es\\\/es\\\/\",\"name\":\"COPE Alcoy\",\"description\":\"Emisora COPE de radio local con emisi\u00f3n online. Pont de Sant Jordi 8-10 03803 Alcoy\",\"potentialAction\":[{\"@type\":\"SearchAction\",\"target\":{\"@type\":\"EntryPoint\",\"urlTemplate\":\"https:\\\/\\\/www.copealcoy.es\\\/es\\\/?s={search_term_string}\"},\"query-input\":{\"@type\":\"PropertyValueSpecification\",\"valueRequired\":true,\"valueName\":\"search_term_string\"}}],\"inLanguage\":\"es\"},{\"@type\":\"Person\",\"@id\":\"https:\\\/\\\/www.copealcoy.es\\\/es\\\/#\\\/schema\\\/person\\\/e777c87fa024e57d40170af9df39882c\",\"name\":\"Cope Alcoy\",\"image\":{\"@type\":\"ImageObject\",\"inLanguage\":\"es\",\"@id\":\"https:\\\/\\\/secure.gravatar.com\\\/avatar\\\/bb65d0283347e303893ba14f0692005417c1e0e690a325a4c5d8bb2b3943ee14?s=96&d=mm&r=g\",\"url\":\"https:\\\/\\\/secure.gravatar.com\\\/avatar\\\/bb65d0283347e303893ba14f0692005417c1e0e690a325a4c5d8bb2b3943ee14?s=96&d=mm&r=g\",\"contentUrl\":\"https:\\\/\\\/secure.gravatar.com\\\/avatar\\\/bb65d0283347e303893ba14f0692005417c1e0e690a325a4c5d8bb2b3943ee14?s=96&d=mm&r=g\",\"caption\":\"Cope Alcoy\"}}]}<\/script>\n<!-- \/ Yoast SEO plugin. -->","yoast_head_json":{"title":"Beniarr\u00e9s volvi\u00f3 a vibrar con sus fiestas patronales - COPE Alcoy","description":"Beniarr\u00e9s es uno de los municipios de la comarca del Comtat que durante este mes de agosto vibr\u00f3 con sus fiestas patronales","robots":{"index":"index","follow":"follow","max-snippet":"max-snippet:-1","max-image-preview":"max-image-preview:large","max-video-preview":"max-video-preview:-1"},"canonical":"https:\/\/www.copealcoy.es\/es\/beniarres-volvio-a-vibrar-con-sus-fiestas-patronales\/","og_locale":"es_ES","og_type":"article","og_title":"Beniarr\u00e9s volvi\u00f3 a vibrar con sus fiestas patronales - COPE Alcoy","og_description":"Beniarr\u00e9s es uno de los municipios de la comarca del Comtat que durante este mes de agosto vibr\u00f3 con sus fiestas patronales","og_url":"https:\/\/www.copealcoy.es\/es\/beniarres-volvio-a-vibrar-con-sus-fiestas-patronales\/","og_site_name":"COPE Alcoy","article_published_time":"2024-08-25T17:23:18+00:00","article_modified_time":"2024-08-25T18:04:37+00:00","og_image":[{"width":1237,"height":600,"url":"https:\/\/www.copealcoy.es\/wp-content\/uploads\/2024\/08\/456405505_10225848604987093_5667182542156153728_n.jpg","type":"image\/jpeg"}],"author":"Cope Alcoy","twitter_misc":{"Escrito por":"Cope Alcoy","Tiempo de lectura":"4 minutos"},"schema":{"@context":"https:\/\/schema.org","@graph":[{"@type":"Article","@id":"https:\/\/www.copealcoy.es\/es\/beniarres-volvio-a-vibrar-con-sus-fiestas-patronales\/#article","isPartOf":{"@id":"https:\/\/www.copealcoy.es\/es\/beniarres-volvio-a-vibrar-con-sus-fiestas-patronales\/"},"author":{"name":"Cope Alcoy","@id":"https:\/\/www.copealcoy.es\/es\/#\/schema\/person\/e777c87fa024e57d40170af9df39882c"},"headline":"Beniarr\u00e9s volvi\u00f3 a vibrar con sus fiestas patronales","datePublished":"2024-08-25T17:23:18+00:00","dateModified":"2024-08-25T18:04:37+00:00","mainEntityOfPage":{"@id":"https:\/\/www.copealcoy.es\/es\/beniarres-volvio-a-vibrar-con-sus-fiestas-patronales\/"},"wordCount":667,"commentCount":0,"image":{"@id":"https:\/\/www.copealcoy.es\/es\/beniarres-volvio-a-vibrar-con-sus-fiestas-patronales\/#primaryimage"},"thumbnailUrl":"https:\/\/www.copealcoy.es\/wp-content\/uploads\/2024\/08\/456405505_10225848604987093_5667182542156153728_n.jpg","keywords":["Beniarres","El Comtat","fiestas patronales","Francisco Sell\u00e9s"],"articleSection":["Actualidad","Comarcas","Noticias"],"inLanguage":"es"},{"@type":"WebPage","@id":"https:\/\/www.copealcoy.es\/es\/beniarres-volvio-a-vibrar-con-sus-fiestas-patronales\/","url":"https:\/\/www.copealcoy.es\/es\/beniarres-volvio-a-vibrar-con-sus-fiestas-patronales\/","name":"Beniarr\u00e9s volvi\u00f3 a vibrar con sus fiestas patronales - COPE Alcoy","isPartOf":{"@id":"https:\/\/www.copealcoy.es\/es\/#website"},"primaryImageOfPage":{"@id":"https:\/\/www.copealcoy.es\/es\/beniarres-volvio-a-vibrar-con-sus-fiestas-patronales\/#primaryimage"},"image":{"@id":"https:\/\/www.copealcoy.es\/es\/beniarres-volvio-a-vibrar-con-sus-fiestas-patronales\/#primaryimage"},"thumbnailUrl":"https:\/\/www.copealcoy.es\/wp-content\/uploads\/2024\/08\/456405505_10225848604987093_5667182542156153728_n.jpg","datePublished":"2024-08-25T17:23:18+00:00","dateModified":"2024-08-25T18:04:37+00:00","author":{"@id":"https:\/\/www.copealcoy.es\/es\/#\/schema\/person\/e777c87fa024e57d40170af9df39882c"},"description":"Beniarr\u00e9s es uno de los municipios de la comarca del Comtat que durante este mes de agosto vibr\u00f3 con sus fiestas patronales","breadcrumb":{"@id":"https:\/\/www.copealcoy.es\/es\/beniarres-volvio-a-vibrar-con-sus-fiestas-patronales\/#breadcrumb"},"inLanguage":"es","potentialAction":[{"@type":"ReadAction","target":["https:\/\/www.copealcoy.es\/es\/beniarres-volvio-a-vibrar-con-sus-fiestas-patronales\/"]}]},{"@type":"ImageObject","inLanguage":"es","@id":"https:\/\/www.copealcoy.es\/es\/beniarres-volvio-a-vibrar-con-sus-fiestas-patronales\/#primaryimage","url":"https:\/\/www.copealcoy.es\/wp-content\/uploads\/2024\/08\/456405505_10225848604987093_5667182542156153728_n.jpg","contentUrl":"https:\/\/www.copealcoy.es\/wp-content\/uploads\/2024\/08\/456405505_10225848604987093_5667182542156153728_n.jpg","width":1237,"height":600},{"@type":"BreadcrumbList","@id":"https:\/\/www.copealcoy.es\/es\/beniarres-volvio-a-vibrar-con-sus-fiestas-patronales\/#breadcrumb","itemListElement":[{"@type":"ListItem","position":1,"name":"Portada","item":"https:\/\/www.copealcoy.es\/es\/"},{"@type":"ListItem","position":2,"name":"Beniarr\u00e9s volvi\u00f3 a vibrar con sus fiestas patronales"}]},{"@type":"WebSite","@id":"https:\/\/www.copealcoy.es\/es\/#website","url":"https:\/\/www.copealcoy.es\/es\/","name":"COPE Alcoy","description":"Emisora COPE de radio local con emisi\u00f3n online. Pont de Sant Jordi 8-10 03803 Alcoy","potentialAction":[{"@type":"SearchAction","target":{"@type":"EntryPoint","urlTemplate":"https:\/\/www.copealcoy.es\/es\/?s={search_term_string}"},"query-input":{"@type":"PropertyValueSpecification","valueRequired":true,"valueName":"search_term_string"}}],"inLanguage":"es"},{"@type":"Person","@id":"https:\/\/www.copealcoy.es\/es\/#\/schema\/person\/e777c87fa024e57d40170af9df39882c","name":"Cope Alcoy","image":{"@type":"ImageObject","inLanguage":"es","@id":"https:\/\/secure.gravatar.com\/avatar\/bb65d0283347e303893ba14f0692005417c1e0e690a325a4c5d8bb2b3943ee14?s=96&d=mm&r=g","url":"https:\/\/secure.gravatar.com\/avatar\/bb65d0283347e303893ba14f0692005417c1e0e690a325a4c5d8bb2b3943ee14?s=96&d=mm&r=g","contentUrl":"https:\/\/secure.gravatar.com\/avatar\/bb65d0283347e303893ba14f0692005417c1e0e690a325a4c5d8bb2b3943ee14?s=96&d=mm&r=g","caption":"Cope Alcoy"}}]}},"_links":{"self":[{"href":"https:\/\/www.copealcoy.es\/es\/wp-json\/wp\/v2\/posts\/139073","targetHints":{"allow":["GET"]}}],"collection":[{"href":"https:\/\/www.copealcoy.es\/es\/wp-json\/wp\/v2\/posts"}],"about":[{"href":"https:\/\/www.copealcoy.es\/es\/wp-json\/wp\/v2\/types\/post"}],"author":[{"embeddable":true,"href":"https:\/\/www.copealcoy.es\/es\/wp-json\/wp\/v2\/users\/1"}],"replies":[{"embeddable":true,"href":"https:\/\/www.copealcoy.es\/es\/wp-json\/wp\/v2\/comments?post=139073"}],"version-history":[{"count":0,"href":"https:\/\/www.copealcoy.es\/es\/wp-json\/wp\/v2\/posts\/139073\/revisions"}],"wp:featuredmedia":[{"embeddable":true,"href":"https:\/\/www.copealcoy.es\/es\/wp-json\/wp\/v2\/media\/139077"}],"wp:attachment":[{"href":"https:\/\/www.copealcoy.es\/es\/wp-json\/wp\/v2\/media?parent=139073"}],"wp:term":[{"taxonomy":"category","embeddable":true,"href":"https:\/\/www.copealcoy.es\/es\/wp-json\/wp\/v2\/categories?post=139073"},{"taxonomy":"post_tag","embeddable":true,"href":"https:\/\/www.copealcoy.es\/es\/wp-json\/wp\/v2\/tags?post=139073"}],"curies":[{"name":"wp","href":"https:\/\/api.w.org\/{rel}","templated":true}]}}