{"id":139050,"date":"2024-08-24T18:04:22","date_gmt":"2024-08-24T17:04:22","guid":{"rendered":"https:\/\/www.copealcoy.es\/?p=139050"},"modified":"2024-08-24T18:07:23","modified_gmt":"2024-08-24T17:07:23","slug":"multitudinario-homenaje-a-la-patrona-de-alcoy-en-el-dia-de-su-fiesta","status":"publish","type":"post","link":"https:\/\/www.copealcoy.es\/es\/multitudinario-homenaje-a-la-patrona-de-alcoy-en-el-dia-de-su-fiesta\/","title":{"rendered":"Multitudinario homenaje a la patrona de Alcoy en el d\u00eda de su fiesta"},"content":{"rendered":"<p style=\"text-align: justify;\">Como en cada<strong> 21 de agosto<\/strong> Alcoy rindi\u00f3 homenaje a su patrona justo en el d\u00eda en el que, seg\u00fan recoge la historia local y qued\u00f3 plasmado en acta,<strong> se produjo el hallazgo milagroso de los lirios en El Carrascal<\/strong> en cuyos bulbos estaba impresa la imagen de la Virgen de Mar\u00eda. De aquellos hechos <strong>han pasado ya 371 a\u00f1os<\/strong> y para recordarlo se organizaron el pasado mi\u00e9rcoles <strong>diferentes actos religiosos<\/strong> en la ciudad que destacaron por una notable participaci\u00f3n.<\/p>\n<p style=\"text-align: justify;\">Cabe recordar que esta fiesta tiene lugar siempre en la Font Roja pero el riesgo alto de incendios forestales de la \u00e9poca estival impidi\u00f3 que se desarrollar\u00e1n all\u00ed las actividades habituales. Ante esta situaci\u00f3n, <strong>se opt\u00f3 por la parroquia de San Mauro y San Francisco para llevar a cabo una misa solemne<\/strong> a partir de las siete de la tarde, oficiada por el obispo murero <strong>Don Salvador Gim\u00e9nez Valls<\/strong>,\u00a0 que estuvo precedida del<strong> rezo de la sabatina<\/strong> y que incluy\u00f3 tambi\u00e9n <strong>la presentaci\u00f3n de los reci\u00e9n nacidos a la Mare de D\u00e9u<\/strong>.<\/p>\n<p style=\"text-align: justify;\">Posteriormente, <strong>sali\u00f3 la imagen de la Virgen de los Lirios a las calles del Centro de la ciudad<\/strong> para recorrer en una breve procesi\u00f3n puntos como la pla\u00e7a de Ram\u00f3n y Cajal o el parque municipal de La Glorieta. Numerosos devotos acompa\u00f1aron a la patrona alcoyana en el d\u00eda de su fiesta y en una jornada que <strong>abre tambi\u00e9n un mes repleto de actividades<\/strong> que se suceder\u00e1n a lo largo del pr\u00f3ximo mes de septiembre &#8220;<em>ha habido una buena respuesta y esperemos que el d\u00eda de la Romer\u00eda, que ser\u00e1 el domingo 22 del mes que viene, podamos subir hasta el santuario con total normalidad<\/em>&#8220;, destacaba<strong> la presidenta<\/strong> de <a href=\"https:\/\/www.facebook.com\/arxiconfrariavergedelslliris\" target=\"_blank\" rel=\"noopener\"><strong><span style=\"color: #0000ff;\">la Archicofrad\u00eda de la Virgen de los Lirios<\/span><\/strong><\/a>; <strong>Reme Perell\u00f3<\/strong>.<\/p>\n<p style=\"text-align: justify;\">El punto y final a estas celebraciones lo puso <strong>una cena de sobaquillo<\/strong> en La Glorieta una vez la Mare de D\u00e9u hab\u00eda regresado a la parroquia. Parte de la Corporaci\u00f3n Municipal y representantes de asociaciones religiosas de la ciudad tomaron parte tambi\u00e9n en esta singular tradici\u00f3n de cada 21 de agosto.<\/p>\n<div id='gallery-1' class='gallery galleryid-139050 gallery-columns-2 gallery-size-medium'><figure class='gallery-item'>\n\t\t\t<div class='gallery-icon landscape'>\n\t\t\t\t<a href='https:\/\/www.copealcoy.es\/es\/multitudinario-homenaje-a-la-patrona-de-alcoy-en-el-dia-de-su-fiesta\/456430916_528665573166365_389365697656352689_n\/'><img loading=\"lazy\" decoding=\"async\" width=\"413\" height=\"455\" src=\"https:\/\/www.copealcoy.es\/wp-content\/uploads\/2024\/08\/456430916_528665573166365_389365697656352689_n-413x455.jpg\" class=\"attachment-medium size-medium\" alt=\"\" \/><\/a>\n\t\t\t<\/div><\/figure><figure class='gallery-item'>\n\t\t\t<div class='gallery-icon landscape'>\n\t\t\t\t<a href='https:\/\/www.copealcoy.es\/es\/multitudinario-homenaje-a-la-patrona-de-alcoy-en-el-dia-de-su-fiesta\/456142379_528665703166352_4100563177506503278_n\/'><img loading=\"lazy\" decoding=\"async\" width=\"413\" height=\"455\" src=\"https:\/\/www.copealcoy.es\/wp-content\/uploads\/2024\/08\/456142379_528665703166352_4100563177506503278_n-413x455.jpg\" class=\"attachment-medium size-medium\" alt=\"\" \/><\/a>\n\t\t\t<\/div><\/figure><figure class='gallery-item'>\n\t\t\t<div class='gallery-icon landscape'>\n\t\t\t\t<a href='https:\/\/www.copealcoy.es\/es\/multitudinario-homenaje-a-la-patrona-de-alcoy-en-el-dia-de-su-fiesta\/456543361_528665739833015_3743445428138475839_n\/'><img loading=\"lazy\" decoding=\"async\" width=\"413\" height=\"455\" src=\"https:\/\/www.copealcoy.es\/wp-content\/uploads\/2024\/08\/456543361_528665739833015_3743445428138475839_n-413x455.jpg\" class=\"attachment-medium size-medium\" alt=\"\" \/><\/a>\n\t\t\t<\/div><\/figure><figure class='gallery-item'>\n\t\t\t<div class='gallery-icon landscape'>\n\t\t\t\t<a href='https:\/\/www.copealcoy.es\/es\/multitudinario-homenaje-a-la-patrona-de-alcoy-en-el-dia-de-su-fiesta\/456615290_528665609833028_2256839115599979642_n\/'><img loading=\"lazy\" decoding=\"async\" width=\"413\" height=\"455\" src=\"https:\/\/www.copealcoy.es\/wp-content\/uploads\/2024\/08\/456615290_528665609833028_2256839115599979642_n-413x455.jpg\" class=\"attachment-medium size-medium\" alt=\"\" \/><\/a>\n\t\t\t<\/div><\/figure>\n\t\t<\/div>\n\n","protected":false},"excerpt":{"rendered":"<p>Como en cada 21 de agosto Alcoy rindi\u00f3 homenaje a su patrona justo en el d\u00eda en el que, seg\u00fan&#8230;<\/p>\n","protected":false},"author":1,"featured_media":139051,"comment_status":"open","ping_status":"open","sticky":false,"template":"","format":"standard","meta":{"footnotes":""},"categories":[6909,97,78,75,125],"tags":[2589,1494,6997,1432,1347],"class_list":["post-139050","post","type-post","status-publish","format-standard","has-post-thumbnail","hentry","category-actualidad","category-alcoy","category-fiestaycultura","category-noticias","category-portada","tag-21-de-agosto","tag-alcoy","tag-festividad","tag-patrona","tag-virgen-de-los-lirios"],"yoast_head":"<!-- This site is optimized with the Yoast SEO plugin v27.3 - https:\/\/yoast.com\/product\/yoast-seo-wordpress\/ -->\n<title>Multitudinario homenaje a la patrona de Alcoy en el d\u00eda de su fiesta - COPE Alcoy<\/title>\n<meta name=\"description\" content=\"Como en cada 21 de agosto Alcoy rindi\u00f3 homenaje a su patrona y esta vez los actos religiosos se llevaron a cabo en la ciudad en vez de en la Font Roja\" \/>\n<meta name=\"robots\" content=\"index, follow, max-snippet:-1, max-image-preview:large, max-video-preview:-1\" \/>\n<link rel=\"canonical\" href=\"https:\/\/www.copealcoy.es\/es\/multitudinario-homenaje-a-la-patrona-de-alcoy-en-el-dia-de-su-fiesta\/\" \/>\n<meta property=\"og:locale\" content=\"es_ES\" \/>\n<meta property=\"og:type\" content=\"article\" \/>\n<meta property=\"og:title\" content=\"Multitudinario homenaje a la patrona de Alcoy en el d\u00eda de su fiesta - COPE Alcoy\" \/>\n<meta property=\"og:description\" content=\"Como en cada 21 de agosto Alcoy rindi\u00f3 homenaje a su patrona y esta vez los actos religiosos se llevaron a cabo en la ciudad en vez de en la Font Roja\" \/>\n<meta property=\"og:url\" content=\"https:\/\/www.copealcoy.es\/es\/multitudinario-homenaje-a-la-patrona-de-alcoy-en-el-dia-de-su-fiesta\/\" \/>\n<meta property=\"og:site_name\" content=\"COPE Alcoy\" \/>\n<meta property=\"article:published_time\" content=\"2024-08-24T17:04:22+00:00\" \/>\n<meta property=\"article:modified_time\" content=\"2024-08-24T17:07:23+00:00\" \/>\n<meta property=\"og:image\" content=\"https:\/\/www.copealcoy.es\/wp-content\/uploads\/2024\/08\/456172040_893723509454842_6056645380465558718_n.jpg\" \/>\n\t<meta property=\"og:image:width\" content=\"1280\" \/>\n\t<meta property=\"og:image:height\" content=\"720\" \/>\n\t<meta property=\"og:image:type\" content=\"image\/jpeg\" \/>\n<meta name=\"author\" content=\"Cope Alcoy\" \/>\n<meta name=\"twitter:label1\" content=\"Escrito por\" \/>\n\t<meta name=\"twitter:data1\" content=\"Cope Alcoy\" \/>\n\t<meta name=\"twitter:label2\" content=\"Tiempo de lectura\" \/>\n\t<meta name=\"twitter:data2\" content=\"3 minutos\" \/>\n<script type=\"application\/ld+json\" class=\"yoast-schema-graph\">{\"@context\":\"https:\\\/\\\/schema.org\",\"@graph\":[{\"@type\":\"Article\",\"@id\":\"https:\\\/\\\/www.copealcoy.es\\\/es\\\/multitudinario-homenaje-a-la-patrona-de-alcoy-en-el-dia-de-su-fiesta\\\/#article\",\"isPartOf\":{\"@id\":\"https:\\\/\\\/www.copealcoy.es\\\/es\\\/multitudinario-homenaje-a-la-patrona-de-alcoy-en-el-dia-de-su-fiesta\\\/\"},\"author\":{\"name\":\"Cope Alcoy\",\"@id\":\"https:\\\/\\\/www.copealcoy.es\\\/es\\\/#\\\/schema\\\/person\\\/e777c87fa024e57d40170af9df39882c\"},\"headline\":\"Multitudinario homenaje a la patrona de Alcoy en el d\u00eda de su fiesta\",\"datePublished\":\"2024-08-24T17:04:22+00:00\",\"dateModified\":\"2024-08-24T17:07:23+00:00\",\"mainEntityOfPage\":{\"@id\":\"https:\\\/\\\/www.copealcoy.es\\\/es\\\/multitudinario-homenaje-a-la-patrona-de-alcoy-en-el-dia-de-su-fiesta\\\/\"},\"wordCount\":387,\"commentCount\":0,\"image\":{\"@id\":\"https:\\\/\\\/www.copealcoy.es\\\/es\\\/multitudinario-homenaje-a-la-patrona-de-alcoy-en-el-dia-de-su-fiesta\\\/#primaryimage\"},\"thumbnailUrl\":\"https:\\\/\\\/www.copealcoy.es\\\/wp-content\\\/uploads\\\/2024\\\/08\\\/456172040_893723509454842_6056645380465558718_n.jpg\",\"keywords\":[\"21 de agosto\",\"Alcoy\",\"festividad\",\"patrona\",\"Virgen de los Lirios\"],\"articleSection\":[\"Actualidad\",\"Alcoy\",\"Fiesta y Cultura\",\"Noticias\",\"Portada\"],\"inLanguage\":\"es\"},{\"@type\":\"WebPage\",\"@id\":\"https:\\\/\\\/www.copealcoy.es\\\/es\\\/multitudinario-homenaje-a-la-patrona-de-alcoy-en-el-dia-de-su-fiesta\\\/\",\"url\":\"https:\\\/\\\/www.copealcoy.es\\\/es\\\/multitudinario-homenaje-a-la-patrona-de-alcoy-en-el-dia-de-su-fiesta\\\/\",\"name\":\"Multitudinario homenaje a la patrona de Alcoy en el d\u00eda de su fiesta - COPE Alcoy\",\"isPartOf\":{\"@id\":\"https:\\\/\\\/www.copealcoy.es\\\/es\\\/#website\"},\"primaryImageOfPage\":{\"@id\":\"https:\\\/\\\/www.copealcoy.es\\\/es\\\/multitudinario-homenaje-a-la-patrona-de-alcoy-en-el-dia-de-su-fiesta\\\/#primaryimage\"},\"image\":{\"@id\":\"https:\\\/\\\/www.copealcoy.es\\\/es\\\/multitudinario-homenaje-a-la-patrona-de-alcoy-en-el-dia-de-su-fiesta\\\/#primaryimage\"},\"thumbnailUrl\":\"https:\\\/\\\/www.copealcoy.es\\\/wp-content\\\/uploads\\\/2024\\\/08\\\/456172040_893723509454842_6056645380465558718_n.jpg\",\"datePublished\":\"2024-08-24T17:04:22+00:00\",\"dateModified\":\"2024-08-24T17:07:23+00:00\",\"author\":{\"@id\":\"https:\\\/\\\/www.copealcoy.es\\\/es\\\/#\\\/schema\\\/person\\\/e777c87fa024e57d40170af9df39882c\"},\"description\":\"Como en cada 21 de agosto Alcoy rindi\u00f3 homenaje a su patrona y esta vez los actos religiosos se llevaron a cabo en la ciudad en vez de en la Font Roja\",\"breadcrumb\":{\"@id\":\"https:\\\/\\\/www.copealcoy.es\\\/es\\\/multitudinario-homenaje-a-la-patrona-de-alcoy-en-el-dia-de-su-fiesta\\\/#breadcrumb\"},\"inLanguage\":\"es\",\"potentialAction\":[{\"@type\":\"ReadAction\",\"target\":[\"https:\\\/\\\/www.copealcoy.es\\\/es\\\/multitudinario-homenaje-a-la-patrona-de-alcoy-en-el-dia-de-su-fiesta\\\/\"]}]},{\"@type\":\"ImageObject\",\"inLanguage\":\"es\",\"@id\":\"https:\\\/\\\/www.copealcoy.es\\\/es\\\/multitudinario-homenaje-a-la-patrona-de-alcoy-en-el-dia-de-su-fiesta\\\/#primaryimage\",\"url\":\"https:\\\/\\\/www.copealcoy.es\\\/wp-content\\\/uploads\\\/2024\\\/08\\\/456172040_893723509454842_6056645380465558718_n.jpg\",\"contentUrl\":\"https:\\\/\\\/www.copealcoy.es\\\/wp-content\\\/uploads\\\/2024\\\/08\\\/456172040_893723509454842_6056645380465558718_n.jpg\",\"width\":1280,\"height\":720},{\"@type\":\"BreadcrumbList\",\"@id\":\"https:\\\/\\\/www.copealcoy.es\\\/es\\\/multitudinario-homenaje-a-la-patrona-de-alcoy-en-el-dia-de-su-fiesta\\\/#breadcrumb\",\"itemListElement\":[{\"@type\":\"ListItem\",\"position\":1,\"name\":\"Portada\",\"item\":\"https:\\\/\\\/www.copealcoy.es\\\/es\\\/\"},{\"@type\":\"ListItem\",\"position\":2,\"name\":\"Multitudinario homenaje a la patrona de Alcoy en el d\u00eda de su fiesta\"}]},{\"@type\":\"WebSite\",\"@id\":\"https:\\\/\\\/www.copealcoy.es\\\/es\\\/#website\",\"url\":\"https:\\\/\\\/www.copealcoy.es\\\/es\\\/\",\"name\":\"COPE Alcoy\",\"description\":\"Emisora COPE de radio local con emisi\u00f3n online. Pont de Sant Jordi 8-10 03803 Alcoy\",\"potentialAction\":[{\"@type\":\"SearchAction\",\"target\":{\"@type\":\"EntryPoint\",\"urlTemplate\":\"https:\\\/\\\/www.copealcoy.es\\\/es\\\/?s={search_term_string}\"},\"query-input\":{\"@type\":\"PropertyValueSpecification\",\"valueRequired\":true,\"valueName\":\"search_term_string\"}}],\"inLanguage\":\"es\"},{\"@type\":\"Person\",\"@id\":\"https:\\\/\\\/www.copealcoy.es\\\/es\\\/#\\\/schema\\\/person\\\/e777c87fa024e57d40170af9df39882c\",\"name\":\"Cope Alcoy\",\"image\":{\"@type\":\"ImageObject\",\"inLanguage\":\"es\",\"@id\":\"https:\\\/\\\/secure.gravatar.com\\\/avatar\\\/bb65d0283347e303893ba14f0692005417c1e0e690a325a4c5d8bb2b3943ee14?s=96&d=mm&r=g\",\"url\":\"https:\\\/\\\/secure.gravatar.com\\\/avatar\\\/bb65d0283347e303893ba14f0692005417c1e0e690a325a4c5d8bb2b3943ee14?s=96&d=mm&r=g\",\"contentUrl\":\"https:\\\/\\\/secure.gravatar.com\\\/avatar\\\/bb65d0283347e303893ba14f0692005417c1e0e690a325a4c5d8bb2b3943ee14?s=96&d=mm&r=g\",\"caption\":\"Cope Alcoy\"}}]}<\/script>\n<!-- \/ Yoast SEO plugin. -->","yoast_head_json":{"title":"Multitudinario homenaje a la patrona de Alcoy en el d\u00eda de su fiesta - COPE Alcoy","description":"Como en cada 21 de agosto Alcoy rindi\u00f3 homenaje a su patrona y esta vez los actos religiosos se llevaron a cabo en la ciudad en vez de en la Font Roja","robots":{"index":"index","follow":"follow","max-snippet":"max-snippet:-1","max-image-preview":"max-image-preview:large","max-video-preview":"max-video-preview:-1"},"canonical":"https:\/\/www.copealcoy.es\/es\/multitudinario-homenaje-a-la-patrona-de-alcoy-en-el-dia-de-su-fiesta\/","og_locale":"es_ES","og_type":"article","og_title":"Multitudinario homenaje a la patrona de Alcoy en el d\u00eda de su fiesta - COPE Alcoy","og_description":"Como en cada 21 de agosto Alcoy rindi\u00f3 homenaje a su patrona y esta vez los actos religiosos se llevaron a cabo en la ciudad en vez de en la Font Roja","og_url":"https:\/\/www.copealcoy.es\/es\/multitudinario-homenaje-a-la-patrona-de-alcoy-en-el-dia-de-su-fiesta\/","og_site_name":"COPE Alcoy","article_published_time":"2024-08-24T17:04:22+00:00","article_modified_time":"2024-08-24T17:07:23+00:00","og_image":[{"width":1280,"height":720,"url":"https:\/\/www.copealcoy.es\/wp-content\/uploads\/2024\/08\/456172040_893723509454842_6056645380465558718_n.jpg","type":"image\/jpeg"}],"author":"Cope Alcoy","twitter_misc":{"Escrito por":"Cope Alcoy","Tiempo de lectura":"3 minutos"},"schema":{"@context":"https:\/\/schema.org","@graph":[{"@type":"Article","@id":"https:\/\/www.copealcoy.es\/es\/multitudinario-homenaje-a-la-patrona-de-alcoy-en-el-dia-de-su-fiesta\/#article","isPartOf":{"@id":"https:\/\/www.copealcoy.es\/es\/multitudinario-homenaje-a-la-patrona-de-alcoy-en-el-dia-de-su-fiesta\/"},"author":{"name":"Cope Alcoy","@id":"https:\/\/www.copealcoy.es\/es\/#\/schema\/person\/e777c87fa024e57d40170af9df39882c"},"headline":"Multitudinario homenaje a la patrona de Alcoy en el d\u00eda de su fiesta","datePublished":"2024-08-24T17:04:22+00:00","dateModified":"2024-08-24T17:07:23+00:00","mainEntityOfPage":{"@id":"https:\/\/www.copealcoy.es\/es\/multitudinario-homenaje-a-la-patrona-de-alcoy-en-el-dia-de-su-fiesta\/"},"wordCount":387,"commentCount":0,"image":{"@id":"https:\/\/www.copealcoy.es\/es\/multitudinario-homenaje-a-la-patrona-de-alcoy-en-el-dia-de-su-fiesta\/#primaryimage"},"thumbnailUrl":"https:\/\/www.copealcoy.es\/wp-content\/uploads\/2024\/08\/456172040_893723509454842_6056645380465558718_n.jpg","keywords":["21 de agosto","Alcoy","festividad","patrona","Virgen de los Lirios"],"articleSection":["Actualidad","Alcoy","Fiesta y Cultura","Noticias","Portada"],"inLanguage":"es"},{"@type":"WebPage","@id":"https:\/\/www.copealcoy.es\/es\/multitudinario-homenaje-a-la-patrona-de-alcoy-en-el-dia-de-su-fiesta\/","url":"https:\/\/www.copealcoy.es\/es\/multitudinario-homenaje-a-la-patrona-de-alcoy-en-el-dia-de-su-fiesta\/","name":"Multitudinario homenaje a la patrona de Alcoy en el d\u00eda de su fiesta - COPE Alcoy","isPartOf":{"@id":"https:\/\/www.copealcoy.es\/es\/#website"},"primaryImageOfPage":{"@id":"https:\/\/www.copealcoy.es\/es\/multitudinario-homenaje-a-la-patrona-de-alcoy-en-el-dia-de-su-fiesta\/#primaryimage"},"image":{"@id":"https:\/\/www.copealcoy.es\/es\/multitudinario-homenaje-a-la-patrona-de-alcoy-en-el-dia-de-su-fiesta\/#primaryimage"},"thumbnailUrl":"https:\/\/www.copealcoy.es\/wp-content\/uploads\/2024\/08\/456172040_893723509454842_6056645380465558718_n.jpg","datePublished":"2024-08-24T17:04:22+00:00","dateModified":"2024-08-24T17:07:23+00:00","author":{"@id":"https:\/\/www.copealcoy.es\/es\/#\/schema\/person\/e777c87fa024e57d40170af9df39882c"},"description":"Como en cada 21 de agosto Alcoy rindi\u00f3 homenaje a su patrona y esta vez los actos religiosos se llevaron a cabo en la ciudad en vez de en la Font Roja","breadcrumb":{"@id":"https:\/\/www.copealcoy.es\/es\/multitudinario-homenaje-a-la-patrona-de-alcoy-en-el-dia-de-su-fiesta\/#breadcrumb"},"inLanguage":"es","potentialAction":[{"@type":"ReadAction","target":["https:\/\/www.copealcoy.es\/es\/multitudinario-homenaje-a-la-patrona-de-alcoy-en-el-dia-de-su-fiesta\/"]}]},{"@type":"ImageObject","inLanguage":"es","@id":"https:\/\/www.copealcoy.es\/es\/multitudinario-homenaje-a-la-patrona-de-alcoy-en-el-dia-de-su-fiesta\/#primaryimage","url":"https:\/\/www.copealcoy.es\/wp-content\/uploads\/2024\/08\/456172040_893723509454842_6056645380465558718_n.jpg","contentUrl":"https:\/\/www.copealcoy.es\/wp-content\/uploads\/2024\/08\/456172040_893723509454842_6056645380465558718_n.jpg","width":1280,"height":720},{"@type":"BreadcrumbList","@id":"https:\/\/www.copealcoy.es\/es\/multitudinario-homenaje-a-la-patrona-de-alcoy-en-el-dia-de-su-fiesta\/#breadcrumb","itemListElement":[{"@type":"ListItem","position":1,"name":"Portada","item":"https:\/\/www.copealcoy.es\/es\/"},{"@type":"ListItem","position":2,"name":"Multitudinario homenaje a la patrona de Alcoy en el d\u00eda de su fiesta"}]},{"@type":"WebSite","@id":"https:\/\/www.copealcoy.es\/es\/#website","url":"https:\/\/www.copealcoy.es\/es\/","name":"COPE Alcoy","description":"Emisora COPE de radio local con emisi\u00f3n online. Pont de Sant Jordi 8-10 03803 Alcoy","potentialAction":[{"@type":"SearchAction","target":{"@type":"EntryPoint","urlTemplate":"https:\/\/www.copealcoy.es\/es\/?s={search_term_string}"},"query-input":{"@type":"PropertyValueSpecification","valueRequired":true,"valueName":"search_term_string"}}],"inLanguage":"es"},{"@type":"Person","@id":"https:\/\/www.copealcoy.es\/es\/#\/schema\/person\/e777c87fa024e57d40170af9df39882c","name":"Cope Alcoy","image":{"@type":"ImageObject","inLanguage":"es","@id":"https:\/\/secure.gravatar.com\/avatar\/bb65d0283347e303893ba14f0692005417c1e0e690a325a4c5d8bb2b3943ee14?s=96&d=mm&r=g","url":"https:\/\/secure.gravatar.com\/avatar\/bb65d0283347e303893ba14f0692005417c1e0e690a325a4c5d8bb2b3943ee14?s=96&d=mm&r=g","contentUrl":"https:\/\/secure.gravatar.com\/avatar\/bb65d0283347e303893ba14f0692005417c1e0e690a325a4c5d8bb2b3943ee14?s=96&d=mm&r=g","caption":"Cope Alcoy"}}]}},"_links":{"self":[{"href":"https:\/\/www.copealcoy.es\/es\/wp-json\/wp\/v2\/posts\/139050","targetHints":{"allow":["GET"]}}],"collection":[{"href":"https:\/\/www.copealcoy.es\/es\/wp-json\/wp\/v2\/posts"}],"about":[{"href":"https:\/\/www.copealcoy.es\/es\/wp-json\/wp\/v2\/types\/post"}],"author":[{"embeddable":true,"href":"https:\/\/www.copealcoy.es\/es\/wp-json\/wp\/v2\/users\/1"}],"replies":[{"embeddable":true,"href":"https:\/\/www.copealcoy.es\/es\/wp-json\/wp\/v2\/comments?post=139050"}],"version-history":[{"count":0,"href":"https:\/\/www.copealcoy.es\/es\/wp-json\/wp\/v2\/posts\/139050\/revisions"}],"wp:featuredmedia":[{"embeddable":true,"href":"https:\/\/www.copealcoy.es\/es\/wp-json\/wp\/v2\/media\/139051"}],"wp:attachment":[{"href":"https:\/\/www.copealcoy.es\/es\/wp-json\/wp\/v2\/media?parent=139050"}],"wp:term":[{"taxonomy":"category","embeddable":true,"href":"https:\/\/www.copealcoy.es\/es\/wp-json\/wp\/v2\/categories?post=139050"},{"taxonomy":"post_tag","embeddable":true,"href":"https:\/\/www.copealcoy.es\/es\/wp-json\/wp\/v2\/tags?post=139050"}],"curies":[{"name":"wp","href":"https:\/\/api.w.org\/{rel}","templated":true}]}}