{"id":138953,"date":"2024-08-18T07:00:15","date_gmt":"2024-08-18T06:00:15","guid":{"rendered":"https:\/\/www.copealcoy.es\/?p=138953"},"modified":"2024-08-14T12:19:00","modified_gmt":"2024-08-14T11:19:00","slug":"comienza-a-funcionar-el-consejo-de-pedanias-de-cocentaina","status":"publish","type":"post","link":"https:\/\/www.copealcoy.es\/es\/comienza-a-funcionar-el-consejo-de-pedanias-de-cocentaina\/","title":{"rendered":"Comienza a funcionar el Consejo de Pedan\u00edas de Cocentaina"},"content":{"rendered":"<p style=\"text-align: justify;\">Cocentaina, adem\u00e1s del casco urbano principal (9.320 habitantes), la componen 7 pedan\u00edas. Se trata de <strong>l\u2019Alc\u00fadia<\/strong>\u00a0(378),\u00a0<strong>els Algars<\/strong>\u00a0(345),\u00a0<strong>les Alqueries de Benifloret<\/strong>\u00a0(324), l\u2019<strong>Estaci\u00f3 Nord<\/strong>\u00a0(271),\u00a0<strong>Gormaig<\/strong>\u00a0(527),\u00a0<strong>Penella<\/strong>\u00a0(33) i el\u00a0<strong>Poble Nou de Sant Rafael<\/strong> (111).<\/p>\n<p style=\"text-align: justify;\">Por este motivo, desde el gobierno municipal, se aprob\u00f3 en el pleno de febrero de este a\u00f1o,<strong>\u00a0la creaci\u00f3n del Consejo Sectorial de Pedan\u00edas<\/strong>.<strong> La primera sesi\u00f3n ordinaria del mismo tuvo lugar pasado 3 de julio a las 19 horas en el Sal\u00f3n de Plenos del Ayuntamiento de la Villa Condal.<\/strong><\/p>\n<p style=\"text-align: justify;\">Durante el Consejo, seg\u00fan el orden del d\u00eda, se procedi\u00f3 a la presentaci\u00f3n de la concejal\u00eda y de los miembros del consejo, la\u00a0<strong>elecci\u00f3n de la vicepresidencia <\/strong>o la fijaci\u00f3n del d\u00eda y hora de las sesiones del Consejo. Tambi\u00e9n se puso en conocimiento del Consejo el <strong>calendario de fiestas de las pedan\u00edas<\/strong>\u00a0para el 2024 y, as\u00ed mismo, se escucharon las\u00a0<strong>necesidades de los vecinos y las vecinas de las mismas\u00a0<\/strong>&#8220;<em>tenemos que dar la misma importancia a los contestanos y contestanas que viven a nuestras pedan\u00edas que a los del casco urbano principal. <strong>No podemos permitir que haya ciudadanos de primera y de segunda.<\/strong>\u00a0Por este motivo, creemos que la creaci\u00f3n de este Consejo facilitar\u00e1 la comunicaci\u00f3n entre los vecinos y las vecinas y el Ayuntamiento. Sus necesidades se escuchar\u00e1n de manera m\u00e1s r\u00e1pida y eficaz, solucion\u00e1ndolas cuanto antes mejor. As\u00ed mismo, quiero destacar que, gracias al\u00a0<strong>reciente suplemento de cr\u00e9dito<\/strong>, las pedan\u00edas se ver\u00e1n beneficiadas con nuevas inversiones, mejoras de infraestructuras o actividades culturales, sociales y populares<\/em>&#8220;, destac\u00f3 al respecto el concejal delegado del \u00e1rea de pedan\u00edas; <strong>Javi Sansalvador<\/strong>.<\/p>\n<p style=\"text-align: justify;\">Apuntar que, seg\u00fan los datos del 2023 facilitados por el <a href=\"https:\/\/www.cocentaina.es\/\" target=\"_blank\" rel=\"noopener\"><span style=\"color: #0000ff;\"><strong>Ayuntamiento contestano<\/strong><\/span><\/a>,<strong> 1.989 contestanos y contestanas (un 17,6% del total) viven en las pedan\u00edas\u00a0<\/strong>de la capital del Comtat.<\/p>\n","protected":false},"excerpt":{"rendered":"<p>Cocentaina, adem\u00e1s del casco urbano principal (9.320 habitantes), la componen 7 pedan\u00edas. Se trata de l\u2019Alc\u00fadia\u00a0(378),\u00a0els Algars\u00a0(345),\u00a0les Alqueries de Benifloret\u00a0(324),&#8230;<\/p>\n","protected":false},"author":1,"featured_media":138954,"comment_status":"open","ping_status":"open","sticky":false,"template":"","format":"standard","meta":{"footnotes":""},"categories":[13743],"tags":[132,18457,18458,1074],"class_list":["post-138953","post","type-post","status-publish","format-standard","has-post-thumbnail","hentry","category-uncategorized-ca","tag-cocentaina","tag-consejo-de-pedanias","tag-javi-sansalvador","tag-reunion"],"yoast_head":"<!-- This site is optimized with the Yoast SEO plugin v27.3 - https:\/\/yoast.com\/product\/yoast-seo-wordpress\/ -->\n<title>Comienza a funcionar el Consejo de Pedan\u00edas de Cocentaina - COPE Alcoy<\/title>\n<meta name=\"description\" content=\"El pasado 3 de julio tuvo lugar en el Sal\u00f3n de Plenos del Ayuntamiento de Cocentaina la primera reuni\u00f3n del Consejo de Pedan\u00edas\" \/>\n<meta name=\"robots\" content=\"index, follow, max-snippet:-1, max-image-preview:large, max-video-preview:-1\" \/>\n<link rel=\"canonical\" href=\"https:\/\/www.copealcoy.es\/es\/comienza-a-funcionar-el-consejo-de-pedanias-de-cocentaina\/\" \/>\n<meta property=\"og:locale\" content=\"es_ES\" \/>\n<meta property=\"og:type\" content=\"article\" \/>\n<meta property=\"og:title\" content=\"Comienza a funcionar el Consejo de Pedan\u00edas de Cocentaina - COPE Alcoy\" \/>\n<meta property=\"og:description\" content=\"El pasado 3 de julio tuvo lugar en el Sal\u00f3n de Plenos del Ayuntamiento de Cocentaina la primera reuni\u00f3n del Consejo de Pedan\u00edas\" \/>\n<meta property=\"og:url\" content=\"https:\/\/www.copealcoy.es\/es\/comienza-a-funcionar-el-consejo-de-pedanias-de-cocentaina\/\" \/>\n<meta property=\"og:site_name\" content=\"COPE Alcoy\" \/>\n<meta property=\"article:published_time\" content=\"2024-08-18T06:00:15+00:00\" \/>\n<meta property=\"og:image\" content=\"https:\/\/www.copealcoy.es\/wp-content\/uploads\/2024\/08\/Consell-Pedanies.jpg\" \/>\n\t<meta property=\"og:image:width\" content=\"1440\" \/>\n\t<meta property=\"og:image:height\" content=\"1080\" \/>\n\t<meta property=\"og:image:type\" content=\"image\/jpeg\" \/>\n<meta name=\"author\" content=\"Cope Alcoy\" \/>\n<meta name=\"twitter:label1\" content=\"Escrito por\" \/>\n\t<meta name=\"twitter:data1\" content=\"Cope Alcoy\" \/>\n\t<meta name=\"twitter:label2\" content=\"Tiempo de lectura\" \/>\n\t<meta name=\"twitter:data2\" content=\"2 minutos\" \/>\n<script type=\"application\/ld+json\" class=\"yoast-schema-graph\">{\"@context\":\"https:\\\/\\\/schema.org\",\"@graph\":[{\"@type\":\"Article\",\"@id\":\"https:\\\/\\\/www.copealcoy.es\\\/es\\\/comienza-a-funcionar-el-consejo-de-pedanias-de-cocentaina\\\/#article\",\"isPartOf\":{\"@id\":\"https:\\\/\\\/www.copealcoy.es\\\/es\\\/comienza-a-funcionar-el-consejo-de-pedanias-de-cocentaina\\\/\"},\"author\":{\"name\":\"Cope Alcoy\",\"@id\":\"https:\\\/\\\/www.copealcoy.es\\\/es\\\/#\\\/schema\\\/person\\\/e777c87fa024e57d40170af9df39882c\"},\"headline\":\"Comienza a funcionar el Consejo de Pedan\u00edas de Cocentaina\",\"datePublished\":\"2024-08-18T06:00:15+00:00\",\"mainEntityOfPage\":{\"@id\":\"https:\\\/\\\/www.copealcoy.es\\\/es\\\/comienza-a-funcionar-el-consejo-de-pedanias-de-cocentaina\\\/\"},\"wordCount\":329,\"commentCount\":0,\"image\":{\"@id\":\"https:\\\/\\\/www.copealcoy.es\\\/es\\\/comienza-a-funcionar-el-consejo-de-pedanias-de-cocentaina\\\/#primaryimage\"},\"thumbnailUrl\":\"https:\\\/\\\/www.copealcoy.es\\\/wp-content\\\/uploads\\\/2024\\\/08\\\/Consell-Pedanies.jpg\",\"keywords\":[\"Cocentaina\",\"Consejo de Pedan\u00edas\",\"Javi Sansalvador\",\"reuni\u00f3n\"],\"articleSection\":[\"Uncategorized @ca\"],\"inLanguage\":\"es\"},{\"@type\":\"WebPage\",\"@id\":\"https:\\\/\\\/www.copealcoy.es\\\/es\\\/comienza-a-funcionar-el-consejo-de-pedanias-de-cocentaina\\\/\",\"url\":\"https:\\\/\\\/www.copealcoy.es\\\/es\\\/comienza-a-funcionar-el-consejo-de-pedanias-de-cocentaina\\\/\",\"name\":\"Comienza a funcionar el Consejo de Pedan\u00edas de Cocentaina - COPE Alcoy\",\"isPartOf\":{\"@id\":\"https:\\\/\\\/www.copealcoy.es\\\/es\\\/#website\"},\"primaryImageOfPage\":{\"@id\":\"https:\\\/\\\/www.copealcoy.es\\\/es\\\/comienza-a-funcionar-el-consejo-de-pedanias-de-cocentaina\\\/#primaryimage\"},\"image\":{\"@id\":\"https:\\\/\\\/www.copealcoy.es\\\/es\\\/comienza-a-funcionar-el-consejo-de-pedanias-de-cocentaina\\\/#primaryimage\"},\"thumbnailUrl\":\"https:\\\/\\\/www.copealcoy.es\\\/wp-content\\\/uploads\\\/2024\\\/08\\\/Consell-Pedanies.jpg\",\"datePublished\":\"2024-08-18T06:00:15+00:00\",\"author\":{\"@id\":\"https:\\\/\\\/www.copealcoy.es\\\/es\\\/#\\\/schema\\\/person\\\/e777c87fa024e57d40170af9df39882c\"},\"description\":\"El pasado 3 de julio tuvo lugar en el Sal\u00f3n de Plenos del Ayuntamiento de Cocentaina la primera reuni\u00f3n del Consejo de Pedan\u00edas\",\"breadcrumb\":{\"@id\":\"https:\\\/\\\/www.copealcoy.es\\\/es\\\/comienza-a-funcionar-el-consejo-de-pedanias-de-cocentaina\\\/#breadcrumb\"},\"inLanguage\":\"es\",\"potentialAction\":[{\"@type\":\"ReadAction\",\"target\":[\"https:\\\/\\\/www.copealcoy.es\\\/es\\\/comienza-a-funcionar-el-consejo-de-pedanias-de-cocentaina\\\/\"]}]},{\"@type\":\"ImageObject\",\"inLanguage\":\"es\",\"@id\":\"https:\\\/\\\/www.copealcoy.es\\\/es\\\/comienza-a-funcionar-el-consejo-de-pedanias-de-cocentaina\\\/#primaryimage\",\"url\":\"https:\\\/\\\/www.copealcoy.es\\\/wp-content\\\/uploads\\\/2024\\\/08\\\/Consell-Pedanies.jpg\",\"contentUrl\":\"https:\\\/\\\/www.copealcoy.es\\\/wp-content\\\/uploads\\\/2024\\\/08\\\/Consell-Pedanies.jpg\",\"width\":1440,\"height\":1080},{\"@type\":\"BreadcrumbList\",\"@id\":\"https:\\\/\\\/www.copealcoy.es\\\/es\\\/comienza-a-funcionar-el-consejo-de-pedanias-de-cocentaina\\\/#breadcrumb\",\"itemListElement\":[{\"@type\":\"ListItem\",\"position\":1,\"name\":\"Portada\",\"item\":\"https:\\\/\\\/www.copealcoy.es\\\/es\\\/\"},{\"@type\":\"ListItem\",\"position\":2,\"name\":\"Comienza a funcionar el Consejo de Pedan\u00edas de Cocentaina\"}]},{\"@type\":\"WebSite\",\"@id\":\"https:\\\/\\\/www.copealcoy.es\\\/es\\\/#website\",\"url\":\"https:\\\/\\\/www.copealcoy.es\\\/es\\\/\",\"name\":\"COPE Alcoy\",\"description\":\"Emisora COPE de radio local con emisi\u00f3n online. Pont de Sant Jordi 8-10 03803 Alcoy\",\"potentialAction\":[{\"@type\":\"SearchAction\",\"target\":{\"@type\":\"EntryPoint\",\"urlTemplate\":\"https:\\\/\\\/www.copealcoy.es\\\/es\\\/?s={search_term_string}\"},\"query-input\":{\"@type\":\"PropertyValueSpecification\",\"valueRequired\":true,\"valueName\":\"search_term_string\"}}],\"inLanguage\":\"es\"},{\"@type\":\"Person\",\"@id\":\"https:\\\/\\\/www.copealcoy.es\\\/es\\\/#\\\/schema\\\/person\\\/e777c87fa024e57d40170af9df39882c\",\"name\":\"Cope Alcoy\",\"image\":{\"@type\":\"ImageObject\",\"inLanguage\":\"es\",\"@id\":\"https:\\\/\\\/secure.gravatar.com\\\/avatar\\\/bb65d0283347e303893ba14f0692005417c1e0e690a325a4c5d8bb2b3943ee14?s=96&d=mm&r=g\",\"url\":\"https:\\\/\\\/secure.gravatar.com\\\/avatar\\\/bb65d0283347e303893ba14f0692005417c1e0e690a325a4c5d8bb2b3943ee14?s=96&d=mm&r=g\",\"contentUrl\":\"https:\\\/\\\/secure.gravatar.com\\\/avatar\\\/bb65d0283347e303893ba14f0692005417c1e0e690a325a4c5d8bb2b3943ee14?s=96&d=mm&r=g\",\"caption\":\"Cope Alcoy\"}}]}<\/script>\n<!-- \/ Yoast SEO plugin. -->","yoast_head_json":{"title":"Comienza a funcionar el Consejo de Pedan\u00edas de Cocentaina - COPE Alcoy","description":"El pasado 3 de julio tuvo lugar en el Sal\u00f3n de Plenos del Ayuntamiento de Cocentaina la primera reuni\u00f3n del Consejo de Pedan\u00edas","robots":{"index":"index","follow":"follow","max-snippet":"max-snippet:-1","max-image-preview":"max-image-preview:large","max-video-preview":"max-video-preview:-1"},"canonical":"https:\/\/www.copealcoy.es\/es\/comienza-a-funcionar-el-consejo-de-pedanias-de-cocentaina\/","og_locale":"es_ES","og_type":"article","og_title":"Comienza a funcionar el Consejo de Pedan\u00edas de Cocentaina - COPE Alcoy","og_description":"El pasado 3 de julio tuvo lugar en el Sal\u00f3n de Plenos del Ayuntamiento de Cocentaina la primera reuni\u00f3n del Consejo de Pedan\u00edas","og_url":"https:\/\/www.copealcoy.es\/es\/comienza-a-funcionar-el-consejo-de-pedanias-de-cocentaina\/","og_site_name":"COPE Alcoy","article_published_time":"2024-08-18T06:00:15+00:00","og_image":[{"width":1440,"height":1080,"url":"https:\/\/www.copealcoy.es\/wp-content\/uploads\/2024\/08\/Consell-Pedanies.jpg","type":"image\/jpeg"}],"author":"Cope Alcoy","twitter_misc":{"Escrito por":"Cope Alcoy","Tiempo de lectura":"2 minutos"},"schema":{"@context":"https:\/\/schema.org","@graph":[{"@type":"Article","@id":"https:\/\/www.copealcoy.es\/es\/comienza-a-funcionar-el-consejo-de-pedanias-de-cocentaina\/#article","isPartOf":{"@id":"https:\/\/www.copealcoy.es\/es\/comienza-a-funcionar-el-consejo-de-pedanias-de-cocentaina\/"},"author":{"name":"Cope Alcoy","@id":"https:\/\/www.copealcoy.es\/es\/#\/schema\/person\/e777c87fa024e57d40170af9df39882c"},"headline":"Comienza a funcionar el Consejo de Pedan\u00edas de Cocentaina","datePublished":"2024-08-18T06:00:15+00:00","mainEntityOfPage":{"@id":"https:\/\/www.copealcoy.es\/es\/comienza-a-funcionar-el-consejo-de-pedanias-de-cocentaina\/"},"wordCount":329,"commentCount":0,"image":{"@id":"https:\/\/www.copealcoy.es\/es\/comienza-a-funcionar-el-consejo-de-pedanias-de-cocentaina\/#primaryimage"},"thumbnailUrl":"https:\/\/www.copealcoy.es\/wp-content\/uploads\/2024\/08\/Consell-Pedanies.jpg","keywords":["Cocentaina","Consejo de Pedan\u00edas","Javi Sansalvador","reuni\u00f3n"],"articleSection":["Uncategorized @ca"],"inLanguage":"es"},{"@type":"WebPage","@id":"https:\/\/www.copealcoy.es\/es\/comienza-a-funcionar-el-consejo-de-pedanias-de-cocentaina\/","url":"https:\/\/www.copealcoy.es\/es\/comienza-a-funcionar-el-consejo-de-pedanias-de-cocentaina\/","name":"Comienza a funcionar el Consejo de Pedan\u00edas de Cocentaina - COPE Alcoy","isPartOf":{"@id":"https:\/\/www.copealcoy.es\/es\/#website"},"primaryImageOfPage":{"@id":"https:\/\/www.copealcoy.es\/es\/comienza-a-funcionar-el-consejo-de-pedanias-de-cocentaina\/#primaryimage"},"image":{"@id":"https:\/\/www.copealcoy.es\/es\/comienza-a-funcionar-el-consejo-de-pedanias-de-cocentaina\/#primaryimage"},"thumbnailUrl":"https:\/\/www.copealcoy.es\/wp-content\/uploads\/2024\/08\/Consell-Pedanies.jpg","datePublished":"2024-08-18T06:00:15+00:00","author":{"@id":"https:\/\/www.copealcoy.es\/es\/#\/schema\/person\/e777c87fa024e57d40170af9df39882c"},"description":"El pasado 3 de julio tuvo lugar en el Sal\u00f3n de Plenos del Ayuntamiento de Cocentaina la primera reuni\u00f3n del Consejo de Pedan\u00edas","breadcrumb":{"@id":"https:\/\/www.copealcoy.es\/es\/comienza-a-funcionar-el-consejo-de-pedanias-de-cocentaina\/#breadcrumb"},"inLanguage":"es","potentialAction":[{"@type":"ReadAction","target":["https:\/\/www.copealcoy.es\/es\/comienza-a-funcionar-el-consejo-de-pedanias-de-cocentaina\/"]}]},{"@type":"ImageObject","inLanguage":"es","@id":"https:\/\/www.copealcoy.es\/es\/comienza-a-funcionar-el-consejo-de-pedanias-de-cocentaina\/#primaryimage","url":"https:\/\/www.copealcoy.es\/wp-content\/uploads\/2024\/08\/Consell-Pedanies.jpg","contentUrl":"https:\/\/www.copealcoy.es\/wp-content\/uploads\/2024\/08\/Consell-Pedanies.jpg","width":1440,"height":1080},{"@type":"BreadcrumbList","@id":"https:\/\/www.copealcoy.es\/es\/comienza-a-funcionar-el-consejo-de-pedanias-de-cocentaina\/#breadcrumb","itemListElement":[{"@type":"ListItem","position":1,"name":"Portada","item":"https:\/\/www.copealcoy.es\/es\/"},{"@type":"ListItem","position":2,"name":"Comienza a funcionar el Consejo de Pedan\u00edas de Cocentaina"}]},{"@type":"WebSite","@id":"https:\/\/www.copealcoy.es\/es\/#website","url":"https:\/\/www.copealcoy.es\/es\/","name":"COPE Alcoy","description":"Emisora COPE de radio local con emisi\u00f3n online. Pont de Sant Jordi 8-10 03803 Alcoy","potentialAction":[{"@type":"SearchAction","target":{"@type":"EntryPoint","urlTemplate":"https:\/\/www.copealcoy.es\/es\/?s={search_term_string}"},"query-input":{"@type":"PropertyValueSpecification","valueRequired":true,"valueName":"search_term_string"}}],"inLanguage":"es"},{"@type":"Person","@id":"https:\/\/www.copealcoy.es\/es\/#\/schema\/person\/e777c87fa024e57d40170af9df39882c","name":"Cope Alcoy","image":{"@type":"ImageObject","inLanguage":"es","@id":"https:\/\/secure.gravatar.com\/avatar\/bb65d0283347e303893ba14f0692005417c1e0e690a325a4c5d8bb2b3943ee14?s=96&d=mm&r=g","url":"https:\/\/secure.gravatar.com\/avatar\/bb65d0283347e303893ba14f0692005417c1e0e690a325a4c5d8bb2b3943ee14?s=96&d=mm&r=g","contentUrl":"https:\/\/secure.gravatar.com\/avatar\/bb65d0283347e303893ba14f0692005417c1e0e690a325a4c5d8bb2b3943ee14?s=96&d=mm&r=g","caption":"Cope Alcoy"}}]}},"_links":{"self":[{"href":"https:\/\/www.copealcoy.es\/es\/wp-json\/wp\/v2\/posts\/138953","targetHints":{"allow":["GET"]}}],"collection":[{"href":"https:\/\/www.copealcoy.es\/es\/wp-json\/wp\/v2\/posts"}],"about":[{"href":"https:\/\/www.copealcoy.es\/es\/wp-json\/wp\/v2\/types\/post"}],"author":[{"embeddable":true,"href":"https:\/\/www.copealcoy.es\/es\/wp-json\/wp\/v2\/users\/1"}],"replies":[{"embeddable":true,"href":"https:\/\/www.copealcoy.es\/es\/wp-json\/wp\/v2\/comments?post=138953"}],"version-history":[{"count":0,"href":"https:\/\/www.copealcoy.es\/es\/wp-json\/wp\/v2\/posts\/138953\/revisions"}],"wp:featuredmedia":[{"embeddable":true,"href":"https:\/\/www.copealcoy.es\/es\/wp-json\/wp\/v2\/media\/138954"}],"wp:attachment":[{"href":"https:\/\/www.copealcoy.es\/es\/wp-json\/wp\/v2\/media?parent=138953"}],"wp:term":[{"taxonomy":"category","embeddable":true,"href":"https:\/\/www.copealcoy.es\/es\/wp-json\/wp\/v2\/categories?post=138953"},{"taxonomy":"post_tag","embeddable":true,"href":"https:\/\/www.copealcoy.es\/es\/wp-json\/wp\/v2\/tags?post=138953"}],"curies":[{"name":"wp","href":"https:\/\/api.w.org\/{rel}","templated":true}]}}