{"id":13895,"date":"2015-06-11T07:05:52","date_gmt":"2015-06-11T07:05:52","guid":{"rendered":"http:\/\/copealcoi.es\/new\/?p=13895"},"modified":"2015-06-11T18:54:08","modified_gmt":"2015-06-11T18:54:08","slug":"ultimo-pleno-de-la-actual-legislatura","status":"publish","type":"post","link":"https:\/\/www.copealcoy.es\/es\/ultimo-pleno-de-la-actual-legislatura\/","title":{"rendered":"\u00daltimo pleno de la actual legislatura"},"content":{"rendered":"<p style=\"text-align: justify;\">El sal\u00f3n de plenos del Ayuntamiento de Alcoy fue escenario ayer mi\u00e9rcoles del \u00faltimo pleno de la legislatura 2011-2015 cuyo orden del d\u00eda se centr\u00f3 en aprobar las actas de las sesiones anteriores.<\/p>\n<p style=\"text-align: justify;\">En esta sesi\u00f3n plenaria ya no estuvo Anna Serrano, de Comprom\u00eds, y se despidieron otros como Paco Blay, Eugenia del Castillo, Juan Abad, Carmen Pay\u00e0, Paco Agull\u00f3, Rosa S\u00e1nchez, Fernando Pastor, as\u00ed como los nuevos ediles que entraron hace unas semanas.<\/p>\n<p style=\"text-align: justify;\">Por su parte seguir\u00e1n en la pr\u00f3ximo corporaci\u00f3n Antonio Franc\u00e9s, Jorge Sedano, Estefan\u00eda Blanes, Mar\u00eda Llopis, David Abad, Anna Climent, Aroa Mira, Manolo Gomicia, Lorena Zamorano y Jordi Mart\u00ednez.<\/p>\n<p style=\"text-align: justify;\">Indicar que a partir del pr\u00f3ximo s\u00e1bado volver\u00e1n al Gobierno Municipal alcoyano anteriores concejales como Rafa Mir\u00f3 o Ignacio Palmer del Partido Popular.<\/p>\n","protected":false},"excerpt":{"rendered":"<p>El sal\u00f3n de plenos del Ayuntamiento de Alcoy fue escenario ayer mi\u00e9rcoles del \u00faltimo pleno de la legislatura 2011-2015 cuyo&#8230;<\/p>\n","protected":false},"author":1,"featured_media":13896,"comment_status":"open","ping_status":"open","sticky":false,"template":"","format":"standard","meta":{"footnotes":""},"categories":[97,75,79],"tags":[1494,560,322,422],"class_list":["post-13895","post","type-post","status-publish","format-standard","has-post-thumbnail","hentry","category-alcoy","category-noticias","category-politicayeconomia","tag-alcoy","tag-legislatura","tag-pleno","tag-politica"],"yoast_head":"<!-- This site is optimized with the Yoast SEO plugin v27.3 - https:\/\/yoast.com\/product\/yoast-seo-wordpress\/ -->\n<title>\u00daltimo pleno de la actual legislatura - COPE Alcoy<\/title>\n<meta name=\"robots\" content=\"index, follow, max-snippet:-1, max-image-preview:large, max-video-preview:-1\" \/>\n<link rel=\"canonical\" href=\"https:\/\/www.copealcoy.es\/es\/ultimo-pleno-de-la-actual-legislatura\/\" \/>\n<meta property=\"og:locale\" content=\"es_ES\" \/>\n<meta property=\"og:type\" content=\"article\" \/>\n<meta property=\"og:title\" content=\"\u00daltimo pleno de la actual legislatura - COPE Alcoy\" \/>\n<meta property=\"og:description\" content=\"El sal\u00f3n de plenos del Ayuntamiento de Alcoy fue escenario ayer mi\u00e9rcoles del \u00faltimo pleno de la legislatura 2011-2015 cuyo...\" \/>\n<meta property=\"og:url\" content=\"https:\/\/www.copealcoy.es\/es\/ultimo-pleno-de-la-actual-legislatura\/\" \/>\n<meta property=\"og:site_name\" content=\"COPE Alcoy\" \/>\n<meta property=\"article:published_time\" content=\"2015-06-11T07:05:52+00:00\" \/>\n<meta property=\"article:modified_time\" content=\"2015-06-11T18:54:08+00:00\" \/>\n<meta property=\"og:image\" content=\"https:\/\/www.copealcoy.es\/wp-content\/uploads\/2015\/06\/img_17910.jpg\" \/>\n\t<meta property=\"og:image:width\" content=\"670\" \/>\n\t<meta property=\"og:image:height\" content=\"377\" \/>\n\t<meta property=\"og:image:type\" content=\"image\/jpeg\" \/>\n<meta name=\"author\" content=\"Cope Alcoy\" \/>\n<meta name=\"twitter:label1\" content=\"Escrito por\" \/>\n\t<meta name=\"twitter:data1\" content=\"Cope Alcoy\" \/>\n\t<meta name=\"twitter:label2\" content=\"Tiempo de lectura\" \/>\n\t<meta name=\"twitter:data2\" content=\"1 minuto\" \/>\n<script type=\"application\/ld+json\" class=\"yoast-schema-graph\">{\"@context\":\"https:\\\/\\\/schema.org\",\"@graph\":[{\"@type\":\"Article\",\"@id\":\"https:\\\/\\\/www.copealcoy.es\\\/es\\\/ultimo-pleno-de-la-actual-legislatura\\\/#article\",\"isPartOf\":{\"@id\":\"https:\\\/\\\/www.copealcoy.es\\\/es\\\/ultimo-pleno-de-la-actual-legislatura\\\/\"},\"author\":{\"name\":\"Cope Alcoy\",\"@id\":\"https:\\\/\\\/www.copealcoy.es\\\/es\\\/#\\\/schema\\\/person\\\/e777c87fa024e57d40170af9df39882c\"},\"headline\":\"\u00daltimo pleno de la actual legislatura\",\"datePublished\":\"2015-06-11T07:05:52+00:00\",\"dateModified\":\"2015-06-11T18:54:08+00:00\",\"mainEntityOfPage\":{\"@id\":\"https:\\\/\\\/www.copealcoy.es\\\/es\\\/ultimo-pleno-de-la-actual-legislatura\\\/\"},\"wordCount\":148,\"commentCount\":0,\"image\":{\"@id\":\"https:\\\/\\\/www.copealcoy.es\\\/es\\\/ultimo-pleno-de-la-actual-legislatura\\\/#primaryimage\"},\"thumbnailUrl\":\"https:\\\/\\\/www.copealcoy.es\\\/wp-content\\\/uploads\\\/2015\\\/06\\\/img_17910.jpg\",\"keywords\":[\"Alcoy\",\"Legislatura\",\"Pleno\",\"Pol\u00edtica\"],\"articleSection\":[\"Alcoy\",\"Noticias\",\"Pol\u00edtica y Econom\u00eda\"],\"inLanguage\":\"es\"},{\"@type\":\"WebPage\",\"@id\":\"https:\\\/\\\/www.copealcoy.es\\\/es\\\/ultimo-pleno-de-la-actual-legislatura\\\/\",\"url\":\"https:\\\/\\\/www.copealcoy.es\\\/es\\\/ultimo-pleno-de-la-actual-legislatura\\\/\",\"name\":\"\u00daltimo pleno de la actual legislatura - COPE Alcoy\",\"isPartOf\":{\"@id\":\"https:\\\/\\\/www.copealcoy.es\\\/es\\\/#website\"},\"primaryImageOfPage\":{\"@id\":\"https:\\\/\\\/www.copealcoy.es\\\/es\\\/ultimo-pleno-de-la-actual-legislatura\\\/#primaryimage\"},\"image\":{\"@id\":\"https:\\\/\\\/www.copealcoy.es\\\/es\\\/ultimo-pleno-de-la-actual-legislatura\\\/#primaryimage\"},\"thumbnailUrl\":\"https:\\\/\\\/www.copealcoy.es\\\/wp-content\\\/uploads\\\/2015\\\/06\\\/img_17910.jpg\",\"datePublished\":\"2015-06-11T07:05:52+00:00\",\"dateModified\":\"2015-06-11T18:54:08+00:00\",\"author\":{\"@id\":\"https:\\\/\\\/www.copealcoy.es\\\/es\\\/#\\\/schema\\\/person\\\/e777c87fa024e57d40170af9df39882c\"},\"breadcrumb\":{\"@id\":\"https:\\\/\\\/www.copealcoy.es\\\/es\\\/ultimo-pleno-de-la-actual-legislatura\\\/#breadcrumb\"},\"inLanguage\":\"es\",\"potentialAction\":[{\"@type\":\"ReadAction\",\"target\":[\"https:\\\/\\\/www.copealcoy.es\\\/es\\\/ultimo-pleno-de-la-actual-legislatura\\\/\"]}]},{\"@type\":\"ImageObject\",\"inLanguage\":\"es\",\"@id\":\"https:\\\/\\\/www.copealcoy.es\\\/es\\\/ultimo-pleno-de-la-actual-legislatura\\\/#primaryimage\",\"url\":\"https:\\\/\\\/www.copealcoy.es\\\/wp-content\\\/uploads\\\/2015\\\/06\\\/img_17910.jpg\",\"contentUrl\":\"https:\\\/\\\/www.copealcoy.es\\\/wp-content\\\/uploads\\\/2015\\\/06\\\/img_17910.jpg\",\"width\":670,\"height\":377,\"caption\":\"Los ediles se hicieron una foto al acabar la legislatura\"},{\"@type\":\"BreadcrumbList\",\"@id\":\"https:\\\/\\\/www.copealcoy.es\\\/es\\\/ultimo-pleno-de-la-actual-legislatura\\\/#breadcrumb\",\"itemListElement\":[{\"@type\":\"ListItem\",\"position\":1,\"name\":\"Portada\",\"item\":\"https:\\\/\\\/www.copealcoy.es\\\/es\\\/\"},{\"@type\":\"ListItem\",\"position\":2,\"name\":\"\u00daltimo pleno de la actual legislatura\"}]},{\"@type\":\"WebSite\",\"@id\":\"https:\\\/\\\/www.copealcoy.es\\\/es\\\/#website\",\"url\":\"https:\\\/\\\/www.copealcoy.es\\\/es\\\/\",\"name\":\"COPE Alcoy\",\"description\":\"Emisora COPE de radio local con emisi\u00f3n online. Pont de Sant Jordi 8-10 03803 Alcoy\",\"potentialAction\":[{\"@type\":\"SearchAction\",\"target\":{\"@type\":\"EntryPoint\",\"urlTemplate\":\"https:\\\/\\\/www.copealcoy.es\\\/es\\\/?s={search_term_string}\"},\"query-input\":{\"@type\":\"PropertyValueSpecification\",\"valueRequired\":true,\"valueName\":\"search_term_string\"}}],\"inLanguage\":\"es\"},{\"@type\":\"Person\",\"@id\":\"https:\\\/\\\/www.copealcoy.es\\\/es\\\/#\\\/schema\\\/person\\\/e777c87fa024e57d40170af9df39882c\",\"name\":\"Cope Alcoy\",\"image\":{\"@type\":\"ImageObject\",\"inLanguage\":\"es\",\"@id\":\"https:\\\/\\\/secure.gravatar.com\\\/avatar\\\/bb65d0283347e303893ba14f0692005417c1e0e690a325a4c5d8bb2b3943ee14?s=96&d=mm&r=g\",\"url\":\"https:\\\/\\\/secure.gravatar.com\\\/avatar\\\/bb65d0283347e303893ba14f0692005417c1e0e690a325a4c5d8bb2b3943ee14?s=96&d=mm&r=g\",\"contentUrl\":\"https:\\\/\\\/secure.gravatar.com\\\/avatar\\\/bb65d0283347e303893ba14f0692005417c1e0e690a325a4c5d8bb2b3943ee14?s=96&d=mm&r=g\",\"caption\":\"Cope Alcoy\"}}]}<\/script>\n<!-- \/ Yoast SEO plugin. -->","yoast_head_json":{"title":"\u00daltimo pleno de la actual legislatura - COPE Alcoy","robots":{"index":"index","follow":"follow","max-snippet":"max-snippet:-1","max-image-preview":"max-image-preview:large","max-video-preview":"max-video-preview:-1"},"canonical":"https:\/\/www.copealcoy.es\/es\/ultimo-pleno-de-la-actual-legislatura\/","og_locale":"es_ES","og_type":"article","og_title":"\u00daltimo pleno de la actual legislatura - COPE Alcoy","og_description":"El sal\u00f3n de plenos del Ayuntamiento de Alcoy fue escenario ayer mi\u00e9rcoles del \u00faltimo pleno de la legislatura 2011-2015 cuyo...","og_url":"https:\/\/www.copealcoy.es\/es\/ultimo-pleno-de-la-actual-legislatura\/","og_site_name":"COPE Alcoy","article_published_time":"2015-06-11T07:05:52+00:00","article_modified_time":"2015-06-11T18:54:08+00:00","og_image":[{"width":670,"height":377,"url":"https:\/\/www.copealcoy.es\/wp-content\/uploads\/2015\/06\/img_17910.jpg","type":"image\/jpeg"}],"author":"Cope Alcoy","twitter_misc":{"Escrito por":"Cope Alcoy","Tiempo de lectura":"1 minuto"},"schema":{"@context":"https:\/\/schema.org","@graph":[{"@type":"Article","@id":"https:\/\/www.copealcoy.es\/es\/ultimo-pleno-de-la-actual-legislatura\/#article","isPartOf":{"@id":"https:\/\/www.copealcoy.es\/es\/ultimo-pleno-de-la-actual-legislatura\/"},"author":{"name":"Cope Alcoy","@id":"https:\/\/www.copealcoy.es\/es\/#\/schema\/person\/e777c87fa024e57d40170af9df39882c"},"headline":"\u00daltimo pleno de la actual legislatura","datePublished":"2015-06-11T07:05:52+00:00","dateModified":"2015-06-11T18:54:08+00:00","mainEntityOfPage":{"@id":"https:\/\/www.copealcoy.es\/es\/ultimo-pleno-de-la-actual-legislatura\/"},"wordCount":148,"commentCount":0,"image":{"@id":"https:\/\/www.copealcoy.es\/es\/ultimo-pleno-de-la-actual-legislatura\/#primaryimage"},"thumbnailUrl":"https:\/\/www.copealcoy.es\/wp-content\/uploads\/2015\/06\/img_17910.jpg","keywords":["Alcoy","Legislatura","Pleno","Pol\u00edtica"],"articleSection":["Alcoy","Noticias","Pol\u00edtica y Econom\u00eda"],"inLanguage":"es"},{"@type":"WebPage","@id":"https:\/\/www.copealcoy.es\/es\/ultimo-pleno-de-la-actual-legislatura\/","url":"https:\/\/www.copealcoy.es\/es\/ultimo-pleno-de-la-actual-legislatura\/","name":"\u00daltimo pleno de la actual legislatura - COPE Alcoy","isPartOf":{"@id":"https:\/\/www.copealcoy.es\/es\/#website"},"primaryImageOfPage":{"@id":"https:\/\/www.copealcoy.es\/es\/ultimo-pleno-de-la-actual-legislatura\/#primaryimage"},"image":{"@id":"https:\/\/www.copealcoy.es\/es\/ultimo-pleno-de-la-actual-legislatura\/#primaryimage"},"thumbnailUrl":"https:\/\/www.copealcoy.es\/wp-content\/uploads\/2015\/06\/img_17910.jpg","datePublished":"2015-06-11T07:05:52+00:00","dateModified":"2015-06-11T18:54:08+00:00","author":{"@id":"https:\/\/www.copealcoy.es\/es\/#\/schema\/person\/e777c87fa024e57d40170af9df39882c"},"breadcrumb":{"@id":"https:\/\/www.copealcoy.es\/es\/ultimo-pleno-de-la-actual-legislatura\/#breadcrumb"},"inLanguage":"es","potentialAction":[{"@type":"ReadAction","target":["https:\/\/www.copealcoy.es\/es\/ultimo-pleno-de-la-actual-legislatura\/"]}]},{"@type":"ImageObject","inLanguage":"es","@id":"https:\/\/www.copealcoy.es\/es\/ultimo-pleno-de-la-actual-legislatura\/#primaryimage","url":"https:\/\/www.copealcoy.es\/wp-content\/uploads\/2015\/06\/img_17910.jpg","contentUrl":"https:\/\/www.copealcoy.es\/wp-content\/uploads\/2015\/06\/img_17910.jpg","width":670,"height":377,"caption":"Los ediles se hicieron una foto al acabar la legislatura"},{"@type":"BreadcrumbList","@id":"https:\/\/www.copealcoy.es\/es\/ultimo-pleno-de-la-actual-legislatura\/#breadcrumb","itemListElement":[{"@type":"ListItem","position":1,"name":"Portada","item":"https:\/\/www.copealcoy.es\/es\/"},{"@type":"ListItem","position":2,"name":"\u00daltimo pleno de la actual legislatura"}]},{"@type":"WebSite","@id":"https:\/\/www.copealcoy.es\/es\/#website","url":"https:\/\/www.copealcoy.es\/es\/","name":"COPE Alcoy","description":"Emisora COPE de radio local con emisi\u00f3n online. Pont de Sant Jordi 8-10 03803 Alcoy","potentialAction":[{"@type":"SearchAction","target":{"@type":"EntryPoint","urlTemplate":"https:\/\/www.copealcoy.es\/es\/?s={search_term_string}"},"query-input":{"@type":"PropertyValueSpecification","valueRequired":true,"valueName":"search_term_string"}}],"inLanguage":"es"},{"@type":"Person","@id":"https:\/\/www.copealcoy.es\/es\/#\/schema\/person\/e777c87fa024e57d40170af9df39882c","name":"Cope Alcoy","image":{"@type":"ImageObject","inLanguage":"es","@id":"https:\/\/secure.gravatar.com\/avatar\/bb65d0283347e303893ba14f0692005417c1e0e690a325a4c5d8bb2b3943ee14?s=96&d=mm&r=g","url":"https:\/\/secure.gravatar.com\/avatar\/bb65d0283347e303893ba14f0692005417c1e0e690a325a4c5d8bb2b3943ee14?s=96&d=mm&r=g","contentUrl":"https:\/\/secure.gravatar.com\/avatar\/bb65d0283347e303893ba14f0692005417c1e0e690a325a4c5d8bb2b3943ee14?s=96&d=mm&r=g","caption":"Cope Alcoy"}}]}},"_links":{"self":[{"href":"https:\/\/www.copealcoy.es\/es\/wp-json\/wp\/v2\/posts\/13895","targetHints":{"allow":["GET"]}}],"collection":[{"href":"https:\/\/www.copealcoy.es\/es\/wp-json\/wp\/v2\/posts"}],"about":[{"href":"https:\/\/www.copealcoy.es\/es\/wp-json\/wp\/v2\/types\/post"}],"author":[{"embeddable":true,"href":"https:\/\/www.copealcoy.es\/es\/wp-json\/wp\/v2\/users\/1"}],"replies":[{"embeddable":true,"href":"https:\/\/www.copealcoy.es\/es\/wp-json\/wp\/v2\/comments?post=13895"}],"version-history":[{"count":0,"href":"https:\/\/www.copealcoy.es\/es\/wp-json\/wp\/v2\/posts\/13895\/revisions"}],"wp:featuredmedia":[{"embeddable":true,"href":"https:\/\/www.copealcoy.es\/es\/wp-json\/wp\/v2\/media\/13896"}],"wp:attachment":[{"href":"https:\/\/www.copealcoy.es\/es\/wp-json\/wp\/v2\/media?parent=13895"}],"wp:term":[{"taxonomy":"category","embeddable":true,"href":"https:\/\/www.copealcoy.es\/es\/wp-json\/wp\/v2\/categories?post=13895"},{"taxonomy":"post_tag","embeddable":true,"href":"https:\/\/www.copealcoy.es\/es\/wp-json\/wp\/v2\/tags?post=13895"}],"curies":[{"name":"wp","href":"https:\/\/api.w.org\/{rel}","templated":true}]}}