{"id":138907,"date":"2024-08-12T15:16:57","date_gmt":"2024-08-12T14:16:57","guid":{"rendered":"https:\/\/www.copealcoy.es\/?p=138907"},"modified":"2024-08-14T20:49:35","modified_gmt":"2024-08-14T19:49:35","slug":"bequeteros-y-cavallets-renuevan-la-tradicion-de-lambaixada-de-les-tomaques","status":"publish","type":"post","link":"https:\/\/www.copealcoy.es\/es\/bequeteros-y-cavallets-renuevan-la-tradicion-de-lambaixada-de-les-tomaques\/","title":{"rendered":"Bequeteros y Cavallets renuevan la tradici\u00f3n de \u2018L\u2019Ambaixada de les Tomaques\u2019"},"content":{"rendered":"<p style=\"text-align: justify;\">Las <a href=\"http:\/\/www.jfcocentaina.com\/\" target=\"_blank\" rel=\"noopener\"><span style=\"color: #0000ff;\"><strong>Fiestas de Moros y Cristianos de Cocentaina<\/strong><\/span><\/a> cuentan con <strong>actos \u00fanicos<\/strong> que marcan la diferencia con el resto de poblaciones de nuestras comarcas que llevan a cabo estos festejos. Uno de ellos es <strong>la cl\u00e1sica \u2018Ambaixada de les Tomaques<\/strong>\u2019, una cita que tiene lugar cada D\u00eda del Alardo y que <strong>siempre es muy esperada<\/strong> tanto por los contestanos como por los visitantes que se acercan hasta la Villa Comdal para descubrir esta singularidad.<\/p>\n<p style=\"text-align: justify;\">Su origen radica en que a\u00f1os atr\u00e1s <strong>ambas formaciones eran consideradas\u00a0\u201cFilaes de Cavalleria\u201d\u00a0<\/strong>y por tal condici\u00f3n eran las encargadas de abrir la procesi\u00f3n o cerrar actos como la Diana o la Entrada. Adem\u00e1s,\u00a0no pod\u00edan disparar en la jornada del Alardo\u00a0y ante esta situaci\u00f3n <strong>decidieron crear su propia batalla<\/strong> teniendo como munici\u00f3n los tomates de la huerta contestana que en esta \u00e9poca del a\u00f1o eran abundantes. As\u00ed naci\u00f3 una Embajada sat\u00edrica que ha tenido lugar a mediod\u00eda en una <strong>nueva ubicaci\u00f3n<\/strong>, el recinto ferial junto al Centre Cultural El Teular, y que ha transcurrido bajo un sol de justicia. Las altas temperaturas no han minado el \u00e1nimo de las dos Filaes protagonistas de la Embajada y ambas <strong>se han enzarzado en una dura batalla de tomates nada m\u00e1s finalizar el parlamento ir\u00f3nico que han pronunciado Paco Castillo,<\/strong> ic\u00f3nico Embajador de la Cavalleria Ministerial, y <strong>David Javaloyes<\/strong> que se ha estrenado este a\u00f1o a gran altura haciendo lo propio en los <strong>Bequeteros<\/strong>. Un buen chapuz\u00f3n, para quitarse las pepitas de encima y la cl\u00e1sica foto de familia entre los valientes guerreros que han protagonizado el combate, <strong>pusieron fin<\/strong> a esta cita tan idiosincr\u00e1sica de la Festa contestana.<\/p>\n<audio class=\"wp-audio-shortcode\" id=\"audio-138907-1\" preload=\"none\" style=\"width: 100%;\" controls=\"controls\"><source type=\"audio\/mpeg\" src=\"https:\/\/www.copealcoy.es\/wp-content\/uploads\/2024\/08\/1023.mp3?_=1\" \/><a href=\"https:\/\/www.copealcoy.es\/wp-content\/uploads\/2024\/08\/1023.mp3\">https:\/\/www.copealcoy.es\/wp-content\/uploads\/2024\/08\/1023.mp3<\/a><\/audio>\n<p>&nbsp;<\/p>\n<p style=\"text-align: justify;\">Tras esta peculiar batalla, <strong>la capital del Comtat agota ya las \u00faltimas horas de las Fiestas de Moros y Cristianos del 2024<\/strong>. A las 18:00h ser\u00e1 <strong>la Estafeta y la posterior Embajada Cristiana<\/strong> dando lugar a un nuevo <strong>disparo de arcabucer\u00eda<\/strong> que finalizar\u00e1 con el izado del emblema de la cruz en lo alto del castillo. Despu\u00e9s tendr\u00e1n lugar <strong>el Acci\u00f3n de Gracias<\/strong> en el Monasterio de la Mare de D\u00e9u del Miracle y el posterior <strong>retorno de la imagen peque\u00f1a de San Hip\u00f3lito M\u00e1rtir<\/strong> a la iglesia del Salvador. La jornada acabar\u00e1 con <strong>una cena de hermandad<\/strong> de todas las Filaes en la Pla\u00e7a del Mercat.<\/p>\n<p>&nbsp;<\/p>\n","protected":false},"excerpt":{"rendered":"<p>Las Fiestas de Moros y Cristianos de Cocentaina cuentan con actos \u00fanicos que marcan la diferencia con el resto de&#8230;<\/p>\n","protected":false},"author":1,"featured_media":138908,"comment_status":"open","ping_status":"open","sticky":false,"template":"","format":"standard","meta":{"footnotes":""},"categories":[6909,98,75],"tags":[4548,132,565,609,4488],"class_list":["post-138907","post","type-post","status-publish","format-standard","has-post-thumbnail","hentry","category-actualidad","category-comarcas","category-noticias","tag-ambaixada-de-les-tomaques","tag-cocentaina","tag-fiestas","tag-moros-y-cristianos","tag-san-hipolito-martir"],"yoast_head":"<!-- This site is optimized with the Yoast SEO plugin v27.3 - https:\/\/yoast.com\/product\/yoast-seo-wordpress\/ -->\n<title>Bequeteros y Cavallets renuevan la tradici\u00f3n de \u2018L\u2019Ambaixada de les Tomaques\u2019 - COPE Alcoy<\/title>\n<meta name=\"description\" content=\"La cl\u00e1sica \u2018Ambaixada de les Tomaques\u2019 es uno de los actos singulares de las Fiestas de Cocentaina que protagonizan las Filaes Cavallets y Bequeteros\" \/>\n<meta name=\"robots\" content=\"index, follow, max-snippet:-1, max-image-preview:large, max-video-preview:-1\" \/>\n<link rel=\"canonical\" href=\"https:\/\/www.copealcoy.es\/es\/bequeteros-y-cavallets-renuevan-la-tradicion-de-lambaixada-de-les-tomaques\/\" \/>\n<meta property=\"og:locale\" content=\"es_ES\" \/>\n<meta property=\"og:type\" content=\"article\" \/>\n<meta property=\"og:title\" content=\"Bequeteros y Cavallets renuevan la tradici\u00f3n de \u2018L\u2019Ambaixada de les Tomaques\u2019 - COPE Alcoy\" \/>\n<meta property=\"og:description\" content=\"La cl\u00e1sica \u2018Ambaixada de les Tomaques\u2019 es uno de los actos singulares de las Fiestas de Cocentaina que protagonizan las Filaes Cavallets y Bequeteros\" \/>\n<meta property=\"og:url\" content=\"https:\/\/www.copealcoy.es\/es\/bequeteros-y-cavallets-renuevan-la-tradicion-de-lambaixada-de-les-tomaques\/\" \/>\n<meta property=\"og:site_name\" content=\"COPE Alcoy\" \/>\n<meta property=\"article:published_time\" content=\"2024-08-12T14:16:57+00:00\" \/>\n<meta property=\"article:modified_time\" content=\"2024-08-14T19:49:35+00:00\" \/>\n<meta property=\"og:image\" content=\"https:\/\/www.copealcoy.es\/wp-content\/uploads\/2024\/08\/unnamed-2-2-scaled.jpg\" \/>\n\t<meta property=\"og:image:width\" content=\"1885\" \/>\n\t<meta property=\"og:image:height\" content=\"1080\" \/>\n\t<meta property=\"og:image:type\" content=\"image\/jpeg\" \/>\n<meta name=\"author\" content=\"Cope Alcoy\" \/>\n<meta name=\"twitter:label1\" content=\"Escrito por\" \/>\n\t<meta name=\"twitter:data1\" content=\"Cope Alcoy\" \/>\n\t<meta name=\"twitter:label2\" content=\"Tiempo de lectura\" \/>\n\t<meta name=\"twitter:data2\" content=\"3 minutos\" \/>\n<script type=\"application\/ld+json\" class=\"yoast-schema-graph\">{\"@context\":\"https:\\\/\\\/schema.org\",\"@graph\":[{\"@type\":\"Article\",\"@id\":\"https:\\\/\\\/www.copealcoy.es\\\/es\\\/bequeteros-y-cavallets-renuevan-la-tradicion-de-lambaixada-de-les-tomaques\\\/#article\",\"isPartOf\":{\"@id\":\"https:\\\/\\\/www.copealcoy.es\\\/es\\\/bequeteros-y-cavallets-renuevan-la-tradicion-de-lambaixada-de-les-tomaques\\\/\"},\"author\":{\"name\":\"Cope Alcoy\",\"@id\":\"https:\\\/\\\/www.copealcoy.es\\\/es\\\/#\\\/schema\\\/person\\\/e777c87fa024e57d40170af9df39882c\"},\"headline\":\"Bequeteros y Cavallets renuevan la tradici\u00f3n de \u2018L\u2019Ambaixada de les Tomaques\u2019\",\"datePublished\":\"2024-08-12T14:16:57+00:00\",\"dateModified\":\"2024-08-14T19:49:35+00:00\",\"mainEntityOfPage\":{\"@id\":\"https:\\\/\\\/www.copealcoy.es\\\/es\\\/bequeteros-y-cavallets-renuevan-la-tradicion-de-lambaixada-de-les-tomaques\\\/\"},\"wordCount\":434,\"commentCount\":0,\"image\":{\"@id\":\"https:\\\/\\\/www.copealcoy.es\\\/es\\\/bequeteros-y-cavallets-renuevan-la-tradicion-de-lambaixada-de-les-tomaques\\\/#primaryimage\"},\"thumbnailUrl\":\"https:\\\/\\\/www.copealcoy.es\\\/wp-content\\\/uploads\\\/2024\\\/08\\\/unnamed-2-2-scaled.jpg\",\"keywords\":[\"Ambaixada de les Tomaques\",\"Cocentaina\",\"Fiestas\",\"Moros Y Cristianos\",\"San Hip\u00f3lito M\u00e1rtir\"],\"articleSection\":[\"Actualidad\",\"Comarcas\",\"Noticias\"],\"inLanguage\":\"es\"},{\"@type\":\"WebPage\",\"@id\":\"https:\\\/\\\/www.copealcoy.es\\\/es\\\/bequeteros-y-cavallets-renuevan-la-tradicion-de-lambaixada-de-les-tomaques\\\/\",\"url\":\"https:\\\/\\\/www.copealcoy.es\\\/es\\\/bequeteros-y-cavallets-renuevan-la-tradicion-de-lambaixada-de-les-tomaques\\\/\",\"name\":\"Bequeteros y Cavallets renuevan la tradici\u00f3n de \u2018L\u2019Ambaixada de les Tomaques\u2019 - COPE Alcoy\",\"isPartOf\":{\"@id\":\"https:\\\/\\\/www.copealcoy.es\\\/es\\\/#website\"},\"primaryImageOfPage\":{\"@id\":\"https:\\\/\\\/www.copealcoy.es\\\/es\\\/bequeteros-y-cavallets-renuevan-la-tradicion-de-lambaixada-de-les-tomaques\\\/#primaryimage\"},\"image\":{\"@id\":\"https:\\\/\\\/www.copealcoy.es\\\/es\\\/bequeteros-y-cavallets-renuevan-la-tradicion-de-lambaixada-de-les-tomaques\\\/#primaryimage\"},\"thumbnailUrl\":\"https:\\\/\\\/www.copealcoy.es\\\/wp-content\\\/uploads\\\/2024\\\/08\\\/unnamed-2-2-scaled.jpg\",\"datePublished\":\"2024-08-12T14:16:57+00:00\",\"dateModified\":\"2024-08-14T19:49:35+00:00\",\"author\":{\"@id\":\"https:\\\/\\\/www.copealcoy.es\\\/es\\\/#\\\/schema\\\/person\\\/e777c87fa024e57d40170af9df39882c\"},\"description\":\"La cl\u00e1sica \u2018Ambaixada de les Tomaques\u2019 es uno de los actos singulares de las Fiestas de Cocentaina que protagonizan las Filaes Cavallets y Bequeteros\",\"breadcrumb\":{\"@id\":\"https:\\\/\\\/www.copealcoy.es\\\/es\\\/bequeteros-y-cavallets-renuevan-la-tradicion-de-lambaixada-de-les-tomaques\\\/#breadcrumb\"},\"inLanguage\":\"es\",\"potentialAction\":[{\"@type\":\"ReadAction\",\"target\":[\"https:\\\/\\\/www.copealcoy.es\\\/es\\\/bequeteros-y-cavallets-renuevan-la-tradicion-de-lambaixada-de-les-tomaques\\\/\"]}]},{\"@type\":\"ImageObject\",\"inLanguage\":\"es\",\"@id\":\"https:\\\/\\\/www.copealcoy.es\\\/es\\\/bequeteros-y-cavallets-renuevan-la-tradicion-de-lambaixada-de-les-tomaques\\\/#primaryimage\",\"url\":\"https:\\\/\\\/www.copealcoy.es\\\/wp-content\\\/uploads\\\/2024\\\/08\\\/unnamed-2-2-scaled.jpg\",\"contentUrl\":\"https:\\\/\\\/www.copealcoy.es\\\/wp-content\\\/uploads\\\/2024\\\/08\\\/unnamed-2-2-scaled.jpg\",\"width\":1885,\"height\":1080},{\"@type\":\"BreadcrumbList\",\"@id\":\"https:\\\/\\\/www.copealcoy.es\\\/es\\\/bequeteros-y-cavallets-renuevan-la-tradicion-de-lambaixada-de-les-tomaques\\\/#breadcrumb\",\"itemListElement\":[{\"@type\":\"ListItem\",\"position\":1,\"name\":\"Portada\",\"item\":\"https:\\\/\\\/www.copealcoy.es\\\/es\\\/\"},{\"@type\":\"ListItem\",\"position\":2,\"name\":\"Bequeteros y Cavallets renuevan la tradici\u00f3n de \u2018L\u2019Ambaixada de les Tomaques\u2019\"}]},{\"@type\":\"WebSite\",\"@id\":\"https:\\\/\\\/www.copealcoy.es\\\/es\\\/#website\",\"url\":\"https:\\\/\\\/www.copealcoy.es\\\/es\\\/\",\"name\":\"COPE Alcoy\",\"description\":\"Emisora COPE de radio local con emisi\u00f3n online. Pont de Sant Jordi 8-10 03803 Alcoy\",\"potentialAction\":[{\"@type\":\"SearchAction\",\"target\":{\"@type\":\"EntryPoint\",\"urlTemplate\":\"https:\\\/\\\/www.copealcoy.es\\\/es\\\/?s={search_term_string}\"},\"query-input\":{\"@type\":\"PropertyValueSpecification\",\"valueRequired\":true,\"valueName\":\"search_term_string\"}}],\"inLanguage\":\"es\"},{\"@type\":\"Person\",\"@id\":\"https:\\\/\\\/www.copealcoy.es\\\/es\\\/#\\\/schema\\\/person\\\/e777c87fa024e57d40170af9df39882c\",\"name\":\"Cope Alcoy\",\"image\":{\"@type\":\"ImageObject\",\"inLanguage\":\"es\",\"@id\":\"https:\\\/\\\/secure.gravatar.com\\\/avatar\\\/bb65d0283347e303893ba14f0692005417c1e0e690a325a4c5d8bb2b3943ee14?s=96&d=mm&r=g\",\"url\":\"https:\\\/\\\/secure.gravatar.com\\\/avatar\\\/bb65d0283347e303893ba14f0692005417c1e0e690a325a4c5d8bb2b3943ee14?s=96&d=mm&r=g\",\"contentUrl\":\"https:\\\/\\\/secure.gravatar.com\\\/avatar\\\/bb65d0283347e303893ba14f0692005417c1e0e690a325a4c5d8bb2b3943ee14?s=96&d=mm&r=g\",\"caption\":\"Cope Alcoy\"}}]}<\/script>\n<!-- \/ Yoast SEO plugin. -->","yoast_head_json":{"title":"Bequeteros y Cavallets renuevan la tradici\u00f3n de \u2018L\u2019Ambaixada de les Tomaques\u2019 - COPE Alcoy","description":"La cl\u00e1sica \u2018Ambaixada de les Tomaques\u2019 es uno de los actos singulares de las Fiestas de Cocentaina que protagonizan las Filaes Cavallets y Bequeteros","robots":{"index":"index","follow":"follow","max-snippet":"max-snippet:-1","max-image-preview":"max-image-preview:large","max-video-preview":"max-video-preview:-1"},"canonical":"https:\/\/www.copealcoy.es\/es\/bequeteros-y-cavallets-renuevan-la-tradicion-de-lambaixada-de-les-tomaques\/","og_locale":"es_ES","og_type":"article","og_title":"Bequeteros y Cavallets renuevan la tradici\u00f3n de \u2018L\u2019Ambaixada de les Tomaques\u2019 - COPE Alcoy","og_description":"La cl\u00e1sica \u2018Ambaixada de les Tomaques\u2019 es uno de los actos singulares de las Fiestas de Cocentaina que protagonizan las Filaes Cavallets y Bequeteros","og_url":"https:\/\/www.copealcoy.es\/es\/bequeteros-y-cavallets-renuevan-la-tradicion-de-lambaixada-de-les-tomaques\/","og_site_name":"COPE Alcoy","article_published_time":"2024-08-12T14:16:57+00:00","article_modified_time":"2024-08-14T19:49:35+00:00","og_image":[{"width":1885,"height":1080,"url":"https:\/\/www.copealcoy.es\/wp-content\/uploads\/2024\/08\/unnamed-2-2-scaled.jpg","type":"image\/jpeg"}],"author":"Cope Alcoy","twitter_misc":{"Escrito por":"Cope Alcoy","Tiempo de lectura":"3 minutos"},"schema":{"@context":"https:\/\/schema.org","@graph":[{"@type":"Article","@id":"https:\/\/www.copealcoy.es\/es\/bequeteros-y-cavallets-renuevan-la-tradicion-de-lambaixada-de-les-tomaques\/#article","isPartOf":{"@id":"https:\/\/www.copealcoy.es\/es\/bequeteros-y-cavallets-renuevan-la-tradicion-de-lambaixada-de-les-tomaques\/"},"author":{"name":"Cope Alcoy","@id":"https:\/\/www.copealcoy.es\/es\/#\/schema\/person\/e777c87fa024e57d40170af9df39882c"},"headline":"Bequeteros y Cavallets renuevan la tradici\u00f3n de \u2018L\u2019Ambaixada de les Tomaques\u2019","datePublished":"2024-08-12T14:16:57+00:00","dateModified":"2024-08-14T19:49:35+00:00","mainEntityOfPage":{"@id":"https:\/\/www.copealcoy.es\/es\/bequeteros-y-cavallets-renuevan-la-tradicion-de-lambaixada-de-les-tomaques\/"},"wordCount":434,"commentCount":0,"image":{"@id":"https:\/\/www.copealcoy.es\/es\/bequeteros-y-cavallets-renuevan-la-tradicion-de-lambaixada-de-les-tomaques\/#primaryimage"},"thumbnailUrl":"https:\/\/www.copealcoy.es\/wp-content\/uploads\/2024\/08\/unnamed-2-2-scaled.jpg","keywords":["Ambaixada de les Tomaques","Cocentaina","Fiestas","Moros Y Cristianos","San Hip\u00f3lito M\u00e1rtir"],"articleSection":["Actualidad","Comarcas","Noticias"],"inLanguage":"es"},{"@type":"WebPage","@id":"https:\/\/www.copealcoy.es\/es\/bequeteros-y-cavallets-renuevan-la-tradicion-de-lambaixada-de-les-tomaques\/","url":"https:\/\/www.copealcoy.es\/es\/bequeteros-y-cavallets-renuevan-la-tradicion-de-lambaixada-de-les-tomaques\/","name":"Bequeteros y Cavallets renuevan la tradici\u00f3n de \u2018L\u2019Ambaixada de les Tomaques\u2019 - COPE Alcoy","isPartOf":{"@id":"https:\/\/www.copealcoy.es\/es\/#website"},"primaryImageOfPage":{"@id":"https:\/\/www.copealcoy.es\/es\/bequeteros-y-cavallets-renuevan-la-tradicion-de-lambaixada-de-les-tomaques\/#primaryimage"},"image":{"@id":"https:\/\/www.copealcoy.es\/es\/bequeteros-y-cavallets-renuevan-la-tradicion-de-lambaixada-de-les-tomaques\/#primaryimage"},"thumbnailUrl":"https:\/\/www.copealcoy.es\/wp-content\/uploads\/2024\/08\/unnamed-2-2-scaled.jpg","datePublished":"2024-08-12T14:16:57+00:00","dateModified":"2024-08-14T19:49:35+00:00","author":{"@id":"https:\/\/www.copealcoy.es\/es\/#\/schema\/person\/e777c87fa024e57d40170af9df39882c"},"description":"La cl\u00e1sica \u2018Ambaixada de les Tomaques\u2019 es uno de los actos singulares de las Fiestas de Cocentaina que protagonizan las Filaes Cavallets y Bequeteros","breadcrumb":{"@id":"https:\/\/www.copealcoy.es\/es\/bequeteros-y-cavallets-renuevan-la-tradicion-de-lambaixada-de-les-tomaques\/#breadcrumb"},"inLanguage":"es","potentialAction":[{"@type":"ReadAction","target":["https:\/\/www.copealcoy.es\/es\/bequeteros-y-cavallets-renuevan-la-tradicion-de-lambaixada-de-les-tomaques\/"]}]},{"@type":"ImageObject","inLanguage":"es","@id":"https:\/\/www.copealcoy.es\/es\/bequeteros-y-cavallets-renuevan-la-tradicion-de-lambaixada-de-les-tomaques\/#primaryimage","url":"https:\/\/www.copealcoy.es\/wp-content\/uploads\/2024\/08\/unnamed-2-2-scaled.jpg","contentUrl":"https:\/\/www.copealcoy.es\/wp-content\/uploads\/2024\/08\/unnamed-2-2-scaled.jpg","width":1885,"height":1080},{"@type":"BreadcrumbList","@id":"https:\/\/www.copealcoy.es\/es\/bequeteros-y-cavallets-renuevan-la-tradicion-de-lambaixada-de-les-tomaques\/#breadcrumb","itemListElement":[{"@type":"ListItem","position":1,"name":"Portada","item":"https:\/\/www.copealcoy.es\/es\/"},{"@type":"ListItem","position":2,"name":"Bequeteros y Cavallets renuevan la tradici\u00f3n de \u2018L\u2019Ambaixada de les Tomaques\u2019"}]},{"@type":"WebSite","@id":"https:\/\/www.copealcoy.es\/es\/#website","url":"https:\/\/www.copealcoy.es\/es\/","name":"COPE Alcoy","description":"Emisora COPE de radio local con emisi\u00f3n online. Pont de Sant Jordi 8-10 03803 Alcoy","potentialAction":[{"@type":"SearchAction","target":{"@type":"EntryPoint","urlTemplate":"https:\/\/www.copealcoy.es\/es\/?s={search_term_string}"},"query-input":{"@type":"PropertyValueSpecification","valueRequired":true,"valueName":"search_term_string"}}],"inLanguage":"es"},{"@type":"Person","@id":"https:\/\/www.copealcoy.es\/es\/#\/schema\/person\/e777c87fa024e57d40170af9df39882c","name":"Cope Alcoy","image":{"@type":"ImageObject","inLanguage":"es","@id":"https:\/\/secure.gravatar.com\/avatar\/bb65d0283347e303893ba14f0692005417c1e0e690a325a4c5d8bb2b3943ee14?s=96&d=mm&r=g","url":"https:\/\/secure.gravatar.com\/avatar\/bb65d0283347e303893ba14f0692005417c1e0e690a325a4c5d8bb2b3943ee14?s=96&d=mm&r=g","contentUrl":"https:\/\/secure.gravatar.com\/avatar\/bb65d0283347e303893ba14f0692005417c1e0e690a325a4c5d8bb2b3943ee14?s=96&d=mm&r=g","caption":"Cope Alcoy"}}]}},"_links":{"self":[{"href":"https:\/\/www.copealcoy.es\/es\/wp-json\/wp\/v2\/posts\/138907","targetHints":{"allow":["GET"]}}],"collection":[{"href":"https:\/\/www.copealcoy.es\/es\/wp-json\/wp\/v2\/posts"}],"about":[{"href":"https:\/\/www.copealcoy.es\/es\/wp-json\/wp\/v2\/types\/post"}],"author":[{"embeddable":true,"href":"https:\/\/www.copealcoy.es\/es\/wp-json\/wp\/v2\/users\/1"}],"replies":[{"embeddable":true,"href":"https:\/\/www.copealcoy.es\/es\/wp-json\/wp\/v2\/comments?post=138907"}],"version-history":[{"count":0,"href":"https:\/\/www.copealcoy.es\/es\/wp-json\/wp\/v2\/posts\/138907\/revisions"}],"wp:featuredmedia":[{"embeddable":true,"href":"https:\/\/www.copealcoy.es\/es\/wp-json\/wp\/v2\/media\/138908"}],"wp:attachment":[{"href":"https:\/\/www.copealcoy.es\/es\/wp-json\/wp\/v2\/media?parent=138907"}],"wp:term":[{"taxonomy":"category","embeddable":true,"href":"https:\/\/www.copealcoy.es\/es\/wp-json\/wp\/v2\/categories?post=138907"},{"taxonomy":"post_tag","embeddable":true,"href":"https:\/\/www.copealcoy.es\/es\/wp-json\/wp\/v2\/tags?post=138907"}],"curies":[{"name":"wp","href":"https:\/\/api.w.org\/{rel}","templated":true}]}}