{"id":138881,"date":"2024-08-12T14:51:45","date_gmt":"2024-08-12T13:51:45","guid":{"rendered":"https:\/\/www.copealcoy.es\/?p=138881"},"modified":"2024-08-12T15:04:57","modified_gmt":"2024-08-12T14:04:57","slug":"cocentaina-cae-en-manos-de-las-tropas-arabes-2","status":"publish","type":"post","link":"https:\/\/www.copealcoy.es\/es\/cocentaina-cae-en-manos-de-las-tropas-arabes-2\/","title":{"rendered":"Cocentaina cae en manos de las tropas \u00e1rabes"},"content":{"rendered":"<p style=\"text-align: justify;\">Cocentaina avanza en el <strong>\u00faltimo d\u00eda de <a href=\"http:\/\/www.jfcocentaina.com\/\" target=\"_blank\" rel=\"noopener\"><span style=\"color: #0000ff;\">las Fiestas<\/span><\/a> de este a\u00f1o<\/strong> y la jornada de hoy lunes est\u00e1 marcada por <strong>la escenificaci\u00f3n de la batalla entre moros y cristianos<\/strong>. En la misma, seg\u00fan inform\u00f3 la Junta de Festes antes de la trilog\u00eda, <strong>se van a quemar m\u00e1s de setecientos quilos de p\u00f3lvora<\/strong>.<\/p>\n<p style=\"text-align: justify;\">La actividad festera ha arrancado con <strong>las guerrillas<\/strong> a los pies de la Serra de Mariola al despuntar el alba anunci\u00e1ndose as\u00ed el inminente combate entre las tropas de la cruz y las fuerzas de la media luna. Este se ha materializado pasadas las once de la ma\u00f1ana en El Pla, lugar en el que ha tenido lugar<strong> la Estafeta<\/strong> con la petici\u00f3n para que los cristianos entregaran la Villa a los moros. Los herederos del almirante Roger de Ll\u00faria han rechazado la misiva y el emisario ha iniciado una r\u00e1pida carrera con su caballo para dar cuenta a los suyos de esta situaci\u00f3n. El ritual ha seguido con <strong>la Embajada Mora<\/strong> ante el castillo, declamada por Lu\u00eds Reche, y un parlamento que ha terminado sin acuerdo alguno entre ambas partes \u00ab<em>Al\u00e0 ho vol, per tossud, infidel i insolent hu\u00ed veur\u00e1s cremar la Vila de Cocentaina. Soldats, per Mahoma, incendieu el Castell<\/em>\u201d, reza en el texto de las Embajadas que hemos podido escuchar y que escribi\u00f3 en 2006 <strong>Iv\u00e1n Carbonell Iglesias<\/strong>. De esta forma se ha simulado <strong>el incendio del municipio por parte de las tropas sarracenas<\/strong>, un hecho ocurrido en el a\u00f1o 1304 y por el <strong>que los contestanos son conocidos con el sobrenombre de \u201cSocarrats\u201d<\/strong>.\u00a0 Despu\u00e9s de este momento ha tenido lugar <strong>el disparo matinal<\/strong> dando paso despu\u00e9s a la lucha con las armas de los cuatro cargos festeros de este 2024, una batalla que finaliz\u00f3 arriba del castillo <strong>iz\u00e1ndose el emblema de la media luna<\/strong> como se\u00f1al de victoria.<\/p>\n<p style=\"text-align: justify;\">La capital del Comtat <strong>est\u00e1 ahora mismo bajo dominio musulm\u00e1n<\/strong> a la espera de que esta tarde los cristianos regresen con fuerza a reconquistar estas tierras flanqueadas por la Serra de Mariola. Antes de ello, en torno a las 14:00h, <strong>las Filaes Bequeteros y Cavalleria Ministerial protagonizar\u00e1n la cl\u00e1sica \u2018Ambaixada de les Tomaques\u2019<\/strong> en el recinto ferial situado junto al Centre Cultural El Teular.<\/p>\n<div id='gallery-1' class='gallery galleryid-138881 gallery-columns-2 gallery-size-large'><figure class='gallery-item'>\n\t\t\t<div class='gallery-icon landscape'>\n\t\t\t\t<a href='https:\/\/www.copealcoy.es\/es\/cocentaina-cae-en-manos-de-las-tropas-arabes-2\/img_2551-2\/'><img loading=\"lazy\" decoding=\"async\" width=\"980\" height=\"588\" src=\"https:\/\/www.copealcoy.es\/wp-content\/uploads\/2024\/08\/IMG_2551-980x588.jpg\" class=\"attachment-large size-large\" alt=\"\" \/><\/a>\n\t\t\t<\/div><\/figure><figure class='gallery-item'>\n\t\t\t<div class='gallery-icon landscape'>\n\t\t\t\t<a href='https:\/\/www.copealcoy.es\/es\/cocentaina-cae-en-manos-de-las-tropas-arabes-2\/unnamed-1-477\/'><img loading=\"lazy\" decoding=\"async\" width=\"980\" height=\"588\" src=\"https:\/\/www.copealcoy.es\/wp-content\/uploads\/2024\/08\/unnamed-1-12-980x588.jpg\" class=\"attachment-large size-large\" alt=\"\" \/><\/a>\n\t\t\t<\/div><\/figure><figure class='gallery-item'>\n\t\t\t<div class='gallery-icon landscape'>\n\t\t\t\t<a href='https:\/\/www.copealcoy.es\/es\/cocentaina-cae-en-manos-de-las-tropas-arabes-2\/img_2561\/'><img loading=\"lazy\" decoding=\"async\" width=\"980\" height=\"588\" src=\"https:\/\/www.copealcoy.es\/wp-content\/uploads\/2024\/08\/IMG_2561-980x588.jpg\" class=\"attachment-large size-large\" alt=\"\" \/><\/a>\n\t\t\t<\/div><\/figure><figure class='gallery-item'>\n\t\t\t<div class='gallery-icon landscape'>\n\t\t\t\t<a href='https:\/\/www.copealcoy.es\/es\/cocentaina-cae-en-manos-de-las-tropas-arabes-2\/img_2552\/'><img loading=\"lazy\" decoding=\"async\" width=\"980\" height=\"588\" src=\"https:\/\/www.copealcoy.es\/wp-content\/uploads\/2024\/08\/IMG_2552-980x588.jpg\" class=\"attachment-large size-large\" alt=\"\" \/><\/a>\n\t\t\t<\/div><\/figure>\n\t\t<\/div>\n\n","protected":false},"excerpt":{"rendered":"<p>Cocentaina avanza en el \u00faltimo d\u00eda de las Fiestas de este a\u00f1o y la jornada de hoy lunes est\u00e1 marcada&#8230;<\/p>\n","protected":false},"author":1,"featured_media":138882,"comment_status":"open","ping_status":"open","sticky":false,"template":"","format":"standard","meta":{"footnotes":""},"categories":[6909,98,75,125],"tags":[132,2162,565,13057,609,4488],"class_list":["post-138881","post","type-post","status-publish","format-standard","has-post-thumbnail","hentry","category-actualidad","category-comarcas","category-noticias","category-portada","tag-cocentaina","tag-embajada-mora","tag-fiestas","tag-luis-reche","tag-moros-y-cristianos","tag-san-hipolito-martir"],"yoast_head":"<!-- This site is optimized with the Yoast SEO plugin v27.3 - https:\/\/yoast.com\/product\/yoast-seo-wordpress\/ -->\n<title>Cocentaina cae en manos de las tropas \u00e1rabes - COPE Alcoy<\/title>\n<meta name=\"description\" content=\"La capital del Comtat est\u00e1 ahora mismo bajo dominio musulm\u00e1n tras la Embajada Mora y el disparo de arcabucer\u00eda que ha tenido lugar esta ma\u00f1ana\" \/>\n<meta name=\"robots\" content=\"index, follow, max-snippet:-1, max-image-preview:large, max-video-preview:-1\" \/>\n<link rel=\"canonical\" href=\"https:\/\/www.copealcoy.es\/es\/cocentaina-cae-en-manos-de-las-tropas-arabes-2\/\" \/>\n<meta property=\"og:locale\" content=\"es_ES\" \/>\n<meta property=\"og:type\" content=\"article\" \/>\n<meta property=\"og:title\" content=\"Cocentaina cae en manos de las tropas \u00e1rabes - COPE Alcoy\" \/>\n<meta property=\"og:description\" content=\"La capital del Comtat est\u00e1 ahora mismo bajo dominio musulm\u00e1n tras la Embajada Mora y el disparo de arcabucer\u00eda que ha tenido lugar esta ma\u00f1ana\" \/>\n<meta property=\"og:url\" content=\"https:\/\/www.copealcoy.es\/es\/cocentaina-cae-en-manos-de-las-tropas-arabes-2\/\" \/>\n<meta property=\"og:site_name\" content=\"COPE Alcoy\" \/>\n<meta property=\"article:published_time\" content=\"2024-08-12T13:51:45+00:00\" \/>\n<meta property=\"article:modified_time\" content=\"2024-08-12T14:04:57+00:00\" \/>\n<meta property=\"og:image\" content=\"https:\/\/www.copealcoy.es\/wp-content\/uploads\/2024\/08\/IMG_2560-scaled.jpg\" \/>\n\t<meta property=\"og:image:width\" content=\"1794\" \/>\n\t<meta property=\"og:image:height\" content=\"1080\" \/>\n\t<meta property=\"og:image:type\" content=\"image\/jpeg\" \/>\n<meta name=\"author\" content=\"Cope Alcoy\" \/>\n<meta name=\"twitter:label1\" content=\"Escrito por\" \/>\n\t<meta name=\"twitter:data1\" content=\"Cope Alcoy\" \/>\n\t<meta name=\"twitter:label2\" content=\"Tiempo de lectura\" \/>\n\t<meta name=\"twitter:data2\" content=\"3 minutos\" \/>\n<script type=\"application\/ld+json\" class=\"yoast-schema-graph\">{\"@context\":\"https:\\\/\\\/schema.org\",\"@graph\":[{\"@type\":\"Article\",\"@id\":\"https:\\\/\\\/www.copealcoy.es\\\/es\\\/cocentaina-cae-en-manos-de-las-tropas-arabes-2\\\/#article\",\"isPartOf\":{\"@id\":\"https:\\\/\\\/www.copealcoy.es\\\/es\\\/cocentaina-cae-en-manos-de-las-tropas-arabes-2\\\/\"},\"author\":{\"name\":\"Cope Alcoy\",\"@id\":\"https:\\\/\\\/www.copealcoy.es\\\/es\\\/#\\\/schema\\\/person\\\/e777c87fa024e57d40170af9df39882c\"},\"headline\":\"Cocentaina cae en manos de las tropas \u00e1rabes\",\"datePublished\":\"2024-08-12T13:51:45+00:00\",\"dateModified\":\"2024-08-12T14:04:57+00:00\",\"mainEntityOfPage\":{\"@id\":\"https:\\\/\\\/www.copealcoy.es\\\/es\\\/cocentaina-cae-en-manos-de-las-tropas-arabes-2\\\/\"},\"wordCount\":403,\"commentCount\":0,\"image\":{\"@id\":\"https:\\\/\\\/www.copealcoy.es\\\/es\\\/cocentaina-cae-en-manos-de-las-tropas-arabes-2\\\/#primaryimage\"},\"thumbnailUrl\":\"https:\\\/\\\/www.copealcoy.es\\\/wp-content\\\/uploads\\\/2024\\\/08\\\/IMG_2560-scaled.jpg\",\"keywords\":[\"Cocentaina\",\"embajada mora\",\"Fiestas\",\"Lu\u00eds Reche\",\"Moros Y Cristianos\",\"San Hip\u00f3lito M\u00e1rtir\"],\"articleSection\":[\"Actualidad\",\"Comarcas\",\"Noticias\",\"Portada\"],\"inLanguage\":\"es\"},{\"@type\":\"WebPage\",\"@id\":\"https:\\\/\\\/www.copealcoy.es\\\/es\\\/cocentaina-cae-en-manos-de-las-tropas-arabes-2\\\/\",\"url\":\"https:\\\/\\\/www.copealcoy.es\\\/es\\\/cocentaina-cae-en-manos-de-las-tropas-arabes-2\\\/\",\"name\":\"Cocentaina cae en manos de las tropas \u00e1rabes - COPE Alcoy\",\"isPartOf\":{\"@id\":\"https:\\\/\\\/www.copealcoy.es\\\/es\\\/#website\"},\"primaryImageOfPage\":{\"@id\":\"https:\\\/\\\/www.copealcoy.es\\\/es\\\/cocentaina-cae-en-manos-de-las-tropas-arabes-2\\\/#primaryimage\"},\"image\":{\"@id\":\"https:\\\/\\\/www.copealcoy.es\\\/es\\\/cocentaina-cae-en-manos-de-las-tropas-arabes-2\\\/#primaryimage\"},\"thumbnailUrl\":\"https:\\\/\\\/www.copealcoy.es\\\/wp-content\\\/uploads\\\/2024\\\/08\\\/IMG_2560-scaled.jpg\",\"datePublished\":\"2024-08-12T13:51:45+00:00\",\"dateModified\":\"2024-08-12T14:04:57+00:00\",\"author\":{\"@id\":\"https:\\\/\\\/www.copealcoy.es\\\/es\\\/#\\\/schema\\\/person\\\/e777c87fa024e57d40170af9df39882c\"},\"description\":\"La capital del Comtat est\u00e1 ahora mismo bajo dominio musulm\u00e1n tras la Embajada Mora y el disparo de arcabucer\u00eda que ha tenido lugar esta ma\u00f1ana\",\"breadcrumb\":{\"@id\":\"https:\\\/\\\/www.copealcoy.es\\\/es\\\/cocentaina-cae-en-manos-de-las-tropas-arabes-2\\\/#breadcrumb\"},\"inLanguage\":\"es\",\"potentialAction\":[{\"@type\":\"ReadAction\",\"target\":[\"https:\\\/\\\/www.copealcoy.es\\\/es\\\/cocentaina-cae-en-manos-de-las-tropas-arabes-2\\\/\"]}]},{\"@type\":\"ImageObject\",\"inLanguage\":\"es\",\"@id\":\"https:\\\/\\\/www.copealcoy.es\\\/es\\\/cocentaina-cae-en-manos-de-las-tropas-arabes-2\\\/#primaryimage\",\"url\":\"https:\\\/\\\/www.copealcoy.es\\\/wp-content\\\/uploads\\\/2024\\\/08\\\/IMG_2560-scaled.jpg\",\"contentUrl\":\"https:\\\/\\\/www.copealcoy.es\\\/wp-content\\\/uploads\\\/2024\\\/08\\\/IMG_2560-scaled.jpg\",\"width\":1794,\"height\":1080},{\"@type\":\"BreadcrumbList\",\"@id\":\"https:\\\/\\\/www.copealcoy.es\\\/es\\\/cocentaina-cae-en-manos-de-las-tropas-arabes-2\\\/#breadcrumb\",\"itemListElement\":[{\"@type\":\"ListItem\",\"position\":1,\"name\":\"Portada\",\"item\":\"https:\\\/\\\/www.copealcoy.es\\\/es\\\/\"},{\"@type\":\"ListItem\",\"position\":2,\"name\":\"Cocentaina cae en manos de las tropas \u00e1rabes\"}]},{\"@type\":\"WebSite\",\"@id\":\"https:\\\/\\\/www.copealcoy.es\\\/es\\\/#website\",\"url\":\"https:\\\/\\\/www.copealcoy.es\\\/es\\\/\",\"name\":\"COPE Alcoy\",\"description\":\"Emisora COPE de radio local con emisi\u00f3n online. Pont de Sant Jordi 8-10 03803 Alcoy\",\"potentialAction\":[{\"@type\":\"SearchAction\",\"target\":{\"@type\":\"EntryPoint\",\"urlTemplate\":\"https:\\\/\\\/www.copealcoy.es\\\/es\\\/?s={search_term_string}\"},\"query-input\":{\"@type\":\"PropertyValueSpecification\",\"valueRequired\":true,\"valueName\":\"search_term_string\"}}],\"inLanguage\":\"es\"},{\"@type\":\"Person\",\"@id\":\"https:\\\/\\\/www.copealcoy.es\\\/es\\\/#\\\/schema\\\/person\\\/e777c87fa024e57d40170af9df39882c\",\"name\":\"Cope Alcoy\",\"image\":{\"@type\":\"ImageObject\",\"inLanguage\":\"es\",\"@id\":\"https:\\\/\\\/secure.gravatar.com\\\/avatar\\\/bb65d0283347e303893ba14f0692005417c1e0e690a325a4c5d8bb2b3943ee14?s=96&d=mm&r=g\",\"url\":\"https:\\\/\\\/secure.gravatar.com\\\/avatar\\\/bb65d0283347e303893ba14f0692005417c1e0e690a325a4c5d8bb2b3943ee14?s=96&d=mm&r=g\",\"contentUrl\":\"https:\\\/\\\/secure.gravatar.com\\\/avatar\\\/bb65d0283347e303893ba14f0692005417c1e0e690a325a4c5d8bb2b3943ee14?s=96&d=mm&r=g\",\"caption\":\"Cope Alcoy\"}}]}<\/script>\n<!-- \/ Yoast SEO plugin. -->","yoast_head_json":{"title":"Cocentaina cae en manos de las tropas \u00e1rabes - COPE Alcoy","description":"La capital del Comtat est\u00e1 ahora mismo bajo dominio musulm\u00e1n tras la Embajada Mora y el disparo de arcabucer\u00eda que ha tenido lugar esta ma\u00f1ana","robots":{"index":"index","follow":"follow","max-snippet":"max-snippet:-1","max-image-preview":"max-image-preview:large","max-video-preview":"max-video-preview:-1"},"canonical":"https:\/\/www.copealcoy.es\/es\/cocentaina-cae-en-manos-de-las-tropas-arabes-2\/","og_locale":"es_ES","og_type":"article","og_title":"Cocentaina cae en manos de las tropas \u00e1rabes - COPE Alcoy","og_description":"La capital del Comtat est\u00e1 ahora mismo bajo dominio musulm\u00e1n tras la Embajada Mora y el disparo de arcabucer\u00eda que ha tenido lugar esta ma\u00f1ana","og_url":"https:\/\/www.copealcoy.es\/es\/cocentaina-cae-en-manos-de-las-tropas-arabes-2\/","og_site_name":"COPE Alcoy","article_published_time":"2024-08-12T13:51:45+00:00","article_modified_time":"2024-08-12T14:04:57+00:00","og_image":[{"width":1794,"height":1080,"url":"https:\/\/www.copealcoy.es\/wp-content\/uploads\/2024\/08\/IMG_2560-scaled.jpg","type":"image\/jpeg"}],"author":"Cope Alcoy","twitter_misc":{"Escrito por":"Cope Alcoy","Tiempo de lectura":"3 minutos"},"schema":{"@context":"https:\/\/schema.org","@graph":[{"@type":"Article","@id":"https:\/\/www.copealcoy.es\/es\/cocentaina-cae-en-manos-de-las-tropas-arabes-2\/#article","isPartOf":{"@id":"https:\/\/www.copealcoy.es\/es\/cocentaina-cae-en-manos-de-las-tropas-arabes-2\/"},"author":{"name":"Cope Alcoy","@id":"https:\/\/www.copealcoy.es\/es\/#\/schema\/person\/e777c87fa024e57d40170af9df39882c"},"headline":"Cocentaina cae en manos de las tropas \u00e1rabes","datePublished":"2024-08-12T13:51:45+00:00","dateModified":"2024-08-12T14:04:57+00:00","mainEntityOfPage":{"@id":"https:\/\/www.copealcoy.es\/es\/cocentaina-cae-en-manos-de-las-tropas-arabes-2\/"},"wordCount":403,"commentCount":0,"image":{"@id":"https:\/\/www.copealcoy.es\/es\/cocentaina-cae-en-manos-de-las-tropas-arabes-2\/#primaryimage"},"thumbnailUrl":"https:\/\/www.copealcoy.es\/wp-content\/uploads\/2024\/08\/IMG_2560-scaled.jpg","keywords":["Cocentaina","embajada mora","Fiestas","Lu\u00eds Reche","Moros Y Cristianos","San Hip\u00f3lito M\u00e1rtir"],"articleSection":["Actualidad","Comarcas","Noticias","Portada"],"inLanguage":"es"},{"@type":"WebPage","@id":"https:\/\/www.copealcoy.es\/es\/cocentaina-cae-en-manos-de-las-tropas-arabes-2\/","url":"https:\/\/www.copealcoy.es\/es\/cocentaina-cae-en-manos-de-las-tropas-arabes-2\/","name":"Cocentaina cae en manos de las tropas \u00e1rabes - COPE Alcoy","isPartOf":{"@id":"https:\/\/www.copealcoy.es\/es\/#website"},"primaryImageOfPage":{"@id":"https:\/\/www.copealcoy.es\/es\/cocentaina-cae-en-manos-de-las-tropas-arabes-2\/#primaryimage"},"image":{"@id":"https:\/\/www.copealcoy.es\/es\/cocentaina-cae-en-manos-de-las-tropas-arabes-2\/#primaryimage"},"thumbnailUrl":"https:\/\/www.copealcoy.es\/wp-content\/uploads\/2024\/08\/IMG_2560-scaled.jpg","datePublished":"2024-08-12T13:51:45+00:00","dateModified":"2024-08-12T14:04:57+00:00","author":{"@id":"https:\/\/www.copealcoy.es\/es\/#\/schema\/person\/e777c87fa024e57d40170af9df39882c"},"description":"La capital del Comtat est\u00e1 ahora mismo bajo dominio musulm\u00e1n tras la Embajada Mora y el disparo de arcabucer\u00eda que ha tenido lugar esta ma\u00f1ana","breadcrumb":{"@id":"https:\/\/www.copealcoy.es\/es\/cocentaina-cae-en-manos-de-las-tropas-arabes-2\/#breadcrumb"},"inLanguage":"es","potentialAction":[{"@type":"ReadAction","target":["https:\/\/www.copealcoy.es\/es\/cocentaina-cae-en-manos-de-las-tropas-arabes-2\/"]}]},{"@type":"ImageObject","inLanguage":"es","@id":"https:\/\/www.copealcoy.es\/es\/cocentaina-cae-en-manos-de-las-tropas-arabes-2\/#primaryimage","url":"https:\/\/www.copealcoy.es\/wp-content\/uploads\/2024\/08\/IMG_2560-scaled.jpg","contentUrl":"https:\/\/www.copealcoy.es\/wp-content\/uploads\/2024\/08\/IMG_2560-scaled.jpg","width":1794,"height":1080},{"@type":"BreadcrumbList","@id":"https:\/\/www.copealcoy.es\/es\/cocentaina-cae-en-manos-de-las-tropas-arabes-2\/#breadcrumb","itemListElement":[{"@type":"ListItem","position":1,"name":"Portada","item":"https:\/\/www.copealcoy.es\/es\/"},{"@type":"ListItem","position":2,"name":"Cocentaina cae en manos de las tropas \u00e1rabes"}]},{"@type":"WebSite","@id":"https:\/\/www.copealcoy.es\/es\/#website","url":"https:\/\/www.copealcoy.es\/es\/","name":"COPE Alcoy","description":"Emisora COPE de radio local con emisi\u00f3n online. Pont de Sant Jordi 8-10 03803 Alcoy","potentialAction":[{"@type":"SearchAction","target":{"@type":"EntryPoint","urlTemplate":"https:\/\/www.copealcoy.es\/es\/?s={search_term_string}"},"query-input":{"@type":"PropertyValueSpecification","valueRequired":true,"valueName":"search_term_string"}}],"inLanguage":"es"},{"@type":"Person","@id":"https:\/\/www.copealcoy.es\/es\/#\/schema\/person\/e777c87fa024e57d40170af9df39882c","name":"Cope Alcoy","image":{"@type":"ImageObject","inLanguage":"es","@id":"https:\/\/secure.gravatar.com\/avatar\/bb65d0283347e303893ba14f0692005417c1e0e690a325a4c5d8bb2b3943ee14?s=96&d=mm&r=g","url":"https:\/\/secure.gravatar.com\/avatar\/bb65d0283347e303893ba14f0692005417c1e0e690a325a4c5d8bb2b3943ee14?s=96&d=mm&r=g","contentUrl":"https:\/\/secure.gravatar.com\/avatar\/bb65d0283347e303893ba14f0692005417c1e0e690a325a4c5d8bb2b3943ee14?s=96&d=mm&r=g","caption":"Cope Alcoy"}}]}},"_links":{"self":[{"href":"https:\/\/www.copealcoy.es\/es\/wp-json\/wp\/v2\/posts\/138881","targetHints":{"allow":["GET"]}}],"collection":[{"href":"https:\/\/www.copealcoy.es\/es\/wp-json\/wp\/v2\/posts"}],"about":[{"href":"https:\/\/www.copealcoy.es\/es\/wp-json\/wp\/v2\/types\/post"}],"author":[{"embeddable":true,"href":"https:\/\/www.copealcoy.es\/es\/wp-json\/wp\/v2\/users\/1"}],"replies":[{"embeddable":true,"href":"https:\/\/www.copealcoy.es\/es\/wp-json\/wp\/v2\/comments?post=138881"}],"version-history":[{"count":0,"href":"https:\/\/www.copealcoy.es\/es\/wp-json\/wp\/v2\/posts\/138881\/revisions"}],"wp:featuredmedia":[{"embeddable":true,"href":"https:\/\/www.copealcoy.es\/es\/wp-json\/wp\/v2\/media\/138882"}],"wp:attachment":[{"href":"https:\/\/www.copealcoy.es\/es\/wp-json\/wp\/v2\/media?parent=138881"}],"wp:term":[{"taxonomy":"category","embeddable":true,"href":"https:\/\/www.copealcoy.es\/es\/wp-json\/wp\/v2\/categories?post=138881"},{"taxonomy":"post_tag","embeddable":true,"href":"https:\/\/www.copealcoy.es\/es\/wp-json\/wp\/v2\/tags?post=138881"}],"curies":[{"name":"wp","href":"https:\/\/api.w.org\/{rel}","templated":true}]}}