{"id":13885,"date":"2015-06-11T17:17:43","date_gmt":"2015-06-11T17:17:43","guid":{"rendered":"http:\/\/copealcoi.es\/new\/?p=13885"},"modified":"2015-06-11T17:18:43","modified_gmt":"2015-06-11T17:18:43","slug":"la-diputacion-invierte-en-la-mejora-de-caminos-de-la-comarca","status":"publish","type":"post","link":"https:\/\/www.copealcoy.es\/es\/la-diputacion-invierte-en-la-mejora-de-caminos-de-la-comarca\/","title":{"rendered":"La Diputaci\u00f3n invierte en la mejora de caminos de la Comarca"},"content":{"rendered":"<p style=\"text-align: justify;\">La Diputaci\u00f3n Provincial de Alicante invertir\u00e1 cerca de 60.000 euros en la mejora de varios caminos de titularidad no provincial en un total de veinte municipios alicantinos con una poblaci\u00f3n inferior a 5.000 habitantes.\u00a0La intervenci\u00f3n consistir\u00e1 en la rehabilitaci\u00f3n, desbroce y bacheo de caminos as\u00ed como la limpieza de cunetas, mantenimiento de drenajes asf\u00e1lticos y reparcheo de v\u00edas.<\/p>\n<p style=\"text-align: justify;\">El Diputado de Infraestructuras, Manuel P\u00e9rez Fenoll, ha indicado que estos trabajos contribuyen a mejorar la calidad de las localidades de la provincia &#8220;son una herramienta \u00fatil para atender las peticiones y prioridades de los ayuntamientos respecto a la mejora de las comunicaciones de nuestra provincia&#8221;, se\u00f1ala.<\/p>\n<p style=\"text-align: justify;\">Apuntar que en el Comtat el ente provincial destinar\u00e1 10.000 euros que ir\u00e1n a parar a Alcosser de Planes, Alcoleja, Almudaina y Millena.<\/p>\n","protected":false},"excerpt":{"rendered":"<p>La Diputaci\u00f3n Provincial de Alicante invertir\u00e1 cerca de 60.000 euros en la mejora de varios caminos de titularidad no provincial&#8230;<\/p>\n","protected":false},"author":1,"featured_media":13886,"comment_status":"open","ping_status":"open","sticky":false,"template":"","format":"standard","meta":{"footnotes":""},"categories":[98,75],"tags":[518,237,234,145],"class_list":["post-13885","post","type-post","status-publish","format-standard","has-post-thumbnail","hentry","category-comarcas","category-noticias","tag-caminos-rurales","tag-comtat","tag-diputacion","tag-obras"],"yoast_head":"<!-- This site is optimized with the Yoast SEO plugin v27.3 - https:\/\/yoast.com\/product\/yoast-seo-wordpress\/ -->\n<title>La Diputaci\u00f3n invierte en la mejora de caminos de la Comarca - COPE Alcoy<\/title>\n<meta name=\"robots\" content=\"index, follow, max-snippet:-1, max-image-preview:large, max-video-preview:-1\" \/>\n<link rel=\"canonical\" href=\"https:\/\/www.copealcoy.es\/es\/la-diputacion-invierte-en-la-mejora-de-caminos-de-la-comarca\/\" \/>\n<meta property=\"og:locale\" content=\"es_ES\" \/>\n<meta property=\"og:type\" content=\"article\" \/>\n<meta property=\"og:title\" content=\"La Diputaci\u00f3n invierte en la mejora de caminos de la Comarca - COPE Alcoy\" \/>\n<meta property=\"og:description\" content=\"La Diputaci\u00f3n Provincial de Alicante invertir\u00e1 cerca de 60.000 euros en la mejora de varios caminos de titularidad no provincial...\" \/>\n<meta property=\"og:url\" content=\"https:\/\/www.copealcoy.es\/es\/la-diputacion-invierte-en-la-mejora-de-caminos-de-la-comarca\/\" \/>\n<meta property=\"og:site_name\" content=\"COPE Alcoy\" \/>\n<meta property=\"article:published_time\" content=\"2015-06-11T17:17:43+00:00\" \/>\n<meta property=\"article:modified_time\" content=\"2015-06-11T17:18:43+00:00\" \/>\n<meta property=\"og:image\" content=\"https:\/\/www.copealcoy.es\/wp-content\/uploads\/2015\/06\/camino-2.jpg\" \/>\n\t<meta property=\"og:image:width\" content=\"510\" \/>\n\t<meta property=\"og:image:height\" content=\"340\" \/>\n\t<meta property=\"og:image:type\" content=\"image\/jpeg\" \/>\n<meta name=\"author\" content=\"Cope Alcoy\" \/>\n<meta name=\"twitter:label1\" content=\"Escrito por\" \/>\n\t<meta name=\"twitter:data1\" content=\"Cope Alcoy\" \/>\n\t<meta name=\"twitter:label2\" content=\"Tiempo de lectura\" \/>\n\t<meta name=\"twitter:data2\" content=\"1 minuto\" \/>\n<script type=\"application\/ld+json\" class=\"yoast-schema-graph\">{\"@context\":\"https:\\\/\\\/schema.org\",\"@graph\":[{\"@type\":\"Article\",\"@id\":\"https:\\\/\\\/www.copealcoy.es\\\/es\\\/la-diputacion-invierte-en-la-mejora-de-caminos-de-la-comarca\\\/#article\",\"isPartOf\":{\"@id\":\"https:\\\/\\\/www.copealcoy.es\\\/es\\\/la-diputacion-invierte-en-la-mejora-de-caminos-de-la-comarca\\\/\"},\"author\":{\"name\":\"Cope Alcoy\",\"@id\":\"https:\\\/\\\/www.copealcoy.es\\\/es\\\/#\\\/schema\\\/person\\\/e777c87fa024e57d40170af9df39882c\"},\"headline\":\"La Diputaci\u00f3n invierte en la mejora de caminos de la Comarca\",\"datePublished\":\"2015-06-11T17:17:43+00:00\",\"dateModified\":\"2015-06-11T17:18:43+00:00\",\"mainEntityOfPage\":{\"@id\":\"https:\\\/\\\/www.copealcoy.es\\\/es\\\/la-diputacion-invierte-en-la-mejora-de-caminos-de-la-comarca\\\/\"},\"wordCount\":147,\"commentCount\":0,\"image\":{\"@id\":\"https:\\\/\\\/www.copealcoy.es\\\/es\\\/la-diputacion-invierte-en-la-mejora-de-caminos-de-la-comarca\\\/#primaryimage\"},\"thumbnailUrl\":\"https:\\\/\\\/www.copealcoy.es\\\/wp-content\\\/uploads\\\/2015\\\/06\\\/camino-2.jpg\",\"keywords\":[\"Caminos Rurales\",\"Comtat\",\"Diputaci\u00f3n\",\"Obras\"],\"articleSection\":[\"Comarcas\",\"Noticias\"],\"inLanguage\":\"es\"},{\"@type\":\"WebPage\",\"@id\":\"https:\\\/\\\/www.copealcoy.es\\\/es\\\/la-diputacion-invierte-en-la-mejora-de-caminos-de-la-comarca\\\/\",\"url\":\"https:\\\/\\\/www.copealcoy.es\\\/es\\\/la-diputacion-invierte-en-la-mejora-de-caminos-de-la-comarca\\\/\",\"name\":\"La Diputaci\u00f3n invierte en la mejora de caminos de la Comarca - COPE Alcoy\",\"isPartOf\":{\"@id\":\"https:\\\/\\\/www.copealcoy.es\\\/es\\\/#website\"},\"primaryImageOfPage\":{\"@id\":\"https:\\\/\\\/www.copealcoy.es\\\/es\\\/la-diputacion-invierte-en-la-mejora-de-caminos-de-la-comarca\\\/#primaryimage\"},\"image\":{\"@id\":\"https:\\\/\\\/www.copealcoy.es\\\/es\\\/la-diputacion-invierte-en-la-mejora-de-caminos-de-la-comarca\\\/#primaryimage\"},\"thumbnailUrl\":\"https:\\\/\\\/www.copealcoy.es\\\/wp-content\\\/uploads\\\/2015\\\/06\\\/camino-2.jpg\",\"datePublished\":\"2015-06-11T17:17:43+00:00\",\"dateModified\":\"2015-06-11T17:18:43+00:00\",\"author\":{\"@id\":\"https:\\\/\\\/www.copealcoy.es\\\/es\\\/#\\\/schema\\\/person\\\/e777c87fa024e57d40170af9df39882c\"},\"breadcrumb\":{\"@id\":\"https:\\\/\\\/www.copealcoy.es\\\/es\\\/la-diputacion-invierte-en-la-mejora-de-caminos-de-la-comarca\\\/#breadcrumb\"},\"inLanguage\":\"es\",\"potentialAction\":[{\"@type\":\"ReadAction\",\"target\":[\"https:\\\/\\\/www.copealcoy.es\\\/es\\\/la-diputacion-invierte-en-la-mejora-de-caminos-de-la-comarca\\\/\"]}]},{\"@type\":\"ImageObject\",\"inLanguage\":\"es\",\"@id\":\"https:\\\/\\\/www.copealcoy.es\\\/es\\\/la-diputacion-invierte-en-la-mejora-de-caminos-de-la-comarca\\\/#primaryimage\",\"url\":\"https:\\\/\\\/www.copealcoy.es\\\/wp-content\\\/uploads\\\/2015\\\/06\\\/camino-2.jpg\",\"contentUrl\":\"https:\\\/\\\/www.copealcoy.es\\\/wp-content\\\/uploads\\\/2015\\\/06\\\/camino-2.jpg\",\"width\":510,\"height\":340,\"caption\":\"La Diputaci\u00f3n mejorar\u00e1 varios caminos de la comarca\"},{\"@type\":\"BreadcrumbList\",\"@id\":\"https:\\\/\\\/www.copealcoy.es\\\/es\\\/la-diputacion-invierte-en-la-mejora-de-caminos-de-la-comarca\\\/#breadcrumb\",\"itemListElement\":[{\"@type\":\"ListItem\",\"position\":1,\"name\":\"Portada\",\"item\":\"https:\\\/\\\/www.copealcoy.es\\\/es\\\/\"},{\"@type\":\"ListItem\",\"position\":2,\"name\":\"La Diputaci\u00f3n invierte en la mejora de caminos de la Comarca\"}]},{\"@type\":\"WebSite\",\"@id\":\"https:\\\/\\\/www.copealcoy.es\\\/es\\\/#website\",\"url\":\"https:\\\/\\\/www.copealcoy.es\\\/es\\\/\",\"name\":\"COPE Alcoy\",\"description\":\"Emisora COPE de radio local con emisi\u00f3n online. Pont de Sant Jordi 8-10 03803 Alcoy\",\"potentialAction\":[{\"@type\":\"SearchAction\",\"target\":{\"@type\":\"EntryPoint\",\"urlTemplate\":\"https:\\\/\\\/www.copealcoy.es\\\/es\\\/?s={search_term_string}\"},\"query-input\":{\"@type\":\"PropertyValueSpecification\",\"valueRequired\":true,\"valueName\":\"search_term_string\"}}],\"inLanguage\":\"es\"},{\"@type\":\"Person\",\"@id\":\"https:\\\/\\\/www.copealcoy.es\\\/es\\\/#\\\/schema\\\/person\\\/e777c87fa024e57d40170af9df39882c\",\"name\":\"Cope Alcoy\",\"image\":{\"@type\":\"ImageObject\",\"inLanguage\":\"es\",\"@id\":\"https:\\\/\\\/secure.gravatar.com\\\/avatar\\\/bb65d0283347e303893ba14f0692005417c1e0e690a325a4c5d8bb2b3943ee14?s=96&d=mm&r=g\",\"url\":\"https:\\\/\\\/secure.gravatar.com\\\/avatar\\\/bb65d0283347e303893ba14f0692005417c1e0e690a325a4c5d8bb2b3943ee14?s=96&d=mm&r=g\",\"contentUrl\":\"https:\\\/\\\/secure.gravatar.com\\\/avatar\\\/bb65d0283347e303893ba14f0692005417c1e0e690a325a4c5d8bb2b3943ee14?s=96&d=mm&r=g\",\"caption\":\"Cope Alcoy\"}}]}<\/script>\n<!-- \/ Yoast SEO plugin. -->","yoast_head_json":{"title":"La Diputaci\u00f3n invierte en la mejora de caminos de la Comarca - COPE Alcoy","robots":{"index":"index","follow":"follow","max-snippet":"max-snippet:-1","max-image-preview":"max-image-preview:large","max-video-preview":"max-video-preview:-1"},"canonical":"https:\/\/www.copealcoy.es\/es\/la-diputacion-invierte-en-la-mejora-de-caminos-de-la-comarca\/","og_locale":"es_ES","og_type":"article","og_title":"La Diputaci\u00f3n invierte en la mejora de caminos de la Comarca - COPE Alcoy","og_description":"La Diputaci\u00f3n Provincial de Alicante invertir\u00e1 cerca de 60.000 euros en la mejora de varios caminos de titularidad no provincial...","og_url":"https:\/\/www.copealcoy.es\/es\/la-diputacion-invierte-en-la-mejora-de-caminos-de-la-comarca\/","og_site_name":"COPE Alcoy","article_published_time":"2015-06-11T17:17:43+00:00","article_modified_time":"2015-06-11T17:18:43+00:00","og_image":[{"width":510,"height":340,"url":"https:\/\/www.copealcoy.es\/wp-content\/uploads\/2015\/06\/camino-2.jpg","type":"image\/jpeg"}],"author":"Cope Alcoy","twitter_misc":{"Escrito por":"Cope Alcoy","Tiempo de lectura":"1 minuto"},"schema":{"@context":"https:\/\/schema.org","@graph":[{"@type":"Article","@id":"https:\/\/www.copealcoy.es\/es\/la-diputacion-invierte-en-la-mejora-de-caminos-de-la-comarca\/#article","isPartOf":{"@id":"https:\/\/www.copealcoy.es\/es\/la-diputacion-invierte-en-la-mejora-de-caminos-de-la-comarca\/"},"author":{"name":"Cope Alcoy","@id":"https:\/\/www.copealcoy.es\/es\/#\/schema\/person\/e777c87fa024e57d40170af9df39882c"},"headline":"La Diputaci\u00f3n invierte en la mejora de caminos de la Comarca","datePublished":"2015-06-11T17:17:43+00:00","dateModified":"2015-06-11T17:18:43+00:00","mainEntityOfPage":{"@id":"https:\/\/www.copealcoy.es\/es\/la-diputacion-invierte-en-la-mejora-de-caminos-de-la-comarca\/"},"wordCount":147,"commentCount":0,"image":{"@id":"https:\/\/www.copealcoy.es\/es\/la-diputacion-invierte-en-la-mejora-de-caminos-de-la-comarca\/#primaryimage"},"thumbnailUrl":"https:\/\/www.copealcoy.es\/wp-content\/uploads\/2015\/06\/camino-2.jpg","keywords":["Caminos Rurales","Comtat","Diputaci\u00f3n","Obras"],"articleSection":["Comarcas","Noticias"],"inLanguage":"es"},{"@type":"WebPage","@id":"https:\/\/www.copealcoy.es\/es\/la-diputacion-invierte-en-la-mejora-de-caminos-de-la-comarca\/","url":"https:\/\/www.copealcoy.es\/es\/la-diputacion-invierte-en-la-mejora-de-caminos-de-la-comarca\/","name":"La Diputaci\u00f3n invierte en la mejora de caminos de la Comarca - COPE Alcoy","isPartOf":{"@id":"https:\/\/www.copealcoy.es\/es\/#website"},"primaryImageOfPage":{"@id":"https:\/\/www.copealcoy.es\/es\/la-diputacion-invierte-en-la-mejora-de-caminos-de-la-comarca\/#primaryimage"},"image":{"@id":"https:\/\/www.copealcoy.es\/es\/la-diputacion-invierte-en-la-mejora-de-caminos-de-la-comarca\/#primaryimage"},"thumbnailUrl":"https:\/\/www.copealcoy.es\/wp-content\/uploads\/2015\/06\/camino-2.jpg","datePublished":"2015-06-11T17:17:43+00:00","dateModified":"2015-06-11T17:18:43+00:00","author":{"@id":"https:\/\/www.copealcoy.es\/es\/#\/schema\/person\/e777c87fa024e57d40170af9df39882c"},"breadcrumb":{"@id":"https:\/\/www.copealcoy.es\/es\/la-diputacion-invierte-en-la-mejora-de-caminos-de-la-comarca\/#breadcrumb"},"inLanguage":"es","potentialAction":[{"@type":"ReadAction","target":["https:\/\/www.copealcoy.es\/es\/la-diputacion-invierte-en-la-mejora-de-caminos-de-la-comarca\/"]}]},{"@type":"ImageObject","inLanguage":"es","@id":"https:\/\/www.copealcoy.es\/es\/la-diputacion-invierte-en-la-mejora-de-caminos-de-la-comarca\/#primaryimage","url":"https:\/\/www.copealcoy.es\/wp-content\/uploads\/2015\/06\/camino-2.jpg","contentUrl":"https:\/\/www.copealcoy.es\/wp-content\/uploads\/2015\/06\/camino-2.jpg","width":510,"height":340,"caption":"La Diputaci\u00f3n mejorar\u00e1 varios caminos de la comarca"},{"@type":"BreadcrumbList","@id":"https:\/\/www.copealcoy.es\/es\/la-diputacion-invierte-en-la-mejora-de-caminos-de-la-comarca\/#breadcrumb","itemListElement":[{"@type":"ListItem","position":1,"name":"Portada","item":"https:\/\/www.copealcoy.es\/es\/"},{"@type":"ListItem","position":2,"name":"La Diputaci\u00f3n invierte en la mejora de caminos de la Comarca"}]},{"@type":"WebSite","@id":"https:\/\/www.copealcoy.es\/es\/#website","url":"https:\/\/www.copealcoy.es\/es\/","name":"COPE Alcoy","description":"Emisora COPE de radio local con emisi\u00f3n online. Pont de Sant Jordi 8-10 03803 Alcoy","potentialAction":[{"@type":"SearchAction","target":{"@type":"EntryPoint","urlTemplate":"https:\/\/www.copealcoy.es\/es\/?s={search_term_string}"},"query-input":{"@type":"PropertyValueSpecification","valueRequired":true,"valueName":"search_term_string"}}],"inLanguage":"es"},{"@type":"Person","@id":"https:\/\/www.copealcoy.es\/es\/#\/schema\/person\/e777c87fa024e57d40170af9df39882c","name":"Cope Alcoy","image":{"@type":"ImageObject","inLanguage":"es","@id":"https:\/\/secure.gravatar.com\/avatar\/bb65d0283347e303893ba14f0692005417c1e0e690a325a4c5d8bb2b3943ee14?s=96&d=mm&r=g","url":"https:\/\/secure.gravatar.com\/avatar\/bb65d0283347e303893ba14f0692005417c1e0e690a325a4c5d8bb2b3943ee14?s=96&d=mm&r=g","contentUrl":"https:\/\/secure.gravatar.com\/avatar\/bb65d0283347e303893ba14f0692005417c1e0e690a325a4c5d8bb2b3943ee14?s=96&d=mm&r=g","caption":"Cope Alcoy"}}]}},"_links":{"self":[{"href":"https:\/\/www.copealcoy.es\/es\/wp-json\/wp\/v2\/posts\/13885","targetHints":{"allow":["GET"]}}],"collection":[{"href":"https:\/\/www.copealcoy.es\/es\/wp-json\/wp\/v2\/posts"}],"about":[{"href":"https:\/\/www.copealcoy.es\/es\/wp-json\/wp\/v2\/types\/post"}],"author":[{"embeddable":true,"href":"https:\/\/www.copealcoy.es\/es\/wp-json\/wp\/v2\/users\/1"}],"replies":[{"embeddable":true,"href":"https:\/\/www.copealcoy.es\/es\/wp-json\/wp\/v2\/comments?post=13885"}],"version-history":[{"count":0,"href":"https:\/\/www.copealcoy.es\/es\/wp-json\/wp\/v2\/posts\/13885\/revisions"}],"wp:featuredmedia":[{"embeddable":true,"href":"https:\/\/www.copealcoy.es\/es\/wp-json\/wp\/v2\/media\/13886"}],"wp:attachment":[{"href":"https:\/\/www.copealcoy.es\/es\/wp-json\/wp\/v2\/media?parent=13885"}],"wp:term":[{"taxonomy":"category","embeddable":true,"href":"https:\/\/www.copealcoy.es\/es\/wp-json\/wp\/v2\/categories?post=13885"},{"taxonomy":"post_tag","embeddable":true,"href":"https:\/\/www.copealcoy.es\/es\/wp-json\/wp\/v2\/tags?post=13885"}],"curies":[{"name":"wp","href":"https:\/\/api.w.org\/{rel}","templated":true}]}}