{"id":138833,"date":"2024-08-11T17:54:21","date_gmt":"2024-08-11T16:54:21","guid":{"rendered":"https:\/\/www.copealcoy.es\/?p=138833"},"modified":"2024-08-11T18:21:21","modified_gmt":"2024-08-11T17:21:21","slug":"la-presentacion-de-armas-el-acto-genuino-de-la-fiesta-de-cocentaina","status":"publish","type":"post","link":"https:\/\/www.copealcoy.es\/es\/la-presentacion-de-armas-el-acto-genuino-de-la-fiesta-de-cocentaina\/","title":{"rendered":"La Presentaci\u00f3n de Armas, el acto genuino de la Fiesta de Cocentaina"},"content":{"rendered":"<p style=\"text-align: justify;\">San Hip\u00f3lito M\u00e1rtir, patr\u00f3n de Cocentaina, <strong>acapara todas las miradas en este domingo 11 de agosto<\/strong> ya que tiene lugar <strong>su festividad<\/strong> dentro de <strong>las Fiestas de Moros y Cristianos<\/strong> que la Villa Condal viene celebrando desde el pasado viernes. Tras <strong>la Segunda Diana<\/strong> de esta ma\u00f1ana, los actos <strong>se han trasladado a las calles del casco antiguo<\/strong> que hasta bien entrado el mediod\u00eda han registrado un gran ambiente festivo.<\/p>\n<p style=\"text-align: justify;\">A mediod\u00eda las Filaes de cargo, acompa\u00f1adas de <a href=\"http:\/\/www.jfcocentaina.com\/\" target=\"_blank\" rel=\"noopener\"><span style=\"color: #0000ff;\"><strong>la Junta de Festes<\/strong><\/span><\/a> y los mayorales de San Hip\u00f3lito de este a\u00f1o, se han concentrado en la plaza del Pla para iniciar desde all\u00ed <strong>la ofrenda floral <\/strong>al Santo en la iglesia de Santa Mar\u00eda. Los Capitanes y Abanderados del 2024 han recibido al paso por la calle Mayor <strong>numerosos aplausos y tambi\u00e9n muestras de reconocimiento<\/strong> tras los espectaculares boatos que ofrecieron en el desfile de la Entrada de ayer. La comitiva la cerrado una representaci\u00f3n de la Corporaci\u00f3n Municipal encabezada por el alcalde de la capital del Comtat; Jordi Pla.<\/p>\n<p style=\"text-align: justify;\">Seguidamente en la iglesia de Santa Mar\u00eda ha tenido lugar <strong>la misa mayor<\/strong> que ha estado oficiada por Monse\u00f1or <strong>Don Ernesto Brotons<\/strong>, Obispo de Plasencia, y con una fuerte vinculaci\u00f3n con Cocentaina. Junto a \u00e9l han estado representantes de la Hermandad Sacerdotal del municipio, los p\u00e1rrocos del Salvador (Don Javier Sanchiz) y de Santa Mar\u00eda (Don Eduardo Rengel) o el Guardi\u00e1n del Convento de los Franciscanos (Fray Fernando Fuertes). Adem\u00e1s, los cargos han ocupado un lugar destacado en el templo al mismo tiempo que han sido los encargados de realizar las ofrendas hasta el altar mayor.<\/p>\n<p style=\"text-align: justify;\">Finalmente, la ma\u00f1ana del d\u00eda de San Hip\u00f3lito ha concluido con <strong>la Presentaci\u00f3n de Armas<\/strong> a los Capitanes y Abanderados. <strong>Adolfo Calafat Ferr\u00e1ndiz<\/strong> (Capit\u00e1n Cristiano de los Maseros), <strong>Pablo Le\u00f3n Vidal<\/strong> (Capit\u00e1n Moro de los Mulad\u00eds), <strong>Aina Errando Calleja<\/strong> (Abanderada Cristiana de la Fil\u00e0 Cavallers de Ll\u00faria) y <strong>Lu\u00eds Rade<\/strong> (Abanderado Moro de los Kabilenyos); se han situado en el estrado colocado ante el Ayuntamiento y desde all\u00ed han recibido las felicitaciones de los festeros y las festeras de las diecis\u00e9is Filaes. Las cuales han desfilado ante ellos presentando sus armas.<\/p>\n<p style=\"text-align: justify;\">Los actos del d\u00eda del patr\u00f3n siguen esta tarde con <strong>la solemne procesi\u00f3n<\/strong>, a partir de las ocho y cuarto, con la imagen de San Hip\u00f3lito y su Reliquia.<\/p>\n<div id='gallery-1' class='gallery galleryid-138833 gallery-columns-2 gallery-size-full'><figure class='gallery-item'>\n\t\t\t<div class='gallery-icon landscape'>\n\t\t\t\t<a href='https:\/\/www.copealcoy.es\/es\/la-presentacion-de-armas-el-acto-genuino-de-la-fiesta-de-cocentaina\/img_7035\/'><img loading=\"lazy\" decoding=\"async\" width=\"1611\" height=\"1080\" src=\"https:\/\/www.copealcoy.es\/wp-content\/uploads\/2024\/08\/IMG_7035-scaled.jpg\" class=\"attachment-full size-full\" alt=\"\" srcset=\"https:\/\/www.copealcoy.es\/wp-content\/uploads\/2024\/08\/IMG_7035-scaled.jpg 1611w, https:\/\/www.copealcoy.es\/wp-content\/uploads\/2024\/08\/IMG_7035-768x515.jpg 768w, https:\/\/www.copealcoy.es\/wp-content\/uploads\/2024\/08\/IMG_7035-1536x1030.jpg 1536w, https:\/\/www.copealcoy.es\/wp-content\/uploads\/2024\/08\/IMG_7035-2048x1373.jpg 2048w, https:\/\/www.copealcoy.es\/wp-content\/uploads\/2024\/08\/IMG_7035-300x200.jpg 300w\" sizes=\"auto, (max-width: 1611px) 100vw, 1611px\" \/><\/a>\n\t\t\t<\/div><\/figure><figure class='gallery-item'>\n\t\t\t<div class='gallery-icon landscape'>\n\t\t\t\t<a href='https:\/\/www.copealcoy.es\/es\/la-presentacion-de-armas-el-acto-genuino-de-la-fiesta-de-cocentaina\/img_7027\/'><img loading=\"lazy\" decoding=\"async\" width=\"1647\" height=\"1080\" src=\"https:\/\/www.copealcoy.es\/wp-content\/uploads\/2024\/08\/IMG_7027-scaled.jpg\" class=\"attachment-full size-full\" alt=\"\" srcset=\"https:\/\/www.copealcoy.es\/wp-content\/uploads\/2024\/08\/IMG_7027-scaled.jpg 1647w, https:\/\/www.copealcoy.es\/wp-content\/uploads\/2024\/08\/IMG_7027-768x504.jpg 768w, https:\/\/www.copealcoy.es\/wp-content\/uploads\/2024\/08\/IMG_7027-1536x1007.jpg 1536w, https:\/\/www.copealcoy.es\/wp-content\/uploads\/2024\/08\/IMG_7027-2048x1343.jpg 2048w\" sizes=\"auto, (max-width: 1647px) 100vw, 1647px\" \/><\/a>\n\t\t\t<\/div><\/figure><figure class='gallery-item'>\n\t\t\t<div class='gallery-icon landscape'>\n\t\t\t\t<a href='https:\/\/www.copealcoy.es\/es\/la-presentacion-de-armas-el-acto-genuino-de-la-fiesta-de-cocentaina\/img_7033\/'><img loading=\"lazy\" decoding=\"async\" width=\"1553\" height=\"1080\" src=\"https:\/\/www.copealcoy.es\/wp-content\/uploads\/2024\/08\/IMG_7033-scaled.jpg\" class=\"attachment-full size-full\" alt=\"\" srcset=\"https:\/\/www.copealcoy.es\/wp-content\/uploads\/2024\/08\/IMG_7033-scaled.jpg 1553w, https:\/\/www.copealcoy.es\/wp-content\/uploads\/2024\/08\/IMG_7033-768x534.jpg 768w, https:\/\/www.copealcoy.es\/wp-content\/uploads\/2024\/08\/IMG_7033-1536x1068.jpg 1536w\" sizes=\"auto, (max-width: 1553px) 100vw, 1553px\" \/><\/a>\n\t\t\t<\/div><\/figure><figure class='gallery-item'>\n\t\t\t<div class='gallery-icon landscape'>\n\t\t\t\t<a href='https:\/\/www.copealcoy.es\/es\/la-presentacion-de-armas-el-acto-genuino-de-la-fiesta-de-cocentaina\/img_7022\/'><img loading=\"lazy\" decoding=\"async\" width=\"1620\" height=\"1080\" src=\"https:\/\/www.copealcoy.es\/wp-content\/uploads\/2024\/08\/IMG_7022-scaled.jpg\" class=\"attachment-full size-full\" alt=\"\" srcset=\"https:\/\/www.copealcoy.es\/wp-content\/uploads\/2024\/08\/IMG_7022-scaled.jpg 1620w, https:\/\/www.copealcoy.es\/wp-content\/uploads\/2024\/08\/IMG_7022-768x512.jpg 768w, https:\/\/www.copealcoy.es\/wp-content\/uploads\/2024\/08\/IMG_7022-1536x1024.jpg 1536w, https:\/\/www.copealcoy.es\/wp-content\/uploads\/2024\/08\/IMG_7022-2048x1366.jpg 2048w, https:\/\/www.copealcoy.es\/wp-content\/uploads\/2024\/08\/IMG_7022-300x200.jpg 300w, https:\/\/www.copealcoy.es\/wp-content\/uploads\/2024\/08\/IMG_7022-600x400.jpg 600w, https:\/\/www.copealcoy.es\/wp-content\/uploads\/2024\/08\/IMG_7022-1200x800.jpg 1200w\" sizes=\"auto, (max-width: 1620px) 100vw, 1620px\" \/><\/a>\n\t\t\t<\/div><\/figure>\n\t\t<\/div>\n\n","protected":false},"excerpt":{"rendered":"<p>San Hip\u00f3lito M\u00e1rtir, patr\u00f3n de Cocentaina, acapara todas las miradas en este domingo 11 de agosto ya que tiene lugar&#8230;<\/p>\n","protected":false},"author":1,"featured_media":138834,"comment_status":"open","ping_status":"open","sticky":false,"template":"","format":"standard","meta":{"footnotes":""},"categories":[6909,98,75,125],"tags":[132,565,609,4543,1307],"class_list":["post-138833","post","type-post","status-publish","format-standard","has-post-thumbnail","hentry","category-actualidad","category-comarcas","category-noticias","category-portada","tag-cocentaina","tag-fiestas","tag-moros-y-cristianos","tag-presentacion-de-armas","tag-san-hipolito"],"yoast_head":"<!-- This site is optimized with the Yoast SEO plugin v27.3 - https:\/\/yoast.com\/product\/yoast-seo-wordpress\/ -->\n<title>La Presentaci\u00f3n de Armas, el acto genuino de la Fiesta de Cocentaina - COPE Alcoy<\/title>\n<meta name=\"description\" content=\"San Hip\u00f3lito M\u00e1rtir, patr\u00f3n de Cocentaina, acapara todas las miradas en este domingo 11 de agosto ya que tiene lugar su festividad dentro de las Fiestas de Moros y Cristianos\" \/>\n<meta name=\"robots\" content=\"index, follow, max-snippet:-1, max-image-preview:large, max-video-preview:-1\" \/>\n<link rel=\"canonical\" href=\"https:\/\/www.copealcoy.es\/es\/la-presentacion-de-armas-el-acto-genuino-de-la-fiesta-de-cocentaina\/\" \/>\n<meta property=\"og:locale\" content=\"es_ES\" \/>\n<meta property=\"og:type\" content=\"article\" \/>\n<meta property=\"og:title\" content=\"La Presentaci\u00f3n de Armas, el acto genuino de la Fiesta de Cocentaina - COPE Alcoy\" \/>\n<meta property=\"og:description\" content=\"San Hip\u00f3lito M\u00e1rtir, patr\u00f3n de Cocentaina, acapara todas las miradas en este domingo 11 de agosto ya que tiene lugar su festividad dentro de las Fiestas de Moros y Cristianos\" \/>\n<meta property=\"og:url\" content=\"https:\/\/www.copealcoy.es\/es\/la-presentacion-de-armas-el-acto-genuino-de-la-fiesta-de-cocentaina\/\" \/>\n<meta property=\"og:site_name\" content=\"COPE Alcoy\" \/>\n<meta property=\"article:published_time\" content=\"2024-08-11T16:54:21+00:00\" \/>\n<meta property=\"article:modified_time\" content=\"2024-08-11T17:21:21+00:00\" \/>\n<meta property=\"og:image\" content=\"https:\/\/www.copealcoy.es\/wp-content\/uploads\/2024\/08\/unnamed-1-10-scaled-e1723396869856.jpg\" \/>\n\t<meta property=\"og:image:width\" content=\"1763\" \/>\n\t<meta property=\"og:image:height\" content=\"875\" \/>\n\t<meta property=\"og:image:type\" content=\"image\/jpeg\" \/>\n<meta name=\"author\" content=\"Cope Alcoy\" \/>\n<meta name=\"twitter:label1\" content=\"Escrito por\" \/>\n\t<meta name=\"twitter:data1\" content=\"Cope Alcoy\" \/>\n\t<meta name=\"twitter:label2\" content=\"Tiempo de lectura\" \/>\n\t<meta name=\"twitter:data2\" content=\"3 minutos\" \/>\n<script type=\"application\/ld+json\" class=\"yoast-schema-graph\">{\"@context\":\"https:\\\/\\\/schema.org\",\"@graph\":[{\"@type\":\"Article\",\"@id\":\"https:\\\/\\\/www.copealcoy.es\\\/es\\\/la-presentacion-de-armas-el-acto-genuino-de-la-fiesta-de-cocentaina\\\/#article\",\"isPartOf\":{\"@id\":\"https:\\\/\\\/www.copealcoy.es\\\/es\\\/la-presentacion-de-armas-el-acto-genuino-de-la-fiesta-de-cocentaina\\\/\"},\"author\":{\"name\":\"Cope Alcoy\",\"@id\":\"https:\\\/\\\/www.copealcoy.es\\\/es\\\/#\\\/schema\\\/person\\\/e777c87fa024e57d40170af9df39882c\"},\"headline\":\"La Presentaci\u00f3n de Armas, el acto genuino de la Fiesta de Cocentaina\",\"datePublished\":\"2024-08-11T16:54:21+00:00\",\"dateModified\":\"2024-08-11T17:21:21+00:00\",\"mainEntityOfPage\":{\"@id\":\"https:\\\/\\\/www.copealcoy.es\\\/es\\\/la-presentacion-de-armas-el-acto-genuino-de-la-fiesta-de-cocentaina\\\/\"},\"wordCount\":438,\"commentCount\":0,\"image\":{\"@id\":\"https:\\\/\\\/www.copealcoy.es\\\/es\\\/la-presentacion-de-armas-el-acto-genuino-de-la-fiesta-de-cocentaina\\\/#primaryimage\"},\"thumbnailUrl\":\"https:\\\/\\\/www.copealcoy.es\\\/wp-content\\\/uploads\\\/2024\\\/08\\\/unnamed-1-10-scaled-e1723396869856.jpg\",\"keywords\":[\"Cocentaina\",\"Fiestas\",\"Moros Y Cristianos\",\"presentaci\u00f3n de armas\",\"San Hip\u00f3lito\"],\"articleSection\":[\"Actualidad\",\"Comarcas\",\"Noticias\",\"Portada\"],\"inLanguage\":\"es\"},{\"@type\":\"WebPage\",\"@id\":\"https:\\\/\\\/www.copealcoy.es\\\/es\\\/la-presentacion-de-armas-el-acto-genuino-de-la-fiesta-de-cocentaina\\\/\",\"url\":\"https:\\\/\\\/www.copealcoy.es\\\/es\\\/la-presentacion-de-armas-el-acto-genuino-de-la-fiesta-de-cocentaina\\\/\",\"name\":\"La Presentaci\u00f3n de Armas, el acto genuino de la Fiesta de Cocentaina - COPE Alcoy\",\"isPartOf\":{\"@id\":\"https:\\\/\\\/www.copealcoy.es\\\/es\\\/#website\"},\"primaryImageOfPage\":{\"@id\":\"https:\\\/\\\/www.copealcoy.es\\\/es\\\/la-presentacion-de-armas-el-acto-genuino-de-la-fiesta-de-cocentaina\\\/#primaryimage\"},\"image\":{\"@id\":\"https:\\\/\\\/www.copealcoy.es\\\/es\\\/la-presentacion-de-armas-el-acto-genuino-de-la-fiesta-de-cocentaina\\\/#primaryimage\"},\"thumbnailUrl\":\"https:\\\/\\\/www.copealcoy.es\\\/wp-content\\\/uploads\\\/2024\\\/08\\\/unnamed-1-10-scaled-e1723396869856.jpg\",\"datePublished\":\"2024-08-11T16:54:21+00:00\",\"dateModified\":\"2024-08-11T17:21:21+00:00\",\"author\":{\"@id\":\"https:\\\/\\\/www.copealcoy.es\\\/es\\\/#\\\/schema\\\/person\\\/e777c87fa024e57d40170af9df39882c\"},\"description\":\"San Hip\u00f3lito M\u00e1rtir, patr\u00f3n de Cocentaina, acapara todas las miradas en este domingo 11 de agosto ya que tiene lugar su festividad dentro de las Fiestas de Moros y Cristianos\",\"breadcrumb\":{\"@id\":\"https:\\\/\\\/www.copealcoy.es\\\/es\\\/la-presentacion-de-armas-el-acto-genuino-de-la-fiesta-de-cocentaina\\\/#breadcrumb\"},\"inLanguage\":\"es\",\"potentialAction\":[{\"@type\":\"ReadAction\",\"target\":[\"https:\\\/\\\/www.copealcoy.es\\\/es\\\/la-presentacion-de-armas-el-acto-genuino-de-la-fiesta-de-cocentaina\\\/\"]}]},{\"@type\":\"ImageObject\",\"inLanguage\":\"es\",\"@id\":\"https:\\\/\\\/www.copealcoy.es\\\/es\\\/la-presentacion-de-armas-el-acto-genuino-de-la-fiesta-de-cocentaina\\\/#primaryimage\",\"url\":\"https:\\\/\\\/www.copealcoy.es\\\/wp-content\\\/uploads\\\/2024\\\/08\\\/unnamed-1-10-scaled-e1723396869856.jpg\",\"contentUrl\":\"https:\\\/\\\/www.copealcoy.es\\\/wp-content\\\/uploads\\\/2024\\\/08\\\/unnamed-1-10-scaled-e1723396869856.jpg\",\"width\":1763,\"height\":875},{\"@type\":\"BreadcrumbList\",\"@id\":\"https:\\\/\\\/www.copealcoy.es\\\/es\\\/la-presentacion-de-armas-el-acto-genuino-de-la-fiesta-de-cocentaina\\\/#breadcrumb\",\"itemListElement\":[{\"@type\":\"ListItem\",\"position\":1,\"name\":\"Portada\",\"item\":\"https:\\\/\\\/www.copealcoy.es\\\/es\\\/\"},{\"@type\":\"ListItem\",\"position\":2,\"name\":\"La Presentaci\u00f3n de Armas, el acto genuino de la Fiesta de Cocentaina\"}]},{\"@type\":\"WebSite\",\"@id\":\"https:\\\/\\\/www.copealcoy.es\\\/es\\\/#website\",\"url\":\"https:\\\/\\\/www.copealcoy.es\\\/es\\\/\",\"name\":\"COPE Alcoy\",\"description\":\"Emisora COPE de radio local con emisi\u00f3n online. Pont de Sant Jordi 8-10 03803 Alcoy\",\"potentialAction\":[{\"@type\":\"SearchAction\",\"target\":{\"@type\":\"EntryPoint\",\"urlTemplate\":\"https:\\\/\\\/www.copealcoy.es\\\/es\\\/?s={search_term_string}\"},\"query-input\":{\"@type\":\"PropertyValueSpecification\",\"valueRequired\":true,\"valueName\":\"search_term_string\"}}],\"inLanguage\":\"es\"},{\"@type\":\"Person\",\"@id\":\"https:\\\/\\\/www.copealcoy.es\\\/es\\\/#\\\/schema\\\/person\\\/e777c87fa024e57d40170af9df39882c\",\"name\":\"Cope Alcoy\",\"image\":{\"@type\":\"ImageObject\",\"inLanguage\":\"es\",\"@id\":\"https:\\\/\\\/secure.gravatar.com\\\/avatar\\\/bb65d0283347e303893ba14f0692005417c1e0e690a325a4c5d8bb2b3943ee14?s=96&d=mm&r=g\",\"url\":\"https:\\\/\\\/secure.gravatar.com\\\/avatar\\\/bb65d0283347e303893ba14f0692005417c1e0e690a325a4c5d8bb2b3943ee14?s=96&d=mm&r=g\",\"contentUrl\":\"https:\\\/\\\/secure.gravatar.com\\\/avatar\\\/bb65d0283347e303893ba14f0692005417c1e0e690a325a4c5d8bb2b3943ee14?s=96&d=mm&r=g\",\"caption\":\"Cope Alcoy\"}}]}<\/script>\n<!-- \/ Yoast SEO plugin. -->","yoast_head_json":{"title":"La Presentaci\u00f3n de Armas, el acto genuino de la Fiesta de Cocentaina - COPE Alcoy","description":"San Hip\u00f3lito M\u00e1rtir, patr\u00f3n de Cocentaina, acapara todas las miradas en este domingo 11 de agosto ya que tiene lugar su festividad dentro de las Fiestas de Moros y Cristianos","robots":{"index":"index","follow":"follow","max-snippet":"max-snippet:-1","max-image-preview":"max-image-preview:large","max-video-preview":"max-video-preview:-1"},"canonical":"https:\/\/www.copealcoy.es\/es\/la-presentacion-de-armas-el-acto-genuino-de-la-fiesta-de-cocentaina\/","og_locale":"es_ES","og_type":"article","og_title":"La Presentaci\u00f3n de Armas, el acto genuino de la Fiesta de Cocentaina - COPE Alcoy","og_description":"San Hip\u00f3lito M\u00e1rtir, patr\u00f3n de Cocentaina, acapara todas las miradas en este domingo 11 de agosto ya que tiene lugar su festividad dentro de las Fiestas de Moros y Cristianos","og_url":"https:\/\/www.copealcoy.es\/es\/la-presentacion-de-armas-el-acto-genuino-de-la-fiesta-de-cocentaina\/","og_site_name":"COPE Alcoy","article_published_time":"2024-08-11T16:54:21+00:00","article_modified_time":"2024-08-11T17:21:21+00:00","og_image":[{"width":1763,"height":875,"url":"https:\/\/www.copealcoy.es\/wp-content\/uploads\/2024\/08\/unnamed-1-10-scaled-e1723396869856.jpg","type":"image\/jpeg"}],"author":"Cope Alcoy","twitter_misc":{"Escrito por":"Cope Alcoy","Tiempo de lectura":"3 minutos"},"schema":{"@context":"https:\/\/schema.org","@graph":[{"@type":"Article","@id":"https:\/\/www.copealcoy.es\/es\/la-presentacion-de-armas-el-acto-genuino-de-la-fiesta-de-cocentaina\/#article","isPartOf":{"@id":"https:\/\/www.copealcoy.es\/es\/la-presentacion-de-armas-el-acto-genuino-de-la-fiesta-de-cocentaina\/"},"author":{"name":"Cope Alcoy","@id":"https:\/\/www.copealcoy.es\/es\/#\/schema\/person\/e777c87fa024e57d40170af9df39882c"},"headline":"La Presentaci\u00f3n de Armas, el acto genuino de la Fiesta de Cocentaina","datePublished":"2024-08-11T16:54:21+00:00","dateModified":"2024-08-11T17:21:21+00:00","mainEntityOfPage":{"@id":"https:\/\/www.copealcoy.es\/es\/la-presentacion-de-armas-el-acto-genuino-de-la-fiesta-de-cocentaina\/"},"wordCount":438,"commentCount":0,"image":{"@id":"https:\/\/www.copealcoy.es\/es\/la-presentacion-de-armas-el-acto-genuino-de-la-fiesta-de-cocentaina\/#primaryimage"},"thumbnailUrl":"https:\/\/www.copealcoy.es\/wp-content\/uploads\/2024\/08\/unnamed-1-10-scaled-e1723396869856.jpg","keywords":["Cocentaina","Fiestas","Moros Y Cristianos","presentaci\u00f3n de armas","San Hip\u00f3lito"],"articleSection":["Actualidad","Comarcas","Noticias","Portada"],"inLanguage":"es"},{"@type":"WebPage","@id":"https:\/\/www.copealcoy.es\/es\/la-presentacion-de-armas-el-acto-genuino-de-la-fiesta-de-cocentaina\/","url":"https:\/\/www.copealcoy.es\/es\/la-presentacion-de-armas-el-acto-genuino-de-la-fiesta-de-cocentaina\/","name":"La Presentaci\u00f3n de Armas, el acto genuino de la Fiesta de Cocentaina - COPE Alcoy","isPartOf":{"@id":"https:\/\/www.copealcoy.es\/es\/#website"},"primaryImageOfPage":{"@id":"https:\/\/www.copealcoy.es\/es\/la-presentacion-de-armas-el-acto-genuino-de-la-fiesta-de-cocentaina\/#primaryimage"},"image":{"@id":"https:\/\/www.copealcoy.es\/es\/la-presentacion-de-armas-el-acto-genuino-de-la-fiesta-de-cocentaina\/#primaryimage"},"thumbnailUrl":"https:\/\/www.copealcoy.es\/wp-content\/uploads\/2024\/08\/unnamed-1-10-scaled-e1723396869856.jpg","datePublished":"2024-08-11T16:54:21+00:00","dateModified":"2024-08-11T17:21:21+00:00","author":{"@id":"https:\/\/www.copealcoy.es\/es\/#\/schema\/person\/e777c87fa024e57d40170af9df39882c"},"description":"San Hip\u00f3lito M\u00e1rtir, patr\u00f3n de Cocentaina, acapara todas las miradas en este domingo 11 de agosto ya que tiene lugar su festividad dentro de las Fiestas de Moros y Cristianos","breadcrumb":{"@id":"https:\/\/www.copealcoy.es\/es\/la-presentacion-de-armas-el-acto-genuino-de-la-fiesta-de-cocentaina\/#breadcrumb"},"inLanguage":"es","potentialAction":[{"@type":"ReadAction","target":["https:\/\/www.copealcoy.es\/es\/la-presentacion-de-armas-el-acto-genuino-de-la-fiesta-de-cocentaina\/"]}]},{"@type":"ImageObject","inLanguage":"es","@id":"https:\/\/www.copealcoy.es\/es\/la-presentacion-de-armas-el-acto-genuino-de-la-fiesta-de-cocentaina\/#primaryimage","url":"https:\/\/www.copealcoy.es\/wp-content\/uploads\/2024\/08\/unnamed-1-10-scaled-e1723396869856.jpg","contentUrl":"https:\/\/www.copealcoy.es\/wp-content\/uploads\/2024\/08\/unnamed-1-10-scaled-e1723396869856.jpg","width":1763,"height":875},{"@type":"BreadcrumbList","@id":"https:\/\/www.copealcoy.es\/es\/la-presentacion-de-armas-el-acto-genuino-de-la-fiesta-de-cocentaina\/#breadcrumb","itemListElement":[{"@type":"ListItem","position":1,"name":"Portada","item":"https:\/\/www.copealcoy.es\/es\/"},{"@type":"ListItem","position":2,"name":"La Presentaci\u00f3n de Armas, el acto genuino de la Fiesta de Cocentaina"}]},{"@type":"WebSite","@id":"https:\/\/www.copealcoy.es\/es\/#website","url":"https:\/\/www.copealcoy.es\/es\/","name":"COPE Alcoy","description":"Emisora COPE de radio local con emisi\u00f3n online. Pont de Sant Jordi 8-10 03803 Alcoy","potentialAction":[{"@type":"SearchAction","target":{"@type":"EntryPoint","urlTemplate":"https:\/\/www.copealcoy.es\/es\/?s={search_term_string}"},"query-input":{"@type":"PropertyValueSpecification","valueRequired":true,"valueName":"search_term_string"}}],"inLanguage":"es"},{"@type":"Person","@id":"https:\/\/www.copealcoy.es\/es\/#\/schema\/person\/e777c87fa024e57d40170af9df39882c","name":"Cope Alcoy","image":{"@type":"ImageObject","inLanguage":"es","@id":"https:\/\/secure.gravatar.com\/avatar\/bb65d0283347e303893ba14f0692005417c1e0e690a325a4c5d8bb2b3943ee14?s=96&d=mm&r=g","url":"https:\/\/secure.gravatar.com\/avatar\/bb65d0283347e303893ba14f0692005417c1e0e690a325a4c5d8bb2b3943ee14?s=96&d=mm&r=g","contentUrl":"https:\/\/secure.gravatar.com\/avatar\/bb65d0283347e303893ba14f0692005417c1e0e690a325a4c5d8bb2b3943ee14?s=96&d=mm&r=g","caption":"Cope Alcoy"}}]}},"_links":{"self":[{"href":"https:\/\/www.copealcoy.es\/es\/wp-json\/wp\/v2\/posts\/138833","targetHints":{"allow":["GET"]}}],"collection":[{"href":"https:\/\/www.copealcoy.es\/es\/wp-json\/wp\/v2\/posts"}],"about":[{"href":"https:\/\/www.copealcoy.es\/es\/wp-json\/wp\/v2\/types\/post"}],"author":[{"embeddable":true,"href":"https:\/\/www.copealcoy.es\/es\/wp-json\/wp\/v2\/users\/1"}],"replies":[{"embeddable":true,"href":"https:\/\/www.copealcoy.es\/es\/wp-json\/wp\/v2\/comments?post=138833"}],"version-history":[{"count":0,"href":"https:\/\/www.copealcoy.es\/es\/wp-json\/wp\/v2\/posts\/138833\/revisions"}],"wp:featuredmedia":[{"embeddable":true,"href":"https:\/\/www.copealcoy.es\/es\/wp-json\/wp\/v2\/media\/138834"}],"wp:attachment":[{"href":"https:\/\/www.copealcoy.es\/es\/wp-json\/wp\/v2\/media?parent=138833"}],"wp:term":[{"taxonomy":"category","embeddable":true,"href":"https:\/\/www.copealcoy.es\/es\/wp-json\/wp\/v2\/categories?post=138833"},{"taxonomy":"post_tag","embeddable":true,"href":"https:\/\/www.copealcoy.es\/es\/wp-json\/wp\/v2\/tags?post=138833"}],"curies":[{"name":"wp","href":"https:\/\/api.w.org\/{rel}","templated":true}]}}