{"id":138820,"date":"2024-08-11T10:07:19","date_gmt":"2024-08-11T09:07:19","guid":{"rendered":"https:\/\/www.copealcoy.es\/?p=138820"},"modified":"2024-08-11T10:07:19","modified_gmt":"2024-08-11T09:07:19","slug":"la-segunda-diana-inicia-los-actos-del-dia-de-san-hipolito-en-cocentaina","status":"publish","type":"post","link":"https:\/\/www.copealcoy.es\/es\/la-segunda-diana-inicia-los-actos-del-dia-de-san-hipolito-en-cocentaina\/","title":{"rendered":"La Segunda Diana inicia los actos del D\u00eda de San Hip\u00f3lito en Cocentaina"},"content":{"rendered":"<p style=\"text-align: justify;\">Con las emociones todav\u00eda a flor de piel por lo vivido ayer durante las Entradas, <strong>Cocentaina ha despertado hoy inmersa en <a href=\"http:\/\/www.jfcocentaina.com\/\" target=\"_blank\" rel=\"noopener\"><span style=\"color: #0000ff;\">Fiestas<\/span><\/a><\/strong> y <strong>dispuesta a rendir todos los honores a San Hip\u00f3lito M\u00e1rtir.<\/strong> La jornada ha arrancado con <strong>la Segunda Diana<\/strong> un acto que siempre es entra\u00f1able puesto que en el mismo tienen un protagonismo los m\u00e1s peque\u00f1os de cada una de las Filaes, quedando as\u00ed demostrado que el futuro de la Festa est\u00e1 m\u00e1s que asegurado.<\/p>\n<p style=\"text-align: justify;\">Esta Segunda Diana la ha iniciado <strong>la Fil\u00e0 Maseros<\/strong>, al ser la formaci\u00f3n que ostenta el cargo de Capit\u00e1n Cristiano, y a ella le han seguido Creuats, Almog\u00e0vers, Gentils, <strong>Cavallers de Ll\u00faria (Abanderado Cristiano)<\/strong>, Contestanos, Contrabandistas y Cavalleria Ministerial. Inmediatamente despu\u00e9s ha sido el turno del bando moro y en esta ocasi\u00f3n <strong>la Fil\u00e0 Mulad\u00eds<\/strong> ha encabezado el mismo por su condici\u00f3n de capitan\u00eda mora. Despu\u00e9s han desfilado los Kabilenyos (Abanderado Moro), Manta Roja, Mud\u00e9jares, Guardia Jalifiana \u2018Sahorins\u2019, Bereberes \u2018Els Borts\u2019, Llana i Bequeteros.<\/p>\n<p style=\"text-align: justify;\">El desfile <strong>ha dado comienzo en la placeta de La Vila a las 07:30h,<\/strong> ante el Ayuntamiento, y ha seguido por las principales calles del Raval y La Vila hasta confluir en el Passeig del Comtat. Desde all\u00ed ha enfilado la principal arteria contestana para finalizar en la plaza Alcalde Reig junto al monumento dedicado a San Hip\u00f3lito. El d\u00eda del patr\u00f3n seguir\u00e1 este domingo con\u00a0<strong>la Ofrenda Floral y la Misa Mayor<\/strong>\u00a0a partir de las doce del mediod\u00eda seguida por\u00a0<strong>la Presentaci\u00f3n de Armas a Capitanes y Abanderados<\/strong>\u00a0en la Placeta de La Vila. Por la tarde, a las 20:15h, tendr\u00e1 lugar\u00a0<strong>la Solemne Procesi\u00f3n y la Retreta<\/strong>\u00a0culminar\u00e1 en la medianoche un intenso d\u00eda festivo.<\/p>\n","protected":false},"excerpt":{"rendered":"<p>Con las emociones todav\u00eda a flor de piel por lo vivido ayer durante las Entradas, Cocentaina ha despertado hoy inmersa&#8230;<\/p>\n","protected":false},"author":1,"featured_media":138821,"comment_status":"open","ping_status":"open","sticky":false,"template":"","format":"standard","meta":{"footnotes":""},"categories":[6909,98,75,125],"tags":[132,565,609,4488,2161],"class_list":["post-138820","post","type-post","status-publish","format-standard","has-post-thumbnail","hentry","category-actualidad","category-comarcas","category-noticias","category-portada","tag-cocentaina","tag-fiestas","tag-moros-y-cristianos","tag-san-hipolito-martir","tag-segunda-diana"],"yoast_head":"<!-- This site is optimized with the Yoast SEO plugin v27.3 - https:\/\/yoast.com\/product\/yoast-seo-wordpress\/ -->\n<title>La Segunda Diana inicia los actos del D\u00eda de San Hip\u00f3lito en Cocentaina - COPE Alcoy<\/title>\n<meta name=\"description\" content=\"La Segunda Diana ha iniciado en Cocentaina los actos del D\u00eda de San Hip\u00f3lito M\u00e1rtir\" \/>\n<meta name=\"robots\" content=\"index, follow, max-snippet:-1, max-image-preview:large, max-video-preview:-1\" \/>\n<link rel=\"canonical\" href=\"https:\/\/www.copealcoy.es\/es\/la-segunda-diana-inicia-los-actos-del-dia-de-san-hipolito-en-cocentaina\/\" \/>\n<meta property=\"og:locale\" content=\"es_ES\" \/>\n<meta property=\"og:type\" content=\"article\" \/>\n<meta property=\"og:title\" content=\"La Segunda Diana inicia los actos del D\u00eda de San Hip\u00f3lito en Cocentaina - COPE Alcoy\" \/>\n<meta property=\"og:description\" content=\"La Segunda Diana ha iniciado en Cocentaina los actos del D\u00eda de San Hip\u00f3lito M\u00e1rtir\" \/>\n<meta property=\"og:url\" content=\"https:\/\/www.copealcoy.es\/es\/la-segunda-diana-inicia-los-actos-del-dia-de-san-hipolito-en-cocentaina\/\" \/>\n<meta property=\"og:site_name\" content=\"COPE Alcoy\" \/>\n<meta property=\"article:published_time\" content=\"2024-08-11T09:07:19+00:00\" \/>\n<meta property=\"og:image\" content=\"https:\/\/www.copealcoy.es\/wp-content\/uploads\/2024\/08\/unnamed-3-scaled.jpg\" \/>\n\t<meta property=\"og:image:width\" content=\"1550\" \/>\n\t<meta property=\"og:image:height\" content=\"1080\" \/>\n\t<meta property=\"og:image:type\" content=\"image\/jpeg\" \/>\n<meta name=\"author\" content=\"Cope Alcoy\" \/>\n<meta name=\"twitter:label1\" content=\"Escrito por\" \/>\n\t<meta name=\"twitter:data1\" content=\"Cope Alcoy\" \/>\n\t<meta name=\"twitter:label2\" content=\"Tiempo de lectura\" \/>\n\t<meta name=\"twitter:data2\" content=\"2 minutos\" \/>\n<script type=\"application\/ld+json\" class=\"yoast-schema-graph\">{\"@context\":\"https:\\\/\\\/schema.org\",\"@graph\":[{\"@type\":\"Article\",\"@id\":\"https:\\\/\\\/www.copealcoy.es\\\/es\\\/la-segunda-diana-inicia-los-actos-del-dia-de-san-hipolito-en-cocentaina\\\/#article\",\"isPartOf\":{\"@id\":\"https:\\\/\\\/www.copealcoy.es\\\/es\\\/la-segunda-diana-inicia-los-actos-del-dia-de-san-hipolito-en-cocentaina\\\/\"},\"author\":{\"name\":\"Cope Alcoy\",\"@id\":\"https:\\\/\\\/www.copealcoy.es\\\/es\\\/#\\\/schema\\\/person\\\/e777c87fa024e57d40170af9df39882c\"},\"headline\":\"La Segunda Diana inicia los actos del D\u00eda de San Hip\u00f3lito en Cocentaina\",\"datePublished\":\"2024-08-11T09:07:19+00:00\",\"mainEntityOfPage\":{\"@id\":\"https:\\\/\\\/www.copealcoy.es\\\/es\\\/la-segunda-diana-inicia-los-actos-del-dia-de-san-hipolito-en-cocentaina\\\/\"},\"wordCount\":319,\"commentCount\":0,\"image\":{\"@id\":\"https:\\\/\\\/www.copealcoy.es\\\/es\\\/la-segunda-diana-inicia-los-actos-del-dia-de-san-hipolito-en-cocentaina\\\/#primaryimage\"},\"thumbnailUrl\":\"https:\\\/\\\/www.copealcoy.es\\\/wp-content\\\/uploads\\\/2024\\\/08\\\/unnamed-3-scaled.jpg\",\"keywords\":[\"Cocentaina\",\"Fiestas\",\"Moros Y Cristianos\",\"San Hip\u00f3lito M\u00e1rtir\",\"Segunda Diana\"],\"articleSection\":[\"Actualidad\",\"Comarcas\",\"Noticias\",\"Portada\"],\"inLanguage\":\"es\"},{\"@type\":\"WebPage\",\"@id\":\"https:\\\/\\\/www.copealcoy.es\\\/es\\\/la-segunda-diana-inicia-los-actos-del-dia-de-san-hipolito-en-cocentaina\\\/\",\"url\":\"https:\\\/\\\/www.copealcoy.es\\\/es\\\/la-segunda-diana-inicia-los-actos-del-dia-de-san-hipolito-en-cocentaina\\\/\",\"name\":\"La Segunda Diana inicia los actos del D\u00eda de San Hip\u00f3lito en Cocentaina - COPE Alcoy\",\"isPartOf\":{\"@id\":\"https:\\\/\\\/www.copealcoy.es\\\/es\\\/#website\"},\"primaryImageOfPage\":{\"@id\":\"https:\\\/\\\/www.copealcoy.es\\\/es\\\/la-segunda-diana-inicia-los-actos-del-dia-de-san-hipolito-en-cocentaina\\\/#primaryimage\"},\"image\":{\"@id\":\"https:\\\/\\\/www.copealcoy.es\\\/es\\\/la-segunda-diana-inicia-los-actos-del-dia-de-san-hipolito-en-cocentaina\\\/#primaryimage\"},\"thumbnailUrl\":\"https:\\\/\\\/www.copealcoy.es\\\/wp-content\\\/uploads\\\/2024\\\/08\\\/unnamed-3-scaled.jpg\",\"datePublished\":\"2024-08-11T09:07:19+00:00\",\"author\":{\"@id\":\"https:\\\/\\\/www.copealcoy.es\\\/es\\\/#\\\/schema\\\/person\\\/e777c87fa024e57d40170af9df39882c\"},\"description\":\"La Segunda Diana ha iniciado en Cocentaina los actos del D\u00eda de San Hip\u00f3lito M\u00e1rtir\",\"breadcrumb\":{\"@id\":\"https:\\\/\\\/www.copealcoy.es\\\/es\\\/la-segunda-diana-inicia-los-actos-del-dia-de-san-hipolito-en-cocentaina\\\/#breadcrumb\"},\"inLanguage\":\"es\",\"potentialAction\":[{\"@type\":\"ReadAction\",\"target\":[\"https:\\\/\\\/www.copealcoy.es\\\/es\\\/la-segunda-diana-inicia-los-actos-del-dia-de-san-hipolito-en-cocentaina\\\/\"]}]},{\"@type\":\"ImageObject\",\"inLanguage\":\"es\",\"@id\":\"https:\\\/\\\/www.copealcoy.es\\\/es\\\/la-segunda-diana-inicia-los-actos-del-dia-de-san-hipolito-en-cocentaina\\\/#primaryimage\",\"url\":\"https:\\\/\\\/www.copealcoy.es\\\/wp-content\\\/uploads\\\/2024\\\/08\\\/unnamed-3-scaled.jpg\",\"contentUrl\":\"https:\\\/\\\/www.copealcoy.es\\\/wp-content\\\/uploads\\\/2024\\\/08\\\/unnamed-3-scaled.jpg\",\"width\":1550,\"height\":1080},{\"@type\":\"BreadcrumbList\",\"@id\":\"https:\\\/\\\/www.copealcoy.es\\\/es\\\/la-segunda-diana-inicia-los-actos-del-dia-de-san-hipolito-en-cocentaina\\\/#breadcrumb\",\"itemListElement\":[{\"@type\":\"ListItem\",\"position\":1,\"name\":\"Portada\",\"item\":\"https:\\\/\\\/www.copealcoy.es\\\/es\\\/\"},{\"@type\":\"ListItem\",\"position\":2,\"name\":\"La Segunda Diana inicia los actos del D\u00eda de San Hip\u00f3lito en Cocentaina\"}]},{\"@type\":\"WebSite\",\"@id\":\"https:\\\/\\\/www.copealcoy.es\\\/es\\\/#website\",\"url\":\"https:\\\/\\\/www.copealcoy.es\\\/es\\\/\",\"name\":\"COPE Alcoy\",\"description\":\"Emisora COPE de radio local con emisi\u00f3n online. Pont de Sant Jordi 8-10 03803 Alcoy\",\"potentialAction\":[{\"@type\":\"SearchAction\",\"target\":{\"@type\":\"EntryPoint\",\"urlTemplate\":\"https:\\\/\\\/www.copealcoy.es\\\/es\\\/?s={search_term_string}\"},\"query-input\":{\"@type\":\"PropertyValueSpecification\",\"valueRequired\":true,\"valueName\":\"search_term_string\"}}],\"inLanguage\":\"es\"},{\"@type\":\"Person\",\"@id\":\"https:\\\/\\\/www.copealcoy.es\\\/es\\\/#\\\/schema\\\/person\\\/e777c87fa024e57d40170af9df39882c\",\"name\":\"Cope Alcoy\",\"image\":{\"@type\":\"ImageObject\",\"inLanguage\":\"es\",\"@id\":\"https:\\\/\\\/secure.gravatar.com\\\/avatar\\\/bb65d0283347e303893ba14f0692005417c1e0e690a325a4c5d8bb2b3943ee14?s=96&d=mm&r=g\",\"url\":\"https:\\\/\\\/secure.gravatar.com\\\/avatar\\\/bb65d0283347e303893ba14f0692005417c1e0e690a325a4c5d8bb2b3943ee14?s=96&d=mm&r=g\",\"contentUrl\":\"https:\\\/\\\/secure.gravatar.com\\\/avatar\\\/bb65d0283347e303893ba14f0692005417c1e0e690a325a4c5d8bb2b3943ee14?s=96&d=mm&r=g\",\"caption\":\"Cope Alcoy\"}}]}<\/script>\n<!-- \/ Yoast SEO plugin. -->","yoast_head_json":{"title":"La Segunda Diana inicia los actos del D\u00eda de San Hip\u00f3lito en Cocentaina - COPE Alcoy","description":"La Segunda Diana ha iniciado en Cocentaina los actos del D\u00eda de San Hip\u00f3lito M\u00e1rtir","robots":{"index":"index","follow":"follow","max-snippet":"max-snippet:-1","max-image-preview":"max-image-preview:large","max-video-preview":"max-video-preview:-1"},"canonical":"https:\/\/www.copealcoy.es\/es\/la-segunda-diana-inicia-los-actos-del-dia-de-san-hipolito-en-cocentaina\/","og_locale":"es_ES","og_type":"article","og_title":"La Segunda Diana inicia los actos del D\u00eda de San Hip\u00f3lito en Cocentaina - COPE Alcoy","og_description":"La Segunda Diana ha iniciado en Cocentaina los actos del D\u00eda de San Hip\u00f3lito M\u00e1rtir","og_url":"https:\/\/www.copealcoy.es\/es\/la-segunda-diana-inicia-los-actos-del-dia-de-san-hipolito-en-cocentaina\/","og_site_name":"COPE Alcoy","article_published_time":"2024-08-11T09:07:19+00:00","og_image":[{"width":1550,"height":1080,"url":"https:\/\/www.copealcoy.es\/wp-content\/uploads\/2024\/08\/unnamed-3-scaled.jpg","type":"image\/jpeg"}],"author":"Cope Alcoy","twitter_misc":{"Escrito por":"Cope Alcoy","Tiempo de lectura":"2 minutos"},"schema":{"@context":"https:\/\/schema.org","@graph":[{"@type":"Article","@id":"https:\/\/www.copealcoy.es\/es\/la-segunda-diana-inicia-los-actos-del-dia-de-san-hipolito-en-cocentaina\/#article","isPartOf":{"@id":"https:\/\/www.copealcoy.es\/es\/la-segunda-diana-inicia-los-actos-del-dia-de-san-hipolito-en-cocentaina\/"},"author":{"name":"Cope Alcoy","@id":"https:\/\/www.copealcoy.es\/es\/#\/schema\/person\/e777c87fa024e57d40170af9df39882c"},"headline":"La Segunda Diana inicia los actos del D\u00eda de San Hip\u00f3lito en Cocentaina","datePublished":"2024-08-11T09:07:19+00:00","mainEntityOfPage":{"@id":"https:\/\/www.copealcoy.es\/es\/la-segunda-diana-inicia-los-actos-del-dia-de-san-hipolito-en-cocentaina\/"},"wordCount":319,"commentCount":0,"image":{"@id":"https:\/\/www.copealcoy.es\/es\/la-segunda-diana-inicia-los-actos-del-dia-de-san-hipolito-en-cocentaina\/#primaryimage"},"thumbnailUrl":"https:\/\/www.copealcoy.es\/wp-content\/uploads\/2024\/08\/unnamed-3-scaled.jpg","keywords":["Cocentaina","Fiestas","Moros Y Cristianos","San Hip\u00f3lito M\u00e1rtir","Segunda Diana"],"articleSection":["Actualidad","Comarcas","Noticias","Portada"],"inLanguage":"es"},{"@type":"WebPage","@id":"https:\/\/www.copealcoy.es\/es\/la-segunda-diana-inicia-los-actos-del-dia-de-san-hipolito-en-cocentaina\/","url":"https:\/\/www.copealcoy.es\/es\/la-segunda-diana-inicia-los-actos-del-dia-de-san-hipolito-en-cocentaina\/","name":"La Segunda Diana inicia los actos del D\u00eda de San Hip\u00f3lito en Cocentaina - COPE Alcoy","isPartOf":{"@id":"https:\/\/www.copealcoy.es\/es\/#website"},"primaryImageOfPage":{"@id":"https:\/\/www.copealcoy.es\/es\/la-segunda-diana-inicia-los-actos-del-dia-de-san-hipolito-en-cocentaina\/#primaryimage"},"image":{"@id":"https:\/\/www.copealcoy.es\/es\/la-segunda-diana-inicia-los-actos-del-dia-de-san-hipolito-en-cocentaina\/#primaryimage"},"thumbnailUrl":"https:\/\/www.copealcoy.es\/wp-content\/uploads\/2024\/08\/unnamed-3-scaled.jpg","datePublished":"2024-08-11T09:07:19+00:00","author":{"@id":"https:\/\/www.copealcoy.es\/es\/#\/schema\/person\/e777c87fa024e57d40170af9df39882c"},"description":"La Segunda Diana ha iniciado en Cocentaina los actos del D\u00eda de San Hip\u00f3lito M\u00e1rtir","breadcrumb":{"@id":"https:\/\/www.copealcoy.es\/es\/la-segunda-diana-inicia-los-actos-del-dia-de-san-hipolito-en-cocentaina\/#breadcrumb"},"inLanguage":"es","potentialAction":[{"@type":"ReadAction","target":["https:\/\/www.copealcoy.es\/es\/la-segunda-diana-inicia-los-actos-del-dia-de-san-hipolito-en-cocentaina\/"]}]},{"@type":"ImageObject","inLanguage":"es","@id":"https:\/\/www.copealcoy.es\/es\/la-segunda-diana-inicia-los-actos-del-dia-de-san-hipolito-en-cocentaina\/#primaryimage","url":"https:\/\/www.copealcoy.es\/wp-content\/uploads\/2024\/08\/unnamed-3-scaled.jpg","contentUrl":"https:\/\/www.copealcoy.es\/wp-content\/uploads\/2024\/08\/unnamed-3-scaled.jpg","width":1550,"height":1080},{"@type":"BreadcrumbList","@id":"https:\/\/www.copealcoy.es\/es\/la-segunda-diana-inicia-los-actos-del-dia-de-san-hipolito-en-cocentaina\/#breadcrumb","itemListElement":[{"@type":"ListItem","position":1,"name":"Portada","item":"https:\/\/www.copealcoy.es\/es\/"},{"@type":"ListItem","position":2,"name":"La Segunda Diana inicia los actos del D\u00eda de San Hip\u00f3lito en Cocentaina"}]},{"@type":"WebSite","@id":"https:\/\/www.copealcoy.es\/es\/#website","url":"https:\/\/www.copealcoy.es\/es\/","name":"COPE Alcoy","description":"Emisora COPE de radio local con emisi\u00f3n online. Pont de Sant Jordi 8-10 03803 Alcoy","potentialAction":[{"@type":"SearchAction","target":{"@type":"EntryPoint","urlTemplate":"https:\/\/www.copealcoy.es\/es\/?s={search_term_string}"},"query-input":{"@type":"PropertyValueSpecification","valueRequired":true,"valueName":"search_term_string"}}],"inLanguage":"es"},{"@type":"Person","@id":"https:\/\/www.copealcoy.es\/es\/#\/schema\/person\/e777c87fa024e57d40170af9df39882c","name":"Cope Alcoy","image":{"@type":"ImageObject","inLanguage":"es","@id":"https:\/\/secure.gravatar.com\/avatar\/bb65d0283347e303893ba14f0692005417c1e0e690a325a4c5d8bb2b3943ee14?s=96&d=mm&r=g","url":"https:\/\/secure.gravatar.com\/avatar\/bb65d0283347e303893ba14f0692005417c1e0e690a325a4c5d8bb2b3943ee14?s=96&d=mm&r=g","contentUrl":"https:\/\/secure.gravatar.com\/avatar\/bb65d0283347e303893ba14f0692005417c1e0e690a325a4c5d8bb2b3943ee14?s=96&d=mm&r=g","caption":"Cope Alcoy"}}]}},"_links":{"self":[{"href":"https:\/\/www.copealcoy.es\/es\/wp-json\/wp\/v2\/posts\/138820","targetHints":{"allow":["GET"]}}],"collection":[{"href":"https:\/\/www.copealcoy.es\/es\/wp-json\/wp\/v2\/posts"}],"about":[{"href":"https:\/\/www.copealcoy.es\/es\/wp-json\/wp\/v2\/types\/post"}],"author":[{"embeddable":true,"href":"https:\/\/www.copealcoy.es\/es\/wp-json\/wp\/v2\/users\/1"}],"replies":[{"embeddable":true,"href":"https:\/\/www.copealcoy.es\/es\/wp-json\/wp\/v2\/comments?post=138820"}],"version-history":[{"count":0,"href":"https:\/\/www.copealcoy.es\/es\/wp-json\/wp\/v2\/posts\/138820\/revisions"}],"wp:featuredmedia":[{"embeddable":true,"href":"https:\/\/www.copealcoy.es\/es\/wp-json\/wp\/v2\/media\/138821"}],"wp:attachment":[{"href":"https:\/\/www.copealcoy.es\/es\/wp-json\/wp\/v2\/media?parent=138820"}],"wp:term":[{"taxonomy":"category","embeddable":true,"href":"https:\/\/www.copealcoy.es\/es\/wp-json\/wp\/v2\/categories?post=138820"},{"taxonomy":"post_tag","embeddable":true,"href":"https:\/\/www.copealcoy.es\/es\/wp-json\/wp\/v2\/tags?post=138820"}],"curies":[{"name":"wp","href":"https:\/\/api.w.org\/{rel}","templated":true}]}}