{"id":138794,"date":"2024-08-10T13:34:01","date_gmt":"2024-08-10T12:34:01","guid":{"rendered":"https:\/\/www.copealcoy.es\/?p=138794"},"modified":"2024-08-10T13:37:32","modified_gmt":"2024-08-10T12:37:32","slug":"puigdemont-se-cuela-en-la-ambaixada-del-contrabando-de-cocentaina","status":"publish","type":"post","link":"https:\/\/www.copealcoy.es\/es\/puigdemont-se-cuela-en-la-ambaixada-del-contrabando-de-cocentaina\/","title":{"rendered":"Puigdemont se cuela en la &#8216;Ambaixada del Contrabando&#8217; de Cocentaina"},"content":{"rendered":"<p style=\"text-align: justify;\">Tras la emotiva <strong>Primera Diana<\/strong> de la ma\u00f1ana de este s\u00e1bado, la\u00a0<strong>trilog\u00eda festera de Cocentaina<\/strong>\u00a0en honor a San Hip\u00f3lito M\u00e1rtir ha continuado este s\u00e1bado con\u00a0<strong>el tradicional acto de la \u2018Ambaixada del Contrabando\u2019<\/strong>\u00a0que han protagonizado a mediod\u00eda las Filaes Maseros y Contrabandistas. Hasta la Villa Condal han llegado\u00a0<strong>los feroces andaluces provenientes de Sierra Morena<\/strong>\u00a0para ayudar a los Maseros a vencer a los sarracenos que est\u00e1n a punto de tomar la poblaci\u00f3n.<\/p>\n<p style=\"text-align: justify;\">Los mismos\u00a0<a href=\"https:\/\/www.facebook.com\/profile.php?id=100011147586353\" target=\"_blank\" rel=\"noopener\"><span style=\"color: #0000ff;\"><strong>Contrabandistas<\/strong><\/span><\/a>, provistos de caballos y arcabuces,\u00a0<strong>han puesto sobre la mesa los argumentos que los ha llevado hasta llegar a las monta\u00f1as de nuestras comarcas<\/strong>\u00a0\u201c<em>LLoma Grossa, Escorrup\u00e8nia, Rac\u00f3 Llobet, Bassa dels Peixos, Font de l\u00b4Edra, Esquererola, Huit Piletes y altos cerros hemos recorrido en balde, pues los moros se escondieron. \u00a1Con que, si de algo aprovecha, nuestro trabuco ofrecemos!\u201d,<\/em>\u00a0<strong>pronunci\u00f3 con fuerza el Embajador<\/strong>\u00a0al avistar los muros de la poblaci\u00f3n a la altura del campanario de la iglesia de Santa Mar\u00eda.<\/p>\n<p style=\"text-align: justify;\">La singular \u2018Ambaixada del Contrabando\u2019\u00a0<strong>ha sido seguida por numeroso p\u00fablico<\/strong> y los Embajadores, papeles encarnados este a\u00f1o por Xavi Albero, Enric Albero, Jos\u00e9 Lu\u00eds Molina y Resti Bonifacio, <strong>han vuelto a hacer referencias a la actualidad<\/strong> sin dejar de lado la iron\u00eda y el buen humor. En esta ocasi\u00f3n <strong>se ha hablado<\/strong> de la Eurocopa, los Juegos Ol\u00edmpicos, las nuevas instalaciones que tendr\u00e1 un conocido supermercado en Cocentaina o los sueldos del equipo de gobierno pero lo que m\u00e1s ha llamado la atenci\u00f3n ha sido <strong>la aparici\u00f3n del mism\u00edsimo Carles Puigdemont <\/strong>en Cocentaina; una sat\u00edrica alusi\u00f3n a la que ha sido sin duda la noticia de la semana tras la visita fugaz del expresidente catal\u00e1n a Barcelona sin ser detenido por las fuerzas de seguridad.<\/p>\n<p style=\"text-align: justify;\">El encuentro dial\u00e9ctico, que ha ha vuelto a tener lugar en\u00a0<strong>la plaza de la iglesia de Santa Mar\u00eda, la calle Conde de Cocentaina y tambi\u00e9n la plaza de El Pla<\/strong>; ha finalizado con acuerdo. Los Maseros\u00a0<strong>han aceptado la ayuda de los Contrabandistas<\/strong>\u00a0para hacer frente a los moros en el momento en el que hagan su Entrada triunfal a Cocentaina esta tarde.<\/p>\n","protected":false},"excerpt":{"rendered":"<p>Tras la emotiva Primera Diana de la ma\u00f1ana de este s\u00e1bado, la\u00a0trilog\u00eda festera de Cocentaina\u00a0en honor a San Hip\u00f3lito M\u00e1rtir&#8230;<\/p>\n","protected":false},"author":1,"featured_media":138795,"comment_status":"open","ping_status":"open","sticky":false,"template":"","format":"standard","meta":{"footnotes":""},"categories":[6909,98,75],"tags":[4540,132,2263,565,2166,609],"class_list":["post-138794","post","type-post","status-publish","format-standard","has-post-thumbnail","hentry","category-actualidad","category-comarcas","category-noticias","tag-ambaixada-contrabando","tag-cocentaina","tag-contrabandistas","tag-fiestas","tag-maseros","tag-moros-y-cristianos"],"yoast_head":"<!-- This site is optimized with the Yoast SEO plugin v27.3 - https:\/\/yoast.com\/product\/yoast-seo-wordpress\/ -->\n<title>Puigdemont se cuela en la &#039;Ambaixada del Contrabando&#039; de Cocentaina - COPE Alcoy<\/title>\n<meta name=\"description\" content=\"La\u00a0trilog\u00eda festera de Cocentaina\u00a0en honor a San Hip\u00f3lito M\u00e1rtir ha continuado este s\u00e1bado con\u00a0el tradicional acto de la \u2018Ambaixada del Contrabando\u2019\u00a0\" \/>\n<meta name=\"robots\" content=\"index, follow, max-snippet:-1, max-image-preview:large, max-video-preview:-1\" \/>\n<link rel=\"canonical\" href=\"https:\/\/www.copealcoy.es\/es\/puigdemont-se-cuela-en-la-ambaixada-del-contrabando-de-cocentaina\/\" \/>\n<meta property=\"og:locale\" content=\"es_ES\" \/>\n<meta property=\"og:type\" content=\"article\" \/>\n<meta property=\"og:title\" content=\"Puigdemont se cuela en la &#039;Ambaixada del Contrabando&#039; de Cocentaina - COPE Alcoy\" \/>\n<meta property=\"og:description\" content=\"La\u00a0trilog\u00eda festera de Cocentaina\u00a0en honor a San Hip\u00f3lito M\u00e1rtir ha continuado este s\u00e1bado con\u00a0el tradicional acto de la \u2018Ambaixada del Contrabando\u2019\u00a0\" \/>\n<meta property=\"og:url\" content=\"https:\/\/www.copealcoy.es\/es\/puigdemont-se-cuela-en-la-ambaixada-del-contrabando-de-cocentaina\/\" \/>\n<meta property=\"og:site_name\" content=\"COPE Alcoy\" \/>\n<meta property=\"article:published_time\" content=\"2024-08-10T12:34:01+00:00\" \/>\n<meta property=\"article:modified_time\" content=\"2024-08-10T12:37:32+00:00\" \/>\n<meta property=\"og:image\" content=\"https:\/\/www.copealcoy.es\/wp-content\/uploads\/2024\/08\/unnamed-2-scaled.jpg\" \/>\n\t<meta property=\"og:image:width\" content=\"1727\" \/>\n\t<meta property=\"og:image:height\" content=\"1080\" \/>\n\t<meta property=\"og:image:type\" content=\"image\/jpeg\" \/>\n<meta name=\"author\" content=\"Cope Alcoy\" \/>\n<meta name=\"twitter:label1\" content=\"Escrito por\" \/>\n\t<meta name=\"twitter:data1\" content=\"Cope Alcoy\" \/>\n\t<meta name=\"twitter:label2\" content=\"Tiempo de lectura\" \/>\n\t<meta name=\"twitter:data2\" content=\"3 minutos\" \/>\n<script type=\"application\/ld+json\" class=\"yoast-schema-graph\">{\"@context\":\"https:\\\/\\\/schema.org\",\"@graph\":[{\"@type\":\"Article\",\"@id\":\"https:\\\/\\\/www.copealcoy.es\\\/es\\\/puigdemont-se-cuela-en-la-ambaixada-del-contrabando-de-cocentaina\\\/#article\",\"isPartOf\":{\"@id\":\"https:\\\/\\\/www.copealcoy.es\\\/es\\\/puigdemont-se-cuela-en-la-ambaixada-del-contrabando-de-cocentaina\\\/\"},\"author\":{\"name\":\"Cope Alcoy\",\"@id\":\"https:\\\/\\\/www.copealcoy.es\\\/es\\\/#\\\/schema\\\/person\\\/e777c87fa024e57d40170af9df39882c\"},\"headline\":\"Puigdemont se cuela en la &#8216;Ambaixada del Contrabando&#8217; de Cocentaina\",\"datePublished\":\"2024-08-10T12:34:01+00:00\",\"dateModified\":\"2024-08-10T12:37:32+00:00\",\"mainEntityOfPage\":{\"@id\":\"https:\\\/\\\/www.copealcoy.es\\\/es\\\/puigdemont-se-cuela-en-la-ambaixada-del-contrabando-de-cocentaina\\\/\"},\"wordCount\":391,\"commentCount\":0,\"image\":{\"@id\":\"https:\\\/\\\/www.copealcoy.es\\\/es\\\/puigdemont-se-cuela-en-la-ambaixada-del-contrabando-de-cocentaina\\\/#primaryimage\"},\"thumbnailUrl\":\"https:\\\/\\\/www.copealcoy.es\\\/wp-content\\\/uploads\\\/2024\\\/08\\\/unnamed-2-scaled.jpg\",\"keywords\":[\"Ambaixada Contrabando\",\"Cocentaina\",\"Contrabandistas\",\"Fiestas\",\"Maseros\",\"Moros Y Cristianos\"],\"articleSection\":[\"Actualidad\",\"Comarcas\",\"Noticias\"],\"inLanguage\":\"es\"},{\"@type\":\"WebPage\",\"@id\":\"https:\\\/\\\/www.copealcoy.es\\\/es\\\/puigdemont-se-cuela-en-la-ambaixada-del-contrabando-de-cocentaina\\\/\",\"url\":\"https:\\\/\\\/www.copealcoy.es\\\/es\\\/puigdemont-se-cuela-en-la-ambaixada-del-contrabando-de-cocentaina\\\/\",\"name\":\"Puigdemont se cuela en la 'Ambaixada del Contrabando' de Cocentaina - COPE Alcoy\",\"isPartOf\":{\"@id\":\"https:\\\/\\\/www.copealcoy.es\\\/es\\\/#website\"},\"primaryImageOfPage\":{\"@id\":\"https:\\\/\\\/www.copealcoy.es\\\/es\\\/puigdemont-se-cuela-en-la-ambaixada-del-contrabando-de-cocentaina\\\/#primaryimage\"},\"image\":{\"@id\":\"https:\\\/\\\/www.copealcoy.es\\\/es\\\/puigdemont-se-cuela-en-la-ambaixada-del-contrabando-de-cocentaina\\\/#primaryimage\"},\"thumbnailUrl\":\"https:\\\/\\\/www.copealcoy.es\\\/wp-content\\\/uploads\\\/2024\\\/08\\\/unnamed-2-scaled.jpg\",\"datePublished\":\"2024-08-10T12:34:01+00:00\",\"dateModified\":\"2024-08-10T12:37:32+00:00\",\"author\":{\"@id\":\"https:\\\/\\\/www.copealcoy.es\\\/es\\\/#\\\/schema\\\/person\\\/e777c87fa024e57d40170af9df39882c\"},\"description\":\"La\u00a0trilog\u00eda festera de Cocentaina\u00a0en honor a San Hip\u00f3lito M\u00e1rtir ha continuado este s\u00e1bado con\u00a0el tradicional acto de la \u2018Ambaixada del Contrabando\u2019\u00a0\",\"breadcrumb\":{\"@id\":\"https:\\\/\\\/www.copealcoy.es\\\/es\\\/puigdemont-se-cuela-en-la-ambaixada-del-contrabando-de-cocentaina\\\/#breadcrumb\"},\"inLanguage\":\"es\",\"potentialAction\":[{\"@type\":\"ReadAction\",\"target\":[\"https:\\\/\\\/www.copealcoy.es\\\/es\\\/puigdemont-se-cuela-en-la-ambaixada-del-contrabando-de-cocentaina\\\/\"]}]},{\"@type\":\"ImageObject\",\"inLanguage\":\"es\",\"@id\":\"https:\\\/\\\/www.copealcoy.es\\\/es\\\/puigdemont-se-cuela-en-la-ambaixada-del-contrabando-de-cocentaina\\\/#primaryimage\",\"url\":\"https:\\\/\\\/www.copealcoy.es\\\/wp-content\\\/uploads\\\/2024\\\/08\\\/unnamed-2-scaled.jpg\",\"contentUrl\":\"https:\\\/\\\/www.copealcoy.es\\\/wp-content\\\/uploads\\\/2024\\\/08\\\/unnamed-2-scaled.jpg\",\"width\":1727,\"height\":1080},{\"@type\":\"BreadcrumbList\",\"@id\":\"https:\\\/\\\/www.copealcoy.es\\\/es\\\/puigdemont-se-cuela-en-la-ambaixada-del-contrabando-de-cocentaina\\\/#breadcrumb\",\"itemListElement\":[{\"@type\":\"ListItem\",\"position\":1,\"name\":\"Portada\",\"item\":\"https:\\\/\\\/www.copealcoy.es\\\/es\\\/\"},{\"@type\":\"ListItem\",\"position\":2,\"name\":\"Puigdemont se cuela en la &#8216;Ambaixada del Contrabando&#8217; de Cocentaina\"}]},{\"@type\":\"WebSite\",\"@id\":\"https:\\\/\\\/www.copealcoy.es\\\/es\\\/#website\",\"url\":\"https:\\\/\\\/www.copealcoy.es\\\/es\\\/\",\"name\":\"COPE Alcoy\",\"description\":\"Emisora COPE de radio local con emisi\u00f3n online. Pont de Sant Jordi 8-10 03803 Alcoy\",\"potentialAction\":[{\"@type\":\"SearchAction\",\"target\":{\"@type\":\"EntryPoint\",\"urlTemplate\":\"https:\\\/\\\/www.copealcoy.es\\\/es\\\/?s={search_term_string}\"},\"query-input\":{\"@type\":\"PropertyValueSpecification\",\"valueRequired\":true,\"valueName\":\"search_term_string\"}}],\"inLanguage\":\"es\"},{\"@type\":\"Person\",\"@id\":\"https:\\\/\\\/www.copealcoy.es\\\/es\\\/#\\\/schema\\\/person\\\/e777c87fa024e57d40170af9df39882c\",\"name\":\"Cope Alcoy\",\"image\":{\"@type\":\"ImageObject\",\"inLanguage\":\"es\",\"@id\":\"https:\\\/\\\/secure.gravatar.com\\\/avatar\\\/bb65d0283347e303893ba14f0692005417c1e0e690a325a4c5d8bb2b3943ee14?s=96&d=mm&r=g\",\"url\":\"https:\\\/\\\/secure.gravatar.com\\\/avatar\\\/bb65d0283347e303893ba14f0692005417c1e0e690a325a4c5d8bb2b3943ee14?s=96&d=mm&r=g\",\"contentUrl\":\"https:\\\/\\\/secure.gravatar.com\\\/avatar\\\/bb65d0283347e303893ba14f0692005417c1e0e690a325a4c5d8bb2b3943ee14?s=96&d=mm&r=g\",\"caption\":\"Cope Alcoy\"}}]}<\/script>\n<!-- \/ Yoast SEO plugin. -->","yoast_head_json":{"title":"Puigdemont se cuela en la 'Ambaixada del Contrabando' de Cocentaina - COPE Alcoy","description":"La\u00a0trilog\u00eda festera de Cocentaina\u00a0en honor a San Hip\u00f3lito M\u00e1rtir ha continuado este s\u00e1bado con\u00a0el tradicional acto de la \u2018Ambaixada del Contrabando\u2019\u00a0","robots":{"index":"index","follow":"follow","max-snippet":"max-snippet:-1","max-image-preview":"max-image-preview:large","max-video-preview":"max-video-preview:-1"},"canonical":"https:\/\/www.copealcoy.es\/es\/puigdemont-se-cuela-en-la-ambaixada-del-contrabando-de-cocentaina\/","og_locale":"es_ES","og_type":"article","og_title":"Puigdemont se cuela en la 'Ambaixada del Contrabando' de Cocentaina - COPE Alcoy","og_description":"La\u00a0trilog\u00eda festera de Cocentaina\u00a0en honor a San Hip\u00f3lito M\u00e1rtir ha continuado este s\u00e1bado con\u00a0el tradicional acto de la \u2018Ambaixada del Contrabando\u2019\u00a0","og_url":"https:\/\/www.copealcoy.es\/es\/puigdemont-se-cuela-en-la-ambaixada-del-contrabando-de-cocentaina\/","og_site_name":"COPE Alcoy","article_published_time":"2024-08-10T12:34:01+00:00","article_modified_time":"2024-08-10T12:37:32+00:00","og_image":[{"width":1727,"height":1080,"url":"https:\/\/www.copealcoy.es\/wp-content\/uploads\/2024\/08\/unnamed-2-scaled.jpg","type":"image\/jpeg"}],"author":"Cope Alcoy","twitter_misc":{"Escrito por":"Cope Alcoy","Tiempo de lectura":"3 minutos"},"schema":{"@context":"https:\/\/schema.org","@graph":[{"@type":"Article","@id":"https:\/\/www.copealcoy.es\/es\/puigdemont-se-cuela-en-la-ambaixada-del-contrabando-de-cocentaina\/#article","isPartOf":{"@id":"https:\/\/www.copealcoy.es\/es\/puigdemont-se-cuela-en-la-ambaixada-del-contrabando-de-cocentaina\/"},"author":{"name":"Cope Alcoy","@id":"https:\/\/www.copealcoy.es\/es\/#\/schema\/person\/e777c87fa024e57d40170af9df39882c"},"headline":"Puigdemont se cuela en la &#8216;Ambaixada del Contrabando&#8217; de Cocentaina","datePublished":"2024-08-10T12:34:01+00:00","dateModified":"2024-08-10T12:37:32+00:00","mainEntityOfPage":{"@id":"https:\/\/www.copealcoy.es\/es\/puigdemont-se-cuela-en-la-ambaixada-del-contrabando-de-cocentaina\/"},"wordCount":391,"commentCount":0,"image":{"@id":"https:\/\/www.copealcoy.es\/es\/puigdemont-se-cuela-en-la-ambaixada-del-contrabando-de-cocentaina\/#primaryimage"},"thumbnailUrl":"https:\/\/www.copealcoy.es\/wp-content\/uploads\/2024\/08\/unnamed-2-scaled.jpg","keywords":["Ambaixada Contrabando","Cocentaina","Contrabandistas","Fiestas","Maseros","Moros Y Cristianos"],"articleSection":["Actualidad","Comarcas","Noticias"],"inLanguage":"es"},{"@type":"WebPage","@id":"https:\/\/www.copealcoy.es\/es\/puigdemont-se-cuela-en-la-ambaixada-del-contrabando-de-cocentaina\/","url":"https:\/\/www.copealcoy.es\/es\/puigdemont-se-cuela-en-la-ambaixada-del-contrabando-de-cocentaina\/","name":"Puigdemont se cuela en la 'Ambaixada del Contrabando' de Cocentaina - COPE Alcoy","isPartOf":{"@id":"https:\/\/www.copealcoy.es\/es\/#website"},"primaryImageOfPage":{"@id":"https:\/\/www.copealcoy.es\/es\/puigdemont-se-cuela-en-la-ambaixada-del-contrabando-de-cocentaina\/#primaryimage"},"image":{"@id":"https:\/\/www.copealcoy.es\/es\/puigdemont-se-cuela-en-la-ambaixada-del-contrabando-de-cocentaina\/#primaryimage"},"thumbnailUrl":"https:\/\/www.copealcoy.es\/wp-content\/uploads\/2024\/08\/unnamed-2-scaled.jpg","datePublished":"2024-08-10T12:34:01+00:00","dateModified":"2024-08-10T12:37:32+00:00","author":{"@id":"https:\/\/www.copealcoy.es\/es\/#\/schema\/person\/e777c87fa024e57d40170af9df39882c"},"description":"La\u00a0trilog\u00eda festera de Cocentaina\u00a0en honor a San Hip\u00f3lito M\u00e1rtir ha continuado este s\u00e1bado con\u00a0el tradicional acto de la \u2018Ambaixada del Contrabando\u2019\u00a0","breadcrumb":{"@id":"https:\/\/www.copealcoy.es\/es\/puigdemont-se-cuela-en-la-ambaixada-del-contrabando-de-cocentaina\/#breadcrumb"},"inLanguage":"es","potentialAction":[{"@type":"ReadAction","target":["https:\/\/www.copealcoy.es\/es\/puigdemont-se-cuela-en-la-ambaixada-del-contrabando-de-cocentaina\/"]}]},{"@type":"ImageObject","inLanguage":"es","@id":"https:\/\/www.copealcoy.es\/es\/puigdemont-se-cuela-en-la-ambaixada-del-contrabando-de-cocentaina\/#primaryimage","url":"https:\/\/www.copealcoy.es\/wp-content\/uploads\/2024\/08\/unnamed-2-scaled.jpg","contentUrl":"https:\/\/www.copealcoy.es\/wp-content\/uploads\/2024\/08\/unnamed-2-scaled.jpg","width":1727,"height":1080},{"@type":"BreadcrumbList","@id":"https:\/\/www.copealcoy.es\/es\/puigdemont-se-cuela-en-la-ambaixada-del-contrabando-de-cocentaina\/#breadcrumb","itemListElement":[{"@type":"ListItem","position":1,"name":"Portada","item":"https:\/\/www.copealcoy.es\/es\/"},{"@type":"ListItem","position":2,"name":"Puigdemont se cuela en la &#8216;Ambaixada del Contrabando&#8217; de Cocentaina"}]},{"@type":"WebSite","@id":"https:\/\/www.copealcoy.es\/es\/#website","url":"https:\/\/www.copealcoy.es\/es\/","name":"COPE Alcoy","description":"Emisora COPE de radio local con emisi\u00f3n online. Pont de Sant Jordi 8-10 03803 Alcoy","potentialAction":[{"@type":"SearchAction","target":{"@type":"EntryPoint","urlTemplate":"https:\/\/www.copealcoy.es\/es\/?s={search_term_string}"},"query-input":{"@type":"PropertyValueSpecification","valueRequired":true,"valueName":"search_term_string"}}],"inLanguage":"es"},{"@type":"Person","@id":"https:\/\/www.copealcoy.es\/es\/#\/schema\/person\/e777c87fa024e57d40170af9df39882c","name":"Cope Alcoy","image":{"@type":"ImageObject","inLanguage":"es","@id":"https:\/\/secure.gravatar.com\/avatar\/bb65d0283347e303893ba14f0692005417c1e0e690a325a4c5d8bb2b3943ee14?s=96&d=mm&r=g","url":"https:\/\/secure.gravatar.com\/avatar\/bb65d0283347e303893ba14f0692005417c1e0e690a325a4c5d8bb2b3943ee14?s=96&d=mm&r=g","contentUrl":"https:\/\/secure.gravatar.com\/avatar\/bb65d0283347e303893ba14f0692005417c1e0e690a325a4c5d8bb2b3943ee14?s=96&d=mm&r=g","caption":"Cope Alcoy"}}]}},"_links":{"self":[{"href":"https:\/\/www.copealcoy.es\/es\/wp-json\/wp\/v2\/posts\/138794","targetHints":{"allow":["GET"]}}],"collection":[{"href":"https:\/\/www.copealcoy.es\/es\/wp-json\/wp\/v2\/posts"}],"about":[{"href":"https:\/\/www.copealcoy.es\/es\/wp-json\/wp\/v2\/types\/post"}],"author":[{"embeddable":true,"href":"https:\/\/www.copealcoy.es\/es\/wp-json\/wp\/v2\/users\/1"}],"replies":[{"embeddable":true,"href":"https:\/\/www.copealcoy.es\/es\/wp-json\/wp\/v2\/comments?post=138794"}],"version-history":[{"count":0,"href":"https:\/\/www.copealcoy.es\/es\/wp-json\/wp\/v2\/posts\/138794\/revisions"}],"wp:featuredmedia":[{"embeddable":true,"href":"https:\/\/www.copealcoy.es\/es\/wp-json\/wp\/v2\/media\/138795"}],"wp:attachment":[{"href":"https:\/\/www.copealcoy.es\/es\/wp-json\/wp\/v2\/media?parent=138794"}],"wp:term":[{"taxonomy":"category","embeddable":true,"href":"https:\/\/www.copealcoy.es\/es\/wp-json\/wp\/v2\/categories?post=138794"},{"taxonomy":"post_tag","embeddable":true,"href":"https:\/\/www.copealcoy.es\/es\/wp-json\/wp\/v2\/tags?post=138794"}],"curies":[{"name":"wp","href":"https:\/\/api.w.org\/{rel}","templated":true}]}}