{"id":138790,"date":"2024-08-10T17:44:40","date_gmt":"2024-08-10T16:44:40","guid":{"rendered":"https:\/\/www.copealcoy.es\/?p=138790"},"modified":"2024-08-10T17:44:40","modified_gmt":"2024-08-10T16:44:40","slug":"la-entrada-de-moros-y-cristianos-ya-recorre-las-calles-de-cocentaina","status":"publish","type":"post","link":"https:\/\/www.copealcoy.es\/es\/la-entrada-de-moros-y-cristianos-ya-recorre-las-calles-de-cocentaina\/","title":{"rendered":"La Entrada de Moros y Cristianos ya recorre las calles de Cocentaina"},"content":{"rendered":"<p style=\"text-align: justify;\">Cocentaina vive hoy <strong>el d\u00eda grande de sus <a href=\"http:\/\/www.jfcocentaina.com\/\" target=\"_blank\" rel=\"noopener\"><span style=\"color: #0000ff;\">Fiestas de Moros y Cristianos<\/span><\/a><\/strong> en una jornada calurosa que ha comenzado a las siete de la ma\u00f1ana con la emotiva <strong>Primera Diana<\/strong>, uno de los instantes m\u00e1s esperados de cada trilog\u00eda festera contestana. Ahora <strong>toda la atenci\u00f3n se centra ya en la gran Entrada<\/strong> que ambos bandos protagonizan desde las siete de la tarde <strong>tras la \u2018arranc\u00e0\u2019 del desfile<\/strong> en la calle Pare Francesc Agull\u00f3 junto al Convento de los Padres Franciscanos.<\/p>\n<p style=\"text-align: justify;\">En el\u00a0 acto <strong>se prev\u00e9 una participaci\u00f3n de m\u00e1s de tres mil personas<\/strong>, contando a festeros y m\u00fasicos, y de nuevo todas las miradas las acaparar\u00e1n los cuatro cargos festeros que este a\u00f1o desempe\u00f1an en las tropas de la cruz <strong>Adolfo Calafat Ferr\u00e1ndiz<\/strong> (Capit\u00e1n de la Fil\u00e0 Maseros) y <strong>Aina Errando Calleja<\/strong> (Abanderada de la Fil\u00e0 Cavallers de Ll\u00faria); mientras que en el bando moro asumen la responsabilidad <strong>Pablo Le\u00f3n Vidal<\/strong> (Capit\u00e1n de la Fil\u00e0 Mulad\u00eds) y <strong>Lu\u00eds El\u00edas Rade Moreyra<\/strong> (Abanderado de los Kabilenyos). La Entrada <strong>recorrer\u00e1 <\/strong>todo el Passeig del Comtat hasta llegar a la calle Bisbe Estanya y de ah\u00ed tomar\u00e1 la plaza del Pla para enfilar despu\u00e9s la calle Mare de D\u00e9u del Miracle finalizando en la Placeta dels Ap\u00f2stols \u201c<em>estamos seguros de que el p\u00fablico disfrutar\u00e1 mucho porque las cuatro Filaes de cargo han preparado unos cuidados boatos, que no dejar\u00e1n a nadie indiferente, \u00a0y vamos a tener una tarde tarde-noche realmente extraordinaria\u201d<\/em>, avanzaba esta semana el presidente de la Junta de Festes; Rafael Monar.<\/p>\n<p><strong>\u00a0<\/strong><span style=\"color: #0000ff;\"><strong>Amplia representaci\u00f3n auton\u00f3mica y comarcal en las Entradas<\/strong><\/span><\/p>\n<p style=\"text-align: justify;\">Diversas <strong>autoridades<\/strong> de estas comarcas han confirmado su asistencia esta tarde a presenciar las Entradas desde la tribuna instalada ante el Palau Comtal. Esta vez pasar\u00e1n por la capital del Comtat las Diputadas Nacionales Patr\u00edcia Blanquer (PSPV) y \u00c1gueda Mic\u00f3 (Comprom\u00eds) o los Diputados provinciales Carlos Pastor (PP) e Ismael Vidal (PSPV). A ellos se le unen Diputados Auton\u00f3micos de VOX y alcaldes de las poblaciones de l\u2019Alcoi\u00e0 y el Comtat. Y una de las personas que acaparar\u00e1 todas las miradas esta tarde es el ministro para la Transformaci\u00f3n Digital y de la Funci\u00f3n P\u00fablica, <strong>Jos\u00e9 Luis Escriv\u00e0<\/strong>, que visita la Villa Condal para disfrutar del desfile en una poblaci\u00f3n en la que tiene fuertes v\u00ednculos familiares.<\/p>\n<p><span style=\"color: #0000ff;\"><strong>Unas Fiestas que siguen hasta el lunes<\/strong><\/span><\/p>\n<p style=\"text-align: justify;\">Tras el intenso d\u00eda de hoy, <strong>ma\u00f1ana <\/strong>los actos religiosos en honor a San Hip\u00f3lito M\u00e1rtir ser\u00e1n los protagonistas y el <strong>lunes<\/strong> destacar\u00e1 la escenificaci\u00f3n de la batalla entre moros y cristianos para despedir la trilog\u00eda, una jornada en la que las Filaes emplear\u00e1n m\u00e1s de 500 de p\u00f3lvora en los disparos de arcabucer\u00eda. Las Fiestas de Cocentaina, que este a\u00f1o han estrenado la declaraci\u00f3n de Inter\u00e9s Tur\u00edstico Auton\u00f3mico, finalizar\u00e1n oficialmente el <strong>martes 13 de agosto <\/strong>a las 12 del mediod\u00eda con una misa solemne en honor a San Hip\u00f3lito M\u00e1rtir coincidiendo con la festividad lit\u00fargica del patr\u00f3n.<\/p>\n","protected":false},"excerpt":{"rendered":"<p>Cocentaina vive hoy el d\u00eda grande de sus Fiestas de Moros y Cristianos en una jornada calurosa que ha comenzado&#8230;<\/p>\n","protected":false},"author":1,"featured_media":138803,"comment_status":"open","ping_status":"open","sticky":false,"template":"","format":"standard","meta":{"footnotes":""},"categories":[6909,98,75,125],"tags":[132,1987,565,609,4488],"class_list":["post-138790","post","type-post","status-publish","format-standard","has-post-thumbnail","hentry","category-actualidad","category-comarcas","category-noticias","category-portada","tag-cocentaina","tag-entrada","tag-fiestas","tag-moros-y-cristianos","tag-san-hipolito-martir"],"yoast_head":"<!-- This site is optimized with the Yoast SEO plugin v27.3 - https:\/\/yoast.com\/product\/yoast-seo-wordpress\/ -->\n<title>La Entrada de Moros y Cristianos ya recorre las calles de Cocentaina - COPE Alcoy<\/title>\n<meta name=\"description\" content=\"Cocentaina vive hoy el d\u00eda grande de sus Fiestas de Moros y Cristianos en una jornada calurosa y marcada por las altas temperaturas\" \/>\n<meta name=\"robots\" content=\"index, follow, max-snippet:-1, max-image-preview:large, max-video-preview:-1\" \/>\n<link rel=\"canonical\" href=\"https:\/\/www.copealcoy.es\/es\/la-entrada-de-moros-y-cristianos-ya-recorre-las-calles-de-cocentaina\/\" \/>\n<meta property=\"og:locale\" content=\"es_ES\" \/>\n<meta property=\"og:type\" content=\"article\" \/>\n<meta property=\"og:title\" content=\"La Entrada de Moros y Cristianos ya recorre las calles de Cocentaina - COPE Alcoy\" \/>\n<meta property=\"og:description\" content=\"Cocentaina vive hoy el d\u00eda grande de sus Fiestas de Moros y Cristianos en una jornada calurosa y marcada por las altas temperaturas\" \/>\n<meta property=\"og:url\" content=\"https:\/\/www.copealcoy.es\/es\/la-entrada-de-moros-y-cristianos-ya-recorre-las-calles-de-cocentaina\/\" \/>\n<meta property=\"og:site_name\" content=\"COPE Alcoy\" \/>\n<meta property=\"article:published_time\" content=\"2024-08-10T16:44:40+00:00\" \/>\n<meta property=\"og:image\" content=\"https:\/\/www.copealcoy.es\/wp-content\/uploads\/2024\/08\/IMG_6931-scaled.jpeg\" \/>\n\t<meta property=\"og:image:width\" content=\"1440\" \/>\n\t<meta property=\"og:image:height\" content=\"1080\" \/>\n\t<meta property=\"og:image:type\" content=\"image\/jpeg\" \/>\n<meta name=\"author\" content=\"Cope Alcoy\" \/>\n<meta name=\"twitter:label1\" content=\"Escrito por\" \/>\n\t<meta name=\"twitter:data1\" content=\"Cope Alcoy\" \/>\n\t<meta name=\"twitter:label2\" content=\"Tiempo de lectura\" \/>\n\t<meta name=\"twitter:data2\" content=\"3 minutos\" \/>\n<script type=\"application\/ld+json\" class=\"yoast-schema-graph\">{\"@context\":\"https:\\\/\\\/schema.org\",\"@graph\":[{\"@type\":\"Article\",\"@id\":\"https:\\\/\\\/www.copealcoy.es\\\/es\\\/la-entrada-de-moros-y-cristianos-ya-recorre-las-calles-de-cocentaina\\\/#article\",\"isPartOf\":{\"@id\":\"https:\\\/\\\/www.copealcoy.es\\\/es\\\/la-entrada-de-moros-y-cristianos-ya-recorre-las-calles-de-cocentaina\\\/\"},\"author\":{\"name\":\"Cope Alcoy\",\"@id\":\"https:\\\/\\\/www.copealcoy.es\\\/es\\\/#\\\/schema\\\/person\\\/e777c87fa024e57d40170af9df39882c\"},\"headline\":\"La Entrada de Moros y Cristianos ya recorre las calles de Cocentaina\",\"datePublished\":\"2024-08-10T16:44:40+00:00\",\"mainEntityOfPage\":{\"@id\":\"https:\\\/\\\/www.copealcoy.es\\\/es\\\/la-entrada-de-moros-y-cristianos-ya-recorre-las-calles-de-cocentaina\\\/\"},\"wordCount\":548,\"commentCount\":0,\"image\":{\"@id\":\"https:\\\/\\\/www.copealcoy.es\\\/es\\\/la-entrada-de-moros-y-cristianos-ya-recorre-las-calles-de-cocentaina\\\/#primaryimage\"},\"thumbnailUrl\":\"https:\\\/\\\/www.copealcoy.es\\\/wp-content\\\/uploads\\\/2024\\\/08\\\/IMG_6931-scaled.jpeg\",\"keywords\":[\"Cocentaina\",\"Entrada\",\"Fiestas\",\"Moros Y Cristianos\",\"San Hip\u00f3lito M\u00e1rtir\"],\"articleSection\":[\"Actualidad\",\"Comarcas\",\"Noticias\",\"Portada\"],\"inLanguage\":\"es\"},{\"@type\":\"WebPage\",\"@id\":\"https:\\\/\\\/www.copealcoy.es\\\/es\\\/la-entrada-de-moros-y-cristianos-ya-recorre-las-calles-de-cocentaina\\\/\",\"url\":\"https:\\\/\\\/www.copealcoy.es\\\/es\\\/la-entrada-de-moros-y-cristianos-ya-recorre-las-calles-de-cocentaina\\\/\",\"name\":\"La Entrada de Moros y Cristianos ya recorre las calles de Cocentaina - COPE Alcoy\",\"isPartOf\":{\"@id\":\"https:\\\/\\\/www.copealcoy.es\\\/es\\\/#website\"},\"primaryImageOfPage\":{\"@id\":\"https:\\\/\\\/www.copealcoy.es\\\/es\\\/la-entrada-de-moros-y-cristianos-ya-recorre-las-calles-de-cocentaina\\\/#primaryimage\"},\"image\":{\"@id\":\"https:\\\/\\\/www.copealcoy.es\\\/es\\\/la-entrada-de-moros-y-cristianos-ya-recorre-las-calles-de-cocentaina\\\/#primaryimage\"},\"thumbnailUrl\":\"https:\\\/\\\/www.copealcoy.es\\\/wp-content\\\/uploads\\\/2024\\\/08\\\/IMG_6931-scaled.jpeg\",\"datePublished\":\"2024-08-10T16:44:40+00:00\",\"author\":{\"@id\":\"https:\\\/\\\/www.copealcoy.es\\\/es\\\/#\\\/schema\\\/person\\\/e777c87fa024e57d40170af9df39882c\"},\"description\":\"Cocentaina vive hoy el d\u00eda grande de sus Fiestas de Moros y Cristianos en una jornada calurosa y marcada por las altas temperaturas\",\"breadcrumb\":{\"@id\":\"https:\\\/\\\/www.copealcoy.es\\\/es\\\/la-entrada-de-moros-y-cristianos-ya-recorre-las-calles-de-cocentaina\\\/#breadcrumb\"},\"inLanguage\":\"es\",\"potentialAction\":[{\"@type\":\"ReadAction\",\"target\":[\"https:\\\/\\\/www.copealcoy.es\\\/es\\\/la-entrada-de-moros-y-cristianos-ya-recorre-las-calles-de-cocentaina\\\/\"]}]},{\"@type\":\"ImageObject\",\"inLanguage\":\"es\",\"@id\":\"https:\\\/\\\/www.copealcoy.es\\\/es\\\/la-entrada-de-moros-y-cristianos-ya-recorre-las-calles-de-cocentaina\\\/#primaryimage\",\"url\":\"https:\\\/\\\/www.copealcoy.es\\\/wp-content\\\/uploads\\\/2024\\\/08\\\/IMG_6931-scaled.jpeg\",\"contentUrl\":\"https:\\\/\\\/www.copealcoy.es\\\/wp-content\\\/uploads\\\/2024\\\/08\\\/IMG_6931-scaled.jpeg\",\"width\":1440,\"height\":1080},{\"@type\":\"BreadcrumbList\",\"@id\":\"https:\\\/\\\/www.copealcoy.es\\\/es\\\/la-entrada-de-moros-y-cristianos-ya-recorre-las-calles-de-cocentaina\\\/#breadcrumb\",\"itemListElement\":[{\"@type\":\"ListItem\",\"position\":1,\"name\":\"Portada\",\"item\":\"https:\\\/\\\/www.copealcoy.es\\\/es\\\/\"},{\"@type\":\"ListItem\",\"position\":2,\"name\":\"La Entrada de Moros y Cristianos ya recorre las calles de Cocentaina\"}]},{\"@type\":\"WebSite\",\"@id\":\"https:\\\/\\\/www.copealcoy.es\\\/es\\\/#website\",\"url\":\"https:\\\/\\\/www.copealcoy.es\\\/es\\\/\",\"name\":\"COPE Alcoy\",\"description\":\"Emisora COPE de radio local con emisi\u00f3n online. Pont de Sant Jordi 8-10 03803 Alcoy\",\"potentialAction\":[{\"@type\":\"SearchAction\",\"target\":{\"@type\":\"EntryPoint\",\"urlTemplate\":\"https:\\\/\\\/www.copealcoy.es\\\/es\\\/?s={search_term_string}\"},\"query-input\":{\"@type\":\"PropertyValueSpecification\",\"valueRequired\":true,\"valueName\":\"search_term_string\"}}],\"inLanguage\":\"es\"},{\"@type\":\"Person\",\"@id\":\"https:\\\/\\\/www.copealcoy.es\\\/es\\\/#\\\/schema\\\/person\\\/e777c87fa024e57d40170af9df39882c\",\"name\":\"Cope Alcoy\",\"image\":{\"@type\":\"ImageObject\",\"inLanguage\":\"es\",\"@id\":\"https:\\\/\\\/secure.gravatar.com\\\/avatar\\\/bb65d0283347e303893ba14f0692005417c1e0e690a325a4c5d8bb2b3943ee14?s=96&d=mm&r=g\",\"url\":\"https:\\\/\\\/secure.gravatar.com\\\/avatar\\\/bb65d0283347e303893ba14f0692005417c1e0e690a325a4c5d8bb2b3943ee14?s=96&d=mm&r=g\",\"contentUrl\":\"https:\\\/\\\/secure.gravatar.com\\\/avatar\\\/bb65d0283347e303893ba14f0692005417c1e0e690a325a4c5d8bb2b3943ee14?s=96&d=mm&r=g\",\"caption\":\"Cope Alcoy\"}}]}<\/script>\n<!-- \/ Yoast SEO plugin. -->","yoast_head_json":{"title":"La Entrada de Moros y Cristianos ya recorre las calles de Cocentaina - COPE Alcoy","description":"Cocentaina vive hoy el d\u00eda grande de sus Fiestas de Moros y Cristianos en una jornada calurosa y marcada por las altas temperaturas","robots":{"index":"index","follow":"follow","max-snippet":"max-snippet:-1","max-image-preview":"max-image-preview:large","max-video-preview":"max-video-preview:-1"},"canonical":"https:\/\/www.copealcoy.es\/es\/la-entrada-de-moros-y-cristianos-ya-recorre-las-calles-de-cocentaina\/","og_locale":"es_ES","og_type":"article","og_title":"La Entrada de Moros y Cristianos ya recorre las calles de Cocentaina - COPE Alcoy","og_description":"Cocentaina vive hoy el d\u00eda grande de sus Fiestas de Moros y Cristianos en una jornada calurosa y marcada por las altas temperaturas","og_url":"https:\/\/www.copealcoy.es\/es\/la-entrada-de-moros-y-cristianos-ya-recorre-las-calles-de-cocentaina\/","og_site_name":"COPE Alcoy","article_published_time":"2024-08-10T16:44:40+00:00","og_image":[{"width":1440,"height":1080,"url":"https:\/\/www.copealcoy.es\/wp-content\/uploads\/2024\/08\/IMG_6931-scaled.jpeg","type":"image\/jpeg"}],"author":"Cope Alcoy","twitter_misc":{"Escrito por":"Cope Alcoy","Tiempo de lectura":"3 minutos"},"schema":{"@context":"https:\/\/schema.org","@graph":[{"@type":"Article","@id":"https:\/\/www.copealcoy.es\/es\/la-entrada-de-moros-y-cristianos-ya-recorre-las-calles-de-cocentaina\/#article","isPartOf":{"@id":"https:\/\/www.copealcoy.es\/es\/la-entrada-de-moros-y-cristianos-ya-recorre-las-calles-de-cocentaina\/"},"author":{"name":"Cope Alcoy","@id":"https:\/\/www.copealcoy.es\/es\/#\/schema\/person\/e777c87fa024e57d40170af9df39882c"},"headline":"La Entrada de Moros y Cristianos ya recorre las calles de Cocentaina","datePublished":"2024-08-10T16:44:40+00:00","mainEntityOfPage":{"@id":"https:\/\/www.copealcoy.es\/es\/la-entrada-de-moros-y-cristianos-ya-recorre-las-calles-de-cocentaina\/"},"wordCount":548,"commentCount":0,"image":{"@id":"https:\/\/www.copealcoy.es\/es\/la-entrada-de-moros-y-cristianos-ya-recorre-las-calles-de-cocentaina\/#primaryimage"},"thumbnailUrl":"https:\/\/www.copealcoy.es\/wp-content\/uploads\/2024\/08\/IMG_6931-scaled.jpeg","keywords":["Cocentaina","Entrada","Fiestas","Moros Y Cristianos","San Hip\u00f3lito M\u00e1rtir"],"articleSection":["Actualidad","Comarcas","Noticias","Portada"],"inLanguage":"es"},{"@type":"WebPage","@id":"https:\/\/www.copealcoy.es\/es\/la-entrada-de-moros-y-cristianos-ya-recorre-las-calles-de-cocentaina\/","url":"https:\/\/www.copealcoy.es\/es\/la-entrada-de-moros-y-cristianos-ya-recorre-las-calles-de-cocentaina\/","name":"La Entrada de Moros y Cristianos ya recorre las calles de Cocentaina - COPE Alcoy","isPartOf":{"@id":"https:\/\/www.copealcoy.es\/es\/#website"},"primaryImageOfPage":{"@id":"https:\/\/www.copealcoy.es\/es\/la-entrada-de-moros-y-cristianos-ya-recorre-las-calles-de-cocentaina\/#primaryimage"},"image":{"@id":"https:\/\/www.copealcoy.es\/es\/la-entrada-de-moros-y-cristianos-ya-recorre-las-calles-de-cocentaina\/#primaryimage"},"thumbnailUrl":"https:\/\/www.copealcoy.es\/wp-content\/uploads\/2024\/08\/IMG_6931-scaled.jpeg","datePublished":"2024-08-10T16:44:40+00:00","author":{"@id":"https:\/\/www.copealcoy.es\/es\/#\/schema\/person\/e777c87fa024e57d40170af9df39882c"},"description":"Cocentaina vive hoy el d\u00eda grande de sus Fiestas de Moros y Cristianos en una jornada calurosa y marcada por las altas temperaturas","breadcrumb":{"@id":"https:\/\/www.copealcoy.es\/es\/la-entrada-de-moros-y-cristianos-ya-recorre-las-calles-de-cocentaina\/#breadcrumb"},"inLanguage":"es","potentialAction":[{"@type":"ReadAction","target":["https:\/\/www.copealcoy.es\/es\/la-entrada-de-moros-y-cristianos-ya-recorre-las-calles-de-cocentaina\/"]}]},{"@type":"ImageObject","inLanguage":"es","@id":"https:\/\/www.copealcoy.es\/es\/la-entrada-de-moros-y-cristianos-ya-recorre-las-calles-de-cocentaina\/#primaryimage","url":"https:\/\/www.copealcoy.es\/wp-content\/uploads\/2024\/08\/IMG_6931-scaled.jpeg","contentUrl":"https:\/\/www.copealcoy.es\/wp-content\/uploads\/2024\/08\/IMG_6931-scaled.jpeg","width":1440,"height":1080},{"@type":"BreadcrumbList","@id":"https:\/\/www.copealcoy.es\/es\/la-entrada-de-moros-y-cristianos-ya-recorre-las-calles-de-cocentaina\/#breadcrumb","itemListElement":[{"@type":"ListItem","position":1,"name":"Portada","item":"https:\/\/www.copealcoy.es\/es\/"},{"@type":"ListItem","position":2,"name":"La Entrada de Moros y Cristianos ya recorre las calles de Cocentaina"}]},{"@type":"WebSite","@id":"https:\/\/www.copealcoy.es\/es\/#website","url":"https:\/\/www.copealcoy.es\/es\/","name":"COPE Alcoy","description":"Emisora COPE de radio local con emisi\u00f3n online. Pont de Sant Jordi 8-10 03803 Alcoy","potentialAction":[{"@type":"SearchAction","target":{"@type":"EntryPoint","urlTemplate":"https:\/\/www.copealcoy.es\/es\/?s={search_term_string}"},"query-input":{"@type":"PropertyValueSpecification","valueRequired":true,"valueName":"search_term_string"}}],"inLanguage":"es"},{"@type":"Person","@id":"https:\/\/www.copealcoy.es\/es\/#\/schema\/person\/e777c87fa024e57d40170af9df39882c","name":"Cope Alcoy","image":{"@type":"ImageObject","inLanguage":"es","@id":"https:\/\/secure.gravatar.com\/avatar\/bb65d0283347e303893ba14f0692005417c1e0e690a325a4c5d8bb2b3943ee14?s=96&d=mm&r=g","url":"https:\/\/secure.gravatar.com\/avatar\/bb65d0283347e303893ba14f0692005417c1e0e690a325a4c5d8bb2b3943ee14?s=96&d=mm&r=g","contentUrl":"https:\/\/secure.gravatar.com\/avatar\/bb65d0283347e303893ba14f0692005417c1e0e690a325a4c5d8bb2b3943ee14?s=96&d=mm&r=g","caption":"Cope Alcoy"}}]}},"_links":{"self":[{"href":"https:\/\/www.copealcoy.es\/es\/wp-json\/wp\/v2\/posts\/138790","targetHints":{"allow":["GET"]}}],"collection":[{"href":"https:\/\/www.copealcoy.es\/es\/wp-json\/wp\/v2\/posts"}],"about":[{"href":"https:\/\/www.copealcoy.es\/es\/wp-json\/wp\/v2\/types\/post"}],"author":[{"embeddable":true,"href":"https:\/\/www.copealcoy.es\/es\/wp-json\/wp\/v2\/users\/1"}],"replies":[{"embeddable":true,"href":"https:\/\/www.copealcoy.es\/es\/wp-json\/wp\/v2\/comments?post=138790"}],"version-history":[{"count":0,"href":"https:\/\/www.copealcoy.es\/es\/wp-json\/wp\/v2\/posts\/138790\/revisions"}],"wp:featuredmedia":[{"embeddable":true,"href":"https:\/\/www.copealcoy.es\/es\/wp-json\/wp\/v2\/media\/138803"}],"wp:attachment":[{"href":"https:\/\/www.copealcoy.es\/es\/wp-json\/wp\/v2\/media?parent=138790"}],"wp:term":[{"taxonomy":"category","embeddable":true,"href":"https:\/\/www.copealcoy.es\/es\/wp-json\/wp\/v2\/categories?post=138790"},{"taxonomy":"post_tag","embeddable":true,"href":"https:\/\/www.copealcoy.es\/es\/wp-json\/wp\/v2\/tags?post=138790"}],"curies":[{"name":"wp","href":"https:\/\/api.w.org\/{rel}","templated":true}]}}