{"id":138786,"date":"2024-08-10T19:35:33","date_gmt":"2024-08-10T18:35:33","guid":{"rendered":"https:\/\/www.copealcoy.es\/?p=138786"},"modified":"2024-08-14T20:37:37","modified_gmt":"2024-08-14T19:37:37","slug":"el-capitan-masero-que-defiende-cocentaina-frente-al-ataque-musulman","status":"publish","type":"post","link":"https:\/\/www.copealcoy.es\/es\/el-capitan-masero-que-defiende-cocentaina-frente-al-ataque-musulman\/","title":{"rendered":"El Capit\u00e1n Masero que defiende Cocentaina frente al ataque musulm\u00e1n"},"content":{"rendered":"<p style=\"text-align: justify;\">A las siete en punto de la tarde <strong>ha arrancado la Entrada Cristiana de Cocentaina<\/strong> desde las inmediaciones del Convento de los Padres Franciscanos, <strong>un desfile que ha encabezado la Fil\u00e0 Maseros<\/strong> por ser la formaci\u00f3n que ostenta la capitan\u00eda en el bando de la cruz. La citada Fil\u00e0, <strong>una de las m\u00e1s antiguas de <a href=\"http:\/\/www.jfcocentaina.com\/\" target=\"_blank\" rel=\"noopener\"><span style=\"color: #0000ff;\">la Festa contestana<\/span><\/a><\/strong>, ha sacado a la calle <strong>un original boato<\/strong> basado en <strong>la defensa de Cocentaina<\/strong> que hicieron los antiguos pobladores de la Villa ante el ataque musulm\u00e1n de 1304 y que culmin\u00f3 con el incendio de la misma.<\/p>\n<p style=\"text-align: justify;\">Un <strong>ballet infantil<\/strong>, en el que los m\u00e1s peque\u00f1os juegan mientras los mayores trabajan el campo, ha abierto la comitiva dando paso a <strong>la escuadra oficial de la Fil\u00e0<\/strong> acompa\u00f1ada de piezas emblem\u00e1ticas para los Maseros como <em>Manta, Forca i Festa <\/em>o <em>Bere <\/em>de Francisco Valor Llorens. Un <strong>nuevo ballet<\/strong>, centrado ahora en <strong>la recogida del esparto<\/strong>, ha acaparado despu\u00e9s todas las miradas antes de dar paso a <strong>la her\u00e1ldica del Capit\u00e1n<\/strong>. Esta ha precedido <strong>la llegada de los caballeros<\/strong> del m\u00e1ximo representante de las fuerzas de la cruz, el cual no ha tardado demasiado en hacer su entrada triunfal a la capital del Comtat en una tarde de agosto marcada por las altas temperaturas.<\/p>\n<p style=\"text-align: justify;\"><strong>Adolf\u00f3 Calafat Ferr\u00e1ndiz<\/strong>, Capit\u00e1n Cristiano 2024, ha desfilado luciendo <strong>un cuidado dise\u00f1o<\/strong> que ha gustado mucho al p\u00fablico y que ha ideado Javier Sell\u00e9s Molt\u00f3 al mismo tiempo que Roberto P\u00e9rez se ha encargado de la confecci\u00f3n. Junto a \u00e9l han estado su esposa, <strong>Zoraida Castell\u00f3<\/strong>, y la hija de ambos; <strong>Emma<\/strong>. Los tres <strong>han saludado sin cesar al p\u00fablico<\/strong> que presencia el acto sentado en las sillas repartidas a lo largo del trayecto de la propia Entrada mientras sonaba de fondo la marcha cristiana <em>Zoremm <\/em>de Francisco Valor interpretada por la Uni\u00f3n Musical Contestana. De esta forma han encarnado quienes env\u00eda como avanzadilla el almirante Roger de Ll\u00faria <strong>ante la inminente llegada de los moros de Granada<\/strong> que quemar\u00e1n los muros de Cocentaina haciendo que sus habitantes sean conocidos para siempre como <em>Socarrats. <\/em><\/p>\n<p style=\"text-align: justify;\">Una milicia masera ha dado paso <strong>a la escuadra especial de la capitan\u00eda<\/strong>, la cual no ha dejado a nadie indiferente. Javier Sell\u00e9s se ha encargado tambi\u00e9n del dise\u00f1o, al igual que Roberto P\u00e9rez de la confecci\u00f3n, poniendo m\u00fasica al desfile el <strong>Ateneu Musical<\/strong> con las piezas <em>Azcona <\/em>de Juan Antonio Garc\u00eda Gallardo y <em>Xamarcai <\/em>de Francisco Valor Llorens. Despu\u00e9s del Capit\u00e1n, la Entrada Cristiana sigue con el paso de las Filaes <strong>Cruzados, Almog\u00e1vares y Gentils<\/strong> antes de la llegada de la Abanderada de la Fil\u00e0 Cavallers de Ll\u00faria.<\/p>\n<p><a href=\"https:\/\/www.copealcoy.es\/wp-content\/uploads\/2024\/08\/unnamed-1-15-scaled.jpg\"><img loading=\"lazy\" decoding=\"async\" class=\"alignnone size-full wp-image-138979\" src=\"https:\/\/www.copealcoy.es\/wp-content\/uploads\/2024\/08\/unnamed-1-15-scaled.jpg\" alt=\"\" width=\"1497\" height=\"1080\" srcset=\"https:\/\/www.copealcoy.es\/wp-content\/uploads\/2024\/08\/unnamed-1-15-scaled.jpg 1497w, https:\/\/www.copealcoy.es\/wp-content\/uploads\/2024\/08\/unnamed-1-15-768x554.jpg 768w, https:\/\/www.copealcoy.es\/wp-content\/uploads\/2024\/08\/unnamed-1-15-1536x1108.jpg 1536w, https:\/\/www.copealcoy.es\/wp-content\/uploads\/2024\/08\/unnamed-1-15-2048x1477.jpg 2048w\" sizes=\"auto, (max-width: 1497px) 100vw, 1497px\" \/><\/a><\/p>\n","protected":false},"excerpt":{"rendered":"<p>A las siete en punto de la tarde ha arrancado la Entrada Cristiana de Cocentaina desde las inmediaciones del Convento&#8230;<\/p>\n","protected":false},"author":1,"featured_media":138827,"comment_status":"open","ping_status":"open","sticky":false,"template":"","format":"standard","meta":{"footnotes":""},"categories":[6909,98,75,125],"tags":[18448,1311,132,565,3134,609,4488],"class_list":["post-138786","post","type-post","status-publish","format-standard","has-post-thumbnail","hentry","category-actualidad","category-comarcas","category-noticias","category-portada","tag-adolfo-calafat-ferrandiz","tag-capitan-cristiano","tag-cocentaina","tag-fiestas","tag-fila-maseros","tag-moros-y-cristianos","tag-san-hipolito-martir"],"yoast_head":"<!-- This site is optimized with the Yoast SEO plugin v27.3 - https:\/\/yoast.com\/product\/yoast-seo-wordpress\/ -->\n<title>El Capit\u00e1n Masero que defiende Cocentaina frente al ataque musulm\u00e1n - COPE Alcoy<\/title>\n<meta name=\"description\" content=\"La Fil\u00e0 Maseros abre la Entrada Cristiana acompa\u00f1ando al Capit\u00e1n, el m\u00e1ximo representante de las tropas de la cruz\" \/>\n<meta name=\"robots\" content=\"index, follow, max-snippet:-1, max-image-preview:large, max-video-preview:-1\" \/>\n<link rel=\"canonical\" href=\"https:\/\/www.copealcoy.es\/es\/el-capitan-masero-que-defiende-cocentaina-frente-al-ataque-musulman\/\" \/>\n<meta property=\"og:locale\" content=\"es_ES\" \/>\n<meta property=\"og:type\" content=\"article\" \/>\n<meta property=\"og:title\" content=\"El Capit\u00e1n Masero que defiende Cocentaina frente al ataque musulm\u00e1n - COPE Alcoy\" \/>\n<meta property=\"og:description\" content=\"La Fil\u00e0 Maseros abre la Entrada Cristiana acompa\u00f1ando al Capit\u00e1n, el m\u00e1ximo representante de las tropas de la cruz\" \/>\n<meta property=\"og:url\" content=\"https:\/\/www.copealcoy.es\/es\/el-capitan-masero-que-defiende-cocentaina-frente-al-ataque-musulman\/\" \/>\n<meta property=\"og:site_name\" content=\"COPE Alcoy\" \/>\n<meta property=\"article:published_time\" content=\"2024-08-10T18:35:33+00:00\" \/>\n<meta property=\"article:modified_time\" content=\"2024-08-14T19:37:37+00:00\" \/>\n<meta property=\"og:image\" content=\"https:\/\/www.copealcoy.es\/wp-content\/uploads\/2024\/08\/unnamed-3-1-scaled.jpg\" \/>\n\t<meta property=\"og:image:width\" content=\"1393\" \/>\n\t<meta property=\"og:image:height\" content=\"1080\" \/>\n\t<meta property=\"og:image:type\" content=\"image\/jpeg\" \/>\n<meta name=\"author\" content=\"Cope Alcoy\" \/>\n<meta name=\"twitter:label1\" content=\"Escrito por\" \/>\n\t<meta name=\"twitter:data1\" content=\"Cope Alcoy\" \/>\n\t<meta name=\"twitter:label2\" content=\"Tiempo de lectura\" \/>\n\t<meta name=\"twitter:data2\" content=\"3 minutos\" \/>\n<script type=\"application\/ld+json\" class=\"yoast-schema-graph\">{\"@context\":\"https:\\\/\\\/schema.org\",\"@graph\":[{\"@type\":\"Article\",\"@id\":\"https:\\\/\\\/www.copealcoy.es\\\/es\\\/el-capitan-masero-que-defiende-cocentaina-frente-al-ataque-musulman\\\/#article\",\"isPartOf\":{\"@id\":\"https:\\\/\\\/www.copealcoy.es\\\/es\\\/el-capitan-masero-que-defiende-cocentaina-frente-al-ataque-musulman\\\/\"},\"author\":{\"name\":\"Cope Alcoy\",\"@id\":\"https:\\\/\\\/www.copealcoy.es\\\/es\\\/#\\\/schema\\\/person\\\/e777c87fa024e57d40170af9df39882c\"},\"headline\":\"El Capit\u00e1n Masero que defiende Cocentaina frente al ataque musulm\u00e1n\",\"datePublished\":\"2024-08-10T18:35:33+00:00\",\"dateModified\":\"2024-08-14T19:37:37+00:00\",\"mainEntityOfPage\":{\"@id\":\"https:\\\/\\\/www.copealcoy.es\\\/es\\\/el-capitan-masero-que-defiende-cocentaina-frente-al-ataque-musulman\\\/\"},\"wordCount\":479,\"commentCount\":0,\"image\":{\"@id\":\"https:\\\/\\\/www.copealcoy.es\\\/es\\\/el-capitan-masero-que-defiende-cocentaina-frente-al-ataque-musulman\\\/#primaryimage\"},\"thumbnailUrl\":\"https:\\\/\\\/www.copealcoy.es\\\/wp-content\\\/uploads\\\/2024\\\/08\\\/unnamed-3-1-scaled.jpg\",\"keywords\":[\"Adolfo Calafat Ferr\u00e1ndiz\",\"capit\u00e1n cristiano\",\"Cocentaina\",\"Fiestas\",\"Fil\u00e0 Maseros\",\"Moros Y Cristianos\",\"San Hip\u00f3lito M\u00e1rtir\"],\"articleSection\":[\"Actualidad\",\"Comarcas\",\"Noticias\",\"Portada\"],\"inLanguage\":\"es\"},{\"@type\":\"WebPage\",\"@id\":\"https:\\\/\\\/www.copealcoy.es\\\/es\\\/el-capitan-masero-que-defiende-cocentaina-frente-al-ataque-musulman\\\/\",\"url\":\"https:\\\/\\\/www.copealcoy.es\\\/es\\\/el-capitan-masero-que-defiende-cocentaina-frente-al-ataque-musulman\\\/\",\"name\":\"El Capit\u00e1n Masero que defiende Cocentaina frente al ataque musulm\u00e1n - COPE Alcoy\",\"isPartOf\":{\"@id\":\"https:\\\/\\\/www.copealcoy.es\\\/es\\\/#website\"},\"primaryImageOfPage\":{\"@id\":\"https:\\\/\\\/www.copealcoy.es\\\/es\\\/el-capitan-masero-que-defiende-cocentaina-frente-al-ataque-musulman\\\/#primaryimage\"},\"image\":{\"@id\":\"https:\\\/\\\/www.copealcoy.es\\\/es\\\/el-capitan-masero-que-defiende-cocentaina-frente-al-ataque-musulman\\\/#primaryimage\"},\"thumbnailUrl\":\"https:\\\/\\\/www.copealcoy.es\\\/wp-content\\\/uploads\\\/2024\\\/08\\\/unnamed-3-1-scaled.jpg\",\"datePublished\":\"2024-08-10T18:35:33+00:00\",\"dateModified\":\"2024-08-14T19:37:37+00:00\",\"author\":{\"@id\":\"https:\\\/\\\/www.copealcoy.es\\\/es\\\/#\\\/schema\\\/person\\\/e777c87fa024e57d40170af9df39882c\"},\"description\":\"La Fil\u00e0 Maseros abre la Entrada Cristiana acompa\u00f1ando al Capit\u00e1n, el m\u00e1ximo representante de las tropas de la cruz\",\"breadcrumb\":{\"@id\":\"https:\\\/\\\/www.copealcoy.es\\\/es\\\/el-capitan-masero-que-defiende-cocentaina-frente-al-ataque-musulman\\\/#breadcrumb\"},\"inLanguage\":\"es\",\"potentialAction\":[{\"@type\":\"ReadAction\",\"target\":[\"https:\\\/\\\/www.copealcoy.es\\\/es\\\/el-capitan-masero-que-defiende-cocentaina-frente-al-ataque-musulman\\\/\"]}]},{\"@type\":\"ImageObject\",\"inLanguage\":\"es\",\"@id\":\"https:\\\/\\\/www.copealcoy.es\\\/es\\\/el-capitan-masero-que-defiende-cocentaina-frente-al-ataque-musulman\\\/#primaryimage\",\"url\":\"https:\\\/\\\/www.copealcoy.es\\\/wp-content\\\/uploads\\\/2024\\\/08\\\/unnamed-3-1-scaled.jpg\",\"contentUrl\":\"https:\\\/\\\/www.copealcoy.es\\\/wp-content\\\/uploads\\\/2024\\\/08\\\/unnamed-3-1-scaled.jpg\",\"width\":1393,\"height\":1080},{\"@type\":\"BreadcrumbList\",\"@id\":\"https:\\\/\\\/www.copealcoy.es\\\/es\\\/el-capitan-masero-que-defiende-cocentaina-frente-al-ataque-musulman\\\/#breadcrumb\",\"itemListElement\":[{\"@type\":\"ListItem\",\"position\":1,\"name\":\"Portada\",\"item\":\"https:\\\/\\\/www.copealcoy.es\\\/es\\\/\"},{\"@type\":\"ListItem\",\"position\":2,\"name\":\"El Capit\u00e1n Masero que defiende Cocentaina frente al ataque musulm\u00e1n\"}]},{\"@type\":\"WebSite\",\"@id\":\"https:\\\/\\\/www.copealcoy.es\\\/es\\\/#website\",\"url\":\"https:\\\/\\\/www.copealcoy.es\\\/es\\\/\",\"name\":\"COPE Alcoy\",\"description\":\"Emisora COPE de radio local con emisi\u00f3n online. Pont de Sant Jordi 8-10 03803 Alcoy\",\"potentialAction\":[{\"@type\":\"SearchAction\",\"target\":{\"@type\":\"EntryPoint\",\"urlTemplate\":\"https:\\\/\\\/www.copealcoy.es\\\/es\\\/?s={search_term_string}\"},\"query-input\":{\"@type\":\"PropertyValueSpecification\",\"valueRequired\":true,\"valueName\":\"search_term_string\"}}],\"inLanguage\":\"es\"},{\"@type\":\"Person\",\"@id\":\"https:\\\/\\\/www.copealcoy.es\\\/es\\\/#\\\/schema\\\/person\\\/e777c87fa024e57d40170af9df39882c\",\"name\":\"Cope Alcoy\",\"image\":{\"@type\":\"ImageObject\",\"inLanguage\":\"es\",\"@id\":\"https:\\\/\\\/secure.gravatar.com\\\/avatar\\\/bb65d0283347e303893ba14f0692005417c1e0e690a325a4c5d8bb2b3943ee14?s=96&d=mm&r=g\",\"url\":\"https:\\\/\\\/secure.gravatar.com\\\/avatar\\\/bb65d0283347e303893ba14f0692005417c1e0e690a325a4c5d8bb2b3943ee14?s=96&d=mm&r=g\",\"contentUrl\":\"https:\\\/\\\/secure.gravatar.com\\\/avatar\\\/bb65d0283347e303893ba14f0692005417c1e0e690a325a4c5d8bb2b3943ee14?s=96&d=mm&r=g\",\"caption\":\"Cope Alcoy\"}}]}<\/script>\n<!-- \/ Yoast SEO plugin. -->","yoast_head_json":{"title":"El Capit\u00e1n Masero que defiende Cocentaina frente al ataque musulm\u00e1n - COPE Alcoy","description":"La Fil\u00e0 Maseros abre la Entrada Cristiana acompa\u00f1ando al Capit\u00e1n, el m\u00e1ximo representante de las tropas de la cruz","robots":{"index":"index","follow":"follow","max-snippet":"max-snippet:-1","max-image-preview":"max-image-preview:large","max-video-preview":"max-video-preview:-1"},"canonical":"https:\/\/www.copealcoy.es\/es\/el-capitan-masero-que-defiende-cocentaina-frente-al-ataque-musulman\/","og_locale":"es_ES","og_type":"article","og_title":"El Capit\u00e1n Masero que defiende Cocentaina frente al ataque musulm\u00e1n - COPE Alcoy","og_description":"La Fil\u00e0 Maseros abre la Entrada Cristiana acompa\u00f1ando al Capit\u00e1n, el m\u00e1ximo representante de las tropas de la cruz","og_url":"https:\/\/www.copealcoy.es\/es\/el-capitan-masero-que-defiende-cocentaina-frente-al-ataque-musulman\/","og_site_name":"COPE Alcoy","article_published_time":"2024-08-10T18:35:33+00:00","article_modified_time":"2024-08-14T19:37:37+00:00","og_image":[{"width":1393,"height":1080,"url":"https:\/\/www.copealcoy.es\/wp-content\/uploads\/2024\/08\/unnamed-3-1-scaled.jpg","type":"image\/jpeg"}],"author":"Cope Alcoy","twitter_misc":{"Escrito por":"Cope Alcoy","Tiempo de lectura":"3 minutos"},"schema":{"@context":"https:\/\/schema.org","@graph":[{"@type":"Article","@id":"https:\/\/www.copealcoy.es\/es\/el-capitan-masero-que-defiende-cocentaina-frente-al-ataque-musulman\/#article","isPartOf":{"@id":"https:\/\/www.copealcoy.es\/es\/el-capitan-masero-que-defiende-cocentaina-frente-al-ataque-musulman\/"},"author":{"name":"Cope Alcoy","@id":"https:\/\/www.copealcoy.es\/es\/#\/schema\/person\/e777c87fa024e57d40170af9df39882c"},"headline":"El Capit\u00e1n Masero que defiende Cocentaina frente al ataque musulm\u00e1n","datePublished":"2024-08-10T18:35:33+00:00","dateModified":"2024-08-14T19:37:37+00:00","mainEntityOfPage":{"@id":"https:\/\/www.copealcoy.es\/es\/el-capitan-masero-que-defiende-cocentaina-frente-al-ataque-musulman\/"},"wordCount":479,"commentCount":0,"image":{"@id":"https:\/\/www.copealcoy.es\/es\/el-capitan-masero-que-defiende-cocentaina-frente-al-ataque-musulman\/#primaryimage"},"thumbnailUrl":"https:\/\/www.copealcoy.es\/wp-content\/uploads\/2024\/08\/unnamed-3-1-scaled.jpg","keywords":["Adolfo Calafat Ferr\u00e1ndiz","capit\u00e1n cristiano","Cocentaina","Fiestas","Fil\u00e0 Maseros","Moros Y Cristianos","San Hip\u00f3lito M\u00e1rtir"],"articleSection":["Actualidad","Comarcas","Noticias","Portada"],"inLanguage":"es"},{"@type":"WebPage","@id":"https:\/\/www.copealcoy.es\/es\/el-capitan-masero-que-defiende-cocentaina-frente-al-ataque-musulman\/","url":"https:\/\/www.copealcoy.es\/es\/el-capitan-masero-que-defiende-cocentaina-frente-al-ataque-musulman\/","name":"El Capit\u00e1n Masero que defiende Cocentaina frente al ataque musulm\u00e1n - COPE Alcoy","isPartOf":{"@id":"https:\/\/www.copealcoy.es\/es\/#website"},"primaryImageOfPage":{"@id":"https:\/\/www.copealcoy.es\/es\/el-capitan-masero-que-defiende-cocentaina-frente-al-ataque-musulman\/#primaryimage"},"image":{"@id":"https:\/\/www.copealcoy.es\/es\/el-capitan-masero-que-defiende-cocentaina-frente-al-ataque-musulman\/#primaryimage"},"thumbnailUrl":"https:\/\/www.copealcoy.es\/wp-content\/uploads\/2024\/08\/unnamed-3-1-scaled.jpg","datePublished":"2024-08-10T18:35:33+00:00","dateModified":"2024-08-14T19:37:37+00:00","author":{"@id":"https:\/\/www.copealcoy.es\/es\/#\/schema\/person\/e777c87fa024e57d40170af9df39882c"},"description":"La Fil\u00e0 Maseros abre la Entrada Cristiana acompa\u00f1ando al Capit\u00e1n, el m\u00e1ximo representante de las tropas de la cruz","breadcrumb":{"@id":"https:\/\/www.copealcoy.es\/es\/el-capitan-masero-que-defiende-cocentaina-frente-al-ataque-musulman\/#breadcrumb"},"inLanguage":"es","potentialAction":[{"@type":"ReadAction","target":["https:\/\/www.copealcoy.es\/es\/el-capitan-masero-que-defiende-cocentaina-frente-al-ataque-musulman\/"]}]},{"@type":"ImageObject","inLanguage":"es","@id":"https:\/\/www.copealcoy.es\/es\/el-capitan-masero-que-defiende-cocentaina-frente-al-ataque-musulman\/#primaryimage","url":"https:\/\/www.copealcoy.es\/wp-content\/uploads\/2024\/08\/unnamed-3-1-scaled.jpg","contentUrl":"https:\/\/www.copealcoy.es\/wp-content\/uploads\/2024\/08\/unnamed-3-1-scaled.jpg","width":1393,"height":1080},{"@type":"BreadcrumbList","@id":"https:\/\/www.copealcoy.es\/es\/el-capitan-masero-que-defiende-cocentaina-frente-al-ataque-musulman\/#breadcrumb","itemListElement":[{"@type":"ListItem","position":1,"name":"Portada","item":"https:\/\/www.copealcoy.es\/es\/"},{"@type":"ListItem","position":2,"name":"El Capit\u00e1n Masero que defiende Cocentaina frente al ataque musulm\u00e1n"}]},{"@type":"WebSite","@id":"https:\/\/www.copealcoy.es\/es\/#website","url":"https:\/\/www.copealcoy.es\/es\/","name":"COPE Alcoy","description":"Emisora COPE de radio local con emisi\u00f3n online. Pont de Sant Jordi 8-10 03803 Alcoy","potentialAction":[{"@type":"SearchAction","target":{"@type":"EntryPoint","urlTemplate":"https:\/\/www.copealcoy.es\/es\/?s={search_term_string}"},"query-input":{"@type":"PropertyValueSpecification","valueRequired":true,"valueName":"search_term_string"}}],"inLanguage":"es"},{"@type":"Person","@id":"https:\/\/www.copealcoy.es\/es\/#\/schema\/person\/e777c87fa024e57d40170af9df39882c","name":"Cope Alcoy","image":{"@type":"ImageObject","inLanguage":"es","@id":"https:\/\/secure.gravatar.com\/avatar\/bb65d0283347e303893ba14f0692005417c1e0e690a325a4c5d8bb2b3943ee14?s=96&d=mm&r=g","url":"https:\/\/secure.gravatar.com\/avatar\/bb65d0283347e303893ba14f0692005417c1e0e690a325a4c5d8bb2b3943ee14?s=96&d=mm&r=g","contentUrl":"https:\/\/secure.gravatar.com\/avatar\/bb65d0283347e303893ba14f0692005417c1e0e690a325a4c5d8bb2b3943ee14?s=96&d=mm&r=g","caption":"Cope Alcoy"}}]}},"_links":{"self":[{"href":"https:\/\/www.copealcoy.es\/es\/wp-json\/wp\/v2\/posts\/138786","targetHints":{"allow":["GET"]}}],"collection":[{"href":"https:\/\/www.copealcoy.es\/es\/wp-json\/wp\/v2\/posts"}],"about":[{"href":"https:\/\/www.copealcoy.es\/es\/wp-json\/wp\/v2\/types\/post"}],"author":[{"embeddable":true,"href":"https:\/\/www.copealcoy.es\/es\/wp-json\/wp\/v2\/users\/1"}],"replies":[{"embeddable":true,"href":"https:\/\/www.copealcoy.es\/es\/wp-json\/wp\/v2\/comments?post=138786"}],"version-history":[{"count":0,"href":"https:\/\/www.copealcoy.es\/es\/wp-json\/wp\/v2\/posts\/138786\/revisions"}],"wp:featuredmedia":[{"embeddable":true,"href":"https:\/\/www.copealcoy.es\/es\/wp-json\/wp\/v2\/media\/138827"}],"wp:attachment":[{"href":"https:\/\/www.copealcoy.es\/es\/wp-json\/wp\/v2\/media?parent=138786"}],"wp:term":[{"taxonomy":"category","embeddable":true,"href":"https:\/\/www.copealcoy.es\/es\/wp-json\/wp\/v2\/categories?post=138786"},{"taxonomy":"post_tag","embeddable":true,"href":"https:\/\/www.copealcoy.es\/es\/wp-json\/wp\/v2\/tags?post=138786"}],"curies":[{"name":"wp","href":"https:\/\/api.w.org\/{rel}","templated":true}]}}