{"id":138778,"date":"2024-08-10T22:34:21","date_gmt":"2024-08-10T21:34:21","guid":{"rendered":"https:\/\/www.copealcoy.es\/?p=138778"},"modified":"2024-08-14T20:44:14","modified_gmt":"2024-08-14T19:44:14","slug":"las-tierras-del-comtat-guian-al-capitan-moro-muladi","status":"publish","type":"post","link":"https:\/\/www.copealcoy.es\/es\/las-tierras-del-comtat-guian-al-capitan-moro-muladi\/","title":{"rendered":"Las tierras del Comtat gu\u00edan al Capit\u00e1n Moro Mulad\u00ed"},"content":{"rendered":"<p style=\"text-align: justify;\">La noche ya ha ca\u00eddo sobre Cocentaina en este s\u00e1bado 10 de agosto y, con toda la iluminaci\u00f3n especial encendida en el Passeig del Comtat y El Pla, <strong>han comenzado a desfilar en la Entrada las fuerzas de la media luna<\/strong>. La <strong>Colla de Dol\u00e7aines i Tabals \u2018Mal Passet\u2019<\/strong> ha abierto de nuevo la comitiva acompa\u00f1ando al estandarte con el emblema de la Federaci\u00f3 Junta de Festes de Moros i Cristians, as\u00ed como al bander\u00edn con la imagen de San Hip\u00f3lito M\u00e1rtir.<\/p>\n<p style=\"text-align: justify;\">El <strong>gui\u00f3n de <a href=\"https:\/\/www.facebook.com\/profile.php?id=100079909292241\" target=\"_blank\" rel=\"noopener\"><span style=\"color: #0000ff;\">la Fil\u00e0 Mulad\u00eds<\/span><\/a><\/strong> ha anunciado la llegada de la Fil\u00e0 que este a\u00f1o desempe\u00f1a la Capitan\u00eda mora y para abrir boca el p\u00fablico ha aplaudido con fuerza a <strong>las dos escuadras oficiales<\/strong> acompa\u00f1adas por la Uni\u00f3n Musical de L\u2019Orxa, banda fundada en 1834 y que lleva veinte a\u00f1os acompa\u00f1ando a esta formaci\u00f3n festera contestana. Y tras ello <strong>hemos viajado r\u00e1pidamente hasta las tierras del Comtat<\/strong> de la mano de un boato que ha rendido homenaje a la comarca, las monta\u00f1as que circundan sus pueblos y sus antiguos pobladores. La \u2018Porta del Comtat\u2019 nos ha transportado precisamente hasta <strong>1274<\/strong>, una \u00e9poca llena de luchas entre los ej\u00e9rcitos cristianos de Jaume I y las tropas musulmanas del caudillo Al-Azraq.<\/p>\n<p style=\"text-align: justify;\">La primera parada nos ha llevado hasta <strong>la Vall de Travadell<\/strong> con un homenaje al trigo y la elaboraci\u00f3n de pan artesano que tan importante ha sido en poblaciones de esta zona del Comtat como Benimarfull, Benillup o Millena. Despu\u00e9s hemos llegado hasta <strong>la Vall de Perputxent<\/strong>, con el Castillo de L\u2019Orxa divisando en lo m\u00e1s alto, y en esta ocasi\u00f3n ha sido muy aplaudido un ballet de Alic\u00eda Montava que nos recordaba la producci\u00f3n vitivin\u00edcola de este punto del interior de Alicante. El camino por el Comtat nos ha acercado despu\u00e9s a <strong>la Vall de Seta<\/strong> poniendo en valor el aceite y la recogida de la aceituna tan presente en poblaciones como Benimassot, donde la familia del Capit\u00e1n Moro mantiene fuertes v\u00ednculos. El agua que anta\u00f1o regaba los campos contestanos procedente de la Font de la Palitzana, cercana al Convento de los Padres Franciscanos, ha acaparado despu\u00e9s todo el protagonismo con un ballet de j\u00f3venes muy aplaudido a lo largo del trayecto de la Entrada.<\/p>\n<p style=\"text-align: justify;\">Minutos despu\u00e9s <strong>el imponente<\/strong> <strong>Castell de Penella<\/strong>, desde donde al horizonte se divisa Cocentaina, ha dado paso a la llegada triunfal de los Mulad\u00eds arropando al m\u00e1ximo representante de las fuerzas mahometanas. <strong>Patricia i Laura<\/strong>, esposa e hija del Capit\u00e1n, acompa\u00f1adas de sus Damas; han sido las primeras en desfilar acompa\u00f1adas de la Uni\u00f3 Musical de Castalla a los sones de <em>Ca\u00edd <\/em>del compositor d\u2019Ontinyent Sa\u00fcl G\u00f3mez i Soler. Era tan solo la antesala de todo lo que todav\u00eda estaba por llegar. Un grupo de <strong>aristocracia Mulad\u00ed<\/strong> se ha presentado ante Cocentaina como defensores de la cultura y la sabidur\u00eda bajo el lema: \u2018La for\u00e7a de la terra, el valor de la paraula\u2019 abriendo paso a <strong>Pablo Le\u00f3n Vidal<\/strong>, <strong>Capit\u00e1n Moro 2024<\/strong>. Junto a su hijo <strong>\u00c1lvaro <\/strong>y sus <strong>cinco consellers<\/strong>, ha lucido <strong>un rico dise\u00f1o del alcoyano Juan Climent<\/strong> que ha estado confeccionado por <strong>Creaciones German\u00edsimo<\/strong> tambi\u00e9n de la capital de l\u2019Alcoi\u00e0. La pieza <em>Capytan <\/em>de Sa\u00fcl G\u00f3mez i Soler, interpretada por l\u2019Agrupaci\u00f3 Musical d\u2019Ontinyent, ha acompa\u00f1ado al Capit\u00e1n en una entrada triunfal a Cocentaina que ser\u00e1 recordada durante muchos a\u00f1os. Adem\u00e1s, Pablo Le\u00f3n <strong>ha hecho un nuevo gui\u00f1o a la cultura y al mundo de las letras<\/strong> de la mano de una carroza en la que se pod\u00edan ver pergaminos con textos de Vicent Andr\u00e9s Estell\u00e9s, Andreu Valor, Juanfran Ferr\u00e1ndiz, Ibn Batuta, Iv\u00e1n Carbonell, Jordi Ra\u00fal Verd\u00fa, o Gerard Mur.<\/p>\n<p style=\"text-align: justify;\">Y como colof\u00f3n <strong>una imponente Escuadra de Negros<\/strong>, formada \u00edntegramente por mujeres, en la que predominaban los tonos verdes y rojo propios de la Fil\u00e0.\u00a0 El <strong>Ateneu Musical de Cocentaina<\/strong> les ha guiado haciendo sonar <em>Als Berebers<\/em> de Jos\u00e9 P\u00e9rez Vilaplana; <em>Ben Al Sahagui,<\/em> de Francisco Valor Llorens y <em>El Moro del Sinc<\/em>, de Rafael Giner Estruch. Sin lugar a dudas <strong>un final apote\u00f3sico<\/strong> para la brillante capitan\u00eda de Pablo Le\u00f3n Vidal en la Fil\u00e0 Mulad\u00eds.<\/p>\n<p style=\"text-align: justify;\">El Capit\u00e1n de la Fil\u00e0 Mulad\u00eds <strong>abre paso al resto de formaciones festeras<\/strong> <strong>del bando moro <\/strong>y tras \u00e9l desfilan <strong>las Filaes Manta Roja, Mud\u00e9jares, Guardia Jalifiana \u2018Sahorins\u2019, Bereberes \u2018Els Borts\u2019, Bequeteros <\/strong>y<strong> Llana<\/strong> antes de recibir al Abanderado de la <strong>Fil\u00e0 Kabilenyos<\/strong>.<\/p>\n<p><a href=\"https:\/\/www.copealcoy.es\/wp-content\/uploads\/2024\/08\/unnamed-1-17-scaled.jpg\"><img loading=\"lazy\" decoding=\"async\" class=\"alignnone size-full wp-image-138990\" src=\"https:\/\/www.copealcoy.es\/wp-content\/uploads\/2024\/08\/unnamed-1-17-scaled.jpg\" alt=\"\" width=\"1704\" height=\"1080\" srcset=\"https:\/\/www.copealcoy.es\/wp-content\/uploads\/2024\/08\/unnamed-1-17-scaled.jpg 1704w, https:\/\/www.copealcoy.es\/wp-content\/uploads\/2024\/08\/unnamed-1-17-768x487.jpg 768w, https:\/\/www.copealcoy.es\/wp-content\/uploads\/2024\/08\/unnamed-1-17-1536x973.jpg 1536w, https:\/\/www.copealcoy.es\/wp-content\/uploads\/2024\/08\/unnamed-1-17-2048x1298.jpg 2048w\" sizes=\"auto, (max-width: 1704px) 100vw, 1704px\" \/><\/a><\/p>\n","protected":false},"excerpt":{"rendered":"<p>La noche ya ha ca\u00eddo sobre Cocentaina en este s\u00e1bado 10 de agosto y, con toda la iluminaci\u00f3n especial encendida&#8230;<\/p>\n","protected":false},"author":1,"featured_media":138812,"comment_status":"open","ping_status":"open","sticky":false,"template":"","format":"standard","meta":{"footnotes":""},"categories":[6909,98,75,125],"tags":[1313,132,565,6368,609,18445,4488],"class_list":["post-138778","post","type-post","status-publish","format-standard","has-post-thumbnail","hentry","category-actualidad","category-comarcas","category-noticias","category-portada","tag-capitan-moro","tag-cocentaina","tag-fiestas","tag-fila-muladis","tag-moros-y-cristianos","tag-pablo-leon-vidal-es","tag-san-hipolito-martir"],"yoast_head":"<!-- This site is optimized with the Yoast SEO plugin v27.3 - https:\/\/yoast.com\/product\/yoast-seo-wordpress\/ -->\n<title>Las tierras del Comtat gu\u00edan al Capit\u00e1n Moro Mulad\u00ed - COPE Alcoy<\/title>\n<meta name=\"description\" content=\"La Entrada Mora de Cocentaina arranca con el paso de la Fil\u00e0 Mulad\u00eds, la encargada de ostentar la capitan\u00eda en las fuerzas de la media luna\" \/>\n<meta name=\"robots\" content=\"index, follow, max-snippet:-1, max-image-preview:large, max-video-preview:-1\" \/>\n<link rel=\"canonical\" href=\"https:\/\/www.copealcoy.es\/es\/las-tierras-del-comtat-guian-al-capitan-moro-muladi\/\" \/>\n<meta property=\"og:locale\" content=\"es_ES\" \/>\n<meta property=\"og:type\" content=\"article\" \/>\n<meta property=\"og:title\" content=\"Las tierras del Comtat gu\u00edan al Capit\u00e1n Moro Mulad\u00ed - COPE Alcoy\" \/>\n<meta property=\"og:description\" content=\"La Entrada Mora de Cocentaina arranca con el paso de la Fil\u00e0 Mulad\u00eds, la encargada de ostentar la capitan\u00eda en las fuerzas de la media luna\" \/>\n<meta property=\"og:url\" content=\"https:\/\/www.copealcoy.es\/es\/las-tierras-del-comtat-guian-al-capitan-moro-muladi\/\" \/>\n<meta property=\"og:site_name\" content=\"COPE Alcoy\" \/>\n<meta property=\"article:published_time\" content=\"2024-08-10T21:34:21+00:00\" \/>\n<meta property=\"article:modified_time\" content=\"2024-08-14T19:44:14+00:00\" \/>\n<meta property=\"og:image\" content=\"https:\/\/www.copealcoy.es\/wp-content\/uploads\/2024\/08\/IMG_6976-scaled.jpeg\" \/>\n\t<meta property=\"og:image:width\" content=\"1547\" \/>\n\t<meta property=\"og:image:height\" content=\"1080\" \/>\n\t<meta property=\"og:image:type\" content=\"image\/jpeg\" \/>\n<meta name=\"author\" content=\"Cope Alcoy\" \/>\n<meta name=\"twitter:label1\" content=\"Escrito por\" \/>\n\t<meta name=\"twitter:data1\" content=\"Cope Alcoy\" \/>\n\t<meta name=\"twitter:label2\" content=\"Tiempo de lectura\" \/>\n\t<meta name=\"twitter:data2\" content=\"5 minutos\" \/>\n<script type=\"application\/ld+json\" class=\"yoast-schema-graph\">{\"@context\":\"https:\\\/\\\/schema.org\",\"@graph\":[{\"@type\":\"Article\",\"@id\":\"https:\\\/\\\/www.copealcoy.es\\\/es\\\/las-tierras-del-comtat-guian-al-capitan-moro-muladi\\\/#article\",\"isPartOf\":{\"@id\":\"https:\\\/\\\/www.copealcoy.es\\\/es\\\/las-tierras-del-comtat-guian-al-capitan-moro-muladi\\\/\"},\"author\":{\"name\":\"Cope Alcoy\",\"@id\":\"https:\\\/\\\/www.copealcoy.es\\\/es\\\/#\\\/schema\\\/person\\\/e777c87fa024e57d40170af9df39882c\"},\"headline\":\"Las tierras del Comtat gu\u00edan al Capit\u00e1n Moro Mulad\u00ed\",\"datePublished\":\"2024-08-10T21:34:21+00:00\",\"dateModified\":\"2024-08-14T19:44:14+00:00\",\"mainEntityOfPage\":{\"@id\":\"https:\\\/\\\/www.copealcoy.es\\\/es\\\/las-tierras-del-comtat-guian-al-capitan-moro-muladi\\\/\"},\"wordCount\":807,\"commentCount\":0,\"image\":{\"@id\":\"https:\\\/\\\/www.copealcoy.es\\\/es\\\/las-tierras-del-comtat-guian-al-capitan-moro-muladi\\\/#primaryimage\"},\"thumbnailUrl\":\"https:\\\/\\\/www.copealcoy.es\\\/wp-content\\\/uploads\\\/2024\\\/08\\\/IMG_6976-scaled.jpeg\",\"keywords\":[\"capit\u00e1n moro\",\"Cocentaina\",\"Fiestas\",\"Fil\u00e0 Mulad\u00eds\",\"Moros Y Cristianos\",\"Pablo Le\u00f3n Vidal\",\"San Hip\u00f3lito M\u00e1rtir\"],\"articleSection\":[\"Actualidad\",\"Comarcas\",\"Noticias\",\"Portada\"],\"inLanguage\":\"es\"},{\"@type\":\"WebPage\",\"@id\":\"https:\\\/\\\/www.copealcoy.es\\\/es\\\/las-tierras-del-comtat-guian-al-capitan-moro-muladi\\\/\",\"url\":\"https:\\\/\\\/www.copealcoy.es\\\/es\\\/las-tierras-del-comtat-guian-al-capitan-moro-muladi\\\/\",\"name\":\"Las tierras del Comtat gu\u00edan al Capit\u00e1n Moro Mulad\u00ed - COPE Alcoy\",\"isPartOf\":{\"@id\":\"https:\\\/\\\/www.copealcoy.es\\\/es\\\/#website\"},\"primaryImageOfPage\":{\"@id\":\"https:\\\/\\\/www.copealcoy.es\\\/es\\\/las-tierras-del-comtat-guian-al-capitan-moro-muladi\\\/#primaryimage\"},\"image\":{\"@id\":\"https:\\\/\\\/www.copealcoy.es\\\/es\\\/las-tierras-del-comtat-guian-al-capitan-moro-muladi\\\/#primaryimage\"},\"thumbnailUrl\":\"https:\\\/\\\/www.copealcoy.es\\\/wp-content\\\/uploads\\\/2024\\\/08\\\/IMG_6976-scaled.jpeg\",\"datePublished\":\"2024-08-10T21:34:21+00:00\",\"dateModified\":\"2024-08-14T19:44:14+00:00\",\"author\":{\"@id\":\"https:\\\/\\\/www.copealcoy.es\\\/es\\\/#\\\/schema\\\/person\\\/e777c87fa024e57d40170af9df39882c\"},\"description\":\"La Entrada Mora de Cocentaina arranca con el paso de la Fil\u00e0 Mulad\u00eds, la encargada de ostentar la capitan\u00eda en las fuerzas de la media luna\",\"breadcrumb\":{\"@id\":\"https:\\\/\\\/www.copealcoy.es\\\/es\\\/las-tierras-del-comtat-guian-al-capitan-moro-muladi\\\/#breadcrumb\"},\"inLanguage\":\"es\",\"potentialAction\":[{\"@type\":\"ReadAction\",\"target\":[\"https:\\\/\\\/www.copealcoy.es\\\/es\\\/las-tierras-del-comtat-guian-al-capitan-moro-muladi\\\/\"]}]},{\"@type\":\"ImageObject\",\"inLanguage\":\"es\",\"@id\":\"https:\\\/\\\/www.copealcoy.es\\\/es\\\/las-tierras-del-comtat-guian-al-capitan-moro-muladi\\\/#primaryimage\",\"url\":\"https:\\\/\\\/www.copealcoy.es\\\/wp-content\\\/uploads\\\/2024\\\/08\\\/IMG_6976-scaled.jpeg\",\"contentUrl\":\"https:\\\/\\\/www.copealcoy.es\\\/wp-content\\\/uploads\\\/2024\\\/08\\\/IMG_6976-scaled.jpeg\",\"width\":1547,\"height\":1080},{\"@type\":\"BreadcrumbList\",\"@id\":\"https:\\\/\\\/www.copealcoy.es\\\/es\\\/las-tierras-del-comtat-guian-al-capitan-moro-muladi\\\/#breadcrumb\",\"itemListElement\":[{\"@type\":\"ListItem\",\"position\":1,\"name\":\"Portada\",\"item\":\"https:\\\/\\\/www.copealcoy.es\\\/es\\\/\"},{\"@type\":\"ListItem\",\"position\":2,\"name\":\"Las tierras del Comtat gu\u00edan al Capit\u00e1n Moro Mulad\u00ed\"}]},{\"@type\":\"WebSite\",\"@id\":\"https:\\\/\\\/www.copealcoy.es\\\/es\\\/#website\",\"url\":\"https:\\\/\\\/www.copealcoy.es\\\/es\\\/\",\"name\":\"COPE Alcoy\",\"description\":\"Emisora COPE de radio local con emisi\u00f3n online. Pont de Sant Jordi 8-10 03803 Alcoy\",\"potentialAction\":[{\"@type\":\"SearchAction\",\"target\":{\"@type\":\"EntryPoint\",\"urlTemplate\":\"https:\\\/\\\/www.copealcoy.es\\\/es\\\/?s={search_term_string}\"},\"query-input\":{\"@type\":\"PropertyValueSpecification\",\"valueRequired\":true,\"valueName\":\"search_term_string\"}}],\"inLanguage\":\"es\"},{\"@type\":\"Person\",\"@id\":\"https:\\\/\\\/www.copealcoy.es\\\/es\\\/#\\\/schema\\\/person\\\/e777c87fa024e57d40170af9df39882c\",\"name\":\"Cope Alcoy\",\"image\":{\"@type\":\"ImageObject\",\"inLanguage\":\"es\",\"@id\":\"https:\\\/\\\/secure.gravatar.com\\\/avatar\\\/bb65d0283347e303893ba14f0692005417c1e0e690a325a4c5d8bb2b3943ee14?s=96&d=mm&r=g\",\"url\":\"https:\\\/\\\/secure.gravatar.com\\\/avatar\\\/bb65d0283347e303893ba14f0692005417c1e0e690a325a4c5d8bb2b3943ee14?s=96&d=mm&r=g\",\"contentUrl\":\"https:\\\/\\\/secure.gravatar.com\\\/avatar\\\/bb65d0283347e303893ba14f0692005417c1e0e690a325a4c5d8bb2b3943ee14?s=96&d=mm&r=g\",\"caption\":\"Cope Alcoy\"}}]}<\/script>\n<!-- \/ Yoast SEO plugin. -->","yoast_head_json":{"title":"Las tierras del Comtat gu\u00edan al Capit\u00e1n Moro Mulad\u00ed - COPE Alcoy","description":"La Entrada Mora de Cocentaina arranca con el paso de la Fil\u00e0 Mulad\u00eds, la encargada de ostentar la capitan\u00eda en las fuerzas de la media luna","robots":{"index":"index","follow":"follow","max-snippet":"max-snippet:-1","max-image-preview":"max-image-preview:large","max-video-preview":"max-video-preview:-1"},"canonical":"https:\/\/www.copealcoy.es\/es\/las-tierras-del-comtat-guian-al-capitan-moro-muladi\/","og_locale":"es_ES","og_type":"article","og_title":"Las tierras del Comtat gu\u00edan al Capit\u00e1n Moro Mulad\u00ed - COPE Alcoy","og_description":"La Entrada Mora de Cocentaina arranca con el paso de la Fil\u00e0 Mulad\u00eds, la encargada de ostentar la capitan\u00eda en las fuerzas de la media luna","og_url":"https:\/\/www.copealcoy.es\/es\/las-tierras-del-comtat-guian-al-capitan-moro-muladi\/","og_site_name":"COPE Alcoy","article_published_time":"2024-08-10T21:34:21+00:00","article_modified_time":"2024-08-14T19:44:14+00:00","og_image":[{"width":1547,"height":1080,"url":"https:\/\/www.copealcoy.es\/wp-content\/uploads\/2024\/08\/IMG_6976-scaled.jpeg","type":"image\/jpeg"}],"author":"Cope Alcoy","twitter_misc":{"Escrito por":"Cope Alcoy","Tiempo de lectura":"5 minutos"},"schema":{"@context":"https:\/\/schema.org","@graph":[{"@type":"Article","@id":"https:\/\/www.copealcoy.es\/es\/las-tierras-del-comtat-guian-al-capitan-moro-muladi\/#article","isPartOf":{"@id":"https:\/\/www.copealcoy.es\/es\/las-tierras-del-comtat-guian-al-capitan-moro-muladi\/"},"author":{"name":"Cope Alcoy","@id":"https:\/\/www.copealcoy.es\/es\/#\/schema\/person\/e777c87fa024e57d40170af9df39882c"},"headline":"Las tierras del Comtat gu\u00edan al Capit\u00e1n Moro Mulad\u00ed","datePublished":"2024-08-10T21:34:21+00:00","dateModified":"2024-08-14T19:44:14+00:00","mainEntityOfPage":{"@id":"https:\/\/www.copealcoy.es\/es\/las-tierras-del-comtat-guian-al-capitan-moro-muladi\/"},"wordCount":807,"commentCount":0,"image":{"@id":"https:\/\/www.copealcoy.es\/es\/las-tierras-del-comtat-guian-al-capitan-moro-muladi\/#primaryimage"},"thumbnailUrl":"https:\/\/www.copealcoy.es\/wp-content\/uploads\/2024\/08\/IMG_6976-scaled.jpeg","keywords":["capit\u00e1n moro","Cocentaina","Fiestas","Fil\u00e0 Mulad\u00eds","Moros Y Cristianos","Pablo Le\u00f3n Vidal","San Hip\u00f3lito M\u00e1rtir"],"articleSection":["Actualidad","Comarcas","Noticias","Portada"],"inLanguage":"es"},{"@type":"WebPage","@id":"https:\/\/www.copealcoy.es\/es\/las-tierras-del-comtat-guian-al-capitan-moro-muladi\/","url":"https:\/\/www.copealcoy.es\/es\/las-tierras-del-comtat-guian-al-capitan-moro-muladi\/","name":"Las tierras del Comtat gu\u00edan al Capit\u00e1n Moro Mulad\u00ed - COPE Alcoy","isPartOf":{"@id":"https:\/\/www.copealcoy.es\/es\/#website"},"primaryImageOfPage":{"@id":"https:\/\/www.copealcoy.es\/es\/las-tierras-del-comtat-guian-al-capitan-moro-muladi\/#primaryimage"},"image":{"@id":"https:\/\/www.copealcoy.es\/es\/las-tierras-del-comtat-guian-al-capitan-moro-muladi\/#primaryimage"},"thumbnailUrl":"https:\/\/www.copealcoy.es\/wp-content\/uploads\/2024\/08\/IMG_6976-scaled.jpeg","datePublished":"2024-08-10T21:34:21+00:00","dateModified":"2024-08-14T19:44:14+00:00","author":{"@id":"https:\/\/www.copealcoy.es\/es\/#\/schema\/person\/e777c87fa024e57d40170af9df39882c"},"description":"La Entrada Mora de Cocentaina arranca con el paso de la Fil\u00e0 Mulad\u00eds, la encargada de ostentar la capitan\u00eda en las fuerzas de la media luna","breadcrumb":{"@id":"https:\/\/www.copealcoy.es\/es\/las-tierras-del-comtat-guian-al-capitan-moro-muladi\/#breadcrumb"},"inLanguage":"es","potentialAction":[{"@type":"ReadAction","target":["https:\/\/www.copealcoy.es\/es\/las-tierras-del-comtat-guian-al-capitan-moro-muladi\/"]}]},{"@type":"ImageObject","inLanguage":"es","@id":"https:\/\/www.copealcoy.es\/es\/las-tierras-del-comtat-guian-al-capitan-moro-muladi\/#primaryimage","url":"https:\/\/www.copealcoy.es\/wp-content\/uploads\/2024\/08\/IMG_6976-scaled.jpeg","contentUrl":"https:\/\/www.copealcoy.es\/wp-content\/uploads\/2024\/08\/IMG_6976-scaled.jpeg","width":1547,"height":1080},{"@type":"BreadcrumbList","@id":"https:\/\/www.copealcoy.es\/es\/las-tierras-del-comtat-guian-al-capitan-moro-muladi\/#breadcrumb","itemListElement":[{"@type":"ListItem","position":1,"name":"Portada","item":"https:\/\/www.copealcoy.es\/es\/"},{"@type":"ListItem","position":2,"name":"Las tierras del Comtat gu\u00edan al Capit\u00e1n Moro Mulad\u00ed"}]},{"@type":"WebSite","@id":"https:\/\/www.copealcoy.es\/es\/#website","url":"https:\/\/www.copealcoy.es\/es\/","name":"COPE Alcoy","description":"Emisora COPE de radio local con emisi\u00f3n online. Pont de Sant Jordi 8-10 03803 Alcoy","potentialAction":[{"@type":"SearchAction","target":{"@type":"EntryPoint","urlTemplate":"https:\/\/www.copealcoy.es\/es\/?s={search_term_string}"},"query-input":{"@type":"PropertyValueSpecification","valueRequired":true,"valueName":"search_term_string"}}],"inLanguage":"es"},{"@type":"Person","@id":"https:\/\/www.copealcoy.es\/es\/#\/schema\/person\/e777c87fa024e57d40170af9df39882c","name":"Cope Alcoy","image":{"@type":"ImageObject","inLanguage":"es","@id":"https:\/\/secure.gravatar.com\/avatar\/bb65d0283347e303893ba14f0692005417c1e0e690a325a4c5d8bb2b3943ee14?s=96&d=mm&r=g","url":"https:\/\/secure.gravatar.com\/avatar\/bb65d0283347e303893ba14f0692005417c1e0e690a325a4c5d8bb2b3943ee14?s=96&d=mm&r=g","contentUrl":"https:\/\/secure.gravatar.com\/avatar\/bb65d0283347e303893ba14f0692005417c1e0e690a325a4c5d8bb2b3943ee14?s=96&d=mm&r=g","caption":"Cope Alcoy"}}]}},"_links":{"self":[{"href":"https:\/\/www.copealcoy.es\/es\/wp-json\/wp\/v2\/posts\/138778","targetHints":{"allow":["GET"]}}],"collection":[{"href":"https:\/\/www.copealcoy.es\/es\/wp-json\/wp\/v2\/posts"}],"about":[{"href":"https:\/\/www.copealcoy.es\/es\/wp-json\/wp\/v2\/types\/post"}],"author":[{"embeddable":true,"href":"https:\/\/www.copealcoy.es\/es\/wp-json\/wp\/v2\/users\/1"}],"replies":[{"embeddable":true,"href":"https:\/\/www.copealcoy.es\/es\/wp-json\/wp\/v2\/comments?post=138778"}],"version-history":[{"count":0,"href":"https:\/\/www.copealcoy.es\/es\/wp-json\/wp\/v2\/posts\/138778\/revisions"}],"wp:featuredmedia":[{"embeddable":true,"href":"https:\/\/www.copealcoy.es\/es\/wp-json\/wp\/v2\/media\/138812"}],"wp:attachment":[{"href":"https:\/\/www.copealcoy.es\/es\/wp-json\/wp\/v2\/media?parent=138778"}],"wp:term":[{"taxonomy":"category","embeddable":true,"href":"https:\/\/www.copealcoy.es\/es\/wp-json\/wp\/v2\/categories?post=138778"},{"taxonomy":"post_tag","embeddable":true,"href":"https:\/\/www.copealcoy.es\/es\/wp-json\/wp\/v2\/tags?post=138778"}],"curies":[{"name":"wp","href":"https:\/\/api.w.org\/{rel}","templated":true}]}}