{"id":138773,"date":"2024-08-10T23:56:05","date_gmt":"2024-08-10T22:56:05","guid":{"rendered":"https:\/\/www.copealcoy.es\/?p=138773"},"modified":"2024-08-14T20:47:18","modified_gmt":"2024-08-14T19:47:18","slug":"el-abanderado-cierra-la-entrada-con-un-emotivo-recuerdo-a-los-kabilenyos-ausentes","status":"publish","type":"post","link":"https:\/\/www.copealcoy.es\/es\/el-abanderado-cierra-la-entrada-con-un-emotivo-recuerdo-a-los-kabilenyos-ausentes\/","title":{"rendered":"El Abanderado cierra la Entrada con un emotivo recuerdo a los Kabilenyos ausentes"},"content":{"rendered":"<p style=\"text-align: justify;\">Las <strong>Entradas de los bandos de la cruz y de la media luna<\/strong> han llegado a su fin en Cocentaina con el paso de <a href=\"https:\/\/www.facebook.com\/filakabilenyos\" target=\"_blank\" rel=\"noopener\"><span style=\"color: #0000ff;\"><strong>la Fil\u00e0 Kabilenyos<\/strong><\/span><\/a>, formaci\u00f3n fundada en 1916 y que en este 2024 ostenta el cargo de <strong>Abanderado<\/strong> en las fuerzas mahometanas. El<strong> gui\u00f3n de la Fil\u00e0 y las escuadras oficiales<\/strong>, acompa\u00f1adas de la Banda M\u00fasica Nova de Palomar, han abierto un boato que ha cautivado desde el primer momento a todo el p\u00fablico que presenciaba el desfile.<\/p>\n<p style=\"text-align: justify;\">El despliegue de fantas\u00eda de los Kabilenyos sigui\u00f3 con el paso de <strong>la her\u00e1ldica del cargo<\/strong>, <strong>la bandera mora<\/strong> con su portador a caballo y la presencia del <strong>Embajador Moro<\/strong>, cargo que asume en esta ocasi\u00f3n <strong>Lu\u00eds Reche<\/strong>. Un <strong>primer ballet de Alicia Montava<\/strong>, acompa\u00f1ado por varios peque\u00f1os, abri\u00f3 camino a la llegada del Abanderado mientras la m\u00fasica oriental a ritmo de la percusi\u00f3n no dejaba de sonar por el Passeig del Comtat y la plaza del Pla. Las notas de la pieza \u2018Yamuna\u2019, de Antonio de la Asunci\u00f3n e interpretada por la Colla de Dol\u00e7aines i Tabals Mal Passet, advirti\u00f3 de la llegada de <strong>un buen n\u00famero de guerreros \u00e1rabes<\/strong> dispuestos a conquistar estar tierras del Comtat as\u00ed como de los caballeros que le dan m\u00e1xima protecci\u00f3n al Abanderado. Y en unas huertas f\u00e9rtiles como las de Cocentaina, ba\u00f1adas por el R\u00edo Serpis, <strong>no pod\u00eda faltar un homenaje al agua<\/strong> con un grupo de aguadores que dio paso a <strong>un nuevo ballet ideado por la core\u00f3grafa contestana Alicia Montava e incluso a danzas protagonizadas por las m\u00e1s peque\u00f1as<\/strong>. Todo ello, al igual que en el resto del boato, sin dejar de lado la percusi\u00f3n y la m\u00fasica tradicional de dol\u00e7aina. Tambi\u00e9n ha destacado el <strong>Embajador Moro<\/strong>, <strong>Lu\u00eds Reche<\/strong>, junto al portador de la bandera, abriendo camino a uno de los protagonistas de este final de la Entrada Mora.<\/p>\n<p style=\"text-align: justify;\"><strong>Lu\u00eds El\u00edas Rade Moreyra<\/strong>, Abanderado Moro, lleg\u00f3 a las puertas del Palau Comtal sobre una carroza y luciendo un rico dise\u00f1o confeccionado por la empresa alcoyana El Molinar. Junto a \u00e9l toda su familia arrop\u00e1ndole destacando <strong>la presencia de su mujer Eva Elsa Landini como favorita y sus hijos como rodellas<\/strong> <strong>(Dami\u00e1n, Priscila y Lucas)<\/strong>. Los aplausos y v\u00edtores hacia el cargo no dejaron de sonar mientras la Uni\u00f3 Musical l&#8217;Aranya d\u2019Albaida interpretaba con fuerza la marcha mora \u2018Kabilye\u2019 de Francisco Valor Llorens. La guinda a la comitiva lo puso <strong>una impactante Escuadra de Negros<\/strong> que han ideado la firma contestana Al-Azraq junto a dos festeros Kabilenyos como Kike Alcaraz y Pau Olcina. Los acompa\u00f1\u00f3 en todo momento el<strong> Ateneu Musical de Cocentaina<\/strong>, interpretando composiciones como \u2018Ana Mar\u00eda\u2019 de Sa\u00fcl G\u00f3mez i Soler o \u2018Xavier El Coixo\u2019 del recordado m\u00fasico murero Joan Garcia Iborra. Un magn\u00edfico colof\u00f3n a un boato que <strong>ha rendido homenaje a aquellos Kabilenyos ausentes<\/strong> que aportaron su granito de arena para que la Fil\u00e0 siga bien presente todav\u00eda en la Festa contestana.<\/p>\n<p><a href=\"https:\/\/www.copealcoy.es\/wp-content\/uploads\/2024\/08\/unnamed-1-18-scaled.jpg\"><img loading=\"lazy\" decoding=\"async\" class=\"alignnone size-full wp-image-138996\" src=\"https:\/\/www.copealcoy.es\/wp-content\/uploads\/2024\/08\/unnamed-1-18-scaled.jpg\" alt=\"\" width=\"1561\" height=\"1080\" srcset=\"https:\/\/www.copealcoy.es\/wp-content\/uploads\/2024\/08\/unnamed-1-18-scaled.jpg 1561w, https:\/\/www.copealcoy.es\/wp-content\/uploads\/2024\/08\/unnamed-1-18-768x531.jpg 768w, https:\/\/www.copealcoy.es\/wp-content\/uploads\/2024\/08\/unnamed-1-18-1536x1062.jpg 1536w, https:\/\/www.copealcoy.es\/wp-content\/uploads\/2024\/08\/unnamed-1-18-2048x1417.jpg 2048w\" sizes=\"auto, (max-width: 1561px) 100vw, 1561px\" \/><\/a><\/p>\n","protected":false},"excerpt":{"rendered":"<p>Las Entradas de los bandos de la cruz y de la media luna han llegado a su fin en Cocentaina&#8230;<\/p>\n","protected":false},"author":1,"featured_media":138815,"comment_status":"open","ping_status":"open","sticky":false,"template":"","format":"standard","meta":{"footnotes":""},"categories":[6909,98,75,125],"tags":[2745,132,565,18411,18443,609,4488],"class_list":["post-138773","post","type-post","status-publish","format-standard","has-post-thumbnail","hentry","category-actualidad","category-comarcas","category-noticias","category-portada","tag-abanderado-moro","tag-cocentaina","tag-fiestas","tag-fila-kabilenyos","tag-luis-elias-rade-moreyra","tag-moros-y-cristianos","tag-san-hipolito-martir"],"yoast_head":"<!-- This site is optimized with the Yoast SEO plugin v27.3 - https:\/\/yoast.com\/product\/yoast-seo-wordpress\/ -->\n<title>El Abanderado cierra la Entrada con un emotivo recuerdo a los Kabilenyos ausentes - COPE Alcoy<\/title>\n<meta name=\"description\" content=\"Las Entradas de los bandos de la cruz y de la media luna han llegado a su fin en Cocentaina con el paso de la Fil\u00e0 Kabilenyos y el Abanderado Moro\" \/>\n<meta name=\"robots\" content=\"index, follow, max-snippet:-1, max-image-preview:large, max-video-preview:-1\" \/>\n<link rel=\"canonical\" href=\"https:\/\/www.copealcoy.es\/es\/el-abanderado-cierra-la-entrada-con-un-emotivo-recuerdo-a-los-kabilenyos-ausentes\/\" \/>\n<meta property=\"og:locale\" content=\"es_ES\" \/>\n<meta property=\"og:type\" content=\"article\" \/>\n<meta property=\"og:title\" content=\"El Abanderado cierra la Entrada con un emotivo recuerdo a los Kabilenyos ausentes - COPE Alcoy\" \/>\n<meta property=\"og:description\" content=\"Las Entradas de los bandos de la cruz y de la media luna han llegado a su fin en Cocentaina con el paso de la Fil\u00e0 Kabilenyos y el Abanderado Moro\" \/>\n<meta property=\"og:url\" content=\"https:\/\/www.copealcoy.es\/es\/el-abanderado-cierra-la-entrada-con-un-emotivo-recuerdo-a-los-kabilenyos-ausentes\/\" \/>\n<meta property=\"og:site_name\" content=\"COPE Alcoy\" \/>\n<meta property=\"article:published_time\" content=\"2024-08-10T22:56:05+00:00\" \/>\n<meta property=\"article:modified_time\" content=\"2024-08-14T19:47:18+00:00\" \/>\n<meta property=\"og:image\" content=\"https:\/\/www.copealcoy.es\/wp-content\/uploads\/2024\/08\/IMG_6985-scaled.jpeg\" \/>\n\t<meta property=\"og:image:width\" content=\"1572\" \/>\n\t<meta property=\"og:image:height\" content=\"1080\" \/>\n\t<meta property=\"og:image:type\" content=\"image\/jpeg\" \/>\n<meta name=\"author\" content=\"Cope Alcoy\" \/>\n<meta name=\"twitter:label1\" content=\"Escrito por\" \/>\n\t<meta name=\"twitter:data1\" content=\"Cope Alcoy\" \/>\n\t<meta name=\"twitter:label2\" content=\"Tiempo de lectura\" \/>\n\t<meta name=\"twitter:data2\" content=\"4 minutos\" \/>\n<script type=\"application\/ld+json\" class=\"yoast-schema-graph\">{\"@context\":\"https:\\\/\\\/schema.org\",\"@graph\":[{\"@type\":\"Article\",\"@id\":\"https:\\\/\\\/www.copealcoy.es\\\/es\\\/el-abanderado-cierra-la-entrada-con-un-emotivo-recuerdo-a-los-kabilenyos-ausentes\\\/#article\",\"isPartOf\":{\"@id\":\"https:\\\/\\\/www.copealcoy.es\\\/es\\\/el-abanderado-cierra-la-entrada-con-un-emotivo-recuerdo-a-los-kabilenyos-ausentes\\\/\"},\"author\":{\"name\":\"Cope Alcoy\",\"@id\":\"https:\\\/\\\/www.copealcoy.es\\\/es\\\/#\\\/schema\\\/person\\\/e777c87fa024e57d40170af9df39882c\"},\"headline\":\"El Abanderado cierra la Entrada con un emotivo recuerdo a los Kabilenyos ausentes\",\"datePublished\":\"2024-08-10T22:56:05+00:00\",\"dateModified\":\"2024-08-14T19:47:18+00:00\",\"mainEntityOfPage\":{\"@id\":\"https:\\\/\\\/www.copealcoy.es\\\/es\\\/el-abanderado-cierra-la-entrada-con-un-emotivo-recuerdo-a-los-kabilenyos-ausentes\\\/\"},\"wordCount\":542,\"commentCount\":0,\"image\":{\"@id\":\"https:\\\/\\\/www.copealcoy.es\\\/es\\\/el-abanderado-cierra-la-entrada-con-un-emotivo-recuerdo-a-los-kabilenyos-ausentes\\\/#primaryimage\"},\"thumbnailUrl\":\"https:\\\/\\\/www.copealcoy.es\\\/wp-content\\\/uploads\\\/2024\\\/08\\\/IMG_6985-scaled.jpeg\",\"keywords\":[\"Abanderado Moro\",\"Cocentaina\",\"Fiestas\",\"Fil\u00e0 Kabilenyos\",\"Lu\u00eds El\u00edas Rade Moreyra\",\"Moros Y Cristianos\",\"San Hip\u00f3lito M\u00e1rtir\"],\"articleSection\":[\"Actualidad\",\"Comarcas\",\"Noticias\",\"Portada\"],\"inLanguage\":\"es\"},{\"@type\":\"WebPage\",\"@id\":\"https:\\\/\\\/www.copealcoy.es\\\/es\\\/el-abanderado-cierra-la-entrada-con-un-emotivo-recuerdo-a-los-kabilenyos-ausentes\\\/\",\"url\":\"https:\\\/\\\/www.copealcoy.es\\\/es\\\/el-abanderado-cierra-la-entrada-con-un-emotivo-recuerdo-a-los-kabilenyos-ausentes\\\/\",\"name\":\"El Abanderado cierra la Entrada con un emotivo recuerdo a los Kabilenyos ausentes - COPE Alcoy\",\"isPartOf\":{\"@id\":\"https:\\\/\\\/www.copealcoy.es\\\/es\\\/#website\"},\"primaryImageOfPage\":{\"@id\":\"https:\\\/\\\/www.copealcoy.es\\\/es\\\/el-abanderado-cierra-la-entrada-con-un-emotivo-recuerdo-a-los-kabilenyos-ausentes\\\/#primaryimage\"},\"image\":{\"@id\":\"https:\\\/\\\/www.copealcoy.es\\\/es\\\/el-abanderado-cierra-la-entrada-con-un-emotivo-recuerdo-a-los-kabilenyos-ausentes\\\/#primaryimage\"},\"thumbnailUrl\":\"https:\\\/\\\/www.copealcoy.es\\\/wp-content\\\/uploads\\\/2024\\\/08\\\/IMG_6985-scaled.jpeg\",\"datePublished\":\"2024-08-10T22:56:05+00:00\",\"dateModified\":\"2024-08-14T19:47:18+00:00\",\"author\":{\"@id\":\"https:\\\/\\\/www.copealcoy.es\\\/es\\\/#\\\/schema\\\/person\\\/e777c87fa024e57d40170af9df39882c\"},\"description\":\"Las Entradas de los bandos de la cruz y de la media luna han llegado a su fin en Cocentaina con el paso de la Fil\u00e0 Kabilenyos y el Abanderado Moro\",\"breadcrumb\":{\"@id\":\"https:\\\/\\\/www.copealcoy.es\\\/es\\\/el-abanderado-cierra-la-entrada-con-un-emotivo-recuerdo-a-los-kabilenyos-ausentes\\\/#breadcrumb\"},\"inLanguage\":\"es\",\"potentialAction\":[{\"@type\":\"ReadAction\",\"target\":[\"https:\\\/\\\/www.copealcoy.es\\\/es\\\/el-abanderado-cierra-la-entrada-con-un-emotivo-recuerdo-a-los-kabilenyos-ausentes\\\/\"]}]},{\"@type\":\"ImageObject\",\"inLanguage\":\"es\",\"@id\":\"https:\\\/\\\/www.copealcoy.es\\\/es\\\/el-abanderado-cierra-la-entrada-con-un-emotivo-recuerdo-a-los-kabilenyos-ausentes\\\/#primaryimage\",\"url\":\"https:\\\/\\\/www.copealcoy.es\\\/wp-content\\\/uploads\\\/2024\\\/08\\\/IMG_6985-scaled.jpeg\",\"contentUrl\":\"https:\\\/\\\/www.copealcoy.es\\\/wp-content\\\/uploads\\\/2024\\\/08\\\/IMG_6985-scaled.jpeg\",\"width\":1572,\"height\":1080},{\"@type\":\"BreadcrumbList\",\"@id\":\"https:\\\/\\\/www.copealcoy.es\\\/es\\\/el-abanderado-cierra-la-entrada-con-un-emotivo-recuerdo-a-los-kabilenyos-ausentes\\\/#breadcrumb\",\"itemListElement\":[{\"@type\":\"ListItem\",\"position\":1,\"name\":\"Portada\",\"item\":\"https:\\\/\\\/www.copealcoy.es\\\/es\\\/\"},{\"@type\":\"ListItem\",\"position\":2,\"name\":\"El Abanderado cierra la Entrada con un emotivo recuerdo a los Kabilenyos ausentes\"}]},{\"@type\":\"WebSite\",\"@id\":\"https:\\\/\\\/www.copealcoy.es\\\/es\\\/#website\",\"url\":\"https:\\\/\\\/www.copealcoy.es\\\/es\\\/\",\"name\":\"COPE Alcoy\",\"description\":\"Emisora COPE de radio local con emisi\u00f3n online. Pont de Sant Jordi 8-10 03803 Alcoy\",\"potentialAction\":[{\"@type\":\"SearchAction\",\"target\":{\"@type\":\"EntryPoint\",\"urlTemplate\":\"https:\\\/\\\/www.copealcoy.es\\\/es\\\/?s={search_term_string}\"},\"query-input\":{\"@type\":\"PropertyValueSpecification\",\"valueRequired\":true,\"valueName\":\"search_term_string\"}}],\"inLanguage\":\"es\"},{\"@type\":\"Person\",\"@id\":\"https:\\\/\\\/www.copealcoy.es\\\/es\\\/#\\\/schema\\\/person\\\/e777c87fa024e57d40170af9df39882c\",\"name\":\"Cope Alcoy\",\"image\":{\"@type\":\"ImageObject\",\"inLanguage\":\"es\",\"@id\":\"https:\\\/\\\/secure.gravatar.com\\\/avatar\\\/bb65d0283347e303893ba14f0692005417c1e0e690a325a4c5d8bb2b3943ee14?s=96&d=mm&r=g\",\"url\":\"https:\\\/\\\/secure.gravatar.com\\\/avatar\\\/bb65d0283347e303893ba14f0692005417c1e0e690a325a4c5d8bb2b3943ee14?s=96&d=mm&r=g\",\"contentUrl\":\"https:\\\/\\\/secure.gravatar.com\\\/avatar\\\/bb65d0283347e303893ba14f0692005417c1e0e690a325a4c5d8bb2b3943ee14?s=96&d=mm&r=g\",\"caption\":\"Cope Alcoy\"}}]}<\/script>\n<!-- \/ Yoast SEO plugin. -->","yoast_head_json":{"title":"El Abanderado cierra la Entrada con un emotivo recuerdo a los Kabilenyos ausentes - COPE Alcoy","description":"Las Entradas de los bandos de la cruz y de la media luna han llegado a su fin en Cocentaina con el paso de la Fil\u00e0 Kabilenyos y el Abanderado Moro","robots":{"index":"index","follow":"follow","max-snippet":"max-snippet:-1","max-image-preview":"max-image-preview:large","max-video-preview":"max-video-preview:-1"},"canonical":"https:\/\/www.copealcoy.es\/es\/el-abanderado-cierra-la-entrada-con-un-emotivo-recuerdo-a-los-kabilenyos-ausentes\/","og_locale":"es_ES","og_type":"article","og_title":"El Abanderado cierra la Entrada con un emotivo recuerdo a los Kabilenyos ausentes - COPE Alcoy","og_description":"Las Entradas de los bandos de la cruz y de la media luna han llegado a su fin en Cocentaina con el paso de la Fil\u00e0 Kabilenyos y el Abanderado Moro","og_url":"https:\/\/www.copealcoy.es\/es\/el-abanderado-cierra-la-entrada-con-un-emotivo-recuerdo-a-los-kabilenyos-ausentes\/","og_site_name":"COPE Alcoy","article_published_time":"2024-08-10T22:56:05+00:00","article_modified_time":"2024-08-14T19:47:18+00:00","og_image":[{"width":1572,"height":1080,"url":"https:\/\/www.copealcoy.es\/wp-content\/uploads\/2024\/08\/IMG_6985-scaled.jpeg","type":"image\/jpeg"}],"author":"Cope Alcoy","twitter_misc":{"Escrito por":"Cope Alcoy","Tiempo de lectura":"4 minutos"},"schema":{"@context":"https:\/\/schema.org","@graph":[{"@type":"Article","@id":"https:\/\/www.copealcoy.es\/es\/el-abanderado-cierra-la-entrada-con-un-emotivo-recuerdo-a-los-kabilenyos-ausentes\/#article","isPartOf":{"@id":"https:\/\/www.copealcoy.es\/es\/el-abanderado-cierra-la-entrada-con-un-emotivo-recuerdo-a-los-kabilenyos-ausentes\/"},"author":{"name":"Cope Alcoy","@id":"https:\/\/www.copealcoy.es\/es\/#\/schema\/person\/e777c87fa024e57d40170af9df39882c"},"headline":"El Abanderado cierra la Entrada con un emotivo recuerdo a los Kabilenyos ausentes","datePublished":"2024-08-10T22:56:05+00:00","dateModified":"2024-08-14T19:47:18+00:00","mainEntityOfPage":{"@id":"https:\/\/www.copealcoy.es\/es\/el-abanderado-cierra-la-entrada-con-un-emotivo-recuerdo-a-los-kabilenyos-ausentes\/"},"wordCount":542,"commentCount":0,"image":{"@id":"https:\/\/www.copealcoy.es\/es\/el-abanderado-cierra-la-entrada-con-un-emotivo-recuerdo-a-los-kabilenyos-ausentes\/#primaryimage"},"thumbnailUrl":"https:\/\/www.copealcoy.es\/wp-content\/uploads\/2024\/08\/IMG_6985-scaled.jpeg","keywords":["Abanderado Moro","Cocentaina","Fiestas","Fil\u00e0 Kabilenyos","Lu\u00eds El\u00edas Rade Moreyra","Moros Y Cristianos","San Hip\u00f3lito M\u00e1rtir"],"articleSection":["Actualidad","Comarcas","Noticias","Portada"],"inLanguage":"es"},{"@type":"WebPage","@id":"https:\/\/www.copealcoy.es\/es\/el-abanderado-cierra-la-entrada-con-un-emotivo-recuerdo-a-los-kabilenyos-ausentes\/","url":"https:\/\/www.copealcoy.es\/es\/el-abanderado-cierra-la-entrada-con-un-emotivo-recuerdo-a-los-kabilenyos-ausentes\/","name":"El Abanderado cierra la Entrada con un emotivo recuerdo a los Kabilenyos ausentes - COPE Alcoy","isPartOf":{"@id":"https:\/\/www.copealcoy.es\/es\/#website"},"primaryImageOfPage":{"@id":"https:\/\/www.copealcoy.es\/es\/el-abanderado-cierra-la-entrada-con-un-emotivo-recuerdo-a-los-kabilenyos-ausentes\/#primaryimage"},"image":{"@id":"https:\/\/www.copealcoy.es\/es\/el-abanderado-cierra-la-entrada-con-un-emotivo-recuerdo-a-los-kabilenyos-ausentes\/#primaryimage"},"thumbnailUrl":"https:\/\/www.copealcoy.es\/wp-content\/uploads\/2024\/08\/IMG_6985-scaled.jpeg","datePublished":"2024-08-10T22:56:05+00:00","dateModified":"2024-08-14T19:47:18+00:00","author":{"@id":"https:\/\/www.copealcoy.es\/es\/#\/schema\/person\/e777c87fa024e57d40170af9df39882c"},"description":"Las Entradas de los bandos de la cruz y de la media luna han llegado a su fin en Cocentaina con el paso de la Fil\u00e0 Kabilenyos y el Abanderado Moro","breadcrumb":{"@id":"https:\/\/www.copealcoy.es\/es\/el-abanderado-cierra-la-entrada-con-un-emotivo-recuerdo-a-los-kabilenyos-ausentes\/#breadcrumb"},"inLanguage":"es","potentialAction":[{"@type":"ReadAction","target":["https:\/\/www.copealcoy.es\/es\/el-abanderado-cierra-la-entrada-con-un-emotivo-recuerdo-a-los-kabilenyos-ausentes\/"]}]},{"@type":"ImageObject","inLanguage":"es","@id":"https:\/\/www.copealcoy.es\/es\/el-abanderado-cierra-la-entrada-con-un-emotivo-recuerdo-a-los-kabilenyos-ausentes\/#primaryimage","url":"https:\/\/www.copealcoy.es\/wp-content\/uploads\/2024\/08\/IMG_6985-scaled.jpeg","contentUrl":"https:\/\/www.copealcoy.es\/wp-content\/uploads\/2024\/08\/IMG_6985-scaled.jpeg","width":1572,"height":1080},{"@type":"BreadcrumbList","@id":"https:\/\/www.copealcoy.es\/es\/el-abanderado-cierra-la-entrada-con-un-emotivo-recuerdo-a-los-kabilenyos-ausentes\/#breadcrumb","itemListElement":[{"@type":"ListItem","position":1,"name":"Portada","item":"https:\/\/www.copealcoy.es\/es\/"},{"@type":"ListItem","position":2,"name":"El Abanderado cierra la Entrada con un emotivo recuerdo a los Kabilenyos ausentes"}]},{"@type":"WebSite","@id":"https:\/\/www.copealcoy.es\/es\/#website","url":"https:\/\/www.copealcoy.es\/es\/","name":"COPE Alcoy","description":"Emisora COPE de radio local con emisi\u00f3n online. Pont de Sant Jordi 8-10 03803 Alcoy","potentialAction":[{"@type":"SearchAction","target":{"@type":"EntryPoint","urlTemplate":"https:\/\/www.copealcoy.es\/es\/?s={search_term_string}"},"query-input":{"@type":"PropertyValueSpecification","valueRequired":true,"valueName":"search_term_string"}}],"inLanguage":"es"},{"@type":"Person","@id":"https:\/\/www.copealcoy.es\/es\/#\/schema\/person\/e777c87fa024e57d40170af9df39882c","name":"Cope Alcoy","image":{"@type":"ImageObject","inLanguage":"es","@id":"https:\/\/secure.gravatar.com\/avatar\/bb65d0283347e303893ba14f0692005417c1e0e690a325a4c5d8bb2b3943ee14?s=96&d=mm&r=g","url":"https:\/\/secure.gravatar.com\/avatar\/bb65d0283347e303893ba14f0692005417c1e0e690a325a4c5d8bb2b3943ee14?s=96&d=mm&r=g","contentUrl":"https:\/\/secure.gravatar.com\/avatar\/bb65d0283347e303893ba14f0692005417c1e0e690a325a4c5d8bb2b3943ee14?s=96&d=mm&r=g","caption":"Cope Alcoy"}}]}},"_links":{"self":[{"href":"https:\/\/www.copealcoy.es\/es\/wp-json\/wp\/v2\/posts\/138773","targetHints":{"allow":["GET"]}}],"collection":[{"href":"https:\/\/www.copealcoy.es\/es\/wp-json\/wp\/v2\/posts"}],"about":[{"href":"https:\/\/www.copealcoy.es\/es\/wp-json\/wp\/v2\/types\/post"}],"author":[{"embeddable":true,"href":"https:\/\/www.copealcoy.es\/es\/wp-json\/wp\/v2\/users\/1"}],"replies":[{"embeddable":true,"href":"https:\/\/www.copealcoy.es\/es\/wp-json\/wp\/v2\/comments?post=138773"}],"version-history":[{"count":0,"href":"https:\/\/www.copealcoy.es\/es\/wp-json\/wp\/v2\/posts\/138773\/revisions"}],"wp:featuredmedia":[{"embeddable":true,"href":"https:\/\/www.copealcoy.es\/es\/wp-json\/wp\/v2\/media\/138815"}],"wp:attachment":[{"href":"https:\/\/www.copealcoy.es\/es\/wp-json\/wp\/v2\/media?parent=138773"}],"wp:term":[{"taxonomy":"category","embeddable":true,"href":"https:\/\/www.copealcoy.es\/es\/wp-json\/wp\/v2\/categories?post=138773"},{"taxonomy":"post_tag","embeddable":true,"href":"https:\/\/www.copealcoy.es\/es\/wp-json\/wp\/v2\/tags?post=138773"}],"curies":[{"name":"wp","href":"https:\/\/api.w.org\/{rel}","templated":true}]}}